{"id":100713,"date":"2025-06-14T07:07:09","date_gmt":"2025-06-14T07:07:09","guid":{"rendered":"https:\/\/www.africa-press.net\/cotedivoire\/politique\/gnangbo-kacou-lance-marche-pacifique-de-418-km"},"modified":"2025-06-14T07:27:05","modified_gmt":"2025-06-14T07:27:05","slug":"gnangbo-kacou-lance-marche-pacifique-de-418-km","status":"publish","type":"post","link":"https:\/\/www.africa-press.net\/cotedivoire\/politique\/gnangbo-kacou-lance-marche-pacifique-de-418-km","title":{"rendered":"Gnangbo Kacou Lance Marche Pacifique de 418 km"},"content":{"rendered":"<p><span style=\"color: #ff6600\"><strong>Africa-Press &#8211; C\u00f4te d&rsquo;Ivoire. <\/strong><\/span>Dans une de\u0301claration passionne\u0301e et solennelle face a\u0300 la presse nationale et internationale ce jeudi 12 juin, le pre\u0301sident du parti centriste ivoirien et candidat de\u0301clare\u0301 a\u0300 l\u2019e\u0301lection pre\u0301sidentielle d\u2019octobre 2025, Gnangbo Kacou, a annonce\u0301 l\u2019organisation d\u2019une marche pacifique de 418 km, qu\u2019il entamera le 15 juin prochain, pour de\u0301noncer l\u2019exclusion de certains opposants majeurs et appeler a\u0300 une e\u0301lection pre\u0301sidentielle \u00ab juste, inclusive et re\u0301publicaine \u00bb.<\/p>\n<p>Dans une allocution dense et empreinte de gravite\u0301, Gnangbo Kacou a rappele\u0301 que la Co\u0302te d\u2019Ivoire s\u2019appre\u0302te a\u0300 vivre une e\u0301che\u0301ance politique majeure: les e\u0301lections pre\u0301sidentielles pre\u0301vues en octobre 2025. Selon le chronogramme e\u0301tabli par la Commission e\u0301lectorale inde\u0301pendante (CEI), les candidatures devront e\u0302tre officiellement de\u0301pose\u0301es a\u0300 partir du 26 juillet 2025. Or, a\u0300 un peu plus d\u2019un mois de cette e\u0301che\u0301ance, quatre grandes figures de l\u2019opposition seraient e\u0301carte\u0301es du processus e\u0301lectoral pour des raisons juridiques, soulevant des interrogations sur la transparence du scrutin.<\/p>\n<p>\u00ab Aucun Ivoirien ne comprend cette situation. Moi, citoyen lambda, je ne comprends pas pourquoi ces quatre figures seront exclues. Et si elles ne sont pas de la liste, comment notre e\u0301lection sera-t-elle cre\u0301dible? \u00bb, a-t-il lance\u0301 devant un parterre de journalistes.<\/p>\n<p>Face a\u0300 cette situation, Gnangbo Kacou a pris l\u2019initiative d\u2019adresser, le 21 mai dernier, une lettre au pre\u0301sident de la Re\u0301publique, enregistre\u0301e sous la re\u0301fe\u0301rence 4523, dans laquelle il appelle a\u0300 la pre\u0301servation de l\u2019esprit re\u0301publicain et a\u0300 l\u2019adoption d\u2019une loi d\u2019amnistie ge\u0301ne\u0301rale permettant a\u0300 tous les candidats potentiels de participer librement au scrutin.<\/p>\n<p>\u00ab Pre\u0301server la Re\u0301publique, c\u2019est garantir une e\u0301lection juste et inclusive. [&#8230;] C\u2019est refuser que la justice soit instrumentalise\u0301e a\u0300 des fins d\u2019exclusion \u00bb, a-t-il e\u0301crit dans cette lettre qu\u2019il a lue inte\u0301gralement devant la presse.<\/p>\n<p>\u00ab Je suis convaincu que l\u2019histoire retiendra votre nom, non pour un mandat de plus, mais pour un geste de grandeur \u00bb, a-t-il encore souligne\u0301 en s\u2019adressant directement au chef de l\u2019E\u0301tat.<\/p>\n<p>Gnangbo Kacou a ensuite annonce\u0301 qu\u2019il suspend temporairement sa campagne e\u0301lectorale pour se consacrer a\u0300 une marche pacifique de 418 kilome\u0300tres, qu\u2019il entreprendra seul a\u0300 partir du 15 juin 2025, pour sensibiliser la population et interpeller les autorite\u0301s sur la ne\u0301cessite\u0301 d\u2019un processus de\u0301mocratique re\u0301ellement pluraliste.<\/p>\n<p>\u00ab Je marcherai jusqu\u2019a\u0300 ce que celui qui est a\u0300 la te\u0302te du pays entende que non, il faut libe\u0301rer la Re\u0301publique \u00bb, a-t-il de\u0301clare\u0301 avec e\u0301motion.<\/p>\n<p>Le point de de\u0301part exact de cette marche reste tenu secret pour des raisons de se\u0301curite\u0301, mais il a assure\u0301 qu\u2019il sera rendu public de\u0300s les premie\u0300res e\u0301tapes franchies. Le trajet, selon ses propres mots, le me\u0300nera de \u00ab la Co\u0302te d\u2019Ivoire profonde a\u0300 la place de la Re\u0301publique a\u0300 Abidjan \u00bb, lieu symbolique pour marquer l\u2019arrive\u0301e et le message politique fort qu\u2019il entend porter.<\/p>\n<p>Gnangbo Kacou a exhorte\u0301 les journalistes a\u0300 jouer leur ro\u0302le dans cette de\u0301marche en relayant fide\u0300lement son action. Faisant re\u0301fe\u0301rence a\u0300 des figures historiques telles que Gandhi ou Napole\u0301on, il s\u2019est dit pre\u0302t a\u0300 \u00ab mettre son corps a\u0300 contribution \u00bb et a\u0300 aller jusqu\u2019au bout de sa lutte pour la de\u0301mocratie et la justice en Co\u0302te d\u2019Ivoire.<\/p>\n<p>\u00ab Je ne marche pas contre une personne, je marche pour la Re\u0301publique \u00bb, a-t-il insiste\u0301.<\/p>\n<p>\u00ab Les journalistes ont un ro\u0302le a\u0300 jouer. En 1930, si Gandhi a e\u0301te\u0301 sauve\u0301, c\u2019est parce que les journalistes se sont approprie\u0301 sa marche.\u00bb<\/p>\n<p>Il a e\u0301galement appele\u0301 chaque Ivoirien a\u0300 prendre ses responsabilite\u0301s, soulignant que la liberte\u0301 et l\u2019e\u0301galite\u0301 sont des valeurs pour lesquelles les anciens se sont battus, et qu\u2019elles doivent aujourd\u2019hui encore e\u0302tre de\u0301fendues.<\/p>\n<p>Ancien de\u0301pute\u0301 a\u0300 l\u2019Assemble\u0301e nationale, Gnangbo Kacou a rappele\u0301 son engagement politique constant en faveur de la de\u0301mocratie, affirmant que son combat n\u2019est motive\u0301 ni par un inte\u0301re\u0302t personnel ni par une ambition de pouvoir a\u0300 tout prix.<\/p>\n<p>\u00ab J\u2019ai de\u0301passe\u0301 ce stade. Je vis pour les inte\u0301re\u0302ts du peuple \u00bb, a-t-il dit, e\u0301voquant les injustices que son propre pe\u0300re a subies et sa volonte\u0301 de ne pas revivre ces douleurs dans l\u2019Ivoire contemporaine.<\/p>\n<p>Il a e\u0301galement e\u0301voque\u0301 les difficulte\u0301s d\u2019immatriculation de son parti politique, qu\u2019il dit e\u0302tre actuellement constitue\u0301 \u00ab de manie\u0300re informelle \u00bb, mais actif sur l\u2019ensemble du territoire ivoirien.<\/p>\n<p>Dans son discours, Gnangbo Kacou n\u2019a cesse\u0301 de marteler l\u2019urgence d\u2019une prise de conscience collective. Selon lui, les menaces actuelles sur la de\u0301mocratie ivoirienne pourraient demain s\u2019e\u0301tendre a\u0300 d\u2019autres domaines de liberte\u0301, y compris celle de la presse.<\/p>\n<p>\u00ab Demain, ils vont vous interdire de publier vos journaux. Qui va vous de\u0301fendre? \u00bb, a-t-il mis en garde.<\/p>\n<p>Il a conclu son propos en rappelant que le peuple reste souverain et que toute tentative de confiscation de ce droit fondamental est une trahison de l\u2019ide\u0301al re\u0301publicain. \u00ab Soyons tous devant pour que le gouvernement comprenne que le peuple, c\u2019est l\u2019ensemble. \u00bb<\/p>\n<p>Le 15 juin prochain, a\u0300 partir de 9h ou 10h, apre\u0300s une messe dans un lieu encore confidentiel, Gnangbo Kacou entamera donc cette longue marche, avec pour ambition de re\u0301veiller les consciences et forcer le pouvoir a\u0300 faire un pas vers une e\u0301lection inclusive.<\/p>\n<p>La question de\u0301sormais est de savoir si cette de\u0301marche solitaire, mais fortement symbolique, trouvera un e\u0301cho suffisant au sein de l\u2019opinion publique et des institutions ivoiriennes. Quoi qu\u2019il en soit, a\u0300 moins de cinq mois du scrutin pre\u0301sidentiel, la tension politique monte en Co\u0302te d\u2019Ivoire.<\/p>\n<p><strong>Pour plus d&rsquo;informations et d&rsquo;analyses sur la <span style=\"color: #ff6600\">C\u00f4te d&rsquo;Ivoire<\/span>, suivez <span style=\"color: #ff6600\">Africa-Press<\/span><\/strong><\/p>\n","protected":false},"excerpt":{"rendered":"<p>Africa-Press &#8211; C\u00f4te d&rsquo;Ivoire. Dans une de\u0301claration passionne\u0301e et solennelle face a\u0300 la presse nationale et internationale ce jeudi 12 juin, le pre\u0301sident du parti centriste ivoirien et candidat de\u0301clare\u0301 a\u0300 l\u2019e\u0301lection pre\u0301sidentielle d\u2019octobre 2025, Gnangbo Kacou, a annonce\u0301 l\u2019organisation d\u2019une marche pacifique de 418 km, qu\u2019il entamera le 15 juin prochain, pour de\u0301noncer l\u2019exclusion [&hellip;]<\/p>\n","protected":false},"author":82,"featured_media":100712,"comment_status":"open","ping_status":"closed","sticky":false,"template":"","format":"standard","meta":{"footnotes":""},"categories":[2,20,10],"tags":[17958,29,17957,14008,312,2358,17956],"class_list":["post-100713","post","type-post","status-publish","format-standard","has-post-thumbnail","hentry","category-politique","category-top-nouvelles","category-toutes-les-actualites","tag-annonce-marche","tag-cote-divoire","tag-gnangbo","tag-kacou","tag-presidentielle","tag-republique","tag-sauvegarder"],"yoast_head":"<!-- This site is optimized with the Yoast SEO Premium plugin v26.1 (Yoast SEO v27.0) - https:\/\/yoast.com\/product\/yoast-seo-premium-wordpress\/ -->\n<title>Gnangbo Kacou Lance Marche Pacifique de 418 km - C\u00f4te d&#039;Ivoire<\/title>\n<meta name=\"description\" content=\"Dans une de\u0301claration passionne\u0301e et solennelle face a\u0300 la presse nationale et internationale ce jeudi 12 juin, le pre\u0301s ...\" \/>\n<meta name=\"robots\" content=\"index, follow, max-snippet:-1, max-image-preview:large, max-video-preview:-1\" \/>\n<link rel=\"canonical\" href=\"https:\/\/www.africa-press.net\/cotedivoire\/politique\/gnangbo-kacou-lance-marche-pacifique-de-418-km\" \/>\n<meta property=\"og:locale\" content=\"fr_FR\" \/>\n<meta property=\"og:type\" content=\"article\" \/>\n<meta property=\"og:title\" content=\"Gnangbo Kacou Lance Marche Pacifique de 418 km\" \/>\n<meta property=\"og:description\" content=\"Dans une de\u0301claration passionne\u0301e et solennelle face a\u0300 la presse nationale et internationale ce jeudi 12 juin, le pre\u0301s ...\" \/>\n<meta property=\"og:url\" content=\"https:\/\/www.africa-press.net\/cotedivoire\/politique\/gnangbo-kacou-lance-marche-pacifique-de-418-km\" \/>\n<meta property=\"og:site_name\" content=\"C\u00f4te d&#039;Ivoire\" \/>\n<meta property=\"article:published_time\" content=\"2025-06-14T07:07:09+00:00\" \/>\n<meta property=\"article:modified_time\" content=\"2025-06-14T07:27:05+00:00\" \/>\n<meta property=\"og:image\" content=\"https:\/\/static.africa-press.net\/cote\/sites\/43\/2025\/06\/sm_1749873306.535234.jpg\" \/>\n\t<meta property=\"og:image:width\" content=\"853\" \/>\n\t<meta property=\"og:image:height\" content=\"640\" \/>\n\t<meta property=\"og:image:type\" content=\"image\/jpeg\" \/>\n<meta name=\"author\" content=\"cfeditorfr\" \/>\n<meta name=\"twitter:card\" content=\"summary_large_image\" \/>\n<meta name=\"twitter:label1\" content=\"\u00c9crit par\" \/>\n\t<meta name=\"twitter:data1\" content=\"cfeditorfr\" \/>\n\t<meta name=\"twitter:label2\" content=\"Dur\u00e9e de lecture estim\u00e9e\" \/>\n\t<meta name=\"twitter:data2\" content=\"5 minutes\" \/>\n<script type=\"application\/ld+json\" class=\"yoast-schema-graph\">{\"@context\":\"https:\/\/schema.org\",\"@graph\":[{\"@type\":\"Article\",\"@id\":\"https:\/\/www.africa-press.net\/cotedivoire\/politique\/gnangbo-kacou-lance-marche-pacifique-de-418-km#article\",\"isPartOf\":{\"@id\":\"https:\/\/www.africa-press.net\/cotedivoire\/politique\/gnangbo-kacou-lance-marche-pacifique-de-418-km\"},\"author\":{\"name\":\"cfeditorfr\",\"@id\":\"https:\/\/www.africa-press.net\/cotedivoire\/#\/schema\/person\/2b1cf3cd81a31e3cd26889ca66d677f1\"},\"headline\":\"Gnangbo Kacou Lance Marche Pacifique de 418 km\",\"datePublished\":\"2025-06-14T07:07:09+00:00\",\"dateModified\":\"2025-06-14T07:27:05+00:00\",\"mainEntityOfPage\":{\"@id\":\"https:\/\/www.africa-press.net\/cotedivoire\/politique\/gnangbo-kacou-lance-marche-pacifique-de-418-km\"},\"wordCount\":1031,\"commentCount\":0,\"image\":{\"@id\":\"https:\/\/www.africa-press.net\/cotedivoire\/politique\/gnangbo-kacou-lance-marche-pacifique-de-418-km#primaryimage\"},\"thumbnailUrl\":\"https:\/\/static.africa-press.net\/cote\/sites\/43\/2025\/06\/sm_1749873306.535234.jpg\",\"keywords\":[\"annonce marche\",\"C\u00d4TE D'IVOIRE\",\"Gnangbo\",\"Kacou\",\"pr\u00e9sidentielle\",\"R\u00e9publique\",\"sauvegarder\"],\"articleSection\":[\"Politique\",\"Top Nouvelles\",\"Toutes les actualit\u00e9s\"],\"inLanguage\":\"fr-FR\",\"potentialAction\":[{\"@type\":\"CommentAction\",\"name\":\"Comment\",\"target\":[\"https:\/\/www.africa-press.net\/cotedivoire\/politique\/gnangbo-kacou-lance-marche-pacifique-de-418-km#respond\"]}]},{\"@type\":\"WebPage\",\"@id\":\"https:\/\/www.africa-press.net\/cotedivoire\/politique\/gnangbo-kacou-lance-marche-pacifique-de-418-km\",\"url\":\"https:\/\/www.africa-press.net\/cotedivoire\/politique\/gnangbo-kacou-lance-marche-pacifique-de-418-km\",\"name\":\"Gnangbo Kacou Lance Marche Pacifique de 418 km - C\u00f4te d&#039;Ivoire\",\"isPartOf\":{\"@id\":\"https:\/\/www.africa-press.net\/cotedivoire\/#website\"},\"primaryImageOfPage\":{\"@id\":\"https:\/\/www.africa-press.net\/cotedivoire\/politique\/gnangbo-kacou-lance-marche-pacifique-de-418-km#primaryimage\"},\"image\":{\"@id\":\"https:\/\/www.africa-press.net\/cotedivoire\/politique\/gnangbo-kacou-lance-marche-pacifique-de-418-km#primaryimage\"},\"thumbnailUrl\":\"https:\/\/static.africa-press.net\/cote\/sites\/43\/2025\/06\/sm_1749873306.535234.jpg\",\"datePublished\":\"2025-06-14T07:07:09+00:00\",\"dateModified\":\"2025-06-14T07:27:05+00:00\",\"author\":{\"@id\":\"https:\/\/www.africa-press.net\/cotedivoire\/#\/schema\/person\/2b1cf3cd81a31e3cd26889ca66d677f1\"},\"description\":\"Dans une de\u0301claration passionne\u0301e et solennelle face a\u0300 la presse nationale et internationale ce jeudi 12 juin, le pre\u0301s ...\",\"breadcrumb\":{\"@id\":\"https:\/\/www.africa-press.net\/cotedivoire\/politique\/gnangbo-kacou-lance-marche-pacifique-de-418-km#breadcrumb\"},\"inLanguage\":\"fr-FR\",\"potentialAction\":[{\"@type\":\"ReadAction\",\"target\":[\"https:\/\/www.africa-press.net\/cotedivoire\/politique\/gnangbo-kacou-lance-marche-pacifique-de-418-km\"]}]},{\"@type\":\"ImageObject\",\"inLanguage\":\"fr-FR\",\"@id\":\"https:\/\/www.africa-press.net\/cotedivoire\/politique\/gnangbo-kacou-lance-marche-pacifique-de-418-km#primaryimage\",\"url\":\"https:\/\/static.africa-press.net\/cote\/sites\/43\/2025\/06\/sm_1749873306.535234.jpg\",\"contentUrl\":\"https:\/\/static.africa-press.net\/cote\/sites\/43\/2025\/06\/sm_1749873306.535234.jpg\",\"width\":853,\"height\":640,\"caption\":\"Gnangbo Kacou Lance Marche Pacifique de 418 km\"},{\"@type\":\"BreadcrumbList\",\"@id\":\"https:\/\/www.africa-press.net\/cotedivoire\/politique\/gnangbo-kacou-lance-marche-pacifique-de-418-km#breadcrumb\",\"itemListElement\":[{\"@type\":\"ListItem\",\"position\":1,\"name\":\"Accueil\",\"item\":\"https:\/\/www.africa-press.net\/cotedivoire\/\"},{\"@type\":\"ListItem\",\"position\":2,\"name\":\"Gnangbo Kacou Lance Marche Pacifique de 418 km\"}]},{\"@type\":\"WebSite\",\"@id\":\"https:\/\/www.africa-press.net\/cotedivoire\/#website\",\"url\":\"https:\/\/www.africa-press.net\/cotedivoire\/\",\"name\":\"C\u00f4te d&#039;Ivoire\",\"description\":\"Just another Africa News Agency Sites site\",\"potentialAction\":[{\"@type\":\"SearchAction\",\"target\":{\"@type\":\"EntryPoint\",\"urlTemplate\":\"https:\/\/www.africa-press.net\/cotedivoire\/?s={search_term_string}\"},\"query-input\":{\"@type\":\"PropertyValueSpecification\",\"valueRequired\":true,\"valueName\":\"search_term_string\"}}],\"inLanguage\":\"fr-FR\"},{\"@type\":\"Person\",\"@id\":\"https:\/\/www.africa-press.net\/cotedivoire\/#\/schema\/person\/2b1cf3cd81a31e3cd26889ca66d677f1\",\"name\":\"cfeditorfr\"}]}<\/script>\n<!-- \/ Yoast SEO Premium plugin. -->","yoast_head_json":{"title":"Gnangbo Kacou Lance Marche Pacifique de 418 km - C\u00f4te d&#039;Ivoire","description":"Dans une de\u0301claration passionne\u0301e et solennelle face a\u0300 la presse nationale et internationale ce jeudi 12 juin, le pre\u0301s ...","robots":{"index":"index","follow":"follow","max-snippet":"max-snippet:-1","max-image-preview":"max-image-preview:large","max-video-preview":"max-video-preview:-1"},"canonical":"https:\/\/www.africa-press.net\/cotedivoire\/politique\/gnangbo-kacou-lance-marche-pacifique-de-418-km","og_locale":"fr_FR","og_type":"article","og_title":"Gnangbo Kacou Lance Marche Pacifique de 418 km","og_description":"Dans une de\u0301claration passionne\u0301e et solennelle face a\u0300 la presse nationale et internationale ce jeudi 12 juin, le pre\u0301s ...","og_url":"https:\/\/www.africa-press.net\/cotedivoire\/politique\/gnangbo-kacou-lance-marche-pacifique-de-418-km","og_site_name":"C\u00f4te d&#039;Ivoire","article_published_time":"2025-06-14T07:07:09+00:00","article_modified_time":"2025-06-14T07:27:05+00:00","og_image":[{"width":853,"height":640,"url":"https:\/\/static.africa-press.net\/cote\/sites\/43\/2025\/06\/sm_1749873306.535234.jpg","type":"image\/jpeg"}],"author":"cfeditorfr","twitter_card":"summary_large_image","twitter_misc":{"\u00c9crit par":"cfeditorfr","Dur\u00e9e de lecture estim\u00e9e":"5 minutes"},"schema":{"@context":"https:\/\/schema.org","@graph":[{"@type":"Article","@id":"https:\/\/www.africa-press.net\/cotedivoire\/politique\/gnangbo-kacou-lance-marche-pacifique-de-418-km#article","isPartOf":{"@id":"https:\/\/www.africa-press.net\/cotedivoire\/politique\/gnangbo-kacou-lance-marche-pacifique-de-418-km"},"author":{"name":"cfeditorfr","@id":"https:\/\/www.africa-press.net\/cotedivoire\/#\/schema\/person\/2b1cf3cd81a31e3cd26889ca66d677f1"},"headline":"Gnangbo Kacou Lance Marche Pacifique de 418 km","datePublished":"2025-06-14T07:07:09+00:00","dateModified":"2025-06-14T07:27:05+00:00","mainEntityOfPage":{"@id":"https:\/\/www.africa-press.net\/cotedivoire\/politique\/gnangbo-kacou-lance-marche-pacifique-de-418-km"},"wordCount":1031,"commentCount":0,"image":{"@id":"https:\/\/www.africa-press.net\/cotedivoire\/politique\/gnangbo-kacou-lance-marche-pacifique-de-418-km#primaryimage"},"thumbnailUrl":"https:\/\/static.africa-press.net\/cote\/sites\/43\/2025\/06\/sm_1749873306.535234.jpg","keywords":["annonce marche","C\u00d4TE D'IVOIRE","Gnangbo","Kacou","pr\u00e9sidentielle","R\u00e9publique","sauvegarder"],"articleSection":["Politique","Top Nouvelles","Toutes les actualit\u00e9s"],"inLanguage":"fr-FR","potentialAction":[{"@type":"CommentAction","name":"Comment","target":["https:\/\/www.africa-press.net\/cotedivoire\/politique\/gnangbo-kacou-lance-marche-pacifique-de-418-km#respond"]}]},{"@type":"WebPage","@id":"https:\/\/www.africa-press.net\/cotedivoire\/politique\/gnangbo-kacou-lance-marche-pacifique-de-418-km","url":"https:\/\/www.africa-press.net\/cotedivoire\/politique\/gnangbo-kacou-lance-marche-pacifique-de-418-km","name":"Gnangbo Kacou Lance Marche Pacifique de 418 km - C\u00f4te d&#039;Ivoire","isPartOf":{"@id":"https:\/\/www.africa-press.net\/cotedivoire\/#website"},"primaryImageOfPage":{"@id":"https:\/\/www.africa-press.net\/cotedivoire\/politique\/gnangbo-kacou-lance-marche-pacifique-de-418-km#primaryimage"},"image":{"@id":"https:\/\/www.africa-press.net\/cotedivoire\/politique\/gnangbo-kacou-lance-marche-pacifique-de-418-km#primaryimage"},"thumbnailUrl":"https:\/\/static.africa-press.net\/cote\/sites\/43\/2025\/06\/sm_1749873306.535234.jpg","datePublished":"2025-06-14T07:07:09+00:00","dateModified":"2025-06-14T07:27:05+00:00","author":{"@id":"https:\/\/www.africa-press.net\/cotedivoire\/#\/schema\/person\/2b1cf3cd81a31e3cd26889ca66d677f1"},"description":"Dans une de\u0301claration passionne\u0301e et solennelle face a\u0300 la presse nationale et internationale ce jeudi 12 juin, le pre\u0301s ...","breadcrumb":{"@id":"https:\/\/www.africa-press.net\/cotedivoire\/politique\/gnangbo-kacou-lance-marche-pacifique-de-418-km#breadcrumb"},"inLanguage":"fr-FR","potentialAction":[{"@type":"ReadAction","target":["https:\/\/www.africa-press.net\/cotedivoire\/politique\/gnangbo-kacou-lance-marche-pacifique-de-418-km"]}]},{"@type":"ImageObject","inLanguage":"fr-FR","@id":"https:\/\/www.africa-press.net\/cotedivoire\/politique\/gnangbo-kacou-lance-marche-pacifique-de-418-km#primaryimage","url":"https:\/\/static.africa-press.net\/cote\/sites\/43\/2025\/06\/sm_1749873306.535234.jpg","contentUrl":"https:\/\/static.africa-press.net\/cote\/sites\/43\/2025\/06\/sm_1749873306.535234.jpg","width":853,"height":640,"caption":"Gnangbo Kacou Lance Marche Pacifique de 418 km"},{"@type":"BreadcrumbList","@id":"https:\/\/www.africa-press.net\/cotedivoire\/politique\/gnangbo-kacou-lance-marche-pacifique-de-418-km#breadcrumb","itemListElement":[{"@type":"ListItem","position":1,"name":"Accueil","item":"https:\/\/www.africa-press.net\/cotedivoire\/"},{"@type":"ListItem","position":2,"name":"Gnangbo Kacou Lance Marche Pacifique de 418 km"}]},{"@type":"WebSite","@id":"https:\/\/www.africa-press.net\/cotedivoire\/#website","url":"https:\/\/www.africa-press.net\/cotedivoire\/","name":"C\u00f4te d&#039;Ivoire","description":"Just another Africa News Agency Sites site","potentialAction":[{"@type":"SearchAction","target":{"@type":"EntryPoint","urlTemplate":"https:\/\/www.africa-press.net\/cotedivoire\/?s={search_term_string}"},"query-input":{"@type":"PropertyValueSpecification","valueRequired":true,"valueName":"search_term_string"}}],"inLanguage":"fr-FR"},{"@type":"Person","@id":"https:\/\/www.africa-press.net\/cotedivoire\/#\/schema\/person\/2b1cf3cd81a31e3cd26889ca66d677f1","name":"cfeditorfr"}]}},"_links":{"self":[{"href":"https:\/\/www.africa-press.net\/cotedivoire\/wp-json\/wp\/v2\/posts\/100713","targetHints":{"allow":["GET"]}}],"collection":[{"href":"https:\/\/www.africa-press.net\/cotedivoire\/wp-json\/wp\/v2\/posts"}],"about":[{"href":"https:\/\/www.africa-press.net\/cotedivoire\/wp-json\/wp\/v2\/types\/post"}],"author":[{"embeddable":true,"href":"https:\/\/www.africa-press.net\/cotedivoire\/wp-json\/wp\/v2\/users\/82"}],"replies":[{"embeddable":true,"href":"https:\/\/www.africa-press.net\/cotedivoire\/wp-json\/wp\/v2\/comments?post=100713"}],"version-history":[{"count":0,"href":"https:\/\/www.africa-press.net\/cotedivoire\/wp-json\/wp\/v2\/posts\/100713\/revisions"}],"wp:featuredmedia":[{"embeddable":true,"href":"https:\/\/www.africa-press.net\/cotedivoire\/wp-json\/wp\/v2\/media\/100712"}],"wp:attachment":[{"href":"https:\/\/www.africa-press.net\/cotedivoire\/wp-json\/wp\/v2\/media?parent=100713"}],"wp:term":[{"taxonomy":"category","embeddable":true,"href":"https:\/\/www.africa-press.net\/cotedivoire\/wp-json\/wp\/v2\/categories?post=100713"},{"taxonomy":"post_tag","embeddable":true,"href":"https:\/\/www.africa-press.net\/cotedivoire\/wp-json\/wp\/v2\/tags?post=100713"}],"curies":[{"name":"wp","href":"https:\/\/api.w.org\/{rel}","templated":true}]}}