{"id":100721,"date":"2025-06-14T07:07:52","date_gmt":"2025-06-14T07:07:52","guid":{"rendered":"https:\/\/www.africa-press.net\/cotedivoire\/politique\/nomination-de-nouveaux-magistrats-par-ouattara"},"modified":"2025-06-14T07:27:44","modified_gmt":"2025-06-14T07:27:44","slug":"nomination-de-nouveaux-magistrats-par-ouattara","status":"publish","type":"post","link":"https:\/\/www.africa-press.net\/cotedivoire\/politique\/nomination-de-nouveaux-magistrats-par-ouattara","title":{"rendered":"Nomination de Nouveaux Magistrats par Ouattara"},"content":{"rendered":"<p><span style=\"color: #ff6600\"><strong>Africa-Press &#8211; C\u00f4te d&rsquo;Ivoire. <\/strong><\/span>Le pre\u0301sident de la Re\u0301publique, Alassane Ouattara, a proce\u0301de\u0301, le mercredi 11 juin 2025, a\u0300 la signature de de\u0301crets portant nomination des Magistrats. Ainsi:<\/p>\n<p>Monsieur Ye\u0301o Abel Nangbe\u0301le\u0301, Magistrat Hors Hie\u0301rarchique, Groupe B avant trois ans, pre\u0301ce\u0301demment Procureur de la Re\u0301publique pre\u0300s le Tribunal de Premie\u0300re Instance de Bouake\u0301, est nomme\u0301 Directeur de l\u2019Administration Pe\u0301nitentiaire, en remplacement de Monsieur Kamin Doheuly Ce\u0301lestin.<\/p>\n<p>Coulibaly Mamadou, Magistrat du Premier Grade, Premier Groupe, pre\u0301ce\u0301demment Procureur de la Re\u0301publique pre\u0300s le Tribunal de Premie\u0300re Instance de Korhogo, est nomme\u0301 Procureur de la Re\u0301publique pre\u0300s le Tribunal de Premie\u0300re Instance de Bouake\u0301, en remplacement de Monsieur Ye\u0301o Abel Nangbe\u0301le\u0301.<\/p>\n<p>Antonin Kouakou, Magistrat du Premier Grade, Premier Groupe, pre\u0301ce\u0301demment Procureur de la Re\u0301publique pre\u0300s le Tribunal de Premie\u0300re Instance de Bouafle\u0301, est nomme\u0301 Procureur de la Re\u0301publique pre\u0300s le Tribunal de Premie\u0300re Instance de Korhogo, en remplacement de Monsieur Coulibaly Bamadou.<\/p>\n<p>N\u2019Cho Victorien, Magistrat du Premier Grade, Premier Groupe, pre\u0301ce\u0301demment Substitut Re\u0301sident pre\u0300s la section de\u0301tache\u0301e de Tribunal de Tiassale\u0301, est nomme\u0301 Procureur de la Re\u0301publique pre\u0300s le Tribunal de Premie\u0300re Instance de Bouafle\u0301, en remplacement de Monsieur Antonin Kouakou.<\/p>\n<p>Enfin, Kone\u0301 Moussa, Magistrat du Premier Grade, Premier Groupe, pre\u0301ce\u0301demment Substitut Ge\u0301ne\u0301ral pre\u0300s de la Cour d\u2019Appel de Bouake\u0301, est nomme\u0301 Substitut Re\u0301sident pre\u0300s la Section de\u0301tache\u0301e du Tribunal de Tiassale\u0301, en remplacement de Monsieur N\u2019Cho Victorien.<\/p>\n<p><strong>Pour plus d&rsquo;informations et d&rsquo;analyses sur la <span style=\"color: #ff6600\">C\u00f4te d&rsquo;Ivoire<\/span>, suivez <span style=\"color: #ff6600\">Africa-Press<\/span><\/strong><\/p>\n","protected":false},"excerpt":{"rendered":"<p>Africa-Press &#8211; C\u00f4te d&rsquo;Ivoire. Le pre\u0301sident de la Re\u0301publique, Alassane Ouattara, a proce\u0301de\u0301, le mercredi 11 juin 2025, a\u0300 la signature de de\u0301crets portant nomination des Magistrats. Ainsi: Monsieur Ye\u0301o Abel Nangbe\u0301le\u0301, Magistrat Hors Hie\u0301rarchique, Groupe B avant trois ans, pre\u0301ce\u0301demment Procureur de la Re\u0301publique pre\u0300s le Tribunal de Premie\u0300re Instance de Bouake\u0301, est nomme\u0301 [&hellip;]<\/p>\n","protected":false},"author":82,"featured_media":100720,"comment_status":"open","ping_status":"closed","sticky":false,"template":"","format":"standard","meta":{"footnotes":""},"categories":[2,10],"tags":[29,2085,3026,3242,727],"class_list":["post-100721","post","type-post","status-publish","format-standard","has-post-thumbnail","hentry","category-politique","category-toutes-les-actualites","tag-cote-divoire","tag-decrets","tag-magistrats","tag-nomination","tag-ouattara"],"yoast_head":"<!-- This site is optimized with the Yoast SEO Premium plugin v26.1 (Yoast SEO v27.0) - https:\/\/yoast.com\/product\/yoast-seo-premium-wordpress\/ -->\n<title>Nomination de Nouveaux Magistrats par Ouattara - C\u00f4te d&#039;Ivoire<\/title>\n<meta name=\"description\" content=\"Le pre\u0301sident de la Re\u0301publique, Alassane Ouattara, a proce\u0301de\u0301, le mercredi 11 juin 2025, a\u0300 la signature de de\u0301crets p ...\" \/>\n<meta name=\"robots\" content=\"index, follow, max-snippet:-1, max-image-preview:large, max-video-preview:-1\" \/>\n<link rel=\"canonical\" href=\"https:\/\/www.africa-press.net\/cotedivoire\/politique\/nomination-de-nouveaux-magistrats-par-ouattara\" \/>\n<meta property=\"og:locale\" content=\"fr_FR\" \/>\n<meta property=\"og:type\" content=\"article\" \/>\n<meta property=\"og:title\" content=\"Nomination de Nouveaux Magistrats par Ouattara\" \/>\n<meta property=\"og:description\" content=\"Le pre\u0301sident de la Re\u0301publique, Alassane Ouattara, a proce\u0301de\u0301, le mercredi 11 juin 2025, a\u0300 la signature de de\u0301crets p ...\" \/>\n<meta property=\"og:url\" content=\"https:\/\/www.africa-press.net\/cotedivoire\/politique\/nomination-de-nouveaux-magistrats-par-ouattara\" \/>\n<meta property=\"og:site_name\" content=\"C\u00f4te d&#039;Ivoire\" \/>\n<meta property=\"article:published_time\" content=\"2025-06-14T07:07:52+00:00\" \/>\n<meta property=\"article:modified_time\" content=\"2025-06-14T07:27:44+00:00\" \/>\n<meta property=\"og:image\" content=\"https:\/\/static.africa-press.net\/cote\/sites\/43\/2025\/06\/sm_1749873343.320978.jpg\" \/>\n\t<meta property=\"og:image:width\" content=\"720\" \/>\n\t<meta property=\"og:image:height\" content=\"456\" \/>\n\t<meta property=\"og:image:type\" content=\"image\/jpeg\" \/>\n<meta name=\"author\" content=\"cfeditorfr\" \/>\n<meta name=\"twitter:card\" content=\"summary_large_image\" \/>\n<meta name=\"twitter:label1\" content=\"\u00c9crit par\" \/>\n\t<meta name=\"twitter:data1\" content=\"cfeditorfr\" \/>\n\t<meta name=\"twitter:label2\" content=\"Dur\u00e9e de lecture estim\u00e9e\" \/>\n\t<meta name=\"twitter:data2\" content=\"1 minute\" \/>\n<script type=\"application\/ld+json\" class=\"yoast-schema-graph\">{\"@context\":\"https:\/\/schema.org\",\"@graph\":[{\"@type\":\"Article\",\"@id\":\"https:\/\/www.africa-press.net\/cotedivoire\/politique\/nomination-de-nouveaux-magistrats-par-ouattara#article\",\"isPartOf\":{\"@id\":\"https:\/\/www.africa-press.net\/cotedivoire\/politique\/nomination-de-nouveaux-magistrats-par-ouattara\"},\"author\":{\"name\":\"cfeditorfr\",\"@id\":\"https:\/\/www.africa-press.net\/cotedivoire\/#\/schema\/person\/2b1cf3cd81a31e3cd26889ca66d677f1\"},\"headline\":\"Nomination de Nouveaux Magistrats par Ouattara\",\"datePublished\":\"2025-06-14T07:07:52+00:00\",\"dateModified\":\"2025-06-14T07:27:44+00:00\",\"mainEntityOfPage\":{\"@id\":\"https:\/\/www.africa-press.net\/cotedivoire\/politique\/nomination-de-nouveaux-magistrats-par-ouattara\"},\"wordCount\":300,\"commentCount\":0,\"image\":{\"@id\":\"https:\/\/www.africa-press.net\/cotedivoire\/politique\/nomination-de-nouveaux-magistrats-par-ouattara#primaryimage\"},\"thumbnailUrl\":\"https:\/\/static.africa-press.net\/cote\/sites\/43\/2025\/06\/sm_1749873343.320978.jpg\",\"keywords\":[\"C\u00d4TE D'IVOIRE\",\"d\u00e9crets\",\"magistrats\",\"nomination\",\"Ouattara\"],\"articleSection\":[\"Politique\",\"Toutes les actualit\u00e9s\"],\"inLanguage\":\"fr-FR\",\"potentialAction\":[{\"@type\":\"CommentAction\",\"name\":\"Comment\",\"target\":[\"https:\/\/www.africa-press.net\/cotedivoire\/politique\/nomination-de-nouveaux-magistrats-par-ouattara#respond\"]}]},{\"@type\":\"WebPage\",\"@id\":\"https:\/\/www.africa-press.net\/cotedivoire\/politique\/nomination-de-nouveaux-magistrats-par-ouattara\",\"url\":\"https:\/\/www.africa-press.net\/cotedivoire\/politique\/nomination-de-nouveaux-magistrats-par-ouattara\",\"name\":\"Nomination de Nouveaux Magistrats par Ouattara - C\u00f4te d&#039;Ivoire\",\"isPartOf\":{\"@id\":\"https:\/\/www.africa-press.net\/cotedivoire\/#website\"},\"primaryImageOfPage\":{\"@id\":\"https:\/\/www.africa-press.net\/cotedivoire\/politique\/nomination-de-nouveaux-magistrats-par-ouattara#primaryimage\"},\"image\":{\"@id\":\"https:\/\/www.africa-press.net\/cotedivoire\/politique\/nomination-de-nouveaux-magistrats-par-ouattara#primaryimage\"},\"thumbnailUrl\":\"https:\/\/static.africa-press.net\/cote\/sites\/43\/2025\/06\/sm_1749873343.320978.jpg\",\"datePublished\":\"2025-06-14T07:07:52+00:00\",\"dateModified\":\"2025-06-14T07:27:44+00:00\",\"author\":{\"@id\":\"https:\/\/www.africa-press.net\/cotedivoire\/#\/schema\/person\/2b1cf3cd81a31e3cd26889ca66d677f1\"},\"description\":\"Le pre\u0301sident de la Re\u0301publique, Alassane Ouattara, a proce\u0301de\u0301, le mercredi 11 juin 2025, a\u0300 la signature de de\u0301crets p ...\",\"breadcrumb\":{\"@id\":\"https:\/\/www.africa-press.net\/cotedivoire\/politique\/nomination-de-nouveaux-magistrats-par-ouattara#breadcrumb\"},\"inLanguage\":\"fr-FR\",\"potentialAction\":[{\"@type\":\"ReadAction\",\"target\":[\"https:\/\/www.africa-press.net\/cotedivoire\/politique\/nomination-de-nouveaux-magistrats-par-ouattara\"]}]},{\"@type\":\"ImageObject\",\"inLanguage\":\"fr-FR\",\"@id\":\"https:\/\/www.africa-press.net\/cotedivoire\/politique\/nomination-de-nouveaux-magistrats-par-ouattara#primaryimage\",\"url\":\"https:\/\/static.africa-press.net\/cote\/sites\/43\/2025\/06\/sm_1749873343.320978.jpg\",\"contentUrl\":\"https:\/\/static.africa-press.net\/cote\/sites\/43\/2025\/06\/sm_1749873343.320978.jpg\",\"width\":720,\"height\":456,\"caption\":\"Nomination de Nouveaux Magistrats par Ouattara\"},{\"@type\":\"BreadcrumbList\",\"@id\":\"https:\/\/www.africa-press.net\/cotedivoire\/politique\/nomination-de-nouveaux-magistrats-par-ouattara#breadcrumb\",\"itemListElement\":[{\"@type\":\"ListItem\",\"position\":1,\"name\":\"Accueil\",\"item\":\"https:\/\/www.africa-press.net\/cotedivoire\/\"},{\"@type\":\"ListItem\",\"position\":2,\"name\":\"Nomination de Nouveaux Magistrats par Ouattara\"}]},{\"@type\":\"WebSite\",\"@id\":\"https:\/\/www.africa-press.net\/cotedivoire\/#website\",\"url\":\"https:\/\/www.africa-press.net\/cotedivoire\/\",\"name\":\"C\u00f4te d&#039;Ivoire\",\"description\":\"Just another Africa News Agency Sites site\",\"potentialAction\":[{\"@type\":\"SearchAction\",\"target\":{\"@type\":\"EntryPoint\",\"urlTemplate\":\"https:\/\/www.africa-press.net\/cotedivoire\/?s={search_term_string}\"},\"query-input\":{\"@type\":\"PropertyValueSpecification\",\"valueRequired\":true,\"valueName\":\"search_term_string\"}}],\"inLanguage\":\"fr-FR\"},{\"@type\":\"Person\",\"@id\":\"https:\/\/www.africa-press.net\/cotedivoire\/#\/schema\/person\/2b1cf3cd81a31e3cd26889ca66d677f1\",\"name\":\"cfeditorfr\"}]}<\/script>\n<!-- \/ Yoast SEO Premium plugin. -->","yoast_head_json":{"title":"Nomination de Nouveaux Magistrats par Ouattara - C\u00f4te d&#039;Ivoire","description":"Le pre\u0301sident de la Re\u0301publique, Alassane Ouattara, a proce\u0301de\u0301, le mercredi 11 juin 2025, a\u0300 la signature de de\u0301crets p ...","robots":{"index":"index","follow":"follow","max-snippet":"max-snippet:-1","max-image-preview":"max-image-preview:large","max-video-preview":"max-video-preview:-1"},"canonical":"https:\/\/www.africa-press.net\/cotedivoire\/politique\/nomination-de-nouveaux-magistrats-par-ouattara","og_locale":"fr_FR","og_type":"article","og_title":"Nomination de Nouveaux Magistrats par Ouattara","og_description":"Le pre\u0301sident de la Re\u0301publique, Alassane Ouattara, a proce\u0301de\u0301, le mercredi 11 juin 2025, a\u0300 la signature de de\u0301crets p ...","og_url":"https:\/\/www.africa-press.net\/cotedivoire\/politique\/nomination-de-nouveaux-magistrats-par-ouattara","og_site_name":"C\u00f4te d&#039;Ivoire","article_published_time":"2025-06-14T07:07:52+00:00","article_modified_time":"2025-06-14T07:27:44+00:00","og_image":[{"width":720,"height":456,"url":"https:\/\/static.africa-press.net\/cote\/sites\/43\/2025\/06\/sm_1749873343.320978.jpg","type":"image\/jpeg"}],"author":"cfeditorfr","twitter_card":"summary_large_image","twitter_misc":{"\u00c9crit par":"cfeditorfr","Dur\u00e9e de lecture estim\u00e9e":"1 minute"},"schema":{"@context":"https:\/\/schema.org","@graph":[{"@type":"Article","@id":"https:\/\/www.africa-press.net\/cotedivoire\/politique\/nomination-de-nouveaux-magistrats-par-ouattara#article","isPartOf":{"@id":"https:\/\/www.africa-press.net\/cotedivoire\/politique\/nomination-de-nouveaux-magistrats-par-ouattara"},"author":{"name":"cfeditorfr","@id":"https:\/\/www.africa-press.net\/cotedivoire\/#\/schema\/person\/2b1cf3cd81a31e3cd26889ca66d677f1"},"headline":"Nomination de Nouveaux Magistrats par Ouattara","datePublished":"2025-06-14T07:07:52+00:00","dateModified":"2025-06-14T07:27:44+00:00","mainEntityOfPage":{"@id":"https:\/\/www.africa-press.net\/cotedivoire\/politique\/nomination-de-nouveaux-magistrats-par-ouattara"},"wordCount":300,"commentCount":0,"image":{"@id":"https:\/\/www.africa-press.net\/cotedivoire\/politique\/nomination-de-nouveaux-magistrats-par-ouattara#primaryimage"},"thumbnailUrl":"https:\/\/static.africa-press.net\/cote\/sites\/43\/2025\/06\/sm_1749873343.320978.jpg","keywords":["C\u00d4TE D'IVOIRE","d\u00e9crets","magistrats","nomination","Ouattara"],"articleSection":["Politique","Toutes les actualit\u00e9s"],"inLanguage":"fr-FR","potentialAction":[{"@type":"CommentAction","name":"Comment","target":["https:\/\/www.africa-press.net\/cotedivoire\/politique\/nomination-de-nouveaux-magistrats-par-ouattara#respond"]}]},{"@type":"WebPage","@id":"https:\/\/www.africa-press.net\/cotedivoire\/politique\/nomination-de-nouveaux-magistrats-par-ouattara","url":"https:\/\/www.africa-press.net\/cotedivoire\/politique\/nomination-de-nouveaux-magistrats-par-ouattara","name":"Nomination de Nouveaux Magistrats par Ouattara - C\u00f4te d&#039;Ivoire","isPartOf":{"@id":"https:\/\/www.africa-press.net\/cotedivoire\/#website"},"primaryImageOfPage":{"@id":"https:\/\/www.africa-press.net\/cotedivoire\/politique\/nomination-de-nouveaux-magistrats-par-ouattara#primaryimage"},"image":{"@id":"https:\/\/www.africa-press.net\/cotedivoire\/politique\/nomination-de-nouveaux-magistrats-par-ouattara#primaryimage"},"thumbnailUrl":"https:\/\/static.africa-press.net\/cote\/sites\/43\/2025\/06\/sm_1749873343.320978.jpg","datePublished":"2025-06-14T07:07:52+00:00","dateModified":"2025-06-14T07:27:44+00:00","author":{"@id":"https:\/\/www.africa-press.net\/cotedivoire\/#\/schema\/person\/2b1cf3cd81a31e3cd26889ca66d677f1"},"description":"Le pre\u0301sident de la Re\u0301publique, Alassane Ouattara, a proce\u0301de\u0301, le mercredi 11 juin 2025, a\u0300 la signature de de\u0301crets p ...","breadcrumb":{"@id":"https:\/\/www.africa-press.net\/cotedivoire\/politique\/nomination-de-nouveaux-magistrats-par-ouattara#breadcrumb"},"inLanguage":"fr-FR","potentialAction":[{"@type":"ReadAction","target":["https:\/\/www.africa-press.net\/cotedivoire\/politique\/nomination-de-nouveaux-magistrats-par-ouattara"]}]},{"@type":"ImageObject","inLanguage":"fr-FR","@id":"https:\/\/www.africa-press.net\/cotedivoire\/politique\/nomination-de-nouveaux-magistrats-par-ouattara#primaryimage","url":"https:\/\/static.africa-press.net\/cote\/sites\/43\/2025\/06\/sm_1749873343.320978.jpg","contentUrl":"https:\/\/static.africa-press.net\/cote\/sites\/43\/2025\/06\/sm_1749873343.320978.jpg","width":720,"height":456,"caption":"Nomination de Nouveaux Magistrats par Ouattara"},{"@type":"BreadcrumbList","@id":"https:\/\/www.africa-press.net\/cotedivoire\/politique\/nomination-de-nouveaux-magistrats-par-ouattara#breadcrumb","itemListElement":[{"@type":"ListItem","position":1,"name":"Accueil","item":"https:\/\/www.africa-press.net\/cotedivoire\/"},{"@type":"ListItem","position":2,"name":"Nomination de Nouveaux Magistrats par Ouattara"}]},{"@type":"WebSite","@id":"https:\/\/www.africa-press.net\/cotedivoire\/#website","url":"https:\/\/www.africa-press.net\/cotedivoire\/","name":"C\u00f4te d&#039;Ivoire","description":"Just another Africa News Agency Sites site","potentialAction":[{"@type":"SearchAction","target":{"@type":"EntryPoint","urlTemplate":"https:\/\/www.africa-press.net\/cotedivoire\/?s={search_term_string}"},"query-input":{"@type":"PropertyValueSpecification","valueRequired":true,"valueName":"search_term_string"}}],"inLanguage":"fr-FR"},{"@type":"Person","@id":"https:\/\/www.africa-press.net\/cotedivoire\/#\/schema\/person\/2b1cf3cd81a31e3cd26889ca66d677f1","name":"cfeditorfr"}]}},"_links":{"self":[{"href":"https:\/\/www.africa-press.net\/cotedivoire\/wp-json\/wp\/v2\/posts\/100721","targetHints":{"allow":["GET"]}}],"collection":[{"href":"https:\/\/www.africa-press.net\/cotedivoire\/wp-json\/wp\/v2\/posts"}],"about":[{"href":"https:\/\/www.africa-press.net\/cotedivoire\/wp-json\/wp\/v2\/types\/post"}],"author":[{"embeddable":true,"href":"https:\/\/www.africa-press.net\/cotedivoire\/wp-json\/wp\/v2\/users\/82"}],"replies":[{"embeddable":true,"href":"https:\/\/www.africa-press.net\/cotedivoire\/wp-json\/wp\/v2\/comments?post=100721"}],"version-history":[{"count":0,"href":"https:\/\/www.africa-press.net\/cotedivoire\/wp-json\/wp\/v2\/posts\/100721\/revisions"}],"wp:featuredmedia":[{"embeddable":true,"href":"https:\/\/www.africa-press.net\/cotedivoire\/wp-json\/wp\/v2\/media\/100720"}],"wp:attachment":[{"href":"https:\/\/www.africa-press.net\/cotedivoire\/wp-json\/wp\/v2\/media?parent=100721"}],"wp:term":[{"taxonomy":"category","embeddable":true,"href":"https:\/\/www.africa-press.net\/cotedivoire\/wp-json\/wp\/v2\/categories?post=100721"},{"taxonomy":"post_tag","embeddable":true,"href":"https:\/\/www.africa-press.net\/cotedivoire\/wp-json\/wp\/v2\/tags?post=100721"}],"curies":[{"name":"wp","href":"https:\/\/api.w.org\/{rel}","templated":true}]}}