{"id":10078,"date":"2021-07-18T16:09:11","date_gmt":"2021-07-18T16:09:11","guid":{"rendered":"https:\/\/www.africa-press.net\/cotedivoire\/?p=10078"},"modified":"2021-07-18T21:07:31","modified_gmt":"2021-07-18T21:07:31","slug":"hub-medical-cote-divoire-patrick-achi-presente-la-vision-du-gouvernement","status":"publish","type":"post","link":"https:\/\/www.africa-press.net\/cotedivoire\/toutes-les-actualites\/hub-medical-cote-divoire-patrick-achi-presente-la-vision-du-gouvernement","title":{"rendered":"Hub m\u00e9dical C\u00f4te-d\u2019Ivoire: Patrick Achi pr\u00e9sente la vision du gouvernement"},"content":{"rendered":"<p><span style=\"color: #ff6600\"><strong><a href=\"https:\/\/www.africa-press.net\/\">Africa-Press<\/a> &#8211; <a href=\"https:\/\/www.africa-press.net\/cotedivoire\">C\u00f4te d&rsquo;Ivoire<\/a>. <\/strong><\/span>Le Premier Ministre Patrick Achi a pr\u00e9sent\u00e9, le 16 juillet 2021 \u00e0 Abidjan, la vision du gouvernement sur l\u2019appui \u00e0 apporter aux acteurs du secteur de la sant\u00e9 pour faire de la C\u00f4te d\u2019Ivoire un hub m\u00e9dical.<\/p>\n<p>C\u2019\u00e9tait lors du lancement du programme pour l\u2019acc\u00e8s aux \u00e9quipements m\u00e9dicaux en Afrique (AMEF) de la Soci\u00e9t\u00e9 financi\u00e8re internationale (SFI), du Groupe de la Banque mondiale.<\/p>\n<p>Le Chef du gouvernement a indiqu\u00e9 que l\u2019ambition de l\u2019Etat est d\u2019accompagner le secteur priv\u00e9, en l\u2019aidant \u00e0 trouver des solutions aux difficult\u00e9s auxquelles il est confront\u00e9.<\/p>\n<p>\u00ab Notre objectif est de faire en sorte que le secteur priv\u00e9 grandisse, et grandisse tr\u00e8s vite. L\u2019un des axes forts du projet de soci\u00e9t\u00e9 que nous avons, est de faire en sorte que les Ivoiriens qui ont entrepris, qui ont cr\u00e9\u00e9 des cliniques, aient la possibilit\u00e9 de passer de cliniques en centres hospitaliers, en h\u00f4pitaux sous-r\u00e9gionaux pour que la C\u00f4te d\u2019Ivoire devienne une destination de tourisme hospitalier, un hub m\u00e9dical \u00bb, a soutenu Patrick Achi.<\/p>\n<p>Il a exprim\u00e9 son soutien \u00e0 la mise en \u0153uvre du programme AMEF de la SFI qui va permettre l\u2019acquisition d\u2019\u00e9quipements m\u00e9dicaux de pointe et relever le plateau technique des cliniques ivoiriennes, afin de fournir des soins de qualit\u00e9.<\/p>\n<p>\u00ab Si on ne r\u00e8gle pas le probl\u00e8me de l\u2019\u00e9quipement de nos cliniques priv\u00e9es et de nos h\u00f4pitaux, cet objectif de voir le secteur priv\u00e9 grandir et cr\u00e9er des emplois sera un \u00e9chec \u00bb, a-t-il relev\u00e9.<\/p>\n<p>Le programme AMEF est une plateforme con\u00e7ue pour mettre en relation les entreprises du secteur de la sant\u00e9 qui ont besoin d\u2019\u00e9quipements m\u00e9dicaux, les fabricants d\u2019\u00e9quipements et des institutions financi\u00e8res. Il devrait permettre de fournir un financement de 300 millions de dollars aux PME dans le secteur de la sant\u00e9. En C\u00f4te d\u2019Ivoire, la banque partenaire de la SFI est NSIA Banque.<\/p>\n<p>&nbsp;<\/p>\n","protected":false},"excerpt":{"rendered":"<p>Africa-Press &#8211; C\u00f4te d&rsquo;Ivoire. Le Premier Ministre Patrick Achi a pr\u00e9sent\u00e9, le 16 juillet 2021 \u00e0 Abidjan, la vision du gouvernement sur l\u2019appui \u00e0 apporter aux acteurs du secteur de la sant\u00e9 pour faire de la C\u00f4te d\u2019Ivoire un hub m\u00e9dical. C\u2019\u00e9tait lors du lancement du programme pour l\u2019acc\u00e8s aux \u00e9quipements m\u00e9dicaux en Afrique (AMEF) [&hellip;]<\/p>\n","protected":false},"author":82,"featured_media":10077,"comment_status":"open","ping_status":"closed","sticky":false,"template":"","format":"standard","meta":{"footnotes":""},"categories":[21,11,10],"tags":[56,63,29],"class_list":["post-10078","post","type-post","status-publish","format-standard","has-post-thumbnail","hentry","category-communaute","category-homepage-french","category-toutes-les-actualites","tag-africa-press","tag-africa-press-cote-divoire","tag-cote-divoire"],"yoast_head":"<!-- This site is optimized with the Yoast SEO Premium plugin v26.1 (Yoast SEO v27.0) - https:\/\/yoast.com\/product\/yoast-seo-premium-wordpress\/ -->\n<title>Hub m\u00e9dical C\u00f4te-d\u2019Ivoire: Patrick Achi pr\u00e9sente la vision du gouvernement - C\u00f4te d&#039;Ivoire<\/title>\n<meta name=\"description\" content=\"Le Premier Ministre Patrick Achi a pr\u00e9sent\u00e9, le 16 juillet 2021 \u00e0 Abidjan, la vision du gouvernement sur l\u2019appui \u00e0 appor ...\" \/>\n<meta name=\"robots\" content=\"index, follow, max-snippet:-1, max-image-preview:large, max-video-preview:-1\" \/>\n<link rel=\"canonical\" href=\"https:\/\/www.africa-press.net\/cotedivoire\/toutes-les-actualites\/hub-medical-cote-divoire-patrick-achi-presente-la-vision-du-gouvernement\" \/>\n<meta property=\"og:locale\" content=\"fr_FR\" \/>\n<meta property=\"og:type\" content=\"article\" \/>\n<meta property=\"og:title\" content=\"Hub m\u00e9dical C\u00f4te-d\u2019Ivoire: Patrick Achi pr\u00e9sente la vision du gouvernement\" \/>\n<meta property=\"og:description\" content=\"Le Premier Ministre Patrick Achi a pr\u00e9sent\u00e9, le 16 juillet 2021 \u00e0 Abidjan, la vision du gouvernement sur l\u2019appui \u00e0 appor ...\" \/>\n<meta property=\"og:url\" content=\"https:\/\/www.africa-press.net\/cotedivoire\/toutes-les-actualites\/hub-medical-cote-divoire-patrick-achi-presente-la-vision-du-gouvernement\" \/>\n<meta property=\"og:site_name\" content=\"C\u00f4te d&#039;Ivoire\" \/>\n<meta property=\"article:published_time\" content=\"2021-07-18T16:09:11+00:00\" \/>\n<meta property=\"article:modified_time\" content=\"2021-07-18T21:07:31+00:00\" \/>\n<meta property=\"og:image\" content=\"https:\/\/static.africa-press.net\/cote\/sites\/43\/2021\/07\/img-60f445711e548.jpg\" \/>\n\t<meta property=\"og:image:width\" content=\"1024\" \/>\n\t<meta property=\"og:image:height\" content=\"563\" \/>\n\t<meta property=\"og:image:type\" content=\"image\/jpeg\" \/>\n<meta name=\"author\" content=\"cfeditorfr\" \/>\n<meta name=\"twitter:card\" content=\"summary_large_image\" \/>\n<meta name=\"twitter:label1\" content=\"\u00c9crit par\" \/>\n\t<meta name=\"twitter:data1\" content=\"cfeditorfr\" \/>\n\t<meta name=\"twitter:label2\" content=\"Dur\u00e9e de lecture estim\u00e9e\" \/>\n\t<meta name=\"twitter:data2\" content=\"2 minutes\" \/>\n<script type=\"application\/ld+json\" class=\"yoast-schema-graph\">{\"@context\":\"https:\/\/schema.org\",\"@graph\":[{\"@type\":\"Article\",\"@id\":\"https:\/\/www.africa-press.net\/cotedivoire\/toutes-les-actualites\/hub-medical-cote-divoire-patrick-achi-presente-la-vision-du-gouvernement#article\",\"isPartOf\":{\"@id\":\"https:\/\/www.africa-press.net\/cotedivoire\/toutes-les-actualites\/hub-medical-cote-divoire-patrick-achi-presente-la-vision-du-gouvernement\"},\"author\":{\"name\":\"cfeditorfr\",\"@id\":\"https:\/\/www.africa-press.net\/cotedivoire\/#\/schema\/person\/2b1cf3cd81a31e3cd26889ca66d677f1\"},\"headline\":\"Hub m\u00e9dical C\u00f4te-d\u2019Ivoire: Patrick Achi pr\u00e9sente la vision du gouvernement\",\"datePublished\":\"2021-07-18T16:09:11+00:00\",\"dateModified\":\"2021-07-18T21:07:31+00:00\",\"mainEntityOfPage\":{\"@id\":\"https:\/\/www.africa-press.net\/cotedivoire\/toutes-les-actualites\/hub-medical-cote-divoire-patrick-achi-presente-la-vision-du-gouvernement\"},\"wordCount\":353,\"commentCount\":0,\"image\":{\"@id\":\"https:\/\/www.africa-press.net\/cotedivoire\/toutes-les-actualites\/hub-medical-cote-divoire-patrick-achi-presente-la-vision-du-gouvernement#primaryimage\"},\"thumbnailUrl\":\"https:\/\/static.africa-press.net\/cote\/sites\/43\/2021\/07\/img-60f445711e548.jpg\",\"keywords\":[\"Africa Press\",\"Africa Press-C\u00f4te d'Ivoire\",\"C\u00d4TE D'IVOIRE\"],\"articleSection\":[\"Communaut\u00e9\",\"homepage-french\",\"Toutes les actualit\u00e9s\"],\"inLanguage\":\"fr-FR\",\"potentialAction\":[{\"@type\":\"CommentAction\",\"name\":\"Comment\",\"target\":[\"https:\/\/www.africa-press.net\/cotedivoire\/toutes-les-actualites\/hub-medical-cote-divoire-patrick-achi-presente-la-vision-du-gouvernement#respond\"]}]},{\"@type\":\"WebPage\",\"@id\":\"https:\/\/www.africa-press.net\/cotedivoire\/toutes-les-actualites\/hub-medical-cote-divoire-patrick-achi-presente-la-vision-du-gouvernement\",\"url\":\"https:\/\/www.africa-press.net\/cotedivoire\/toutes-les-actualites\/hub-medical-cote-divoire-patrick-achi-presente-la-vision-du-gouvernement\",\"name\":\"Hub m\u00e9dical C\u00f4te-d\u2019Ivoire: Patrick Achi pr\u00e9sente la vision du gouvernement - C\u00f4te d&#039;Ivoire\",\"isPartOf\":{\"@id\":\"https:\/\/www.africa-press.net\/cotedivoire\/#website\"},\"primaryImageOfPage\":{\"@id\":\"https:\/\/www.africa-press.net\/cotedivoire\/toutes-les-actualites\/hub-medical-cote-divoire-patrick-achi-presente-la-vision-du-gouvernement#primaryimage\"},\"image\":{\"@id\":\"https:\/\/www.africa-press.net\/cotedivoire\/toutes-les-actualites\/hub-medical-cote-divoire-patrick-achi-presente-la-vision-du-gouvernement#primaryimage\"},\"thumbnailUrl\":\"https:\/\/static.africa-press.net\/cote\/sites\/43\/2021\/07\/img-60f445711e548.jpg\",\"datePublished\":\"2021-07-18T16:09:11+00:00\",\"dateModified\":\"2021-07-18T21:07:31+00:00\",\"author\":{\"@id\":\"https:\/\/www.africa-press.net\/cotedivoire\/#\/schema\/person\/2b1cf3cd81a31e3cd26889ca66d677f1\"},\"description\":\"Le Premier Ministre Patrick Achi a pr\u00e9sent\u00e9, le 16 juillet 2021 \u00e0 Abidjan, la vision du gouvernement sur l\u2019appui \u00e0 appor ...\",\"breadcrumb\":{\"@id\":\"https:\/\/www.africa-press.net\/cotedivoire\/toutes-les-actualites\/hub-medical-cote-divoire-patrick-achi-presente-la-vision-du-gouvernement#breadcrumb\"},\"inLanguage\":\"fr-FR\",\"potentialAction\":[{\"@type\":\"ReadAction\",\"target\":[\"https:\/\/www.africa-press.net\/cotedivoire\/toutes-les-actualites\/hub-medical-cote-divoire-patrick-achi-presente-la-vision-du-gouvernement\"]}]},{\"@type\":\"ImageObject\",\"inLanguage\":\"fr-FR\",\"@id\":\"https:\/\/www.africa-press.net\/cotedivoire\/toutes-les-actualites\/hub-medical-cote-divoire-patrick-achi-presente-la-vision-du-gouvernement#primaryimage\",\"url\":\"https:\/\/static.africa-press.net\/cote\/sites\/43\/2021\/07\/img-60f445711e548.jpg\",\"contentUrl\":\"https:\/\/static.africa-press.net\/cote\/sites\/43\/2021\/07\/img-60f445711e548.jpg\",\"width\":1024,\"height\":563,\"caption\":\"Hub m\u00e9dical C\u00f4te-d\u2019Ivoire: Patrick Achi pr\u00e9sente la vision du gouvernement\"},{\"@type\":\"BreadcrumbList\",\"@id\":\"https:\/\/www.africa-press.net\/cotedivoire\/toutes-les-actualites\/hub-medical-cote-divoire-patrick-achi-presente-la-vision-du-gouvernement#breadcrumb\",\"itemListElement\":[{\"@type\":\"ListItem\",\"position\":1,\"name\":\"Accueil\",\"item\":\"https:\/\/www.africa-press.net\/cotedivoire\/\"},{\"@type\":\"ListItem\",\"position\":2,\"name\":\"Hub m\u00e9dical C\u00f4te-d\u2019Ivoire: Patrick Achi pr\u00e9sente la vision du gouvernement\"}]},{\"@type\":\"WebSite\",\"@id\":\"https:\/\/www.africa-press.net\/cotedivoire\/#website\",\"url\":\"https:\/\/www.africa-press.net\/cotedivoire\/\",\"name\":\"C\u00f4te d&#039;Ivoire\",\"description\":\"Just another Africa News Agency Sites site\",\"potentialAction\":[{\"@type\":\"SearchAction\",\"target\":{\"@type\":\"EntryPoint\",\"urlTemplate\":\"https:\/\/www.africa-press.net\/cotedivoire\/?s={search_term_string}\"},\"query-input\":{\"@type\":\"PropertyValueSpecification\",\"valueRequired\":true,\"valueName\":\"search_term_string\"}}],\"inLanguage\":\"fr-FR\"},{\"@type\":\"Person\",\"@id\":\"https:\/\/www.africa-press.net\/cotedivoire\/#\/schema\/person\/2b1cf3cd81a31e3cd26889ca66d677f1\",\"name\":\"cfeditorfr\"}]}<\/script>\n<!-- \/ Yoast SEO Premium plugin. -->","yoast_head_json":{"title":"Hub m\u00e9dical C\u00f4te-d\u2019Ivoire: Patrick Achi pr\u00e9sente la vision du gouvernement - C\u00f4te d&#039;Ivoire","description":"Le Premier Ministre Patrick Achi a pr\u00e9sent\u00e9, le 16 juillet 2021 \u00e0 Abidjan, la vision du gouvernement sur l\u2019appui \u00e0 appor ...","robots":{"index":"index","follow":"follow","max-snippet":"max-snippet:-1","max-image-preview":"max-image-preview:large","max-video-preview":"max-video-preview:-1"},"canonical":"https:\/\/www.africa-press.net\/cotedivoire\/toutes-les-actualites\/hub-medical-cote-divoire-patrick-achi-presente-la-vision-du-gouvernement","og_locale":"fr_FR","og_type":"article","og_title":"Hub m\u00e9dical C\u00f4te-d\u2019Ivoire: Patrick Achi pr\u00e9sente la vision du gouvernement","og_description":"Le Premier Ministre Patrick Achi a pr\u00e9sent\u00e9, le 16 juillet 2021 \u00e0 Abidjan, la vision du gouvernement sur l\u2019appui \u00e0 appor ...","og_url":"https:\/\/www.africa-press.net\/cotedivoire\/toutes-les-actualites\/hub-medical-cote-divoire-patrick-achi-presente-la-vision-du-gouvernement","og_site_name":"C\u00f4te d&#039;Ivoire","article_published_time":"2021-07-18T16:09:11+00:00","article_modified_time":"2021-07-18T21:07:31+00:00","og_image":[{"width":1024,"height":563,"url":"https:\/\/static.africa-press.net\/cote\/sites\/43\/2021\/07\/img-60f445711e548.jpg","type":"image\/jpeg"}],"author":"cfeditorfr","twitter_card":"summary_large_image","twitter_misc":{"\u00c9crit par":"cfeditorfr","Dur\u00e9e de lecture estim\u00e9e":"2 minutes"},"schema":{"@context":"https:\/\/schema.org","@graph":[{"@type":"Article","@id":"https:\/\/www.africa-press.net\/cotedivoire\/toutes-les-actualites\/hub-medical-cote-divoire-patrick-achi-presente-la-vision-du-gouvernement#article","isPartOf":{"@id":"https:\/\/www.africa-press.net\/cotedivoire\/toutes-les-actualites\/hub-medical-cote-divoire-patrick-achi-presente-la-vision-du-gouvernement"},"author":{"name":"cfeditorfr","@id":"https:\/\/www.africa-press.net\/cotedivoire\/#\/schema\/person\/2b1cf3cd81a31e3cd26889ca66d677f1"},"headline":"Hub m\u00e9dical C\u00f4te-d\u2019Ivoire: Patrick Achi pr\u00e9sente la vision du gouvernement","datePublished":"2021-07-18T16:09:11+00:00","dateModified":"2021-07-18T21:07:31+00:00","mainEntityOfPage":{"@id":"https:\/\/www.africa-press.net\/cotedivoire\/toutes-les-actualites\/hub-medical-cote-divoire-patrick-achi-presente-la-vision-du-gouvernement"},"wordCount":353,"commentCount":0,"image":{"@id":"https:\/\/www.africa-press.net\/cotedivoire\/toutes-les-actualites\/hub-medical-cote-divoire-patrick-achi-presente-la-vision-du-gouvernement#primaryimage"},"thumbnailUrl":"https:\/\/static.africa-press.net\/cote\/sites\/43\/2021\/07\/img-60f445711e548.jpg","keywords":["Africa Press","Africa Press-C\u00f4te d'Ivoire","C\u00d4TE D'IVOIRE"],"articleSection":["Communaut\u00e9","homepage-french","Toutes les actualit\u00e9s"],"inLanguage":"fr-FR","potentialAction":[{"@type":"CommentAction","name":"Comment","target":["https:\/\/www.africa-press.net\/cotedivoire\/toutes-les-actualites\/hub-medical-cote-divoire-patrick-achi-presente-la-vision-du-gouvernement#respond"]}]},{"@type":"WebPage","@id":"https:\/\/www.africa-press.net\/cotedivoire\/toutes-les-actualites\/hub-medical-cote-divoire-patrick-achi-presente-la-vision-du-gouvernement","url":"https:\/\/www.africa-press.net\/cotedivoire\/toutes-les-actualites\/hub-medical-cote-divoire-patrick-achi-presente-la-vision-du-gouvernement","name":"Hub m\u00e9dical C\u00f4te-d\u2019Ivoire: Patrick Achi pr\u00e9sente la vision du gouvernement - C\u00f4te d&#039;Ivoire","isPartOf":{"@id":"https:\/\/www.africa-press.net\/cotedivoire\/#website"},"primaryImageOfPage":{"@id":"https:\/\/www.africa-press.net\/cotedivoire\/toutes-les-actualites\/hub-medical-cote-divoire-patrick-achi-presente-la-vision-du-gouvernement#primaryimage"},"image":{"@id":"https:\/\/www.africa-press.net\/cotedivoire\/toutes-les-actualites\/hub-medical-cote-divoire-patrick-achi-presente-la-vision-du-gouvernement#primaryimage"},"thumbnailUrl":"https:\/\/static.africa-press.net\/cote\/sites\/43\/2021\/07\/img-60f445711e548.jpg","datePublished":"2021-07-18T16:09:11+00:00","dateModified":"2021-07-18T21:07:31+00:00","author":{"@id":"https:\/\/www.africa-press.net\/cotedivoire\/#\/schema\/person\/2b1cf3cd81a31e3cd26889ca66d677f1"},"description":"Le Premier Ministre Patrick Achi a pr\u00e9sent\u00e9, le 16 juillet 2021 \u00e0 Abidjan, la vision du gouvernement sur l\u2019appui \u00e0 appor ...","breadcrumb":{"@id":"https:\/\/www.africa-press.net\/cotedivoire\/toutes-les-actualites\/hub-medical-cote-divoire-patrick-achi-presente-la-vision-du-gouvernement#breadcrumb"},"inLanguage":"fr-FR","potentialAction":[{"@type":"ReadAction","target":["https:\/\/www.africa-press.net\/cotedivoire\/toutes-les-actualites\/hub-medical-cote-divoire-patrick-achi-presente-la-vision-du-gouvernement"]}]},{"@type":"ImageObject","inLanguage":"fr-FR","@id":"https:\/\/www.africa-press.net\/cotedivoire\/toutes-les-actualites\/hub-medical-cote-divoire-patrick-achi-presente-la-vision-du-gouvernement#primaryimage","url":"https:\/\/static.africa-press.net\/cote\/sites\/43\/2021\/07\/img-60f445711e548.jpg","contentUrl":"https:\/\/static.africa-press.net\/cote\/sites\/43\/2021\/07\/img-60f445711e548.jpg","width":1024,"height":563,"caption":"Hub m\u00e9dical C\u00f4te-d\u2019Ivoire: Patrick Achi pr\u00e9sente la vision du gouvernement"},{"@type":"BreadcrumbList","@id":"https:\/\/www.africa-press.net\/cotedivoire\/toutes-les-actualites\/hub-medical-cote-divoire-patrick-achi-presente-la-vision-du-gouvernement#breadcrumb","itemListElement":[{"@type":"ListItem","position":1,"name":"Accueil","item":"https:\/\/www.africa-press.net\/cotedivoire\/"},{"@type":"ListItem","position":2,"name":"Hub m\u00e9dical C\u00f4te-d\u2019Ivoire: Patrick Achi pr\u00e9sente la vision du gouvernement"}]},{"@type":"WebSite","@id":"https:\/\/www.africa-press.net\/cotedivoire\/#website","url":"https:\/\/www.africa-press.net\/cotedivoire\/","name":"C\u00f4te d&#039;Ivoire","description":"Just another Africa News Agency Sites site","potentialAction":[{"@type":"SearchAction","target":{"@type":"EntryPoint","urlTemplate":"https:\/\/www.africa-press.net\/cotedivoire\/?s={search_term_string}"},"query-input":{"@type":"PropertyValueSpecification","valueRequired":true,"valueName":"search_term_string"}}],"inLanguage":"fr-FR"},{"@type":"Person","@id":"https:\/\/www.africa-press.net\/cotedivoire\/#\/schema\/person\/2b1cf3cd81a31e3cd26889ca66d677f1","name":"cfeditorfr"}]}},"_links":{"self":[{"href":"https:\/\/www.africa-press.net\/cotedivoire\/wp-json\/wp\/v2\/posts\/10078","targetHints":{"allow":["GET"]}}],"collection":[{"href":"https:\/\/www.africa-press.net\/cotedivoire\/wp-json\/wp\/v2\/posts"}],"about":[{"href":"https:\/\/www.africa-press.net\/cotedivoire\/wp-json\/wp\/v2\/types\/post"}],"author":[{"embeddable":true,"href":"https:\/\/www.africa-press.net\/cotedivoire\/wp-json\/wp\/v2\/users\/82"}],"replies":[{"embeddable":true,"href":"https:\/\/www.africa-press.net\/cotedivoire\/wp-json\/wp\/v2\/comments?post=10078"}],"version-history":[{"count":0,"href":"https:\/\/www.africa-press.net\/cotedivoire\/wp-json\/wp\/v2\/posts\/10078\/revisions"}],"wp:featuredmedia":[{"embeddable":true,"href":"https:\/\/www.africa-press.net\/cotedivoire\/wp-json\/wp\/v2\/media\/10077"}],"wp:attachment":[{"href":"https:\/\/www.africa-press.net\/cotedivoire\/wp-json\/wp\/v2\/media?parent=10078"}],"wp:term":[{"taxonomy":"category","embeddable":true,"href":"https:\/\/www.africa-press.net\/cotedivoire\/wp-json\/wp\/v2\/categories?post=10078"},{"taxonomy":"post_tag","embeddable":true,"href":"https:\/\/www.africa-press.net\/cotedivoire\/wp-json\/wp\/v2\/tags?post=10078"}],"curies":[{"name":"wp","href":"https:\/\/api.w.org\/{rel}","templated":true}]}}