{"id":100805,"date":"2025-06-16T06:31:55","date_gmt":"2025-06-16T06:31:55","guid":{"rendered":"https:\/\/www.africa-press.net\/cotedivoire\/politique\/ouattara-rassure-sur-les-elections-avec-lemissaire-de-lua"},"modified":"2025-06-16T06:50:58","modified_gmt":"2025-06-16T06:50:58","slug":"ouattara-rassure-sur-les-elections-avec-lemissaire-de-lua","status":"publish","type":"post","link":"https:\/\/www.africa-press.net\/cotedivoire\/politique\/ouattara-rassure-sur-les-elections-avec-lemissaire-de-lua","title":{"rendered":"Ouattara Rassure Sur Les \u00c9lections Avec L&rsquo;\u00c9missaire De L&rsquo;UA"},"content":{"rendered":"<p><span style=\"color: #ff6600\"><strong>Africa-Press &#8211; C\u00f4te d&rsquo;Ivoire. <\/strong><\/span>A\u0300 moins de cinq mois de l\u2019e\u0301lection pre\u0301sidentielle pre\u0301vue le 25 octobre prochain, la Co\u0302te d\u2019Ivoire accueille une mission d\u2019e\u0301valuation pre\u0301e\u0301lectorale de l\u2019Union africaine (UA). Conduite par Mahamat Saleh Annadif, ancien ministre tchadien des Affaires e\u0301trange\u0300res et actuel diplomate de haut rang au sein de l\u2019organisation panafricaine, la de\u0301le\u0301gation a e\u0301te\u0301 rec\u0327ue ce vendredi 13 juin par le pre\u0301sident de la Re\u0301publique, Alassane Ouattara, a\u0300 sa re\u0301sidence de Cocody Riviera-Golf.<\/p>\n<p>Pre\u0301sente dans le pays depuis plusieurs jours, la mission vise a\u0300 e\u0301valuer les conditions politiques et institutionnelles en vue d\u2019un scrutin transparent, apaise\u0301 et inclusif.<\/p>\n<p>\u00ab Nous sommes venus fe\u0301liciter le pre\u0301sident pour tout ce qu\u2019il a fait, pour ce qu\u2019il continue de faire non seulement pour la Co\u0302te d\u2019Ivoire, mais aussi pour la stabilite\u0301 de la sous-re\u0301gion \u00bb, a de\u0301clare\u0301 Mahamat Saleh Annadif a\u0300 l\u2019issue de l\u2019audience.<\/p>\n<p>Il a e\u0301galement re\u0301affirme\u0301 la disponibilite\u0301 de l\u2019UA a\u0300 accompagner le processus e\u0301lectoral ivoirien.<\/p>\n<p>Dans un contexte re\u0301gional marque\u0301 par des tensions politiques et se\u0301curitaires, notamment au sein de la CEDEAO, l\u2019Union africaine insiste sur le ro\u0302le strate\u0301gique de la Co\u0302te d\u2019Ivoire.<\/p>\n<p>\u00ab Si demain la Co\u0302te d\u2019Ivoire e\u0301ternue, c\u2019est toute la re\u0301gion qui risque d\u2019e\u0302tre enrhume\u0301e \u00bb, a averti le chef de la de\u0301le\u0301gation, soulignant la ne\u0301cessite\u0301 de pre\u0301server les acquis de\u0301mocratiques et la stabilite\u0301 du pays.<\/p>\n<p>La mission a rencontre\u0301 les principaux acteurs politiques ivoiriens au cours de son se\u0301jour. A\u0300 chacun, elle a rappele\u0301 l\u2019importance de leur responsabilite\u0301 dans la conduite d\u2019e\u0301lections cre\u0301dibles.<\/p>\n<p>\u00ab Chaque acteur doit jouer sa partition pour que ces e\u0301lections puissent se de\u0301rouler dans de bonnes conditions \u00bb, a insiste\u0301 Annadif.<\/p>\n<p>Selon lui, le pre\u0301sident Alassane Ouattara a salue\u0301 l\u2019initiative et re\u0301affirme\u0301 son engagement a\u0300 garantir un processus e\u0301lectoral transparent et pacifique. Il a assure\u0301 a\u0300 la de\u0301le\u0301gation que toutes les dispositions seraient prises pour que le scrutin se de\u0301roule dans un climat apaise\u0301.<\/p>\n<p>Cette visite s\u2019inscrit dans une se\u0301rie de missions d\u2019observation et d\u2019assistance de\u0301ploye\u0301es par l\u2019Union africaine dans les pays membres a\u0300 l\u2019approche d\u2019e\u0301che\u0301ances e\u0301lectorales majeures. L\u2019UA entend ainsi jouer un ro\u0302le actif dans la pre\u0301vention des crises e\u0301lectorales sur le continent.<\/p>\n\r\n                <style type=\"text\/css\">\r\n                    \r\n                    #td_uid_1_69f2b31addf68  .td-doubleSlider-2 .td-item1 {\r\n                        background: url(https:\/\/static.africa-press.net\/cote\/sites\/43\/2025\/06\/sm_1750044032.88885-80x60.jpg) 0 0 no-repeat;\r\n                    }\r\n                    #td_uid_1_69f2b31addf68  .td-doubleSlider-2 .td-item2 {\r\n                        background: url(https:\/\/static.africa-press.net\/cote\/sites\/43\/2025\/06\/sm_1750044035.952365-80x60.jpg) 0 0 no-repeat;\r\n                    }\r\n                <\/style>\r\n\r\n                <div id=\"td_uid_1_69f2b31addf68\" class=\"td-gallery td-slide-on-2-columns\">\r\n                    <div class=\"post_td_gallery\">\r\n                        <div class=\"td-gallery-slide-top\">\r\n                           <div class=\"td-gallery-title\"><\/div>\r\n\r\n                            <div class=\"td-gallery-controls-wrapper\">\r\n                                <div class=\"td-gallery-slide-count\"><span class=\"td-gallery-slide-item-focus\">1<\/span> de 2<\/div>\r\n                                <div class=\"td-gallery-slide-prev-next-but\">\r\n                                    <i class = \"td-icon-left doubleSliderPrevButton\"><\/i>\r\n                                    <i class = \"td-icon-right doubleSliderNextButton\"><\/i>\r\n                                <\/div>\r\n                            <\/div>\r\n                        <\/div>\r\n\r\n                        <div class = \"td-doubleSlider-1 \">\r\n                            <div class = \"td-slider\">\r\n                                \r\n                    <div class = \"td-slide-item td-item1\">\r\n                        <figure class=\"td-slide-galery-figure td-slide-popup-gallery\">\r\n                            <a class=\"slide-gallery-image-link\" href=\"https:\/\/static.africa-press.net\/cote\/sites\/43\/2025\/06\/sm_1750044032.88885.jpg\" title=\"sm_1750044032.88885\"  data-caption=\"\"  data-description=\"\">\r\n                                <img decoding=\"async\" src=\"https:\/\/static.africa-press.net\/cote\/sites\/43\/2025\/06\/sm_1750044032.88885.jpg\" srcset=\"https:\/\/static.africa-press.net\/cote\/sites\/43\/2025\/06\/sm_1750044032.88885.jpg 1000w, https:\/\/static.africa-press.net\/cote\/sites\/43\/2025\/06\/sm_1750044032.88885-300x163.jpg 300w, https:\/\/static.africa-press.net\/cote\/sites\/43\/2025\/06\/sm_1750044032.88885-768x416.jpg 768w\" sizes=\"(max-width: 1000px) 100vw, 1000px\" alt=\"\">\r\n                            <\/a>\r\n                            \r\n                        <\/figure>\r\n                    <\/div>\r\n                    <div class = \"td-slide-item td-item2\">\r\n                        <figure class=\"td-slide-galery-figure td-slide-popup-gallery\">\r\n                            <a class=\"slide-gallery-image-link\" href=\"https:\/\/static.africa-press.net\/cote\/sites\/43\/2025\/06\/sm_1750044035.952365.jpg\" title=\"sm_1750044035.952365\"  data-caption=\"\"  data-description=\"\">\r\n                                <img decoding=\"async\" src=\"https:\/\/static.africa-press.net\/cote\/sites\/43\/2025\/06\/sm_1750044035.952365.jpg\" srcset=\"https:\/\/static.africa-press.net\/cote\/sites\/43\/2025\/06\/sm_1750044035.952365.jpg 1000w, https:\/\/static.africa-press.net\/cote\/sites\/43\/2025\/06\/sm_1750044035.952365-300x182.jpg 300w, https:\/\/static.africa-press.net\/cote\/sites\/43\/2025\/06\/sm_1750044035.952365-768x465.jpg 768w\" sizes=\"(max-width: 1000px) 100vw, 1000px\" alt=\"\">\r\n                            <\/a>\r\n                            \r\n                        <\/figure>\r\n                    <\/div>\r\n                            <\/div>\r\n                        <\/div>\r\n\r\n                        <div class = \"td-doubleSlider-2\">\r\n                            <div class = \"td-slider\">\r\n                                \r\n                    <div class = \"td-button td-item1\">\r\n                        <div class = \"td-border\"><\/div>\r\n                    <\/div>\r\n                    <div class = \"td-button td-item2\">\r\n                        <div class = \"td-border\"><\/div>\r\n                    <\/div>\r\n                            <\/div>\r\n                        <\/div>\r\n\r\n                    <\/div>\r\n\r\n                <\/div>\r\n                \n<p><strong>Pour plus d&rsquo;informations et d&rsquo;analyses sur la <span style=\"color: #ff6600\">C\u00f4te d&rsquo;Ivoire<\/span>, suivez <span style=\"color: #ff6600\">Africa-Press<\/span><\/strong><\/p>\n","protected":false},"excerpt":{"rendered":"<p>Africa-Press &#8211; C\u00f4te d&rsquo;Ivoire. A\u0300 moins de cinq mois de l\u2019e\u0301lection pre\u0301sidentielle pre\u0301vue le 25 octobre prochain, la Co\u0302te d\u2019Ivoire accueille une mission d\u2019e\u0301valuation pre\u0301e\u0301lectorale de l\u2019Union africaine (UA). Conduite par Mahamat Saleh Annadif, ancien ministre tchadien des Affaires e\u0301trange\u0300res et actuel diplomate de haut rang au sein de l\u2019organisation panafricaine, la de\u0301le\u0301gation a e\u0301te\u0301 [&hellip;]<\/p>\n","protected":false},"author":82,"featured_media":100804,"comment_status":"open","ping_status":"closed","sticky":false,"template":"","format":"standard","meta":{"footnotes":""},"categories":[8,2,70,20,10],"tags":[38,29,7999],"class_list":["post-100805","post","type-post","status-publish","format-standard","has-post-thumbnail","hentry","category-photo","category-politique","category-to-homepage","category-top-nouvelles","category-toutes-les-actualites","tag-alassane-ouattara","tag-cote-divoire","tag-mahamat-saleh-annadif"],"yoast_head":"<!-- This site is optimized with the Yoast SEO Premium plugin v26.1 (Yoast SEO v27.0) - https:\/\/yoast.com\/product\/yoast-seo-premium-wordpress\/ -->\n<title>Ouattara Rassure Sur Les \u00c9lections Avec L&#039;\u00c9missaire De L&#039;UA - C\u00f4te d&#039;Ivoire<\/title>\n<meta name=\"description\" content=\"A\u0300 moins de cinq mois de l\u2019e\u0301lection pre\u0301sidentielle pre\u0301vue le 25 octobre prochain, la Co\u0302te d\u2019Ivoire accueille une mis ...\" \/>\n<meta name=\"robots\" content=\"index, follow, max-snippet:-1, max-image-preview:large, max-video-preview:-1\" \/>\n<link rel=\"canonical\" href=\"https:\/\/www.africa-press.net\/cotedivoire\/politique\/ouattara-rassure-sur-les-elections-avec-lemissaire-de-lua\" \/>\n<meta property=\"og:locale\" content=\"fr_FR\" \/>\n<meta property=\"og:type\" content=\"article\" \/>\n<meta property=\"og:title\" content=\"Ouattara Rassure Sur Les \u00c9lections Avec L&#039;\u00c9missaire De L&#039;UA\" \/>\n<meta property=\"og:description\" content=\"A\u0300 moins de cinq mois de l\u2019e\u0301lection pre\u0301sidentielle pre\u0301vue le 25 octobre prochain, la Co\u0302te d\u2019Ivoire accueille une mis ...\" \/>\n<meta property=\"og:url\" content=\"https:\/\/www.africa-press.net\/cotedivoire\/politique\/ouattara-rassure-sur-les-elections-avec-lemissaire-de-lua\" \/>\n<meta property=\"og:site_name\" content=\"C\u00f4te d&#039;Ivoire\" \/>\n<meta property=\"article:published_time\" content=\"2025-06-16T06:31:55+00:00\" \/>\n<meta property=\"article:modified_time\" content=\"2025-06-16T06:50:58+00:00\" \/>\n<meta property=\"og:image\" content=\"https:\/\/static.africa-press.net\/cote\/sites\/43\/2025\/06\/sm_1750044040.83365.jpg\" \/>\n\t<meta property=\"og:image:width\" content=\"720\" \/>\n\t<meta property=\"og:image:height\" content=\"346\" \/>\n\t<meta property=\"og:image:type\" content=\"image\/jpeg\" \/>\n<meta name=\"author\" content=\"cfeditorfr\" \/>\n<meta name=\"twitter:card\" content=\"summary_large_image\" \/>\n<meta name=\"twitter:label1\" content=\"\u00c9crit par\" \/>\n\t<meta name=\"twitter:data1\" content=\"cfeditorfr\" \/>\n\t<meta name=\"twitter:label2\" content=\"Dur\u00e9e de lecture estim\u00e9e\" \/>\n\t<meta name=\"twitter:data2\" content=\"3 minutes\" \/>\n<script type=\"application\/ld+json\" class=\"yoast-schema-graph\">{\"@context\":\"https:\/\/schema.org\",\"@graph\":[{\"@type\":\"Article\",\"@id\":\"https:\/\/www.africa-press.net\/cotedivoire\/politique\/ouattara-rassure-sur-les-elections-avec-lemissaire-de-lua#article\",\"isPartOf\":{\"@id\":\"https:\/\/www.africa-press.net\/cotedivoire\/politique\/ouattara-rassure-sur-les-elections-avec-lemissaire-de-lua\"},\"author\":{\"name\":\"cfeditorfr\",\"@id\":\"https:\/\/www.africa-press.net\/cotedivoire\/#\/schema\/person\/2b1cf3cd81a31e3cd26889ca66d677f1\"},\"headline\":\"Ouattara Rassure Sur Les \u00c9lections Avec L&rsquo;\u00c9missaire De L&rsquo;UA\",\"datePublished\":\"2025-06-16T06:31:55+00:00\",\"dateModified\":\"2025-06-16T06:50:58+00:00\",\"mainEntityOfPage\":{\"@id\":\"https:\/\/www.africa-press.net\/cotedivoire\/politique\/ouattara-rassure-sur-les-elections-avec-lemissaire-de-lua\"},\"wordCount\":471,\"commentCount\":0,\"image\":{\"@id\":\"https:\/\/www.africa-press.net\/cotedivoire\/politique\/ouattara-rassure-sur-les-elections-avec-lemissaire-de-lua#primaryimage\"},\"thumbnailUrl\":\"https:\/\/static.africa-press.net\/cote\/sites\/43\/2025\/06\/sm_1750044040.83365.jpg\",\"keywords\":[\"Alassane Ouattara\",\"C\u00d4TE D'IVOIRE\",\"Mahamat Saleh Annadif\"],\"articleSection\":[\"Photo\",\"Politique\",\"to-homepage\",\"Top Nouvelles\",\"Toutes les actualit\u00e9s\"],\"inLanguage\":\"fr-FR\",\"potentialAction\":[{\"@type\":\"CommentAction\",\"name\":\"Comment\",\"target\":[\"https:\/\/www.africa-press.net\/cotedivoire\/politique\/ouattara-rassure-sur-les-elections-avec-lemissaire-de-lua#respond\"]}]},{\"@type\":\"WebPage\",\"@id\":\"https:\/\/www.africa-press.net\/cotedivoire\/politique\/ouattara-rassure-sur-les-elections-avec-lemissaire-de-lua\",\"url\":\"https:\/\/www.africa-press.net\/cotedivoire\/politique\/ouattara-rassure-sur-les-elections-avec-lemissaire-de-lua\",\"name\":\"Ouattara Rassure Sur Les \u00c9lections Avec L'\u00c9missaire De L'UA - C\u00f4te d&#039;Ivoire\",\"isPartOf\":{\"@id\":\"https:\/\/www.africa-press.net\/cotedivoire\/#website\"},\"primaryImageOfPage\":{\"@id\":\"https:\/\/www.africa-press.net\/cotedivoire\/politique\/ouattara-rassure-sur-les-elections-avec-lemissaire-de-lua#primaryimage\"},\"image\":{\"@id\":\"https:\/\/www.africa-press.net\/cotedivoire\/politique\/ouattara-rassure-sur-les-elections-avec-lemissaire-de-lua#primaryimage\"},\"thumbnailUrl\":\"https:\/\/static.africa-press.net\/cote\/sites\/43\/2025\/06\/sm_1750044040.83365.jpg\",\"datePublished\":\"2025-06-16T06:31:55+00:00\",\"dateModified\":\"2025-06-16T06:50:58+00:00\",\"author\":{\"@id\":\"https:\/\/www.africa-press.net\/cotedivoire\/#\/schema\/person\/2b1cf3cd81a31e3cd26889ca66d677f1\"},\"description\":\"A\u0300 moins de cinq mois de l\u2019e\u0301lection pre\u0301sidentielle pre\u0301vue le 25 octobre prochain, la Co\u0302te d\u2019Ivoire accueille une mis ...\",\"breadcrumb\":{\"@id\":\"https:\/\/www.africa-press.net\/cotedivoire\/politique\/ouattara-rassure-sur-les-elections-avec-lemissaire-de-lua#breadcrumb\"},\"inLanguage\":\"fr-FR\",\"potentialAction\":[{\"@type\":\"ReadAction\",\"target\":[\"https:\/\/www.africa-press.net\/cotedivoire\/politique\/ouattara-rassure-sur-les-elections-avec-lemissaire-de-lua\"]}]},{\"@type\":\"ImageObject\",\"inLanguage\":\"fr-FR\",\"@id\":\"https:\/\/www.africa-press.net\/cotedivoire\/politique\/ouattara-rassure-sur-les-elections-avec-lemissaire-de-lua#primaryimage\",\"url\":\"https:\/\/static.africa-press.net\/cote\/sites\/43\/2025\/06\/sm_1750044040.83365.jpg\",\"contentUrl\":\"https:\/\/static.africa-press.net\/cote\/sites\/43\/2025\/06\/sm_1750044040.83365.jpg\",\"width\":720,\"height\":346,\"caption\":\"Ouattara Rassure Sur Les \u00c9lections Avec L'\u00c9missaire De L'UA\"},{\"@type\":\"BreadcrumbList\",\"@id\":\"https:\/\/www.africa-press.net\/cotedivoire\/politique\/ouattara-rassure-sur-les-elections-avec-lemissaire-de-lua#breadcrumb\",\"itemListElement\":[{\"@type\":\"ListItem\",\"position\":1,\"name\":\"Accueil\",\"item\":\"https:\/\/www.africa-press.net\/cotedivoire\/\"},{\"@type\":\"ListItem\",\"position\":2,\"name\":\"Ouattara Rassure Sur Les \u00c9lections Avec L&#8217;\u00c9missaire De L&#8217;UA\"}]},{\"@type\":\"WebSite\",\"@id\":\"https:\/\/www.africa-press.net\/cotedivoire\/#website\",\"url\":\"https:\/\/www.africa-press.net\/cotedivoire\/\",\"name\":\"C\u00f4te d&#039;Ivoire\",\"description\":\"Just another Africa News Agency Sites site\",\"potentialAction\":[{\"@type\":\"SearchAction\",\"target\":{\"@type\":\"EntryPoint\",\"urlTemplate\":\"https:\/\/www.africa-press.net\/cotedivoire\/?s={search_term_string}\"},\"query-input\":{\"@type\":\"PropertyValueSpecification\",\"valueRequired\":true,\"valueName\":\"search_term_string\"}}],\"inLanguage\":\"fr-FR\"},{\"@type\":\"Person\",\"@id\":\"https:\/\/www.africa-press.net\/cotedivoire\/#\/schema\/person\/2b1cf3cd81a31e3cd26889ca66d677f1\",\"name\":\"cfeditorfr\"}]}<\/script>\n<!-- \/ Yoast SEO Premium plugin. -->","yoast_head_json":{"title":"Ouattara Rassure Sur Les \u00c9lections Avec L'\u00c9missaire De L'UA - C\u00f4te d&#039;Ivoire","description":"A\u0300 moins de cinq mois de l\u2019e\u0301lection pre\u0301sidentielle pre\u0301vue le 25 octobre prochain, la Co\u0302te d\u2019Ivoire accueille une mis ...","robots":{"index":"index","follow":"follow","max-snippet":"max-snippet:-1","max-image-preview":"max-image-preview:large","max-video-preview":"max-video-preview:-1"},"canonical":"https:\/\/www.africa-press.net\/cotedivoire\/politique\/ouattara-rassure-sur-les-elections-avec-lemissaire-de-lua","og_locale":"fr_FR","og_type":"article","og_title":"Ouattara Rassure Sur Les \u00c9lections Avec L'\u00c9missaire De L'UA","og_description":"A\u0300 moins de cinq mois de l\u2019e\u0301lection pre\u0301sidentielle pre\u0301vue le 25 octobre prochain, la Co\u0302te d\u2019Ivoire accueille une mis ...","og_url":"https:\/\/www.africa-press.net\/cotedivoire\/politique\/ouattara-rassure-sur-les-elections-avec-lemissaire-de-lua","og_site_name":"C\u00f4te d&#039;Ivoire","article_published_time":"2025-06-16T06:31:55+00:00","article_modified_time":"2025-06-16T06:50:58+00:00","og_image":[{"width":720,"height":346,"url":"https:\/\/static.africa-press.net\/cote\/sites\/43\/2025\/06\/sm_1750044040.83365.jpg","type":"image\/jpeg"}],"author":"cfeditorfr","twitter_card":"summary_large_image","twitter_misc":{"\u00c9crit par":"cfeditorfr","Dur\u00e9e de lecture estim\u00e9e":"3 minutes"},"schema":{"@context":"https:\/\/schema.org","@graph":[{"@type":"Article","@id":"https:\/\/www.africa-press.net\/cotedivoire\/politique\/ouattara-rassure-sur-les-elections-avec-lemissaire-de-lua#article","isPartOf":{"@id":"https:\/\/www.africa-press.net\/cotedivoire\/politique\/ouattara-rassure-sur-les-elections-avec-lemissaire-de-lua"},"author":{"name":"cfeditorfr","@id":"https:\/\/www.africa-press.net\/cotedivoire\/#\/schema\/person\/2b1cf3cd81a31e3cd26889ca66d677f1"},"headline":"Ouattara Rassure Sur Les \u00c9lections Avec L&rsquo;\u00c9missaire De L&rsquo;UA","datePublished":"2025-06-16T06:31:55+00:00","dateModified":"2025-06-16T06:50:58+00:00","mainEntityOfPage":{"@id":"https:\/\/www.africa-press.net\/cotedivoire\/politique\/ouattara-rassure-sur-les-elections-avec-lemissaire-de-lua"},"wordCount":471,"commentCount":0,"image":{"@id":"https:\/\/www.africa-press.net\/cotedivoire\/politique\/ouattara-rassure-sur-les-elections-avec-lemissaire-de-lua#primaryimage"},"thumbnailUrl":"https:\/\/static.africa-press.net\/cote\/sites\/43\/2025\/06\/sm_1750044040.83365.jpg","keywords":["Alassane Ouattara","C\u00d4TE D'IVOIRE","Mahamat Saleh Annadif"],"articleSection":["Photo","Politique","to-homepage","Top Nouvelles","Toutes les actualit\u00e9s"],"inLanguage":"fr-FR","potentialAction":[{"@type":"CommentAction","name":"Comment","target":["https:\/\/www.africa-press.net\/cotedivoire\/politique\/ouattara-rassure-sur-les-elections-avec-lemissaire-de-lua#respond"]}]},{"@type":"WebPage","@id":"https:\/\/www.africa-press.net\/cotedivoire\/politique\/ouattara-rassure-sur-les-elections-avec-lemissaire-de-lua","url":"https:\/\/www.africa-press.net\/cotedivoire\/politique\/ouattara-rassure-sur-les-elections-avec-lemissaire-de-lua","name":"Ouattara Rassure Sur Les \u00c9lections Avec L'\u00c9missaire De L'UA - C\u00f4te d&#039;Ivoire","isPartOf":{"@id":"https:\/\/www.africa-press.net\/cotedivoire\/#website"},"primaryImageOfPage":{"@id":"https:\/\/www.africa-press.net\/cotedivoire\/politique\/ouattara-rassure-sur-les-elections-avec-lemissaire-de-lua#primaryimage"},"image":{"@id":"https:\/\/www.africa-press.net\/cotedivoire\/politique\/ouattara-rassure-sur-les-elections-avec-lemissaire-de-lua#primaryimage"},"thumbnailUrl":"https:\/\/static.africa-press.net\/cote\/sites\/43\/2025\/06\/sm_1750044040.83365.jpg","datePublished":"2025-06-16T06:31:55+00:00","dateModified":"2025-06-16T06:50:58+00:00","author":{"@id":"https:\/\/www.africa-press.net\/cotedivoire\/#\/schema\/person\/2b1cf3cd81a31e3cd26889ca66d677f1"},"description":"A\u0300 moins de cinq mois de l\u2019e\u0301lection pre\u0301sidentielle pre\u0301vue le 25 octobre prochain, la Co\u0302te d\u2019Ivoire accueille une mis ...","breadcrumb":{"@id":"https:\/\/www.africa-press.net\/cotedivoire\/politique\/ouattara-rassure-sur-les-elections-avec-lemissaire-de-lua#breadcrumb"},"inLanguage":"fr-FR","potentialAction":[{"@type":"ReadAction","target":["https:\/\/www.africa-press.net\/cotedivoire\/politique\/ouattara-rassure-sur-les-elections-avec-lemissaire-de-lua"]}]},{"@type":"ImageObject","inLanguage":"fr-FR","@id":"https:\/\/www.africa-press.net\/cotedivoire\/politique\/ouattara-rassure-sur-les-elections-avec-lemissaire-de-lua#primaryimage","url":"https:\/\/static.africa-press.net\/cote\/sites\/43\/2025\/06\/sm_1750044040.83365.jpg","contentUrl":"https:\/\/static.africa-press.net\/cote\/sites\/43\/2025\/06\/sm_1750044040.83365.jpg","width":720,"height":346,"caption":"Ouattara Rassure Sur Les \u00c9lections Avec L'\u00c9missaire De L'UA"},{"@type":"BreadcrumbList","@id":"https:\/\/www.africa-press.net\/cotedivoire\/politique\/ouattara-rassure-sur-les-elections-avec-lemissaire-de-lua#breadcrumb","itemListElement":[{"@type":"ListItem","position":1,"name":"Accueil","item":"https:\/\/www.africa-press.net\/cotedivoire\/"},{"@type":"ListItem","position":2,"name":"Ouattara Rassure Sur Les \u00c9lections Avec L&#8217;\u00c9missaire De L&#8217;UA"}]},{"@type":"WebSite","@id":"https:\/\/www.africa-press.net\/cotedivoire\/#website","url":"https:\/\/www.africa-press.net\/cotedivoire\/","name":"C\u00f4te d&#039;Ivoire","description":"Just another Africa News Agency Sites site","potentialAction":[{"@type":"SearchAction","target":{"@type":"EntryPoint","urlTemplate":"https:\/\/www.africa-press.net\/cotedivoire\/?s={search_term_string}"},"query-input":{"@type":"PropertyValueSpecification","valueRequired":true,"valueName":"search_term_string"}}],"inLanguage":"fr-FR"},{"@type":"Person","@id":"https:\/\/www.africa-press.net\/cotedivoire\/#\/schema\/person\/2b1cf3cd81a31e3cd26889ca66d677f1","name":"cfeditorfr"}]}},"_links":{"self":[{"href":"https:\/\/www.africa-press.net\/cotedivoire\/wp-json\/wp\/v2\/posts\/100805","targetHints":{"allow":["GET"]}}],"collection":[{"href":"https:\/\/www.africa-press.net\/cotedivoire\/wp-json\/wp\/v2\/posts"}],"about":[{"href":"https:\/\/www.africa-press.net\/cotedivoire\/wp-json\/wp\/v2\/types\/post"}],"author":[{"embeddable":true,"href":"https:\/\/www.africa-press.net\/cotedivoire\/wp-json\/wp\/v2\/users\/82"}],"replies":[{"embeddable":true,"href":"https:\/\/www.africa-press.net\/cotedivoire\/wp-json\/wp\/v2\/comments?post=100805"}],"version-history":[{"count":0,"href":"https:\/\/www.africa-press.net\/cotedivoire\/wp-json\/wp\/v2\/posts\/100805\/revisions"}],"wp:featuredmedia":[{"embeddable":true,"href":"https:\/\/www.africa-press.net\/cotedivoire\/wp-json\/wp\/v2\/media\/100804"}],"wp:attachment":[{"href":"https:\/\/www.africa-press.net\/cotedivoire\/wp-json\/wp\/v2\/media?parent=100805"}],"wp:term":[{"taxonomy":"category","embeddable":true,"href":"https:\/\/www.africa-press.net\/cotedivoire\/wp-json\/wp\/v2\/categories?post=100805"},{"taxonomy":"post_tag","embeddable":true,"href":"https:\/\/www.africa-press.net\/cotedivoire\/wp-json\/wp\/v2\/tags?post=100805"}],"curies":[{"name":"wp","href":"https:\/\/api.w.org\/{rel}","templated":true}]}}