{"id":10081,"date":"2021-07-18T16:15:49","date_gmt":"2021-07-18T16:15:49","guid":{"rendered":"https:\/\/www.africa-press.net\/cotedivoire\/?p=10081"},"modified":"2021-07-18T21:07:54","modified_gmt":"2021-07-18T21:07:54","slug":"football-cote-divoire-serge-aurier-dans-les-petits-papiers-du-milan-ac","status":"publish","type":"post","link":"https:\/\/www.africa-press.net\/cotedivoire\/sports\/football-cote-divoire-serge-aurier-dans-les-petits-papiers-du-milan-ac","title":{"rendered":"Football : Serge Aurier dans les petits papiers du Milan AC"},"content":{"rendered":"<p><span style=\"color: #ff6600\"><strong><a href=\"https:\/\/www.africa-press.net\/\">Africa-Press<\/a> &#8211; <a href=\"https:\/\/www.africa-press.net\/cotedivoire\">C\u00f4te d&rsquo;Ivoire<\/a>. <\/strong><\/span>Apr\u00e8s avoir finalis\u00e9 le transfert de Giroud arriv\u00e9 de Chelsea, l\u2019AC Milan se pr\u00e9pare \u00e0 faire une offre pour l\u2019international de C\u00f4te-d\u2019Ivoire, Serge Aurier.<\/p>\n<p>Le club lombard recherche en effet un lat\u00e9ral droit apr\u00e8s le retour de Diogo Dalot \u00e0 Manchester United apr\u00e8s une saison en pr\u00eat \u00e0 Milan.<\/p>\n<p>Selon les m\u00e9dias italiens les Rossoneri s\u2019int\u00e9ressent \u00e0 Serge Aurier, un temps annonc\u00e9 au Paris Saint Germain. Le club italien privil\u00e9gie un pr\u00eat, Aurier \u00e9tant sous contrat avec Tottenham jusqu\u2019en 2022. Petit couac, les Londoniens ont annonc\u00e9 vouloir vendre l\u2019international ivoirien, que d\u2019autres sources annoncent \u00e0 l\u2019Atletico de Madrid.<\/p>\n<p>Si le transfert vers Milan est conclu, Serge Aurier retrouverait un de ses partenaires avec les \u00c9l\u00e9phants de C\u00f4te-d\u2019Ivoire, Franck Kessi\u00e9, qui sort d\u2019une saison r\u00e9ussie avec le Milan AC.<\/p>\n<p>&nbsp;<\/p>\n","protected":false},"excerpt":{"rendered":"<p>Africa-Press &#8211; C\u00f4te d&rsquo;Ivoire. Apr\u00e8s avoir finalis\u00e9 le transfert de Giroud arriv\u00e9 de Chelsea, l\u2019AC Milan se pr\u00e9pare \u00e0 faire une offre pour l\u2019international de C\u00f4te-d\u2019Ivoire, Serge Aurier. Le club lombard recherche en effet un lat\u00e9ral droit apr\u00e8s le retour de Diogo Dalot \u00e0 Manchester United apr\u00e8s une saison en pr\u00eat \u00e0 Milan. Selon les [&hellip;]<\/p>\n","protected":false},"author":82,"featured_media":10080,"comment_status":"open","ping_status":"closed","sticky":false,"template":"","format":"standard","meta":{"footnotes":""},"categories":[11,6,10],"tags":[56,63,29],"class_list":["post-10081","post","type-post","status-publish","format-standard","has-post-thumbnail","hentry","category-homepage-french","category-sports","category-toutes-les-actualites","tag-africa-press","tag-africa-press-cote-divoire","tag-cote-divoire"],"yoast_head":"<!-- This site is optimized with the Yoast SEO Premium plugin v26.1 (Yoast SEO v27.0) - https:\/\/yoast.com\/product\/yoast-seo-premium-wordpress\/ -->\n<title>Football : Serge Aurier dans les petits papiers du Milan AC - C\u00f4te d&#039;Ivoire<\/title>\n<meta name=\"description\" content=\"Apr\u00e8s avoir finalis\u00e9 le transfert de Giroud arriv\u00e9 de Chelsea, l\u2019AC Milan se pr\u00e9pare \u00e0 faire une offre pour l\u2019internatio ...\" \/>\n<meta name=\"robots\" content=\"index, follow, max-snippet:-1, max-image-preview:large, max-video-preview:-1\" \/>\n<link rel=\"canonical\" href=\"https:\/\/www.africa-press.net\/cotedivoire\/sports\/football-cote-divoire-serge-aurier-dans-les-petits-papiers-du-milan-ac\" \/>\n<meta property=\"og:locale\" content=\"fr_FR\" \/>\n<meta property=\"og:type\" content=\"article\" \/>\n<meta property=\"og:title\" content=\"Football : Serge Aurier dans les petits papiers du Milan AC\" \/>\n<meta property=\"og:description\" content=\"Apr\u00e8s avoir finalis\u00e9 le transfert de Giroud arriv\u00e9 de Chelsea, l\u2019AC Milan se pr\u00e9pare \u00e0 faire une offre pour l\u2019internatio ...\" \/>\n<meta property=\"og:url\" content=\"https:\/\/www.africa-press.net\/cotedivoire\/sports\/football-cote-divoire-serge-aurier-dans-les-petits-papiers-du-milan-ac\" \/>\n<meta property=\"og:site_name\" content=\"C\u00f4te d&#039;Ivoire\" \/>\n<meta property=\"article:published_time\" content=\"2021-07-18T16:15:49+00:00\" \/>\n<meta property=\"article:modified_time\" content=\"2021-07-18T21:07:54+00:00\" \/>\n<meta property=\"og:image\" content=\"https:\/\/static.africa-press.net\/cote\/sites\/43\/2021\/07\/img-60f445951169f.jpg\" \/>\n\t<meta property=\"og:image:width\" content=\"720\" \/>\n\t<meta property=\"og:image:height\" content=\"480\" \/>\n\t<meta property=\"og:image:type\" content=\"image\/jpeg\" \/>\n<meta name=\"author\" content=\"cfeditorfr\" \/>\n<meta name=\"twitter:card\" content=\"summary_large_image\" \/>\n<meta name=\"twitter:label1\" content=\"\u00c9crit par\" \/>\n\t<meta name=\"twitter:data1\" content=\"cfeditorfr\" \/>\n\t<meta name=\"twitter:label2\" content=\"Dur\u00e9e de lecture estim\u00e9e\" \/>\n\t<meta name=\"twitter:data2\" content=\"1 minute\" \/>\n<script type=\"application\/ld+json\" class=\"yoast-schema-graph\">{\"@context\":\"https:\/\/schema.org\",\"@graph\":[{\"@type\":\"Article\",\"@id\":\"https:\/\/www.africa-press.net\/cotedivoire\/sports\/football-cote-divoire-serge-aurier-dans-les-petits-papiers-du-milan-ac#article\",\"isPartOf\":{\"@id\":\"https:\/\/www.africa-press.net\/cotedivoire\/sports\/football-cote-divoire-serge-aurier-dans-les-petits-papiers-du-milan-ac\"},\"author\":{\"name\":\"cfeditorfr\",\"@id\":\"https:\/\/www.africa-press.net\/cotedivoire\/#\/schema\/person\/2b1cf3cd81a31e3cd26889ca66d677f1\"},\"headline\":\"Football : Serge Aurier dans les petits papiers du Milan AC\",\"datePublished\":\"2021-07-18T16:15:49+00:00\",\"dateModified\":\"2021-07-18T21:07:54+00:00\",\"mainEntityOfPage\":{\"@id\":\"https:\/\/www.africa-press.net\/cotedivoire\/sports\/football-cote-divoire-serge-aurier-dans-les-petits-papiers-du-milan-ac\"},\"wordCount\":163,\"commentCount\":0,\"image\":{\"@id\":\"https:\/\/www.africa-press.net\/cotedivoire\/sports\/football-cote-divoire-serge-aurier-dans-les-petits-papiers-du-milan-ac#primaryimage\"},\"thumbnailUrl\":\"https:\/\/static.africa-press.net\/cote\/sites\/43\/2021\/07\/img-60f445951169f.jpg\",\"keywords\":[\"Africa Press\",\"Africa Press-C\u00f4te d'Ivoire\",\"C\u00d4TE D'IVOIRE\"],\"articleSection\":[\"homepage-french\",\"Sports\",\"Toutes les actualit\u00e9s\"],\"inLanguage\":\"fr-FR\",\"potentialAction\":[{\"@type\":\"CommentAction\",\"name\":\"Comment\",\"target\":[\"https:\/\/www.africa-press.net\/cotedivoire\/sports\/football-cote-divoire-serge-aurier-dans-les-petits-papiers-du-milan-ac#respond\"]}]},{\"@type\":\"WebPage\",\"@id\":\"https:\/\/www.africa-press.net\/cotedivoire\/sports\/football-cote-divoire-serge-aurier-dans-les-petits-papiers-du-milan-ac\",\"url\":\"https:\/\/www.africa-press.net\/cotedivoire\/sports\/football-cote-divoire-serge-aurier-dans-les-petits-papiers-du-milan-ac\",\"name\":\"Football : Serge Aurier dans les petits papiers du Milan AC - C\u00f4te d&#039;Ivoire\",\"isPartOf\":{\"@id\":\"https:\/\/www.africa-press.net\/cotedivoire\/#website\"},\"primaryImageOfPage\":{\"@id\":\"https:\/\/www.africa-press.net\/cotedivoire\/sports\/football-cote-divoire-serge-aurier-dans-les-petits-papiers-du-milan-ac#primaryimage\"},\"image\":{\"@id\":\"https:\/\/www.africa-press.net\/cotedivoire\/sports\/football-cote-divoire-serge-aurier-dans-les-petits-papiers-du-milan-ac#primaryimage\"},\"thumbnailUrl\":\"https:\/\/static.africa-press.net\/cote\/sites\/43\/2021\/07\/img-60f445951169f.jpg\",\"datePublished\":\"2021-07-18T16:15:49+00:00\",\"dateModified\":\"2021-07-18T21:07:54+00:00\",\"author\":{\"@id\":\"https:\/\/www.africa-press.net\/cotedivoire\/#\/schema\/person\/2b1cf3cd81a31e3cd26889ca66d677f1\"},\"description\":\"Apr\u00e8s avoir finalis\u00e9 le transfert de Giroud arriv\u00e9 de Chelsea, l\u2019AC Milan se pr\u00e9pare \u00e0 faire une offre pour l\u2019internatio ...\",\"breadcrumb\":{\"@id\":\"https:\/\/www.africa-press.net\/cotedivoire\/sports\/football-cote-divoire-serge-aurier-dans-les-petits-papiers-du-milan-ac#breadcrumb\"},\"inLanguage\":\"fr-FR\",\"potentialAction\":[{\"@type\":\"ReadAction\",\"target\":[\"https:\/\/www.africa-press.net\/cotedivoire\/sports\/football-cote-divoire-serge-aurier-dans-les-petits-papiers-du-milan-ac\"]}]},{\"@type\":\"ImageObject\",\"inLanguage\":\"fr-FR\",\"@id\":\"https:\/\/www.africa-press.net\/cotedivoire\/sports\/football-cote-divoire-serge-aurier-dans-les-petits-papiers-du-milan-ac#primaryimage\",\"url\":\"https:\/\/static.africa-press.net\/cote\/sites\/43\/2021\/07\/img-60f445951169f.jpg\",\"contentUrl\":\"https:\/\/static.africa-press.net\/cote\/sites\/43\/2021\/07\/img-60f445951169f.jpg\",\"width\":720,\"height\":480,\"caption\":\"Football\/C\u00f4te-d\u2019Ivoire: Serge Aurier dans les petits papiers du Milan AC\"},{\"@type\":\"BreadcrumbList\",\"@id\":\"https:\/\/www.africa-press.net\/cotedivoire\/sports\/football-cote-divoire-serge-aurier-dans-les-petits-papiers-du-milan-ac#breadcrumb\",\"itemListElement\":[{\"@type\":\"ListItem\",\"position\":1,\"name\":\"Accueil\",\"item\":\"https:\/\/www.africa-press.net\/cotedivoire\/\"},{\"@type\":\"ListItem\",\"position\":2,\"name\":\"Football : Serge Aurier dans les petits papiers du Milan AC\"}]},{\"@type\":\"WebSite\",\"@id\":\"https:\/\/www.africa-press.net\/cotedivoire\/#website\",\"url\":\"https:\/\/www.africa-press.net\/cotedivoire\/\",\"name\":\"C\u00f4te d&#039;Ivoire\",\"description\":\"Just another Africa News Agency Sites site\",\"potentialAction\":[{\"@type\":\"SearchAction\",\"target\":{\"@type\":\"EntryPoint\",\"urlTemplate\":\"https:\/\/www.africa-press.net\/cotedivoire\/?s={search_term_string}\"},\"query-input\":{\"@type\":\"PropertyValueSpecification\",\"valueRequired\":true,\"valueName\":\"search_term_string\"}}],\"inLanguage\":\"fr-FR\"},{\"@type\":\"Person\",\"@id\":\"https:\/\/www.africa-press.net\/cotedivoire\/#\/schema\/person\/2b1cf3cd81a31e3cd26889ca66d677f1\",\"name\":\"cfeditorfr\"}]}<\/script>\n<!-- \/ Yoast SEO Premium plugin. -->","yoast_head_json":{"title":"Football : Serge Aurier dans les petits papiers du Milan AC - C\u00f4te d&#039;Ivoire","description":"Apr\u00e8s avoir finalis\u00e9 le transfert de Giroud arriv\u00e9 de Chelsea, l\u2019AC Milan se pr\u00e9pare \u00e0 faire une offre pour l\u2019internatio ...","robots":{"index":"index","follow":"follow","max-snippet":"max-snippet:-1","max-image-preview":"max-image-preview:large","max-video-preview":"max-video-preview:-1"},"canonical":"https:\/\/www.africa-press.net\/cotedivoire\/sports\/football-cote-divoire-serge-aurier-dans-les-petits-papiers-du-milan-ac","og_locale":"fr_FR","og_type":"article","og_title":"Football : Serge Aurier dans les petits papiers du Milan AC","og_description":"Apr\u00e8s avoir finalis\u00e9 le transfert de Giroud arriv\u00e9 de Chelsea, l\u2019AC Milan se pr\u00e9pare \u00e0 faire une offre pour l\u2019internatio ...","og_url":"https:\/\/www.africa-press.net\/cotedivoire\/sports\/football-cote-divoire-serge-aurier-dans-les-petits-papiers-du-milan-ac","og_site_name":"C\u00f4te d&#039;Ivoire","article_published_time":"2021-07-18T16:15:49+00:00","article_modified_time":"2021-07-18T21:07:54+00:00","og_image":[{"width":720,"height":480,"url":"https:\/\/static.africa-press.net\/cote\/sites\/43\/2021\/07\/img-60f445951169f.jpg","type":"image\/jpeg"}],"author":"cfeditorfr","twitter_card":"summary_large_image","twitter_misc":{"\u00c9crit par":"cfeditorfr","Dur\u00e9e de lecture estim\u00e9e":"1 minute"},"schema":{"@context":"https:\/\/schema.org","@graph":[{"@type":"Article","@id":"https:\/\/www.africa-press.net\/cotedivoire\/sports\/football-cote-divoire-serge-aurier-dans-les-petits-papiers-du-milan-ac#article","isPartOf":{"@id":"https:\/\/www.africa-press.net\/cotedivoire\/sports\/football-cote-divoire-serge-aurier-dans-les-petits-papiers-du-milan-ac"},"author":{"name":"cfeditorfr","@id":"https:\/\/www.africa-press.net\/cotedivoire\/#\/schema\/person\/2b1cf3cd81a31e3cd26889ca66d677f1"},"headline":"Football : Serge Aurier dans les petits papiers du Milan AC","datePublished":"2021-07-18T16:15:49+00:00","dateModified":"2021-07-18T21:07:54+00:00","mainEntityOfPage":{"@id":"https:\/\/www.africa-press.net\/cotedivoire\/sports\/football-cote-divoire-serge-aurier-dans-les-petits-papiers-du-milan-ac"},"wordCount":163,"commentCount":0,"image":{"@id":"https:\/\/www.africa-press.net\/cotedivoire\/sports\/football-cote-divoire-serge-aurier-dans-les-petits-papiers-du-milan-ac#primaryimage"},"thumbnailUrl":"https:\/\/static.africa-press.net\/cote\/sites\/43\/2021\/07\/img-60f445951169f.jpg","keywords":["Africa Press","Africa Press-C\u00f4te d'Ivoire","C\u00d4TE D'IVOIRE"],"articleSection":["homepage-french","Sports","Toutes les actualit\u00e9s"],"inLanguage":"fr-FR","potentialAction":[{"@type":"CommentAction","name":"Comment","target":["https:\/\/www.africa-press.net\/cotedivoire\/sports\/football-cote-divoire-serge-aurier-dans-les-petits-papiers-du-milan-ac#respond"]}]},{"@type":"WebPage","@id":"https:\/\/www.africa-press.net\/cotedivoire\/sports\/football-cote-divoire-serge-aurier-dans-les-petits-papiers-du-milan-ac","url":"https:\/\/www.africa-press.net\/cotedivoire\/sports\/football-cote-divoire-serge-aurier-dans-les-petits-papiers-du-milan-ac","name":"Football : Serge Aurier dans les petits papiers du Milan AC - C\u00f4te d&#039;Ivoire","isPartOf":{"@id":"https:\/\/www.africa-press.net\/cotedivoire\/#website"},"primaryImageOfPage":{"@id":"https:\/\/www.africa-press.net\/cotedivoire\/sports\/football-cote-divoire-serge-aurier-dans-les-petits-papiers-du-milan-ac#primaryimage"},"image":{"@id":"https:\/\/www.africa-press.net\/cotedivoire\/sports\/football-cote-divoire-serge-aurier-dans-les-petits-papiers-du-milan-ac#primaryimage"},"thumbnailUrl":"https:\/\/static.africa-press.net\/cote\/sites\/43\/2021\/07\/img-60f445951169f.jpg","datePublished":"2021-07-18T16:15:49+00:00","dateModified":"2021-07-18T21:07:54+00:00","author":{"@id":"https:\/\/www.africa-press.net\/cotedivoire\/#\/schema\/person\/2b1cf3cd81a31e3cd26889ca66d677f1"},"description":"Apr\u00e8s avoir finalis\u00e9 le transfert de Giroud arriv\u00e9 de Chelsea, l\u2019AC Milan se pr\u00e9pare \u00e0 faire une offre pour l\u2019internatio ...","breadcrumb":{"@id":"https:\/\/www.africa-press.net\/cotedivoire\/sports\/football-cote-divoire-serge-aurier-dans-les-petits-papiers-du-milan-ac#breadcrumb"},"inLanguage":"fr-FR","potentialAction":[{"@type":"ReadAction","target":["https:\/\/www.africa-press.net\/cotedivoire\/sports\/football-cote-divoire-serge-aurier-dans-les-petits-papiers-du-milan-ac"]}]},{"@type":"ImageObject","inLanguage":"fr-FR","@id":"https:\/\/www.africa-press.net\/cotedivoire\/sports\/football-cote-divoire-serge-aurier-dans-les-petits-papiers-du-milan-ac#primaryimage","url":"https:\/\/static.africa-press.net\/cote\/sites\/43\/2021\/07\/img-60f445951169f.jpg","contentUrl":"https:\/\/static.africa-press.net\/cote\/sites\/43\/2021\/07\/img-60f445951169f.jpg","width":720,"height":480,"caption":"Football\/C\u00f4te-d\u2019Ivoire: Serge Aurier dans les petits papiers du Milan AC"},{"@type":"BreadcrumbList","@id":"https:\/\/www.africa-press.net\/cotedivoire\/sports\/football-cote-divoire-serge-aurier-dans-les-petits-papiers-du-milan-ac#breadcrumb","itemListElement":[{"@type":"ListItem","position":1,"name":"Accueil","item":"https:\/\/www.africa-press.net\/cotedivoire\/"},{"@type":"ListItem","position":2,"name":"Football : Serge Aurier dans les petits papiers du Milan AC"}]},{"@type":"WebSite","@id":"https:\/\/www.africa-press.net\/cotedivoire\/#website","url":"https:\/\/www.africa-press.net\/cotedivoire\/","name":"C\u00f4te d&#039;Ivoire","description":"Just another Africa News Agency Sites site","potentialAction":[{"@type":"SearchAction","target":{"@type":"EntryPoint","urlTemplate":"https:\/\/www.africa-press.net\/cotedivoire\/?s={search_term_string}"},"query-input":{"@type":"PropertyValueSpecification","valueRequired":true,"valueName":"search_term_string"}}],"inLanguage":"fr-FR"},{"@type":"Person","@id":"https:\/\/www.africa-press.net\/cotedivoire\/#\/schema\/person\/2b1cf3cd81a31e3cd26889ca66d677f1","name":"cfeditorfr"}]}},"_links":{"self":[{"href":"https:\/\/www.africa-press.net\/cotedivoire\/wp-json\/wp\/v2\/posts\/10081","targetHints":{"allow":["GET"]}}],"collection":[{"href":"https:\/\/www.africa-press.net\/cotedivoire\/wp-json\/wp\/v2\/posts"}],"about":[{"href":"https:\/\/www.africa-press.net\/cotedivoire\/wp-json\/wp\/v2\/types\/post"}],"author":[{"embeddable":true,"href":"https:\/\/www.africa-press.net\/cotedivoire\/wp-json\/wp\/v2\/users\/82"}],"replies":[{"embeddable":true,"href":"https:\/\/www.africa-press.net\/cotedivoire\/wp-json\/wp\/v2\/comments?post=10081"}],"version-history":[{"count":0,"href":"https:\/\/www.africa-press.net\/cotedivoire\/wp-json\/wp\/v2\/posts\/10081\/revisions"}],"wp:featuredmedia":[{"embeddable":true,"href":"https:\/\/www.africa-press.net\/cotedivoire\/wp-json\/wp\/v2\/media\/10080"}],"wp:attachment":[{"href":"https:\/\/www.africa-press.net\/cotedivoire\/wp-json\/wp\/v2\/media?parent=10081"}],"wp:term":[{"taxonomy":"category","embeddable":true,"href":"https:\/\/www.africa-press.net\/cotedivoire\/wp-json\/wp\/v2\/categories?post=10081"},{"taxonomy":"post_tag","embeddable":true,"href":"https:\/\/www.africa-press.net\/cotedivoire\/wp-json\/wp\/v2\/tags?post=10081"}],"curies":[{"name":"wp","href":"https:\/\/api.w.org\/{rel}","templated":true}]}}