{"id":10084,"date":"2021-07-18T16:26:15","date_gmt":"2021-07-18T16:26:15","guid":{"rendered":"https:\/\/www.africa-press.net\/cotedivoire\/?p=10084"},"modified":"2021-07-18T21:08:01","modified_gmt":"2021-07-18T21:08:01","slug":"la-can-des-quartiers-vivre-ensemble-ou-repli-identitaire","status":"publish","type":"post","link":"https:\/\/www.africa-press.net\/cotedivoire\/toutes-les-actualites\/la-can-des-quartiers-vivre-ensemble-ou-repli-identitaire","title":{"rendered":"La CAN des quartiers : \u00ab\u00a0vivre ensemble\u00a0\u00bb ou repli identitaire\u00a0?"},"content":{"rendered":"<p><span style=\"color: #ff6600\"><strong><a href=\"https:\/\/www.africa-press.net\/\">Africa-Press<\/a> &#8211; <a href=\"https:\/\/www.africa-press.net\/cotedivoire\">C\u00f4te d&rsquo;Ivoire<\/a>. <\/strong><\/span>D\u2019un simple tournoi entre amis \u00e0 Cr\u00e9teil en juin 2019, la \u00ab CAN des quartiers \u00bb est devenue, deux ans plus tard, un v\u00e9ritable succ\u00e8s populaire \u00e0 travers la France. \u00c0 ces matchs de foot, se m\u00ealent aussi parfois g\u00e9opolitique et revendications sociales.<\/p>\n<p>Goussainville, en banlieue parisienne, juillet 2021. Des dizaines de jeunes envahissent le terrain en scandant \u00ab Dima Maghrib \u00bb (litt\u00e9ralement, \u00ab le Maroc, pour toujours \u00bb). Depuis le lancement, en mai 2019 par le Franco-S\u00e9n\u00e9galais Moussa Sow, de la \u00ab Coupe d\u2019Afrique des nations des quartiers \u00bb, le ph\u00e9nom\u00e8ne a gagn\u00e9 la France.<\/p>\n<p>Difficile de passer \u00e0 c\u00f4t\u00e9 de l\u2019engouement que g\u00e9n\u00e8rent ces tournois qui pullulent dans tous les villes de banlieue. \u00c0 Montreuil, en Seine-Saint-Denis, ils \u00e9taient 300 supporteurs r\u00e9unis lors du match entre le Mali et la C\u00f4te d\u2019Ivoire. Au Clos Layat, en p\u00e9riph\u00e9rie de Lyon, plus d\u2019un millier de personnes ont assist\u00e9 \u00e0 la victoire de la RDC sur l\u2019Alg\u00e9rie.<\/p>\n<p><b>\u00ab Exprimer notre africanit\u00e9 \u00bb<\/b><\/p>\n<p>Paix, communion et partage, sont au centre de tous les matchs. Mais certains s\u2019interrogent : cette ferveur autour du drapeau d\u2019origine ne symboliserait-elle pas les dysfonctionnements de l\u2019int\u00e9gration, au sein de la soci\u00e9t\u00e9 fran\u00e7aise, des jeunes issus des banlieues ? Abdu Gnaba, anthropologue, d\u00e9samorce une \u00e9ventuelle pol\u00e9mique : \u00ab Diverses identit\u00e9s se r\u00e9unissent autour d\u2019une m\u00eame r\u00e8gle. Il y a une volont\u00e9 de respecter un cadre tout en exacerbant les identit\u00e9s \u00bb. \u00ab Le football est l\u2019occasion d\u2019affirmer son attachement \u00e0 sa nation ou \u00e0 ses origines, et ce, sans agressivit\u00e9, abonde Patrick Mignon, sociologue \u00e0 l\u2019Institut national du sport et de l\u2019\u00e9ducation physique (INSEP). La p\u00e9riode actuelle, o\u00f9 se m\u00e9langent confinement et effets de la mondialisation, renvoie \u00e0 des mont\u00e9es identitaires puissantes. \u00bb<\/p>\n<p>Il y a un besoin d\u2019exprimer notre africanit\u00e9, chose qu\u2019au quotidien nous n\u2019exprimons pas assez \u00ab Dans nos cultures africaines, il y a un besoin d\u2019exprimer notre africanit\u00e9, chose qu\u2019au quotidien nous n\u2019exprimons pas assez \u00bb, affirme de son c\u00f4t\u00e9 Traor\u00e9, 29 ans, l\u2019un des organisateurs de la CAN de Montreuil, contact\u00e9 par Jeune Afrique.<\/p>\n<p>\u00c0 ces comp\u00e9titions bon enfant s\u2019invitent aussi parfois des revendications soci\u00e9tales. En 2019, Assa Traor\u00e9, qui tient plusieurs gendarmes pour responsables de la mort de son fr\u00e8re Adama, d\u00e9c\u00e9d\u00e9 \u00e0 24 ans dans la cour de la gendarmerie de Persan en 2016 dans des circonstances sur lesquelles la justice ne s\u2019est pas encore prononc\u00e9e, avait d\u00e9fendu la m\u00e9moire de son fr\u00e8re lors des CAN de Clichy-sous-Bois, Meaux et Mantes-la-Jolie. Juste avant l\u2019un de ces matchs, Assa Traor\u00e9, devenue une icone du militantisme contre les violences polici\u00e8res, avait pris le micro pour clamer la n\u00e9cessit\u00e9 de \u00ab renverser ce syst\u00e8me d\u2019oppression polici\u00e8re \u00bb. \u00c0 la suite de son intervention, des centaines de personnes reprenaient son mantra : \u00ab justice ! \u00bb<\/p>\n<p><b>G\u00e9opolitique<\/b><\/p>\n<p>Pour Patrick Mignon, cet \u00e9pisode est significatif. \u00ab D\u00e8s que les in\u00e9galit\u00e9s se creusent, les revendications sociales et identitaires se renforcent \u00bb. \u00ab Depuis tout petit, on nous renvoie \u00e0 nos origines, alors que nous sommes pourtant fran\u00e7ais, d\u00e9plore Sadio, 30 ans, gardien de but de la RDC lors de la CAN d\u2019Aulnay-sous-Bois. Je pense qu\u2019indirectement, c\u2019est \u00e0 cause de ce constat que nous organisons des \u00e9v\u00e8nements de ce type. \u00bb Il y a une rivalit\u00e9 entre Marocains et Alg\u00e9riens ou entre Ivoiriens et Maliens, mais il s\u2019agit d\u2019une rivalit\u00e9 saine \u00bb<\/p>\n<p>Parfois, la g\u00e9opolitique s\u2019invite aussi lors des matchs. L\u00e0 encore, sans agressivit\u00e9 aucune. \u00c0 Clermont-Ferrand, la rencontre la plus attendue est sans conteste celle qui oppose l\u2019Alg\u00e9rie au Maroc, en raison de la rivalit\u00e9, plus que sportive, entre les deux pays. En 2019 \u00e0 Clichy-sous-Bois, au moment des hymnes, les joueurs qui repr\u00e9sentaient la Turquie avaient brandi une banderole sur laquelle \u00e9tait inscrit : \u00ab solidarit\u00e9 au peuple malien \u00bb.<\/p>\n<p>\u00ab Il s\u2019agit de confrontations dans un cadre ludique pour disqualifier les confrontations agressives, assure Abdu Gnaba. Si on a grandi ensemble, alors on est fr\u00e8res. Il y a cette id\u00e9e que nous sommes identiques car nous vivons dans le m\u00eame lieu. Nous assistons \u00e0 la valorisation d\u2019un territoire qui va \u00e0 contre-courant des clich\u00e9s que peut v\u00e9hiculer la banlieue. \u00bb \u00ab On se conna\u00eet tous, on a tous grandi ensemble, rench\u00e9rit Traor\u00e9. Il y a une rivalit\u00e9 entre Marocains et Alg\u00e9riens ou entre Ivoiriens et Maliens, mais il s\u2019agit d\u2019une rivalit\u00e9 saine \u00bb.<\/p>\n<p>En deux ans, le succ\u00e8s des \u00ab CAN de quartiers \u00bb n\u2019est plus \u00e0 d\u00e9montrer. Son initiateur, Moussa Sow, a m\u00eame annonc\u00e9, d\u00e9but juillet, l\u2019organisation prochaine d\u2019une \u00ab Coupe du monde des quartiers \u00bb. La France pourra y \u00eatre repr\u00e9sent\u00e9e. Et ce, pour continuer \u00e0 rassembler.<\/p>\n","protected":false},"excerpt":{"rendered":"<p>Africa-Press &#8211; C\u00f4te d&rsquo;Ivoire. D\u2019un simple tournoi entre amis \u00e0 Cr\u00e9teil en juin 2019, la \u00ab CAN des quartiers \u00bb est devenue, deux ans plus tard, un v\u00e9ritable succ\u00e8s populaire \u00e0 travers la France. \u00c0 ces matchs de foot, se m\u00ealent aussi parfois g\u00e9opolitique et revendications sociales. Goussainville, en banlieue parisienne, juillet 2021. Des dizaines [&hellip;]<\/p>\n","protected":false},"author":82,"featured_media":10083,"comment_status":"open","ping_status":"closed","sticky":false,"template":"","format":"standard","meta":{"footnotes":""},"categories":[22,11,10],"tags":[56,63,29],"class_list":["post-10084","post","type-post","status-publish","format-standard","has-post-thumbnail","hentry","category-divers","category-homepage-french","category-toutes-les-actualites","tag-africa-press","tag-africa-press-cote-divoire","tag-cote-divoire"],"yoast_head":"<!-- This site is optimized with the Yoast SEO Premium plugin v26.1 (Yoast SEO v27.0) - https:\/\/yoast.com\/product\/yoast-seo-premium-wordpress\/ -->\n<title>La CAN des quartiers : \u00ab\u00a0vivre ensemble\u00a0\u00bb ou repli identitaire\u00a0? - C\u00f4te d&#039;Ivoire<\/title>\n<meta name=\"description\" content=\"D\u2019un simple tournoi entre amis \u00e0 Cr\u00e9teil en juin 2019, la \u00ab CAN des quartiers \u00bb est devenue, deux ans plus tard, un v\u00e9ri ...\" \/>\n<meta name=\"robots\" content=\"index, follow, max-snippet:-1, max-image-preview:large, max-video-preview:-1\" \/>\n<link rel=\"canonical\" href=\"https:\/\/www.africa-press.net\/cotedivoire\/toutes-les-actualites\/la-can-des-quartiers-vivre-ensemble-ou-repli-identitaire\" \/>\n<meta property=\"og:locale\" content=\"fr_FR\" \/>\n<meta property=\"og:type\" content=\"article\" \/>\n<meta property=\"og:title\" content=\"La CAN des quartiers : \u00ab\u00a0vivre ensemble\u00a0\u00bb ou repli identitaire\u00a0?\" \/>\n<meta property=\"og:description\" content=\"D\u2019un simple tournoi entre amis \u00e0 Cr\u00e9teil en juin 2019, la \u00ab CAN des quartiers \u00bb est devenue, deux ans plus tard, un v\u00e9ri ...\" \/>\n<meta property=\"og:url\" content=\"https:\/\/www.africa-press.net\/cotedivoire\/toutes-les-actualites\/la-can-des-quartiers-vivre-ensemble-ou-repli-identitaire\" \/>\n<meta property=\"og:site_name\" content=\"C\u00f4te d&#039;Ivoire\" \/>\n<meta property=\"article:published_time\" content=\"2021-07-18T16:26:15+00:00\" \/>\n<meta property=\"article:modified_time\" content=\"2021-07-18T21:08:01+00:00\" \/>\n<meta property=\"og:image\" content=\"https:\/\/static.africa-press.net\/cote\/sites\/43\/2021\/07\/img-60f4462a2b8fa.jpg\" \/>\n\t<meta property=\"og:image:width\" content=\"720\" \/>\n\t<meta property=\"og:image:height\" content=\"360\" \/>\n\t<meta property=\"og:image:type\" content=\"image\/jpeg\" \/>\n<meta name=\"author\" content=\"cfeditorfr\" \/>\n<meta name=\"twitter:card\" content=\"summary_large_image\" \/>\n<meta name=\"twitter:label1\" content=\"\u00c9crit par\" \/>\n\t<meta name=\"twitter:data1\" content=\"cfeditorfr\" \/>\n\t<meta name=\"twitter:label2\" content=\"Dur\u00e9e de lecture estim\u00e9e\" \/>\n\t<meta name=\"twitter:data2\" content=\"4 minutes\" \/>\n<script type=\"application\/ld+json\" class=\"yoast-schema-graph\">{\"@context\":\"https:\/\/schema.org\",\"@graph\":[{\"@type\":\"Article\",\"@id\":\"https:\/\/www.africa-press.net\/cotedivoire\/toutes-les-actualites\/la-can-des-quartiers-vivre-ensemble-ou-repli-identitaire#article\",\"isPartOf\":{\"@id\":\"https:\/\/www.africa-press.net\/cotedivoire\/toutes-les-actualites\/la-can-des-quartiers-vivre-ensemble-ou-repli-identitaire\"},\"author\":{\"name\":\"cfeditorfr\",\"@id\":\"https:\/\/www.africa-press.net\/cotedivoire\/#\/schema\/person\/2b1cf3cd81a31e3cd26889ca66d677f1\"},\"headline\":\"La CAN des quartiers : \u00ab\u00a0vivre ensemble\u00a0\u00bb ou repli identitaire\u00a0?\",\"datePublished\":\"2021-07-18T16:26:15+00:00\",\"dateModified\":\"2021-07-18T21:08:01+00:00\",\"mainEntityOfPage\":{\"@id\":\"https:\/\/www.africa-press.net\/cotedivoire\/toutes-les-actualites\/la-can-des-quartiers-vivre-ensemble-ou-repli-identitaire\"},\"wordCount\":815,\"commentCount\":0,\"image\":{\"@id\":\"https:\/\/www.africa-press.net\/cotedivoire\/toutes-les-actualites\/la-can-des-quartiers-vivre-ensemble-ou-repli-identitaire#primaryimage\"},\"thumbnailUrl\":\"https:\/\/static.africa-press.net\/cote\/sites\/43\/2021\/07\/img-60f4462a2b8fa.jpg\",\"keywords\":[\"Africa Press\",\"Africa Press-C\u00f4te d'Ivoire\",\"C\u00d4TE D'IVOIRE\"],\"articleSection\":[\"Divers\",\"homepage-french\",\"Toutes les actualit\u00e9s\"],\"inLanguage\":\"fr-FR\",\"potentialAction\":[{\"@type\":\"CommentAction\",\"name\":\"Comment\",\"target\":[\"https:\/\/www.africa-press.net\/cotedivoire\/toutes-les-actualites\/la-can-des-quartiers-vivre-ensemble-ou-repli-identitaire#respond\"]}]},{\"@type\":\"WebPage\",\"@id\":\"https:\/\/www.africa-press.net\/cotedivoire\/toutes-les-actualites\/la-can-des-quartiers-vivre-ensemble-ou-repli-identitaire\",\"url\":\"https:\/\/www.africa-press.net\/cotedivoire\/toutes-les-actualites\/la-can-des-quartiers-vivre-ensemble-ou-repli-identitaire\",\"name\":\"La CAN des quartiers : \u00ab\u00a0vivre ensemble\u00a0\u00bb ou repli identitaire\u00a0? - C\u00f4te d&#039;Ivoire\",\"isPartOf\":{\"@id\":\"https:\/\/www.africa-press.net\/cotedivoire\/#website\"},\"primaryImageOfPage\":{\"@id\":\"https:\/\/www.africa-press.net\/cotedivoire\/toutes-les-actualites\/la-can-des-quartiers-vivre-ensemble-ou-repli-identitaire#primaryimage\"},\"image\":{\"@id\":\"https:\/\/www.africa-press.net\/cotedivoire\/toutes-les-actualites\/la-can-des-quartiers-vivre-ensemble-ou-repli-identitaire#primaryimage\"},\"thumbnailUrl\":\"https:\/\/static.africa-press.net\/cote\/sites\/43\/2021\/07\/img-60f4462a2b8fa.jpg\",\"datePublished\":\"2021-07-18T16:26:15+00:00\",\"dateModified\":\"2021-07-18T21:08:01+00:00\",\"author\":{\"@id\":\"https:\/\/www.africa-press.net\/cotedivoire\/#\/schema\/person\/2b1cf3cd81a31e3cd26889ca66d677f1\"},\"description\":\"D\u2019un simple tournoi entre amis \u00e0 Cr\u00e9teil en juin 2019, la \u00ab CAN des quartiers \u00bb est devenue, deux ans plus tard, un v\u00e9ri ...\",\"breadcrumb\":{\"@id\":\"https:\/\/www.africa-press.net\/cotedivoire\/toutes-les-actualites\/la-can-des-quartiers-vivre-ensemble-ou-repli-identitaire#breadcrumb\"},\"inLanguage\":\"fr-FR\",\"potentialAction\":[{\"@type\":\"ReadAction\",\"target\":[\"https:\/\/www.africa-press.net\/cotedivoire\/toutes-les-actualites\/la-can-des-quartiers-vivre-ensemble-ou-repli-identitaire\"]}]},{\"@type\":\"ImageObject\",\"inLanguage\":\"fr-FR\",\"@id\":\"https:\/\/www.africa-press.net\/cotedivoire\/toutes-les-actualites\/la-can-des-quartiers-vivre-ensemble-ou-repli-identitaire#primaryimage\",\"url\":\"https:\/\/static.africa-press.net\/cote\/sites\/43\/2021\/07\/img-60f4462a2b8fa.jpg\",\"contentUrl\":\"https:\/\/static.africa-press.net\/cote\/sites\/43\/2021\/07\/img-60f4462a2b8fa.jpg\",\"width\":720,\"height\":360,\"caption\":\"La CAN des quartiers : \u00ab\u00a0vivre ensemble\u00a0\u00bb ou repli identitaire\u00a0?\"},{\"@type\":\"BreadcrumbList\",\"@id\":\"https:\/\/www.africa-press.net\/cotedivoire\/toutes-les-actualites\/la-can-des-quartiers-vivre-ensemble-ou-repli-identitaire#breadcrumb\",\"itemListElement\":[{\"@type\":\"ListItem\",\"position\":1,\"name\":\"Accueil\",\"item\":\"https:\/\/www.africa-press.net\/cotedivoire\/\"},{\"@type\":\"ListItem\",\"position\":2,\"name\":\"La CAN des quartiers : \u00ab\u00a0vivre ensemble\u00a0\u00bb ou repli identitaire\u00a0?\"}]},{\"@type\":\"WebSite\",\"@id\":\"https:\/\/www.africa-press.net\/cotedivoire\/#website\",\"url\":\"https:\/\/www.africa-press.net\/cotedivoire\/\",\"name\":\"C\u00f4te d&#039;Ivoire\",\"description\":\"Just another Africa News Agency Sites site\",\"potentialAction\":[{\"@type\":\"SearchAction\",\"target\":{\"@type\":\"EntryPoint\",\"urlTemplate\":\"https:\/\/www.africa-press.net\/cotedivoire\/?s={search_term_string}\"},\"query-input\":{\"@type\":\"PropertyValueSpecification\",\"valueRequired\":true,\"valueName\":\"search_term_string\"}}],\"inLanguage\":\"fr-FR\"},{\"@type\":\"Person\",\"@id\":\"https:\/\/www.africa-press.net\/cotedivoire\/#\/schema\/person\/2b1cf3cd81a31e3cd26889ca66d677f1\",\"name\":\"cfeditorfr\"}]}<\/script>\n<!-- \/ Yoast SEO Premium plugin. -->","yoast_head_json":{"title":"La CAN des quartiers : \u00ab\u00a0vivre ensemble\u00a0\u00bb ou repli identitaire\u00a0? - C\u00f4te d&#039;Ivoire","description":"D\u2019un simple tournoi entre amis \u00e0 Cr\u00e9teil en juin 2019, la \u00ab CAN des quartiers \u00bb est devenue, deux ans plus tard, un v\u00e9ri ...","robots":{"index":"index","follow":"follow","max-snippet":"max-snippet:-1","max-image-preview":"max-image-preview:large","max-video-preview":"max-video-preview:-1"},"canonical":"https:\/\/www.africa-press.net\/cotedivoire\/toutes-les-actualites\/la-can-des-quartiers-vivre-ensemble-ou-repli-identitaire","og_locale":"fr_FR","og_type":"article","og_title":"La CAN des quartiers : \u00ab\u00a0vivre ensemble\u00a0\u00bb ou repli identitaire\u00a0?","og_description":"D\u2019un simple tournoi entre amis \u00e0 Cr\u00e9teil en juin 2019, la \u00ab CAN des quartiers \u00bb est devenue, deux ans plus tard, un v\u00e9ri ...","og_url":"https:\/\/www.africa-press.net\/cotedivoire\/toutes-les-actualites\/la-can-des-quartiers-vivre-ensemble-ou-repli-identitaire","og_site_name":"C\u00f4te d&#039;Ivoire","article_published_time":"2021-07-18T16:26:15+00:00","article_modified_time":"2021-07-18T21:08:01+00:00","og_image":[{"width":720,"height":360,"url":"https:\/\/static.africa-press.net\/cote\/sites\/43\/2021\/07\/img-60f4462a2b8fa.jpg","type":"image\/jpeg"}],"author":"cfeditorfr","twitter_card":"summary_large_image","twitter_misc":{"\u00c9crit par":"cfeditorfr","Dur\u00e9e de lecture estim\u00e9e":"4 minutes"},"schema":{"@context":"https:\/\/schema.org","@graph":[{"@type":"Article","@id":"https:\/\/www.africa-press.net\/cotedivoire\/toutes-les-actualites\/la-can-des-quartiers-vivre-ensemble-ou-repli-identitaire#article","isPartOf":{"@id":"https:\/\/www.africa-press.net\/cotedivoire\/toutes-les-actualites\/la-can-des-quartiers-vivre-ensemble-ou-repli-identitaire"},"author":{"name":"cfeditorfr","@id":"https:\/\/www.africa-press.net\/cotedivoire\/#\/schema\/person\/2b1cf3cd81a31e3cd26889ca66d677f1"},"headline":"La CAN des quartiers : \u00ab\u00a0vivre ensemble\u00a0\u00bb ou repli identitaire\u00a0?","datePublished":"2021-07-18T16:26:15+00:00","dateModified":"2021-07-18T21:08:01+00:00","mainEntityOfPage":{"@id":"https:\/\/www.africa-press.net\/cotedivoire\/toutes-les-actualites\/la-can-des-quartiers-vivre-ensemble-ou-repli-identitaire"},"wordCount":815,"commentCount":0,"image":{"@id":"https:\/\/www.africa-press.net\/cotedivoire\/toutes-les-actualites\/la-can-des-quartiers-vivre-ensemble-ou-repli-identitaire#primaryimage"},"thumbnailUrl":"https:\/\/static.africa-press.net\/cote\/sites\/43\/2021\/07\/img-60f4462a2b8fa.jpg","keywords":["Africa Press","Africa Press-C\u00f4te d'Ivoire","C\u00d4TE D'IVOIRE"],"articleSection":["Divers","homepage-french","Toutes les actualit\u00e9s"],"inLanguage":"fr-FR","potentialAction":[{"@type":"CommentAction","name":"Comment","target":["https:\/\/www.africa-press.net\/cotedivoire\/toutes-les-actualites\/la-can-des-quartiers-vivre-ensemble-ou-repli-identitaire#respond"]}]},{"@type":"WebPage","@id":"https:\/\/www.africa-press.net\/cotedivoire\/toutes-les-actualites\/la-can-des-quartiers-vivre-ensemble-ou-repli-identitaire","url":"https:\/\/www.africa-press.net\/cotedivoire\/toutes-les-actualites\/la-can-des-quartiers-vivre-ensemble-ou-repli-identitaire","name":"La CAN des quartiers : \u00ab\u00a0vivre ensemble\u00a0\u00bb ou repli identitaire\u00a0? - C\u00f4te d&#039;Ivoire","isPartOf":{"@id":"https:\/\/www.africa-press.net\/cotedivoire\/#website"},"primaryImageOfPage":{"@id":"https:\/\/www.africa-press.net\/cotedivoire\/toutes-les-actualites\/la-can-des-quartiers-vivre-ensemble-ou-repli-identitaire#primaryimage"},"image":{"@id":"https:\/\/www.africa-press.net\/cotedivoire\/toutes-les-actualites\/la-can-des-quartiers-vivre-ensemble-ou-repli-identitaire#primaryimage"},"thumbnailUrl":"https:\/\/static.africa-press.net\/cote\/sites\/43\/2021\/07\/img-60f4462a2b8fa.jpg","datePublished":"2021-07-18T16:26:15+00:00","dateModified":"2021-07-18T21:08:01+00:00","author":{"@id":"https:\/\/www.africa-press.net\/cotedivoire\/#\/schema\/person\/2b1cf3cd81a31e3cd26889ca66d677f1"},"description":"D\u2019un simple tournoi entre amis \u00e0 Cr\u00e9teil en juin 2019, la \u00ab CAN des quartiers \u00bb est devenue, deux ans plus tard, un v\u00e9ri ...","breadcrumb":{"@id":"https:\/\/www.africa-press.net\/cotedivoire\/toutes-les-actualites\/la-can-des-quartiers-vivre-ensemble-ou-repli-identitaire#breadcrumb"},"inLanguage":"fr-FR","potentialAction":[{"@type":"ReadAction","target":["https:\/\/www.africa-press.net\/cotedivoire\/toutes-les-actualites\/la-can-des-quartiers-vivre-ensemble-ou-repli-identitaire"]}]},{"@type":"ImageObject","inLanguage":"fr-FR","@id":"https:\/\/www.africa-press.net\/cotedivoire\/toutes-les-actualites\/la-can-des-quartiers-vivre-ensemble-ou-repli-identitaire#primaryimage","url":"https:\/\/static.africa-press.net\/cote\/sites\/43\/2021\/07\/img-60f4462a2b8fa.jpg","contentUrl":"https:\/\/static.africa-press.net\/cote\/sites\/43\/2021\/07\/img-60f4462a2b8fa.jpg","width":720,"height":360,"caption":"La CAN des quartiers : \u00ab\u00a0vivre ensemble\u00a0\u00bb ou repli identitaire\u00a0?"},{"@type":"BreadcrumbList","@id":"https:\/\/www.africa-press.net\/cotedivoire\/toutes-les-actualites\/la-can-des-quartiers-vivre-ensemble-ou-repli-identitaire#breadcrumb","itemListElement":[{"@type":"ListItem","position":1,"name":"Accueil","item":"https:\/\/www.africa-press.net\/cotedivoire\/"},{"@type":"ListItem","position":2,"name":"La CAN des quartiers : \u00ab\u00a0vivre ensemble\u00a0\u00bb ou repli identitaire\u00a0?"}]},{"@type":"WebSite","@id":"https:\/\/www.africa-press.net\/cotedivoire\/#website","url":"https:\/\/www.africa-press.net\/cotedivoire\/","name":"C\u00f4te d&#039;Ivoire","description":"Just another Africa News Agency Sites site","potentialAction":[{"@type":"SearchAction","target":{"@type":"EntryPoint","urlTemplate":"https:\/\/www.africa-press.net\/cotedivoire\/?s={search_term_string}"},"query-input":{"@type":"PropertyValueSpecification","valueRequired":true,"valueName":"search_term_string"}}],"inLanguage":"fr-FR"},{"@type":"Person","@id":"https:\/\/www.africa-press.net\/cotedivoire\/#\/schema\/person\/2b1cf3cd81a31e3cd26889ca66d677f1","name":"cfeditorfr"}]}},"_links":{"self":[{"href":"https:\/\/www.africa-press.net\/cotedivoire\/wp-json\/wp\/v2\/posts\/10084","targetHints":{"allow":["GET"]}}],"collection":[{"href":"https:\/\/www.africa-press.net\/cotedivoire\/wp-json\/wp\/v2\/posts"}],"about":[{"href":"https:\/\/www.africa-press.net\/cotedivoire\/wp-json\/wp\/v2\/types\/post"}],"author":[{"embeddable":true,"href":"https:\/\/www.africa-press.net\/cotedivoire\/wp-json\/wp\/v2\/users\/82"}],"replies":[{"embeddable":true,"href":"https:\/\/www.africa-press.net\/cotedivoire\/wp-json\/wp\/v2\/comments?post=10084"}],"version-history":[{"count":0,"href":"https:\/\/www.africa-press.net\/cotedivoire\/wp-json\/wp\/v2\/posts\/10084\/revisions"}],"wp:featuredmedia":[{"embeddable":true,"href":"https:\/\/www.africa-press.net\/cotedivoire\/wp-json\/wp\/v2\/media\/10083"}],"wp:attachment":[{"href":"https:\/\/www.africa-press.net\/cotedivoire\/wp-json\/wp\/v2\/media?parent=10084"}],"wp:term":[{"taxonomy":"category","embeddable":true,"href":"https:\/\/www.africa-press.net\/cotedivoire\/wp-json\/wp\/v2\/categories?post=10084"},{"taxonomy":"post_tag","embeddable":true,"href":"https:\/\/www.africa-press.net\/cotedivoire\/wp-json\/wp\/v2\/tags?post=10084"}],"curies":[{"name":"wp","href":"https:\/\/api.w.org\/{rel}","templated":true}]}}