{"id":100852,"date":"2025-06-16T14:39:27","date_gmt":"2025-06-16T14:39:27","guid":{"rendered":"https:\/\/www.africa-press.net\/cotedivoire\/politique\/retour-des-pelerins-ivoiriens-apres-le-hadj-2025"},"modified":"2025-06-16T14:44:44","modified_gmt":"2025-06-16T14:44:44","slug":"retour-des-pelerins-ivoiriens-apres-le-hadj-2025","status":"publish","type":"post","link":"https:\/\/www.africa-press.net\/cotedivoire\/toutes-les-actualites\/retour-des-pelerins-ivoiriens-apres-le-hadj-2025","title":{"rendered":"Retour des p\u00e8lerins ivoiriens apr\u00e8s le Hadj 2025"},"content":{"rendered":"<p><span style=\"color: #ff6600\"><strong>Africa-Press &#8211; C\u00f4te d&rsquo;Ivoire. <\/strong><\/span>Le premier contingent pe\u0300lerins musulmans ivoiriens ont quitte\u0301 l\u2019Arabie Saoudite en terre sainte pour regagner la Co\u0302te d\u2019Ivoire le samedi 14 juin 2025.<\/p>\n<p>Ils ont e\u0301te\u0301 accueillis a\u0300 l\u2019Ae\u0301roport International Fe\u0301lix Houphoue\u0308t-Boigny d\u2019Abidjan par le Ministre de l\u2019Inte\u0301rieur et de la Se\u0301curite\u0301, le Ge\u0301ne\u0301ral Vagondo Diomande\u0301.<\/p>\n<p>A\u0300 cette occasion, le ministre a adresse\u0301, au nom du Pre\u0301sident de la Re\u0301publique, Monsieur Alassane Ouattara, ses chaleureuses salutations aux pe\u0300lerins.<\/p>\n<p>\u00ab Je me re\u0301jouis aussi, de ce que ce voyage, hautement spirituel, ait e\u0301te\u0301 pour eux une opportunite\u0301 de prier pour la paix, la cohe\u0301sion dans notre che\u0300re nation. J\u2019ai e\u0301galement tenu a\u0300 exprimer ma gratitude aux autorite\u0301s saoudiennes, pour leur soutien constant a\u0300 notre pays, dans l\u2019organisation du Hadj en ge\u0301ne\u0301ral, et de l\u2019e\u0301dition 2025 en particulier \u00bb, a relaye\u0301 le Ministre Vagondo.<\/p>\n<p><strong>Pour plus d&rsquo;informations et d&rsquo;analyses sur la <span style=\"color: #ff6600\">C\u00f4te d&rsquo;Ivoire<\/span>, suivez <span style=\"color: #ff6600\">Africa-Press<\/span><\/strong><\/p>\n","protected":false},"excerpt":{"rendered":"<p>Africa-Press &#8211; C\u00f4te d&rsquo;Ivoire. Le premier contingent pe\u0300lerins musulmans ivoiriens ont quitte\u0301 l\u2019Arabie Saoudite en terre sainte pour regagner la Co\u0302te d\u2019Ivoire le samedi 14 juin 2025. Ils ont e\u0301te\u0301 accueillis a\u0300 l\u2019Ae\u0301roport International Fe\u0301lix Houphoue\u0308t-Boigny d\u2019Abidjan par le Ministre de l\u2019Inte\u0301rieur et de la Se\u0301curite\u0301, le Ge\u0301ne\u0301ral Vagondo Diomande\u0301. A\u0300 cette occasion, le ministre [&hellip;]<\/p>\n","protected":false},"author":82,"featured_media":100851,"comment_status":"open","ping_status":"closed","sticky":false,"template":"","format":"standard","meta":{"footnotes":""},"categories":[21,10],"tags":[38,29,11803,6621,3100],"class_list":["post-100852","post","type-post","status-publish","format-standard","has-post-thumbnail","hentry","category-communaute","category-toutes-les-actualites","tag-alassane-ouattara","tag-cote-divoire","tag-hadj","tag-pelerins","tag-vagondo-diomande"],"yoast_head":"<!-- This site is optimized with the Yoast SEO Premium plugin v26.1 (Yoast SEO v27.0) - https:\/\/yoast.com\/product\/yoast-seo-premium-wordpress\/ -->\n<title>Retour des p\u00e8lerins ivoiriens apr\u00e8s le Hadj 2025 - C\u00f4te d&#039;Ivoire<\/title>\n<meta name=\"description\" content=\"Le premier contingent pe\u0300lerins musulmans ivoiriens ont quitte\u0301 l\u2019Arabie Saoudite en terre sainte pour regagner la Co\u0302te ...\" \/>\n<meta name=\"robots\" content=\"index, follow, max-snippet:-1, max-image-preview:large, max-video-preview:-1\" \/>\n<link rel=\"canonical\" href=\"https:\/\/www.africa-press.net\/cotedivoire\/toutes-les-actualites\/retour-des-pelerins-ivoiriens-apres-le-hadj-2025\" \/>\n<meta property=\"og:locale\" content=\"fr_FR\" \/>\n<meta property=\"og:type\" content=\"article\" \/>\n<meta property=\"og:title\" content=\"Retour des p\u00e8lerins ivoiriens apr\u00e8s le Hadj 2025\" \/>\n<meta property=\"og:description\" content=\"Le premier contingent pe\u0300lerins musulmans ivoiriens ont quitte\u0301 l\u2019Arabie Saoudite en terre sainte pour regagner la Co\u0302te ...\" \/>\n<meta property=\"og:url\" content=\"https:\/\/www.africa-press.net\/cotedivoire\/toutes-les-actualites\/retour-des-pelerins-ivoiriens-apres-le-hadj-2025\" \/>\n<meta property=\"og:site_name\" content=\"C\u00f4te d&#039;Ivoire\" \/>\n<meta property=\"article:published_time\" content=\"2025-06-16T14:39:27+00:00\" \/>\n<meta property=\"article:modified_time\" content=\"2025-06-16T14:44:44+00:00\" \/>\n<meta property=\"og:image\" content=\"https:\/\/static.africa-press.net\/cote\/sites\/43\/2025\/06\/sm_1750072439.867316.jpg\" \/>\n\t<meta property=\"og:image:width\" content=\"720\" \/>\n\t<meta property=\"og:image:height\" content=\"511\" \/>\n\t<meta property=\"og:image:type\" content=\"image\/jpeg\" \/>\n<meta name=\"author\" content=\"cfeditorfr\" \/>\n<meta name=\"twitter:card\" content=\"summary_large_image\" \/>\n<meta name=\"twitter:label1\" content=\"\u00c9crit par\" \/>\n\t<meta name=\"twitter:data1\" content=\"cfeditorfr\" \/>\n\t<meta name=\"twitter:label2\" content=\"Dur\u00e9e de lecture estim\u00e9e\" \/>\n\t<meta name=\"twitter:data2\" content=\"1 minute\" \/>\n<script type=\"application\/ld+json\" class=\"yoast-schema-graph\">{\"@context\":\"https:\/\/schema.org\",\"@graph\":[{\"@type\":\"Article\",\"@id\":\"https:\/\/www.africa-press.net\/cotedivoire\/toutes-les-actualites\/retour-des-pelerins-ivoiriens-apres-le-hadj-2025#article\",\"isPartOf\":{\"@id\":\"https:\/\/www.africa-press.net\/cotedivoire\/toutes-les-actualites\/retour-des-pelerins-ivoiriens-apres-le-hadj-2025\"},\"author\":{\"name\":\"cfeditorfr\",\"@id\":\"https:\/\/www.africa-press.net\/cotedivoire\/#\/schema\/person\/2b1cf3cd81a31e3cd26889ca66d677f1\"},\"headline\":\"Retour des p\u00e8lerins ivoiriens apr\u00e8s le Hadj 2025\",\"datePublished\":\"2025-06-16T14:39:27+00:00\",\"dateModified\":\"2025-06-16T14:44:44+00:00\",\"mainEntityOfPage\":{\"@id\":\"https:\/\/www.africa-press.net\/cotedivoire\/toutes-les-actualites\/retour-des-pelerins-ivoiriens-apres-le-hadj-2025\"},\"wordCount\":187,\"commentCount\":0,\"image\":{\"@id\":\"https:\/\/www.africa-press.net\/cotedivoire\/toutes-les-actualites\/retour-des-pelerins-ivoiriens-apres-le-hadj-2025#primaryimage\"},\"thumbnailUrl\":\"https:\/\/static.africa-press.net\/cote\/sites\/43\/2025\/06\/sm_1750072439.867316.jpg\",\"keywords\":[\"Alassane Ouattara\",\"C\u00d4TE D'IVOIRE\",\"Hadj\",\"p\u00e8lerins\",\"Vagondo Diomand\u00e9\"],\"articleSection\":[\"Communaut\u00e9\",\"Toutes les actualit\u00e9s\"],\"inLanguage\":\"fr-FR\",\"potentialAction\":[{\"@type\":\"CommentAction\",\"name\":\"Comment\",\"target\":[\"https:\/\/www.africa-press.net\/cotedivoire\/toutes-les-actualites\/retour-des-pelerins-ivoiriens-apres-le-hadj-2025#respond\"]}]},{\"@type\":\"WebPage\",\"@id\":\"https:\/\/www.africa-press.net\/cotedivoire\/toutes-les-actualites\/retour-des-pelerins-ivoiriens-apres-le-hadj-2025\",\"url\":\"https:\/\/www.africa-press.net\/cotedivoire\/toutes-les-actualites\/retour-des-pelerins-ivoiriens-apres-le-hadj-2025\",\"name\":\"Retour des p\u00e8lerins ivoiriens apr\u00e8s le Hadj 2025 - C\u00f4te d&#039;Ivoire\",\"isPartOf\":{\"@id\":\"https:\/\/www.africa-press.net\/cotedivoire\/#website\"},\"primaryImageOfPage\":{\"@id\":\"https:\/\/www.africa-press.net\/cotedivoire\/toutes-les-actualites\/retour-des-pelerins-ivoiriens-apres-le-hadj-2025#primaryimage\"},\"image\":{\"@id\":\"https:\/\/www.africa-press.net\/cotedivoire\/toutes-les-actualites\/retour-des-pelerins-ivoiriens-apres-le-hadj-2025#primaryimage\"},\"thumbnailUrl\":\"https:\/\/static.africa-press.net\/cote\/sites\/43\/2025\/06\/sm_1750072439.867316.jpg\",\"datePublished\":\"2025-06-16T14:39:27+00:00\",\"dateModified\":\"2025-06-16T14:44:44+00:00\",\"author\":{\"@id\":\"https:\/\/www.africa-press.net\/cotedivoire\/#\/schema\/person\/2b1cf3cd81a31e3cd26889ca66d677f1\"},\"description\":\"Le premier contingent pe\u0300lerins musulmans ivoiriens ont quitte\u0301 l\u2019Arabie Saoudite en terre sainte pour regagner la Co\u0302te ...\",\"breadcrumb\":{\"@id\":\"https:\/\/www.africa-press.net\/cotedivoire\/toutes-les-actualites\/retour-des-pelerins-ivoiriens-apres-le-hadj-2025#breadcrumb\"},\"inLanguage\":\"fr-FR\",\"potentialAction\":[{\"@type\":\"ReadAction\",\"target\":[\"https:\/\/www.africa-press.net\/cotedivoire\/toutes-les-actualites\/retour-des-pelerins-ivoiriens-apres-le-hadj-2025\"]}]},{\"@type\":\"ImageObject\",\"inLanguage\":\"fr-FR\",\"@id\":\"https:\/\/www.africa-press.net\/cotedivoire\/toutes-les-actualites\/retour-des-pelerins-ivoiriens-apres-le-hadj-2025#primaryimage\",\"url\":\"https:\/\/static.africa-press.net\/cote\/sites\/43\/2025\/06\/sm_1750072439.867316.jpg\",\"contentUrl\":\"https:\/\/static.africa-press.net\/cote\/sites\/43\/2025\/06\/sm_1750072439.867316.jpg\",\"width\":720,\"height\":511,\"caption\":\"Retour des p\u00e8lerins ivoiriens apr\u00e8s le Hadj 2025\"},{\"@type\":\"BreadcrumbList\",\"@id\":\"https:\/\/www.africa-press.net\/cotedivoire\/toutes-les-actualites\/retour-des-pelerins-ivoiriens-apres-le-hadj-2025#breadcrumb\",\"itemListElement\":[{\"@type\":\"ListItem\",\"position\":1,\"name\":\"Accueil\",\"item\":\"https:\/\/www.africa-press.net\/cotedivoire\/\"},{\"@type\":\"ListItem\",\"position\":2,\"name\":\"Retour des p\u00e8lerins ivoiriens apr\u00e8s le Hadj 2025\"}]},{\"@type\":\"WebSite\",\"@id\":\"https:\/\/www.africa-press.net\/cotedivoire\/#website\",\"url\":\"https:\/\/www.africa-press.net\/cotedivoire\/\",\"name\":\"C\u00f4te d&#039;Ivoire\",\"description\":\"Just another Africa News Agency Sites site\",\"potentialAction\":[{\"@type\":\"SearchAction\",\"target\":{\"@type\":\"EntryPoint\",\"urlTemplate\":\"https:\/\/www.africa-press.net\/cotedivoire\/?s={search_term_string}\"},\"query-input\":{\"@type\":\"PropertyValueSpecification\",\"valueRequired\":true,\"valueName\":\"search_term_string\"}}],\"inLanguage\":\"fr-FR\"},{\"@type\":\"Person\",\"@id\":\"https:\/\/www.africa-press.net\/cotedivoire\/#\/schema\/person\/2b1cf3cd81a31e3cd26889ca66d677f1\",\"name\":\"cfeditorfr\"}]}<\/script>\n<!-- \/ Yoast SEO Premium plugin. -->","yoast_head_json":{"title":"Retour des p\u00e8lerins ivoiriens apr\u00e8s le Hadj 2025 - C\u00f4te d&#039;Ivoire","description":"Le premier contingent pe\u0300lerins musulmans ivoiriens ont quitte\u0301 l\u2019Arabie Saoudite en terre sainte pour regagner la Co\u0302te ...","robots":{"index":"index","follow":"follow","max-snippet":"max-snippet:-1","max-image-preview":"max-image-preview:large","max-video-preview":"max-video-preview:-1"},"canonical":"https:\/\/www.africa-press.net\/cotedivoire\/toutes-les-actualites\/retour-des-pelerins-ivoiriens-apres-le-hadj-2025","og_locale":"fr_FR","og_type":"article","og_title":"Retour des p\u00e8lerins ivoiriens apr\u00e8s le Hadj 2025","og_description":"Le premier contingent pe\u0300lerins musulmans ivoiriens ont quitte\u0301 l\u2019Arabie Saoudite en terre sainte pour regagner la Co\u0302te ...","og_url":"https:\/\/www.africa-press.net\/cotedivoire\/toutes-les-actualites\/retour-des-pelerins-ivoiriens-apres-le-hadj-2025","og_site_name":"C\u00f4te d&#039;Ivoire","article_published_time":"2025-06-16T14:39:27+00:00","article_modified_time":"2025-06-16T14:44:44+00:00","og_image":[{"width":720,"height":511,"url":"https:\/\/static.africa-press.net\/cote\/sites\/43\/2025\/06\/sm_1750072439.867316.jpg","type":"image\/jpeg"}],"author":"cfeditorfr","twitter_card":"summary_large_image","twitter_misc":{"\u00c9crit par":"cfeditorfr","Dur\u00e9e de lecture estim\u00e9e":"1 minute"},"schema":{"@context":"https:\/\/schema.org","@graph":[{"@type":"Article","@id":"https:\/\/www.africa-press.net\/cotedivoire\/toutes-les-actualites\/retour-des-pelerins-ivoiriens-apres-le-hadj-2025#article","isPartOf":{"@id":"https:\/\/www.africa-press.net\/cotedivoire\/toutes-les-actualites\/retour-des-pelerins-ivoiriens-apres-le-hadj-2025"},"author":{"name":"cfeditorfr","@id":"https:\/\/www.africa-press.net\/cotedivoire\/#\/schema\/person\/2b1cf3cd81a31e3cd26889ca66d677f1"},"headline":"Retour des p\u00e8lerins ivoiriens apr\u00e8s le Hadj 2025","datePublished":"2025-06-16T14:39:27+00:00","dateModified":"2025-06-16T14:44:44+00:00","mainEntityOfPage":{"@id":"https:\/\/www.africa-press.net\/cotedivoire\/toutes-les-actualites\/retour-des-pelerins-ivoiriens-apres-le-hadj-2025"},"wordCount":187,"commentCount":0,"image":{"@id":"https:\/\/www.africa-press.net\/cotedivoire\/toutes-les-actualites\/retour-des-pelerins-ivoiriens-apres-le-hadj-2025#primaryimage"},"thumbnailUrl":"https:\/\/static.africa-press.net\/cote\/sites\/43\/2025\/06\/sm_1750072439.867316.jpg","keywords":["Alassane Ouattara","C\u00d4TE D'IVOIRE","Hadj","p\u00e8lerins","Vagondo Diomand\u00e9"],"articleSection":["Communaut\u00e9","Toutes les actualit\u00e9s"],"inLanguage":"fr-FR","potentialAction":[{"@type":"CommentAction","name":"Comment","target":["https:\/\/www.africa-press.net\/cotedivoire\/toutes-les-actualites\/retour-des-pelerins-ivoiriens-apres-le-hadj-2025#respond"]}]},{"@type":"WebPage","@id":"https:\/\/www.africa-press.net\/cotedivoire\/toutes-les-actualites\/retour-des-pelerins-ivoiriens-apres-le-hadj-2025","url":"https:\/\/www.africa-press.net\/cotedivoire\/toutes-les-actualites\/retour-des-pelerins-ivoiriens-apres-le-hadj-2025","name":"Retour des p\u00e8lerins ivoiriens apr\u00e8s le Hadj 2025 - C\u00f4te d&#039;Ivoire","isPartOf":{"@id":"https:\/\/www.africa-press.net\/cotedivoire\/#website"},"primaryImageOfPage":{"@id":"https:\/\/www.africa-press.net\/cotedivoire\/toutes-les-actualites\/retour-des-pelerins-ivoiriens-apres-le-hadj-2025#primaryimage"},"image":{"@id":"https:\/\/www.africa-press.net\/cotedivoire\/toutes-les-actualites\/retour-des-pelerins-ivoiriens-apres-le-hadj-2025#primaryimage"},"thumbnailUrl":"https:\/\/static.africa-press.net\/cote\/sites\/43\/2025\/06\/sm_1750072439.867316.jpg","datePublished":"2025-06-16T14:39:27+00:00","dateModified":"2025-06-16T14:44:44+00:00","author":{"@id":"https:\/\/www.africa-press.net\/cotedivoire\/#\/schema\/person\/2b1cf3cd81a31e3cd26889ca66d677f1"},"description":"Le premier contingent pe\u0300lerins musulmans ivoiriens ont quitte\u0301 l\u2019Arabie Saoudite en terre sainte pour regagner la Co\u0302te ...","breadcrumb":{"@id":"https:\/\/www.africa-press.net\/cotedivoire\/toutes-les-actualites\/retour-des-pelerins-ivoiriens-apres-le-hadj-2025#breadcrumb"},"inLanguage":"fr-FR","potentialAction":[{"@type":"ReadAction","target":["https:\/\/www.africa-press.net\/cotedivoire\/toutes-les-actualites\/retour-des-pelerins-ivoiriens-apres-le-hadj-2025"]}]},{"@type":"ImageObject","inLanguage":"fr-FR","@id":"https:\/\/www.africa-press.net\/cotedivoire\/toutes-les-actualites\/retour-des-pelerins-ivoiriens-apres-le-hadj-2025#primaryimage","url":"https:\/\/static.africa-press.net\/cote\/sites\/43\/2025\/06\/sm_1750072439.867316.jpg","contentUrl":"https:\/\/static.africa-press.net\/cote\/sites\/43\/2025\/06\/sm_1750072439.867316.jpg","width":720,"height":511,"caption":"Retour des p\u00e8lerins ivoiriens apr\u00e8s le Hadj 2025"},{"@type":"BreadcrumbList","@id":"https:\/\/www.africa-press.net\/cotedivoire\/toutes-les-actualites\/retour-des-pelerins-ivoiriens-apres-le-hadj-2025#breadcrumb","itemListElement":[{"@type":"ListItem","position":1,"name":"Accueil","item":"https:\/\/www.africa-press.net\/cotedivoire\/"},{"@type":"ListItem","position":2,"name":"Retour des p\u00e8lerins ivoiriens apr\u00e8s le Hadj 2025"}]},{"@type":"WebSite","@id":"https:\/\/www.africa-press.net\/cotedivoire\/#website","url":"https:\/\/www.africa-press.net\/cotedivoire\/","name":"C\u00f4te d&#039;Ivoire","description":"Just another Africa News Agency Sites site","potentialAction":[{"@type":"SearchAction","target":{"@type":"EntryPoint","urlTemplate":"https:\/\/www.africa-press.net\/cotedivoire\/?s={search_term_string}"},"query-input":{"@type":"PropertyValueSpecification","valueRequired":true,"valueName":"search_term_string"}}],"inLanguage":"fr-FR"},{"@type":"Person","@id":"https:\/\/www.africa-press.net\/cotedivoire\/#\/schema\/person\/2b1cf3cd81a31e3cd26889ca66d677f1","name":"cfeditorfr"}]}},"_links":{"self":[{"href":"https:\/\/www.africa-press.net\/cotedivoire\/wp-json\/wp\/v2\/posts\/100852","targetHints":{"allow":["GET"]}}],"collection":[{"href":"https:\/\/www.africa-press.net\/cotedivoire\/wp-json\/wp\/v2\/posts"}],"about":[{"href":"https:\/\/www.africa-press.net\/cotedivoire\/wp-json\/wp\/v2\/types\/post"}],"author":[{"embeddable":true,"href":"https:\/\/www.africa-press.net\/cotedivoire\/wp-json\/wp\/v2\/users\/82"}],"replies":[{"embeddable":true,"href":"https:\/\/www.africa-press.net\/cotedivoire\/wp-json\/wp\/v2\/comments?post=100852"}],"version-history":[{"count":0,"href":"https:\/\/www.africa-press.net\/cotedivoire\/wp-json\/wp\/v2\/posts\/100852\/revisions"}],"wp:featuredmedia":[{"embeddable":true,"href":"https:\/\/www.africa-press.net\/cotedivoire\/wp-json\/wp\/v2\/media\/100851"}],"wp:attachment":[{"href":"https:\/\/www.africa-press.net\/cotedivoire\/wp-json\/wp\/v2\/media?parent=100852"}],"wp:term":[{"taxonomy":"category","embeddable":true,"href":"https:\/\/www.africa-press.net\/cotedivoire\/wp-json\/wp\/v2\/categories?post=100852"},{"taxonomy":"post_tag","embeddable":true,"href":"https:\/\/www.africa-press.net\/cotedivoire\/wp-json\/wp\/v2\/tags?post=100852"}],"curies":[{"name":"wp","href":"https:\/\/api.w.org\/{rel}","templated":true}]}}