{"id":100905,"date":"2025-06-17T17:20:40","date_gmt":"2025-06-17T17:20:40","guid":{"rendered":"https:\/\/www.africa-press.net\/cotedivoire\/politique\/mobilisation-mondiale-du-rhdp-pour-ouattara-2025"},"modified":"2025-06-17T17:44:09","modified_gmt":"2025-06-17T17:44:09","slug":"mobilisation-mondiale-du-rhdp-pour-ouattara-2025","status":"publish","type":"post","link":"https:\/\/www.africa-press.net\/cotedivoire\/politique\/mobilisation-mondiale-du-rhdp-pour-ouattara-2025","title":{"rendered":"Mobilisation Mondiale du RHDP pour Ouattara 2025"},"content":{"rendered":"<p><span style=\"color: #ff6600\"><strong>Africa-Press &#8211; C\u00f4te d&rsquo;Ivoire. <\/strong><\/span>Comme rapporte\u0301 dimanche sur KOACI, le Samedi 14 juin 2025, la diaspora du Rassemblement des Houphoue\u0301tistes pour la De\u0301mocratie et la Paix (RHDP) a lance\u0301 un vibrant appel a\u0300 la candidature du pre\u0301sident Alassane Ouattara pour l\u2019e\u0301lection pre\u0301sidentielle du 25 octobre prochain. Plus de 25 000 militants, re\u0301partis entre Paris, New York, Casablanca, Libreville, Brazzaville, Montre\u0301al et Dakar, ont re\u0301pondu a\u0300 l\u2019appel du Secre\u0301tariat National en charge des Militants de l\u2019Exte\u0301rieur, dirige\u0301 par Ouattara Dramane (OD).<\/p>\n<p>Le point d\u2019orgue de cette mobilisation s\u2019est tenu a\u0300 la Place de la Bataille de Stalingrad, a\u0300 Paris, ou\u0300 plus de 15 000 militants venus d\u2019Europe (France, Italie, Suisse, Allemagne, BENELUX, Grande-Bretagne) ont afflue\u0301, ve\u0302tus de t-shirts orange aux couleurs du RHDP, brandissant des pancartes a\u0300 l\u2019effigie du chef de l\u2019E\u0301tat.<\/p>\n<p>Ce rassemblement s\u2019est de\u0301roule\u0301 en pre\u0301sence de plusieurs membres du gouvernement ivoirien, dont les ministres Toure\u0301 Mamadou, Khalil Konate\u0301 et Belmonde Dogo.<\/p>\n<p>Dans son intervention, le ministre Khalil Konate\u0301 a rassure\u0301 la diaspora face aux discours alarmistes de l\u2019opposition.<\/p>\n<p>\u00ab Il n\u2019y aura rien. Restons mobilise\u0301s et confiants. \u00bb<\/p>\n<p>Prenant la parole a\u0300 son tour, le ministre Toure\u0301 Mamadou a salue\u0301 l\u2019organisation de l\u2019e\u0301ve\u0301nement par OD, et de\u0301clare\u0301 avec conviction.<\/p>\n<p>\u00ab La victoire du pre\u0301sident Ouattara est de\u0301ja\u0300 acquise. Il nous revient maintenant de la se\u0301curiser. \u00bb<\/p>\n<p>Les responsables RHDP d\u2019Europe ont e\u0301galement pris la parole. Le de\u0301le\u0301gue\u0301 pays de France, le pre\u0301sident des jeunes RHDP d\u2019Europe, la pre\u0301sidente RHDP de France ainsi que le de\u0301le\u0301gue\u0301 pays de Belgique ont unanimement exprime\u0301 leur soutien et leur volonte\u0301 de porter la candidature d\u2019Alassane Ouattara vers une victoire de\u0300s le premier tour.<\/p>\n<p>Ange Kacou N&rsquo;Da, pre\u0301sident du comite\u0301 d\u2019organisation en France, a salue\u0301 l\u2019engagement des militants et les a appele\u0301s a\u0300 rester mobilise\u0301s jusqu\u2019a\u0300 l\u2019e\u0301che\u0301ance e\u0301lectorale. Ouattara Dramane (OD), en chef d\u2019orchestre de cette mobilisation ine\u0301dite, a exprime\u0301 sa reconnaissance aux figures du parti qui ont soutenu cette initiative, notamment le pre\u0301sident du directoire Gilbert Kafana, le ministre d&rsquo;E\u0301tat Te\u0301ne\u0301 Birahima Ouattara, le ministre Cisse\u0301 Bacongo, la pre\u0301sidente du Se\u0301nat Kandia Camara, ainsi que plusieurs autres ministres.<\/p>\n<p>Il a rappele\u0301 les re\u0301alisations majeures du pre\u0301sident Ouattara en 14 ans de gouvernance, justifiant ainsi l&rsquo;appel a\u0300 sa candidature: stabilite\u0301 macroe\u0301conomique, infrastructures, re\u0301duction de la pauvrete\u0301, entre autres.<\/p>\n<p>Au Maroc, le ministre Bruno Kone\u0301 a exhorte\u0301 les militants a\u0300 l\u2019e\u0301coute de la direction du parti et a\u0300 une mobilisation totale pour une victoire \u00ab\u00a0un coup K.O\u00a0\u00bb. Des rassemblements tout aussi dynamiques ont e\u0301te\u0301 enregistre\u0301s a\u0300 Montre\u0301al, Dakar, Brazzaville, Libreville et New York, marquant une adhe\u0301sion forte de la diaspora au projet du RHDP.<\/p>\n<p>Ces manifestations, simultane\u0301es et massives, sont perc\u0327ues comme une de\u0301monstration de force du RHDP a\u0300 l\u2019international, mais e\u0301galement comme une monte\u0301e en puissance de Ouattara Dramane, figure montante du parti et architecte de cette ope\u0301ration coordonne\u0301e.<\/p>\n<p>\u00ab Cette mobilisation traduit une attente claire: que le pre\u0301sident Alassane Ouattara accepte d\u2019e\u0302tre a\u0300 nouveau candidat pour poursuivre l\u2019\u0153uvre entame\u0301e \u00bb, a conclu OD, galvanise\u0301 par le succe\u0300s de cette journe\u0301e.<\/p>\n<p><strong>Pour plus d&rsquo;informations et d&rsquo;analyses sur la <span style=\"color: #ff6600\">C\u00f4te d&rsquo;Ivoire<\/span>, suivez <span style=\"color: #ff6600\">Africa-Press<\/span><\/strong><\/p>\n","protected":false},"excerpt":{"rendered":"<p>Africa-Press &#8211; C\u00f4te d&rsquo;Ivoire. Comme rapporte\u0301 dimanche sur KOACI, le Samedi 14 juin 2025, la diaspora du Rassemblement des Houphoue\u0301tistes pour la De\u0301mocratie et la Paix (RHDP) a lance\u0301 un vibrant appel a\u0300 la candidature du pre\u0301sident Alassane Ouattara pour l\u2019e\u0301lection pre\u0301sidentielle du 25 octobre prochain. Plus de 25 000 militants, re\u0301partis entre Paris, New [&hellip;]<\/p>\n","protected":false},"author":82,"featured_media":100904,"comment_status":"open","ping_status":"closed","sticky":false,"template":"","format":"standard","meta":{"footnotes":""},"categories":[2,10],"tags":[661,16167,5252,29,275,1853,727,17992,312,371],"class_list":["post-100905","post","type-post","status-publish","format-standard","has-post-thumbnail","hentry","category-politique","category-toutes-les-actualites","tag-alassane","tag-appellent","tag-candidat","tag-cote-divoire","tag-diaspora","tag-militants","tag-ouattara","tag-porter","tag-presidentielle","tag-rhdp"],"yoast_head":"<!-- This site is optimized with the Yoast SEO Premium plugin v26.1 (Yoast SEO v27.0) - https:\/\/yoast.com\/product\/yoast-seo-premium-wordpress\/ -->\n<title>Mobilisation Mondiale du RHDP pour Ouattara 2025 - C\u00f4te d&#039;Ivoire<\/title>\n<meta name=\"description\" content=\"Comme rapporte\u0301 dimanche sur KOACI, le Samedi 14 juin 2025, la diaspora du Rassemblement des Houphoue\u0301tistes pour la De\u0301 ...\" \/>\n<meta name=\"robots\" content=\"index, follow, max-snippet:-1, max-image-preview:large, max-video-preview:-1\" \/>\n<link rel=\"canonical\" href=\"https:\/\/www.africa-press.net\/cotedivoire\/politique\/mobilisation-mondiale-du-rhdp-pour-ouattara-2025\" \/>\n<meta property=\"og:locale\" content=\"fr_FR\" \/>\n<meta property=\"og:type\" content=\"article\" \/>\n<meta property=\"og:title\" content=\"Mobilisation Mondiale du RHDP pour Ouattara 2025\" \/>\n<meta property=\"og:description\" content=\"Comme rapporte\u0301 dimanche sur KOACI, le Samedi 14 juin 2025, la diaspora du Rassemblement des Houphoue\u0301tistes pour la De\u0301 ...\" \/>\n<meta property=\"og:url\" content=\"https:\/\/www.africa-press.net\/cotedivoire\/politique\/mobilisation-mondiale-du-rhdp-pour-ouattara-2025\" \/>\n<meta property=\"og:site_name\" content=\"C\u00f4te d&#039;Ivoire\" \/>\n<meta property=\"article:published_time\" content=\"2025-06-17T17:20:40+00:00\" \/>\n<meta property=\"article:modified_time\" content=\"2025-06-17T17:44:09+00:00\" \/>\n<meta property=\"og:image\" content=\"https:\/\/static.africa-press.net\/cote\/sites\/43\/2025\/06\/sm_1750169628.709383.jpg\" \/>\n\t<meta property=\"og:image:width\" content=\"720\" \/>\n\t<meta property=\"og:image:height\" content=\"481\" \/>\n\t<meta property=\"og:image:type\" content=\"image\/jpeg\" \/>\n<meta name=\"author\" content=\"cfeditorfr\" \/>\n<meta name=\"twitter:card\" content=\"summary_large_image\" \/>\n<meta name=\"twitter:label1\" content=\"\u00c9crit par\" \/>\n\t<meta name=\"twitter:data1\" content=\"cfeditorfr\" \/>\n\t<meta name=\"twitter:label2\" content=\"Dur\u00e9e de lecture estim\u00e9e\" \/>\n\t<meta name=\"twitter:data2\" content=\"3 minutes\" \/>\n<script type=\"application\/ld+json\" class=\"yoast-schema-graph\">{\"@context\":\"https:\/\/schema.org\",\"@graph\":[{\"@type\":\"Article\",\"@id\":\"https:\/\/www.africa-press.net\/cotedivoire\/politique\/mobilisation-mondiale-du-rhdp-pour-ouattara-2025#article\",\"isPartOf\":{\"@id\":\"https:\/\/www.africa-press.net\/cotedivoire\/politique\/mobilisation-mondiale-du-rhdp-pour-ouattara-2025\"},\"author\":{\"name\":\"cfeditorfr\",\"@id\":\"https:\/\/www.africa-press.net\/cotedivoire\/#\/schema\/person\/2b1cf3cd81a31e3cd26889ca66d677f1\"},\"headline\":\"Mobilisation Mondiale du RHDP pour Ouattara 2025\",\"datePublished\":\"2025-06-17T17:20:40+00:00\",\"dateModified\":\"2025-06-17T17:44:09+00:00\",\"mainEntityOfPage\":{\"@id\":\"https:\/\/www.africa-press.net\/cotedivoire\/politique\/mobilisation-mondiale-du-rhdp-pour-ouattara-2025\"},\"wordCount\":598,\"commentCount\":0,\"image\":{\"@id\":\"https:\/\/www.africa-press.net\/cotedivoire\/politique\/mobilisation-mondiale-du-rhdp-pour-ouattara-2025#primaryimage\"},\"thumbnailUrl\":\"https:\/\/static.africa-press.net\/cote\/sites\/43\/2025\/06\/sm_1750169628.709383.jpg\",\"keywords\":[\"Alassane\",\"appellent\",\"candidat\",\"C\u00d4TE D'IVOIRE\",\"DIASPORA\",\"militants\",\"Ouattara\",\"porter\",\"pr\u00e9sidentielle\",\"RHDP\"],\"articleSection\":[\"Politique\",\"Toutes les actualit\u00e9s\"],\"inLanguage\":\"fr-FR\",\"potentialAction\":[{\"@type\":\"CommentAction\",\"name\":\"Comment\",\"target\":[\"https:\/\/www.africa-press.net\/cotedivoire\/politique\/mobilisation-mondiale-du-rhdp-pour-ouattara-2025#respond\"]}]},{\"@type\":\"WebPage\",\"@id\":\"https:\/\/www.africa-press.net\/cotedivoire\/politique\/mobilisation-mondiale-du-rhdp-pour-ouattara-2025\",\"url\":\"https:\/\/www.africa-press.net\/cotedivoire\/politique\/mobilisation-mondiale-du-rhdp-pour-ouattara-2025\",\"name\":\"Mobilisation Mondiale du RHDP pour Ouattara 2025 - C\u00f4te d&#039;Ivoire\",\"isPartOf\":{\"@id\":\"https:\/\/www.africa-press.net\/cotedivoire\/#website\"},\"primaryImageOfPage\":{\"@id\":\"https:\/\/www.africa-press.net\/cotedivoire\/politique\/mobilisation-mondiale-du-rhdp-pour-ouattara-2025#primaryimage\"},\"image\":{\"@id\":\"https:\/\/www.africa-press.net\/cotedivoire\/politique\/mobilisation-mondiale-du-rhdp-pour-ouattara-2025#primaryimage\"},\"thumbnailUrl\":\"https:\/\/static.africa-press.net\/cote\/sites\/43\/2025\/06\/sm_1750169628.709383.jpg\",\"datePublished\":\"2025-06-17T17:20:40+00:00\",\"dateModified\":\"2025-06-17T17:44:09+00:00\",\"author\":{\"@id\":\"https:\/\/www.africa-press.net\/cotedivoire\/#\/schema\/person\/2b1cf3cd81a31e3cd26889ca66d677f1\"},\"description\":\"Comme rapporte\u0301 dimanche sur KOACI, le Samedi 14 juin 2025, la diaspora du Rassemblement des Houphoue\u0301tistes pour la De\u0301 ...\",\"breadcrumb\":{\"@id\":\"https:\/\/www.africa-press.net\/cotedivoire\/politique\/mobilisation-mondiale-du-rhdp-pour-ouattara-2025#breadcrumb\"},\"inLanguage\":\"fr-FR\",\"potentialAction\":[{\"@type\":\"ReadAction\",\"target\":[\"https:\/\/www.africa-press.net\/cotedivoire\/politique\/mobilisation-mondiale-du-rhdp-pour-ouattara-2025\"]}]},{\"@type\":\"ImageObject\",\"inLanguage\":\"fr-FR\",\"@id\":\"https:\/\/www.africa-press.net\/cotedivoire\/politique\/mobilisation-mondiale-du-rhdp-pour-ouattara-2025#primaryimage\",\"url\":\"https:\/\/static.africa-press.net\/cote\/sites\/43\/2025\/06\/sm_1750169628.709383.jpg\",\"contentUrl\":\"https:\/\/static.africa-press.net\/cote\/sites\/43\/2025\/06\/sm_1750169628.709383.jpg\",\"width\":720,\"height\":481,\"caption\":\"Mobilisation Mondiale du RHDP pour Ouattara 2025\"},{\"@type\":\"BreadcrumbList\",\"@id\":\"https:\/\/www.africa-press.net\/cotedivoire\/politique\/mobilisation-mondiale-du-rhdp-pour-ouattara-2025#breadcrumb\",\"itemListElement\":[{\"@type\":\"ListItem\",\"position\":1,\"name\":\"Accueil\",\"item\":\"https:\/\/www.africa-press.net\/cotedivoire\/\"},{\"@type\":\"ListItem\",\"position\":2,\"name\":\"Mobilisation Mondiale du RHDP pour Ouattara 2025\"}]},{\"@type\":\"WebSite\",\"@id\":\"https:\/\/www.africa-press.net\/cotedivoire\/#website\",\"url\":\"https:\/\/www.africa-press.net\/cotedivoire\/\",\"name\":\"C\u00f4te d&#039;Ivoire\",\"description\":\"Just another Africa News Agency Sites site\",\"potentialAction\":[{\"@type\":\"SearchAction\",\"target\":{\"@type\":\"EntryPoint\",\"urlTemplate\":\"https:\/\/www.africa-press.net\/cotedivoire\/?s={search_term_string}\"},\"query-input\":{\"@type\":\"PropertyValueSpecification\",\"valueRequired\":true,\"valueName\":\"search_term_string\"}}],\"inLanguage\":\"fr-FR\"},{\"@type\":\"Person\",\"@id\":\"https:\/\/www.africa-press.net\/cotedivoire\/#\/schema\/person\/2b1cf3cd81a31e3cd26889ca66d677f1\",\"name\":\"cfeditorfr\"}]}<\/script>\n<!-- \/ Yoast SEO Premium plugin. -->","yoast_head_json":{"title":"Mobilisation Mondiale du RHDP pour Ouattara 2025 - C\u00f4te d&#039;Ivoire","description":"Comme rapporte\u0301 dimanche sur KOACI, le Samedi 14 juin 2025, la diaspora du Rassemblement des Houphoue\u0301tistes pour la De\u0301 ...","robots":{"index":"index","follow":"follow","max-snippet":"max-snippet:-1","max-image-preview":"max-image-preview:large","max-video-preview":"max-video-preview:-1"},"canonical":"https:\/\/www.africa-press.net\/cotedivoire\/politique\/mobilisation-mondiale-du-rhdp-pour-ouattara-2025","og_locale":"fr_FR","og_type":"article","og_title":"Mobilisation Mondiale du RHDP pour Ouattara 2025","og_description":"Comme rapporte\u0301 dimanche sur KOACI, le Samedi 14 juin 2025, la diaspora du Rassemblement des Houphoue\u0301tistes pour la De\u0301 ...","og_url":"https:\/\/www.africa-press.net\/cotedivoire\/politique\/mobilisation-mondiale-du-rhdp-pour-ouattara-2025","og_site_name":"C\u00f4te d&#039;Ivoire","article_published_time":"2025-06-17T17:20:40+00:00","article_modified_time":"2025-06-17T17:44:09+00:00","og_image":[{"width":720,"height":481,"url":"https:\/\/static.africa-press.net\/cote\/sites\/43\/2025\/06\/sm_1750169628.709383.jpg","type":"image\/jpeg"}],"author":"cfeditorfr","twitter_card":"summary_large_image","twitter_misc":{"\u00c9crit par":"cfeditorfr","Dur\u00e9e de lecture estim\u00e9e":"3 minutes"},"schema":{"@context":"https:\/\/schema.org","@graph":[{"@type":"Article","@id":"https:\/\/www.africa-press.net\/cotedivoire\/politique\/mobilisation-mondiale-du-rhdp-pour-ouattara-2025#article","isPartOf":{"@id":"https:\/\/www.africa-press.net\/cotedivoire\/politique\/mobilisation-mondiale-du-rhdp-pour-ouattara-2025"},"author":{"name":"cfeditorfr","@id":"https:\/\/www.africa-press.net\/cotedivoire\/#\/schema\/person\/2b1cf3cd81a31e3cd26889ca66d677f1"},"headline":"Mobilisation Mondiale du RHDP pour Ouattara 2025","datePublished":"2025-06-17T17:20:40+00:00","dateModified":"2025-06-17T17:44:09+00:00","mainEntityOfPage":{"@id":"https:\/\/www.africa-press.net\/cotedivoire\/politique\/mobilisation-mondiale-du-rhdp-pour-ouattara-2025"},"wordCount":598,"commentCount":0,"image":{"@id":"https:\/\/www.africa-press.net\/cotedivoire\/politique\/mobilisation-mondiale-du-rhdp-pour-ouattara-2025#primaryimage"},"thumbnailUrl":"https:\/\/static.africa-press.net\/cote\/sites\/43\/2025\/06\/sm_1750169628.709383.jpg","keywords":["Alassane","appellent","candidat","C\u00d4TE D'IVOIRE","DIASPORA","militants","Ouattara","porter","pr\u00e9sidentielle","RHDP"],"articleSection":["Politique","Toutes les actualit\u00e9s"],"inLanguage":"fr-FR","potentialAction":[{"@type":"CommentAction","name":"Comment","target":["https:\/\/www.africa-press.net\/cotedivoire\/politique\/mobilisation-mondiale-du-rhdp-pour-ouattara-2025#respond"]}]},{"@type":"WebPage","@id":"https:\/\/www.africa-press.net\/cotedivoire\/politique\/mobilisation-mondiale-du-rhdp-pour-ouattara-2025","url":"https:\/\/www.africa-press.net\/cotedivoire\/politique\/mobilisation-mondiale-du-rhdp-pour-ouattara-2025","name":"Mobilisation Mondiale du RHDP pour Ouattara 2025 - C\u00f4te d&#039;Ivoire","isPartOf":{"@id":"https:\/\/www.africa-press.net\/cotedivoire\/#website"},"primaryImageOfPage":{"@id":"https:\/\/www.africa-press.net\/cotedivoire\/politique\/mobilisation-mondiale-du-rhdp-pour-ouattara-2025#primaryimage"},"image":{"@id":"https:\/\/www.africa-press.net\/cotedivoire\/politique\/mobilisation-mondiale-du-rhdp-pour-ouattara-2025#primaryimage"},"thumbnailUrl":"https:\/\/static.africa-press.net\/cote\/sites\/43\/2025\/06\/sm_1750169628.709383.jpg","datePublished":"2025-06-17T17:20:40+00:00","dateModified":"2025-06-17T17:44:09+00:00","author":{"@id":"https:\/\/www.africa-press.net\/cotedivoire\/#\/schema\/person\/2b1cf3cd81a31e3cd26889ca66d677f1"},"description":"Comme rapporte\u0301 dimanche sur KOACI, le Samedi 14 juin 2025, la diaspora du Rassemblement des Houphoue\u0301tistes pour la De\u0301 ...","breadcrumb":{"@id":"https:\/\/www.africa-press.net\/cotedivoire\/politique\/mobilisation-mondiale-du-rhdp-pour-ouattara-2025#breadcrumb"},"inLanguage":"fr-FR","potentialAction":[{"@type":"ReadAction","target":["https:\/\/www.africa-press.net\/cotedivoire\/politique\/mobilisation-mondiale-du-rhdp-pour-ouattara-2025"]}]},{"@type":"ImageObject","inLanguage":"fr-FR","@id":"https:\/\/www.africa-press.net\/cotedivoire\/politique\/mobilisation-mondiale-du-rhdp-pour-ouattara-2025#primaryimage","url":"https:\/\/static.africa-press.net\/cote\/sites\/43\/2025\/06\/sm_1750169628.709383.jpg","contentUrl":"https:\/\/static.africa-press.net\/cote\/sites\/43\/2025\/06\/sm_1750169628.709383.jpg","width":720,"height":481,"caption":"Mobilisation Mondiale du RHDP pour Ouattara 2025"},{"@type":"BreadcrumbList","@id":"https:\/\/www.africa-press.net\/cotedivoire\/politique\/mobilisation-mondiale-du-rhdp-pour-ouattara-2025#breadcrumb","itemListElement":[{"@type":"ListItem","position":1,"name":"Accueil","item":"https:\/\/www.africa-press.net\/cotedivoire\/"},{"@type":"ListItem","position":2,"name":"Mobilisation Mondiale du RHDP pour Ouattara 2025"}]},{"@type":"WebSite","@id":"https:\/\/www.africa-press.net\/cotedivoire\/#website","url":"https:\/\/www.africa-press.net\/cotedivoire\/","name":"C\u00f4te d&#039;Ivoire","description":"Just another Africa News Agency Sites site","potentialAction":[{"@type":"SearchAction","target":{"@type":"EntryPoint","urlTemplate":"https:\/\/www.africa-press.net\/cotedivoire\/?s={search_term_string}"},"query-input":{"@type":"PropertyValueSpecification","valueRequired":true,"valueName":"search_term_string"}}],"inLanguage":"fr-FR"},{"@type":"Person","@id":"https:\/\/www.africa-press.net\/cotedivoire\/#\/schema\/person\/2b1cf3cd81a31e3cd26889ca66d677f1","name":"cfeditorfr"}]}},"_links":{"self":[{"href":"https:\/\/www.africa-press.net\/cotedivoire\/wp-json\/wp\/v2\/posts\/100905","targetHints":{"allow":["GET"]}}],"collection":[{"href":"https:\/\/www.africa-press.net\/cotedivoire\/wp-json\/wp\/v2\/posts"}],"about":[{"href":"https:\/\/www.africa-press.net\/cotedivoire\/wp-json\/wp\/v2\/types\/post"}],"author":[{"embeddable":true,"href":"https:\/\/www.africa-press.net\/cotedivoire\/wp-json\/wp\/v2\/users\/82"}],"replies":[{"embeddable":true,"href":"https:\/\/www.africa-press.net\/cotedivoire\/wp-json\/wp\/v2\/comments?post=100905"}],"version-history":[{"count":0,"href":"https:\/\/www.africa-press.net\/cotedivoire\/wp-json\/wp\/v2\/posts\/100905\/revisions"}],"wp:featuredmedia":[{"embeddable":true,"href":"https:\/\/www.africa-press.net\/cotedivoire\/wp-json\/wp\/v2\/media\/100904"}],"wp:attachment":[{"href":"https:\/\/www.africa-press.net\/cotedivoire\/wp-json\/wp\/v2\/media?parent=100905"}],"wp:term":[{"taxonomy":"category","embeddable":true,"href":"https:\/\/www.africa-press.net\/cotedivoire\/wp-json\/wp\/v2\/categories?post=100905"},{"taxonomy":"post_tag","embeddable":true,"href":"https:\/\/www.africa-press.net\/cotedivoire\/wp-json\/wp\/v2\/tags?post=100905"}],"curies":[{"name":"wp","href":"https:\/\/api.w.org\/{rel}","templated":true}]}}