{"id":100957,"date":"2025-06-18T14:52:35","date_gmt":"2025-06-18T14:52:35","guid":{"rendered":"https:\/\/www.africa-press.net\/cotedivoire\/politique\/cote-divoire-et-guinee-ouattara-souhaite-un-renouveau"},"modified":"2025-06-18T15:56:30","modified_gmt":"2025-06-18T15:56:30","slug":"cote-divoire-et-guinee-ouattara-souhaite-un-renouveau","status":"publish","type":"post","link":"https:\/\/www.africa-press.net\/cotedivoire\/politique\/cote-divoire-et-guinee-ouattara-souhaite-un-renouveau","title":{"rendered":"Co\u0302te d&rsquo;Ivoire et Guine\u0301e: Ouattara souhaite un renouveau"},"content":{"rendered":"<p><span style=\"color: #ff6600\"><strong>Africa-Press &#8211; C\u00f4te d&rsquo;Ivoire. <\/strong><\/span>Le Pre\u0301sident de la Re\u0301publique de Co\u0302te d\u2019Ivoire, Alassane Ouattara, a rec\u0327u en audience ce mardi au Palais pre\u0301sidentiel son homologue guine\u0301en, le Ge\u0301ne\u0301ral Mamadi Doumbouya, en visite d\u2019amitie\u0301 et de travail a\u0300 Abidjan. Cette rencontre marque une nouvelle e\u0301tape dans le renforcement des relations bilate\u0301rales entre les deux pays voisins, unis par des liens historiques, humains et e\u0301conomiques.<\/p>\n<p>De\u0300s le de\u0301but de son allocution, le Pre\u0301sident Ouattara a souhaite\u0301 la bienvenue au chef de l\u2019E\u0301tat guine\u0301en, a\u0300 son e\u0301pouse, ainsi qu\u2019a\u0300 toute sa de\u0301le\u0301gation, soulignant l\u2019importance de cette visite dans le contexte actuel.<\/p>\n<p>\u00ab Je vous souhaite a\u0300 vous-me\u0302me, ainsi qu\u2019a\u0300 la de\u0301le\u0301gation qui vous accompagne, la bienvenue en terre ivoirienne \u00bb, a de\u0301clare\u0301 le Pre\u0301sident ivoirien, saluant aussi la participation active de la Guine\u0301e a\u0300 des e\u0301ve\u0301nements re\u0301cents comme l\u2019Africa CEO Forum et le FEMUA 2025.<\/p>\n<p>Alassane Ouattara a rappele\u0301 les relations se\u0301culaires d\u2019amitie\u0301 et de coope\u0301ration entre la Co\u0302te d\u2019Ivoire et la Guine\u0301e, illustre\u0301es notamment par la forte pre\u0301sence de communaute\u0301s guine\u0301ennes et ivoiriennes vivant en harmonie dans les deux pays.<\/p>\n<p>\u00ab Nos pays sont fre\u0300res et amis. La communaute\u0301 guine\u0301enne vit en parfaite harmonie avec les Ivoiriens. Il en est de me\u0302me pour les Ivoiriens en Guine\u0301e \u00bb, a-t-il souligne\u0301.<\/p>\n<p>Le Pre\u0301sident ivoirien a e\u0301galement salue\u0301 le dialogue ouvert et since\u0300re qu\u2019il a eu avec son homologue guine\u0301en, au cours duquel des sujets majeurs ont e\u0301te\u0301 aborde\u0301s, notamment les relations e\u0301conomiques, la se\u0301curite\u0301 re\u0301gionale, et la situation politique dans les deux pays.<\/p>\n<p>Abordant la situation politique en Guine\u0301e, Alassane Ouattara a re\u0301ite\u0301re\u0301 le soutien de la Co\u0302te d\u2019Ivoire aux efforts de la transition engage\u0301s par le gouvernement guine\u0301en pour un retour a\u0300 l\u2019ordre constitutionnel.<\/p>\n<p>\u00ab La Co\u0302te d\u2019Ivoire suit avec un grand inte\u0301re\u0302t cette e\u0301volution. Notre v\u0153u est de voir la Guine\u0301e retrouver son lustre d\u2019antan \u00bb, a-t-il de\u0301clare\u0301, fe\u0301licitant le Pre\u0301sident Doumbouya pour les avance\u0301es du programme de de\u0301veloppement Simandou 2040.<\/p>\n<p>Le chef de l\u2019E\u0301tat ivoirien a salue\u0301 la progression de 78 % des e\u0301changes commerciaux entre les deux pays en 2024, atteignant environ 100 milliards de FCFA. Toutefois, il a insiste\u0301 sur la ne\u0301cessite\u0301 d\u2019aller plus loin, estimant que ce niveau reste en dec\u0327a\u0300 du potentiel re\u0301el des deux e\u0301conomies.<\/p>\n<p>Plusieurs projets strate\u0301giques ont e\u0301te\u0301 e\u0301voque\u0301s pour dynamiser la coope\u0301ration e\u0301conomique, notamment, le renforcement de la coope\u0301ration dans les secteurs des mines et de l\u2019e\u0301nergie, le bitumage de la route Lola, la fourniture d\u2019e\u0301nergie transfrontalie\u0300re et la construction du chemin de fer San-Pe\u0301dro \u2013 Mont Nimba \u2013 Conakry.<\/p>\n<p>Les deux parties ont e\u0301galement convenu d\u2019organiser rapidement la 3e session de la Grande Commission mixte de coope\u0301ration et d\u2019acce\u0301le\u0301rer les travaux de de\u0301limitation de leur frontie\u0300re commune.<\/p>\n<p>Au-dela\u0300 du cadre bilate\u0301ral, Alassane Ouattara et Mamadi Doumbouya ont e\u0301change\u0301 sur les enjeux se\u0301curitaires et humanitaires dans le Sahel. Le pre\u0301sident ivoirien a re\u0301affirme\u0301 la solidarite\u0301 de la Co\u0302te d\u2019Ivoire avec les pays touche\u0301s par l\u2019instabilite\u0301.<\/p>\n<p>\u00ab Nous sommes tous concerne\u0301s par ces situations difficiles. Il est essentiel d\u2019apporter une assistance pour faire face a\u0300 ces de\u0301fis \u00bb, a-t-il de\u0301clare\u0301.<\/p>\n<p>Les deux chefs d\u2019E\u0301tat ont e\u0301galement e\u0301voque\u0301 l\u2019Union du Fleuve Mano, appelant a\u0300 la reprise des re\u0301unions ministe\u0301rielles pour pre\u0301parer un sommet axe\u0301 sur l\u2019inte\u0301gration e\u0301conomique, la se\u0301curite\u0301 re\u0301gionale et la protection de l\u2019environnement.<\/p>\n<p>En conclusion, Alassane Ouattara a exprime\u0301 son souhait de voir la Guine\u0301e e\u0301voluer dans la paix et la stabilite\u0301, condition indispensable a\u0300 un de\u0301veloppement durable. Il a assure\u0301 son homologue de sa disponibilite\u0301 pour tout accompagnement ne\u0301cessaire.<\/p>\n<p>\u00ab Je vous souhaite l\u2019apaisement en Guine\u0301e pour permettre des e\u0301lections apaise\u0301es, comme nous avons l\u2019intention de le faire en Co\u0302te d\u2019Ivoire \u00bb, a-t-il affirme\u0301.<\/p>\n<p>Cette visite marque un tournant important dans les relations ivoiro-guine\u0301ennes, fonde\u0301es sur la fraternite\u0301, la solidarite\u0301 africaine et la volonte\u0301 commune de ba\u0302tir un avenir partage\u0301 pour leurs peuples.<\/p>\n\r\n                <style type=\"text\/css\">\r\n                    \r\n                    #td_uid_1_69f7308a7d3c5  .td-doubleSlider-2 .td-item1 {\r\n                        background: url(https:\/\/static.africa-press.net\/cote\/sites\/43\/2025\/06\/sm_1750249417.698733-80x60.jpg) 0 0 no-repeat;\r\n                    }\r\n                <\/style>\r\n\r\n                <div id=\"td_uid_1_69f7308a7d3c5\" class=\"td-gallery td-slide-on-2-columns\">\r\n                    <div class=\"post_td_gallery\">\r\n                        <div class=\"td-gallery-slide-top\">\r\n                           <div class=\"td-gallery-title\"><\/div>\r\n\r\n                            <div class=\"td-gallery-controls-wrapper\">\r\n                                <div class=\"td-gallery-slide-count\"><span class=\"td-gallery-slide-item-focus\">1<\/span> de 1<\/div>\r\n                                <div class=\"td-gallery-slide-prev-next-but\">\r\n                                    <i class = \"td-icon-left doubleSliderPrevButton\"><\/i>\r\n                                    <i class = \"td-icon-right doubleSliderNextButton\"><\/i>\r\n                                <\/div>\r\n                            <\/div>\r\n                        <\/div>\r\n\r\n                        <div class = \"td-doubleSlider-1 \">\r\n                            <div class = \"td-slider\">\r\n                                \r\n                    <div class = \"td-slide-item td-item1\">\r\n                        <figure class=\"td-slide-galery-figure td-slide-popup-gallery\">\r\n                            <a class=\"slide-gallery-image-link\" href=\"https:\/\/static.africa-press.net\/cote\/sites\/43\/2025\/06\/sm_1750249417.698733.jpg\" title=\"sm_1750249417.698733\"  data-caption=\"\"  data-description=\"\">\r\n                                <img decoding=\"async\" src=\"https:\/\/static.africa-press.net\/cote\/sites\/43\/2025\/06\/sm_1750249417.698733.jpg\" srcset=\"https:\/\/static.africa-press.net\/cote\/sites\/43\/2025\/06\/sm_1750249417.698733.jpg 1000w, https:\/\/static.africa-press.net\/cote\/sites\/43\/2025\/06\/sm_1750249417.698733-300x164.jpg 300w, https:\/\/static.africa-press.net\/cote\/sites\/43\/2025\/06\/sm_1750249417.698733-768x421.jpg 768w\" sizes=\"(max-width: 1000px) 100vw, 1000px\" alt=\"\">\r\n                            <\/a>\r\n                            \r\n                        <\/figure>\r\n                    <\/div>\r\n                            <\/div>\r\n                        <\/div>\r\n\r\n                        <div class = \"td-doubleSlider-2\">\r\n                            <div class = \"td-slider\">\r\n                                \r\n                    <div class = \"td-button td-item1\">\r\n                        <div class = \"td-border\"><\/div>\r\n                    <\/div>\r\n                            <\/div>\r\n                        <\/div>\r\n\r\n                    <\/div>\r\n\r\n                <\/div>\r\n                \n<p><strong>Pour plus d&rsquo;informations et d&rsquo;analyses sur la <span style=\"color: #ff6600\">C\u00f4te d&rsquo;Ivoire<\/span>, suivez <span style=\"color: #ff6600\">Africa-Press<\/span><\/strong><\/p>\n","protected":false},"excerpt":{"rendered":"<p>Africa-Press &#8211; C\u00f4te d&rsquo;Ivoire. Le Pre\u0301sident de la Re\u0301publique de Co\u0302te d\u2019Ivoire, Alassane Ouattara, a rec\u0327u en audience ce mardi au Palais pre\u0301sidentiel son homologue guine\u0301en, le Ge\u0301ne\u0301ral Mamadi Doumbouya, en visite d\u2019amitie\u0301 et de travail a\u0300 Abidjan. Cette rencontre marque une nouvelle e\u0301tape dans le renforcement des relations bilate\u0301rales entre les deux pays voisins, [&hellip;]<\/p>\n","protected":false},"author":82,"featured_media":100956,"comment_status":"open","ping_status":"closed","sticky":false,"template":"","format":"standard","meta":{"footnotes":""},"categories":[2,20,10],"tags":[30,661,29,18004,18005,727,386,17106],"class_list":["post-100957","post","type-post","status-publish","format-standard","has-post-thumbnail","hentry","category-politique","category-top-nouvelles","category-toutes-les-actualites","tag-abidjan","tag-alassane","tag-cote-divoire","tag-doumbouya","tag-mamadi","tag-ouattara","tag-rencontre","tag-renforcent"],"yoast_head":"<!-- This site is optimized with the Yoast SEO Premium plugin v26.1 (Yoast SEO v27.0) - https:\/\/yoast.com\/product\/yoast-seo-premium-wordpress\/ -->\n<title>Co\u0302te d&#039;Ivoire et Guine\u0301e: Ouattara souhaite un renouveau - C\u00f4te d&#039;Ivoire<\/title>\n<meta name=\"description\" content=\"Le Pre\u0301sident de la Re\u0301publique de Co\u0302te d\u2019Ivoire, Alassane Ouattara, a rec\u0327u en audience ce mardi au Palais pre\u0301sidenti ...\" \/>\n<meta name=\"robots\" content=\"index, follow, max-snippet:-1, max-image-preview:large, max-video-preview:-1\" \/>\n<link rel=\"canonical\" href=\"https:\/\/www.africa-press.net\/cotedivoire\/politique\/cote-divoire-et-guinee-ouattara-souhaite-un-renouveau\" \/>\n<meta property=\"og:locale\" content=\"fr_FR\" \/>\n<meta property=\"og:type\" content=\"article\" \/>\n<meta property=\"og:title\" content=\"Co\u0302te d&#039;Ivoire et Guine\u0301e: Ouattara souhaite un renouveau\" \/>\n<meta property=\"og:description\" content=\"Le Pre\u0301sident de la Re\u0301publique de Co\u0302te d\u2019Ivoire, Alassane Ouattara, a rec\u0327u en audience ce mardi au Palais pre\u0301sidenti ...\" \/>\n<meta property=\"og:url\" content=\"https:\/\/www.africa-press.net\/cotedivoire\/politique\/cote-divoire-et-guinee-ouattara-souhaite-un-renouveau\" \/>\n<meta property=\"og:site_name\" content=\"C\u00f4te d&#039;Ivoire\" \/>\n<meta property=\"article:published_time\" content=\"2025-06-18T14:52:35+00:00\" \/>\n<meta property=\"article:modified_time\" content=\"2025-06-18T15:56:30+00:00\" \/>\n<meta property=\"og:image\" content=\"https:\/\/static.africa-press.net\/cote\/sites\/43\/2025\/06\/sm_1750249423.556284.jpg\" \/>\n\t<meta property=\"og:image:width\" content=\"720\" \/>\n\t<meta property=\"og:image:height\" content=\"396\" \/>\n\t<meta property=\"og:image:type\" content=\"image\/jpeg\" \/>\n<meta name=\"author\" content=\"cfeditorfr\" \/>\n<meta name=\"twitter:card\" content=\"summary_large_image\" \/>\n<meta name=\"twitter:label1\" content=\"\u00c9crit par\" \/>\n\t<meta name=\"twitter:data1\" content=\"cfeditorfr\" \/>\n\t<meta name=\"twitter:label2\" content=\"Dur\u00e9e de lecture estim\u00e9e\" \/>\n\t<meta name=\"twitter:data2\" content=\"4 minutes\" \/>\n<script type=\"application\/ld+json\" class=\"yoast-schema-graph\">{\"@context\":\"https:\/\/schema.org\",\"@graph\":[{\"@type\":\"Article\",\"@id\":\"https:\/\/www.africa-press.net\/cotedivoire\/politique\/cote-divoire-et-guinee-ouattara-souhaite-un-renouveau#article\",\"isPartOf\":{\"@id\":\"https:\/\/www.africa-press.net\/cotedivoire\/politique\/cote-divoire-et-guinee-ouattara-souhaite-un-renouveau\"},\"author\":{\"name\":\"cfeditorfr\",\"@id\":\"https:\/\/www.africa-press.net\/cotedivoire\/#\/schema\/person\/2b1cf3cd81a31e3cd26889ca66d677f1\"},\"headline\":\"Co\u0302te d&rsquo;Ivoire et Guine\u0301e: Ouattara souhaite un renouveau\",\"datePublished\":\"2025-06-18T14:52:35+00:00\",\"dateModified\":\"2025-06-18T15:56:30+00:00\",\"mainEntityOfPage\":{\"@id\":\"https:\/\/www.africa-press.net\/cotedivoire\/politique\/cote-divoire-et-guinee-ouattara-souhaite-un-renouveau\"},\"wordCount\":802,\"commentCount\":0,\"image\":{\"@id\":\"https:\/\/www.africa-press.net\/cotedivoire\/politique\/cote-divoire-et-guinee-ouattara-souhaite-un-renouveau#primaryimage\"},\"thumbnailUrl\":\"https:\/\/static.africa-press.net\/cote\/sites\/43\/2025\/06\/sm_1750249423.556284.jpg\",\"keywords\":[\"Abidjan\",\"Alassane\",\"C\u00d4TE D'IVOIRE\",\"Doumbouya\",\"Mamadi\",\"Ouattara\",\"rencontre\",\"renforcent\"],\"articleSection\":[\"Politique\",\"Top Nouvelles\",\"Toutes les actualit\u00e9s\"],\"inLanguage\":\"fr-FR\",\"potentialAction\":[{\"@type\":\"CommentAction\",\"name\":\"Comment\",\"target\":[\"https:\/\/www.africa-press.net\/cotedivoire\/politique\/cote-divoire-et-guinee-ouattara-souhaite-un-renouveau#respond\"]}]},{\"@type\":\"WebPage\",\"@id\":\"https:\/\/www.africa-press.net\/cotedivoire\/politique\/cote-divoire-et-guinee-ouattara-souhaite-un-renouveau\",\"url\":\"https:\/\/www.africa-press.net\/cotedivoire\/politique\/cote-divoire-et-guinee-ouattara-souhaite-un-renouveau\",\"name\":\"Co\u0302te d'Ivoire et Guine\u0301e: Ouattara souhaite un renouveau - C\u00f4te d&#039;Ivoire\",\"isPartOf\":{\"@id\":\"https:\/\/www.africa-press.net\/cotedivoire\/#website\"},\"primaryImageOfPage\":{\"@id\":\"https:\/\/www.africa-press.net\/cotedivoire\/politique\/cote-divoire-et-guinee-ouattara-souhaite-un-renouveau#primaryimage\"},\"image\":{\"@id\":\"https:\/\/www.africa-press.net\/cotedivoire\/politique\/cote-divoire-et-guinee-ouattara-souhaite-un-renouveau#primaryimage\"},\"thumbnailUrl\":\"https:\/\/static.africa-press.net\/cote\/sites\/43\/2025\/06\/sm_1750249423.556284.jpg\",\"datePublished\":\"2025-06-18T14:52:35+00:00\",\"dateModified\":\"2025-06-18T15:56:30+00:00\",\"author\":{\"@id\":\"https:\/\/www.africa-press.net\/cotedivoire\/#\/schema\/person\/2b1cf3cd81a31e3cd26889ca66d677f1\"},\"description\":\"Le Pre\u0301sident de la Re\u0301publique de Co\u0302te d\u2019Ivoire, Alassane Ouattara, a rec\u0327u en audience ce mardi au Palais pre\u0301sidenti ...\",\"breadcrumb\":{\"@id\":\"https:\/\/www.africa-press.net\/cotedivoire\/politique\/cote-divoire-et-guinee-ouattara-souhaite-un-renouveau#breadcrumb\"},\"inLanguage\":\"fr-FR\",\"potentialAction\":[{\"@type\":\"ReadAction\",\"target\":[\"https:\/\/www.africa-press.net\/cotedivoire\/politique\/cote-divoire-et-guinee-ouattara-souhaite-un-renouveau\"]}]},{\"@type\":\"ImageObject\",\"inLanguage\":\"fr-FR\",\"@id\":\"https:\/\/www.africa-press.net\/cotedivoire\/politique\/cote-divoire-et-guinee-ouattara-souhaite-un-renouveau#primaryimage\",\"url\":\"https:\/\/static.africa-press.net\/cote\/sites\/43\/2025\/06\/sm_1750249423.556284.jpg\",\"contentUrl\":\"https:\/\/static.africa-press.net\/cote\/sites\/43\/2025\/06\/sm_1750249423.556284.jpg\",\"width\":720,\"height\":396,\"caption\":\"Co\u0302te d'Ivoire et Guine\u0301e: Ouattara souhaite un renouveau\"},{\"@type\":\"BreadcrumbList\",\"@id\":\"https:\/\/www.africa-press.net\/cotedivoire\/politique\/cote-divoire-et-guinee-ouattara-souhaite-un-renouveau#breadcrumb\",\"itemListElement\":[{\"@type\":\"ListItem\",\"position\":1,\"name\":\"Accueil\",\"item\":\"https:\/\/www.africa-press.net\/cotedivoire\/\"},{\"@type\":\"ListItem\",\"position\":2,\"name\":\"Co\u0302te d&#8217;Ivoire et Guine\u0301e: Ouattara souhaite un renouveau\"}]},{\"@type\":\"WebSite\",\"@id\":\"https:\/\/www.africa-press.net\/cotedivoire\/#website\",\"url\":\"https:\/\/www.africa-press.net\/cotedivoire\/\",\"name\":\"C\u00f4te d&#039;Ivoire\",\"description\":\"Just another Africa News Agency Sites site\",\"potentialAction\":[{\"@type\":\"SearchAction\",\"target\":{\"@type\":\"EntryPoint\",\"urlTemplate\":\"https:\/\/www.africa-press.net\/cotedivoire\/?s={search_term_string}\"},\"query-input\":{\"@type\":\"PropertyValueSpecification\",\"valueRequired\":true,\"valueName\":\"search_term_string\"}}],\"inLanguage\":\"fr-FR\"},{\"@type\":\"Person\",\"@id\":\"https:\/\/www.africa-press.net\/cotedivoire\/#\/schema\/person\/2b1cf3cd81a31e3cd26889ca66d677f1\",\"name\":\"cfeditorfr\"}]}<\/script>\n<!-- \/ Yoast SEO Premium plugin. -->","yoast_head_json":{"title":"Co\u0302te d'Ivoire et Guine\u0301e: Ouattara souhaite un renouveau - C\u00f4te d&#039;Ivoire","description":"Le Pre\u0301sident de la Re\u0301publique de Co\u0302te d\u2019Ivoire, Alassane Ouattara, a rec\u0327u en audience ce mardi au Palais pre\u0301sidenti ...","robots":{"index":"index","follow":"follow","max-snippet":"max-snippet:-1","max-image-preview":"max-image-preview:large","max-video-preview":"max-video-preview:-1"},"canonical":"https:\/\/www.africa-press.net\/cotedivoire\/politique\/cote-divoire-et-guinee-ouattara-souhaite-un-renouveau","og_locale":"fr_FR","og_type":"article","og_title":"Co\u0302te d'Ivoire et Guine\u0301e: Ouattara souhaite un renouveau","og_description":"Le Pre\u0301sident de la Re\u0301publique de Co\u0302te d\u2019Ivoire, Alassane Ouattara, a rec\u0327u en audience ce mardi au Palais pre\u0301sidenti ...","og_url":"https:\/\/www.africa-press.net\/cotedivoire\/politique\/cote-divoire-et-guinee-ouattara-souhaite-un-renouveau","og_site_name":"C\u00f4te d&#039;Ivoire","article_published_time":"2025-06-18T14:52:35+00:00","article_modified_time":"2025-06-18T15:56:30+00:00","og_image":[{"width":720,"height":396,"url":"https:\/\/static.africa-press.net\/cote\/sites\/43\/2025\/06\/sm_1750249423.556284.jpg","type":"image\/jpeg"}],"author":"cfeditorfr","twitter_card":"summary_large_image","twitter_misc":{"\u00c9crit par":"cfeditorfr","Dur\u00e9e de lecture estim\u00e9e":"4 minutes"},"schema":{"@context":"https:\/\/schema.org","@graph":[{"@type":"Article","@id":"https:\/\/www.africa-press.net\/cotedivoire\/politique\/cote-divoire-et-guinee-ouattara-souhaite-un-renouveau#article","isPartOf":{"@id":"https:\/\/www.africa-press.net\/cotedivoire\/politique\/cote-divoire-et-guinee-ouattara-souhaite-un-renouveau"},"author":{"name":"cfeditorfr","@id":"https:\/\/www.africa-press.net\/cotedivoire\/#\/schema\/person\/2b1cf3cd81a31e3cd26889ca66d677f1"},"headline":"Co\u0302te d&rsquo;Ivoire et Guine\u0301e: Ouattara souhaite un renouveau","datePublished":"2025-06-18T14:52:35+00:00","dateModified":"2025-06-18T15:56:30+00:00","mainEntityOfPage":{"@id":"https:\/\/www.africa-press.net\/cotedivoire\/politique\/cote-divoire-et-guinee-ouattara-souhaite-un-renouveau"},"wordCount":802,"commentCount":0,"image":{"@id":"https:\/\/www.africa-press.net\/cotedivoire\/politique\/cote-divoire-et-guinee-ouattara-souhaite-un-renouveau#primaryimage"},"thumbnailUrl":"https:\/\/static.africa-press.net\/cote\/sites\/43\/2025\/06\/sm_1750249423.556284.jpg","keywords":["Abidjan","Alassane","C\u00d4TE D'IVOIRE","Doumbouya","Mamadi","Ouattara","rencontre","renforcent"],"articleSection":["Politique","Top Nouvelles","Toutes les actualit\u00e9s"],"inLanguage":"fr-FR","potentialAction":[{"@type":"CommentAction","name":"Comment","target":["https:\/\/www.africa-press.net\/cotedivoire\/politique\/cote-divoire-et-guinee-ouattara-souhaite-un-renouveau#respond"]}]},{"@type":"WebPage","@id":"https:\/\/www.africa-press.net\/cotedivoire\/politique\/cote-divoire-et-guinee-ouattara-souhaite-un-renouveau","url":"https:\/\/www.africa-press.net\/cotedivoire\/politique\/cote-divoire-et-guinee-ouattara-souhaite-un-renouveau","name":"Co\u0302te d'Ivoire et Guine\u0301e: Ouattara souhaite un renouveau - C\u00f4te d&#039;Ivoire","isPartOf":{"@id":"https:\/\/www.africa-press.net\/cotedivoire\/#website"},"primaryImageOfPage":{"@id":"https:\/\/www.africa-press.net\/cotedivoire\/politique\/cote-divoire-et-guinee-ouattara-souhaite-un-renouveau#primaryimage"},"image":{"@id":"https:\/\/www.africa-press.net\/cotedivoire\/politique\/cote-divoire-et-guinee-ouattara-souhaite-un-renouveau#primaryimage"},"thumbnailUrl":"https:\/\/static.africa-press.net\/cote\/sites\/43\/2025\/06\/sm_1750249423.556284.jpg","datePublished":"2025-06-18T14:52:35+00:00","dateModified":"2025-06-18T15:56:30+00:00","author":{"@id":"https:\/\/www.africa-press.net\/cotedivoire\/#\/schema\/person\/2b1cf3cd81a31e3cd26889ca66d677f1"},"description":"Le Pre\u0301sident de la Re\u0301publique de Co\u0302te d\u2019Ivoire, Alassane Ouattara, a rec\u0327u en audience ce mardi au Palais pre\u0301sidenti ...","breadcrumb":{"@id":"https:\/\/www.africa-press.net\/cotedivoire\/politique\/cote-divoire-et-guinee-ouattara-souhaite-un-renouveau#breadcrumb"},"inLanguage":"fr-FR","potentialAction":[{"@type":"ReadAction","target":["https:\/\/www.africa-press.net\/cotedivoire\/politique\/cote-divoire-et-guinee-ouattara-souhaite-un-renouveau"]}]},{"@type":"ImageObject","inLanguage":"fr-FR","@id":"https:\/\/www.africa-press.net\/cotedivoire\/politique\/cote-divoire-et-guinee-ouattara-souhaite-un-renouveau#primaryimage","url":"https:\/\/static.africa-press.net\/cote\/sites\/43\/2025\/06\/sm_1750249423.556284.jpg","contentUrl":"https:\/\/static.africa-press.net\/cote\/sites\/43\/2025\/06\/sm_1750249423.556284.jpg","width":720,"height":396,"caption":"Co\u0302te d'Ivoire et Guine\u0301e: Ouattara souhaite un renouveau"},{"@type":"BreadcrumbList","@id":"https:\/\/www.africa-press.net\/cotedivoire\/politique\/cote-divoire-et-guinee-ouattara-souhaite-un-renouveau#breadcrumb","itemListElement":[{"@type":"ListItem","position":1,"name":"Accueil","item":"https:\/\/www.africa-press.net\/cotedivoire\/"},{"@type":"ListItem","position":2,"name":"Co\u0302te d&#8217;Ivoire et Guine\u0301e: Ouattara souhaite un renouveau"}]},{"@type":"WebSite","@id":"https:\/\/www.africa-press.net\/cotedivoire\/#website","url":"https:\/\/www.africa-press.net\/cotedivoire\/","name":"C\u00f4te d&#039;Ivoire","description":"Just another Africa News Agency Sites site","potentialAction":[{"@type":"SearchAction","target":{"@type":"EntryPoint","urlTemplate":"https:\/\/www.africa-press.net\/cotedivoire\/?s={search_term_string}"},"query-input":{"@type":"PropertyValueSpecification","valueRequired":true,"valueName":"search_term_string"}}],"inLanguage":"fr-FR"},{"@type":"Person","@id":"https:\/\/www.africa-press.net\/cotedivoire\/#\/schema\/person\/2b1cf3cd81a31e3cd26889ca66d677f1","name":"cfeditorfr"}]}},"_links":{"self":[{"href":"https:\/\/www.africa-press.net\/cotedivoire\/wp-json\/wp\/v2\/posts\/100957","targetHints":{"allow":["GET"]}}],"collection":[{"href":"https:\/\/www.africa-press.net\/cotedivoire\/wp-json\/wp\/v2\/posts"}],"about":[{"href":"https:\/\/www.africa-press.net\/cotedivoire\/wp-json\/wp\/v2\/types\/post"}],"author":[{"embeddable":true,"href":"https:\/\/www.africa-press.net\/cotedivoire\/wp-json\/wp\/v2\/users\/82"}],"replies":[{"embeddable":true,"href":"https:\/\/www.africa-press.net\/cotedivoire\/wp-json\/wp\/v2\/comments?post=100957"}],"version-history":[{"count":0,"href":"https:\/\/www.africa-press.net\/cotedivoire\/wp-json\/wp\/v2\/posts\/100957\/revisions"}],"wp:featuredmedia":[{"embeddable":true,"href":"https:\/\/www.africa-press.net\/cotedivoire\/wp-json\/wp\/v2\/media\/100956"}],"wp:attachment":[{"href":"https:\/\/www.africa-press.net\/cotedivoire\/wp-json\/wp\/v2\/media?parent=100957"}],"wp:term":[{"taxonomy":"category","embeddable":true,"href":"https:\/\/www.africa-press.net\/cotedivoire\/wp-json\/wp\/v2\/categories?post=100957"},{"taxonomy":"post_tag","embeddable":true,"href":"https:\/\/www.africa-press.net\/cotedivoire\/wp-json\/wp\/v2\/tags?post=100957"}],"curies":[{"name":"wp","href":"https:\/\/api.w.org\/{rel}","templated":true}]}}