{"id":100983,"date":"2025-06-18T14:59:54","date_gmt":"2025-06-18T14:59:54","guid":{"rendered":"https:\/\/www.africa-press.net\/cotedivoire\/politique\/fif-strategie-dtn-pour-ecosysteme-de-talents-national"},"modified":"2025-06-18T15:58:45","modified_gmt":"2025-06-18T15:58:45","slug":"fif-strategie-dtn-pour-ecosysteme-de-talents-national","status":"publish","type":"post","link":"https:\/\/www.africa-press.net\/cotedivoire\/sports\/fif-strategie-dtn-pour-ecosysteme-de-talents-national","title":{"rendered":"FIF Strat\u00e9gie DTN pour \u00c9cosyst\u00e8me de Talents National"},"content":{"rendered":"<p><span style=\"color: #ff6600\"><strong>Africa-Press &#8211; C\u00f4te d&rsquo;Ivoire. <\/strong><\/span>La Direction Technique Nationale (DTN) de la Fe\u0301de\u0301ration Ivoirienne de Football (FIF) se re\u0301veille enfin et de\u0301voile sa strate\u0301gie pour construire un e\u0301cosyste\u0300me cohe\u0301rent et performant, capable de faire e\u0301clore les talents sur l\u2019ensemble du territoire national.<\/p>\n<p>C\u2019e\u0301tait au cours d\u2019une rencontre le mardi 17 juin 2025 avec les pre\u0301sidents des 12 Ligues Re\u0301gionales en pre\u0301sence du pre\u0301sident de la FIF, Yacine Idriss Diallo.<\/p>\n<p>Pilote\u0301e par le Directeur Technique National, M. Loune\u0300s Hattab, cette initiative marque une e\u0301tape de\u0301cisive vers la structuration du football ivoirien a\u0300 la base.<\/p>\n<p>Pour ce faire, une Commission Technique Re\u0301gionale sera mise en place dans chaque Ligue. Elle sera compose\u0301e d\u2019un Conseiller Technique Re\u0301gional, du Pre\u0301sident de la Ligue concerne\u0301e et d\u2019une personne ressource. Cette commission sera charge\u0301e de coordonner et de superviser la mise en \u0153uvre des actions suivantes:<\/p>\n<p>Le recensement des structures de football de base, de pre\u0301formation, de formation, parmi les associations affilie\u0301es et non affilie\u0301es ; Le recensement des cadres techniques avec leurs niveaux de diplo\u0302mes ; Le recensement des licencie\u0301s, filles et garc\u0327ons, re\u0301partis par tranches d\u2019a\u0302ges ; Une ope\u0301ration de de\u0301tection des jeunes athle\u0300tes des cate\u0301gories U12 a\u0300 U15, garc\u0327ons et filles ; La constitution de se\u0301lections re\u0301gionales dans chaque Ligue ; L\u2019organisation de compe\u0301titions inter-Ligues ; L\u2019identification des talents en vue de la cre\u0301ation d\u2019une Acade\u0301mie Fe\u0301de\u0301rale ; La formation de\u0301centralise\u0301e des cadres techniques a\u0300 travers le territoire ; Le de\u0301veloppement du championnat fe\u0301minin ; L\u2019organisation d\u2019une Journe\u0301e nationale du football fe\u0301minin.<\/p>\n<p>Lors de cette rencontre, le Pre\u0301sident Yacine Idriss Diallo a salue\u0301 l\u2019initiative de la DTN et souligne\u0301 son importance strate\u0301gique pour l\u2019avenir du football ivoirien.<\/p>\n<p>\u00ab On a demande\u0301 au DTN d&rsquo;aller plus loin pour faire jouer le football sur l&rsquo;ensemble du territoire, mieux comprendre l&rsquo;e\u0301cosyste\u0300me et de\u0301velopper une activite\u0301 nationale dans les meilleures conditions. Vous avez un ro\u0302le important pour re\u0301ussir cette premie\u0300re e\u0301tape, puis les compe\u0301titions. Ces actions vont permettre de fixer un cadre pour mieux organiser et prote\u0301ger nos enfants. \u00bb<\/p>\n<p>Le Pre\u0301sident de la FIF a par ailleurs insiste\u0301 sur la responsabilite\u0301 des Pre\u0301sidents de Ligue:<\/p>\n<p>\u00ab J\u2019accorde une grande importance a\u0300 cette ope\u0301ration. Je veux compter sur vous pour un travail se\u0301rieux, pour que le football ivoirien franchisse un autre palier. Vous e\u0302tes nos Ambassadeurs a\u0300 l\u2019inte\u0301rieur du pays. Au bout d\u2019une anne\u0301e, nous pourrons faire un bilan. \u00bb<\/p>\n<p>Ce projet de de\u0301veloppement constitue une re\u0301ponse concre\u0300te aux besoins de structuration et de de\u0301veloppement du football a\u0300 la base. Il place les Ligues au c\u0153ur du dispositif, avec une forte implication des responsables locaux et re\u0301gionaux.<\/p>\n<p>Par cette dynamique, la FIF entend ba\u0302tir un avenir solide pour le football ivoirien, en assurant un maillage national efficace et en re\u0301ve\u0301lant les talents de demain, fait-on savoir.<\/p>\n<p><strong>Pour plus d&rsquo;informations et d&rsquo;analyses sur la <span style=\"color: #ff6600\">C\u00f4te d&rsquo;Ivoire<\/span>, suivez <span style=\"color: #ff6600\">Africa-Press<\/span><\/strong><\/p>\n","protected":false},"excerpt":{"rendered":"<p>Africa-Press &#8211; C\u00f4te d&rsquo;Ivoire. La Direction Technique Nationale (DTN) de la Fe\u0301de\u0301ration Ivoirienne de Football (FIF) se re\u0301veille enfin et de\u0301voile sa strate\u0301gie pour construire un e\u0301cosyste\u0300me cohe\u0301rent et performant, capable de faire e\u0301clore les talents sur l\u2019ensemble du territoire national. C\u2019e\u0301tait au cours d\u2019une rencontre le mardi 17 juin 2025 avec les pre\u0301sidents des [&hellip;]<\/p>\n","protected":false},"author":82,"featured_media":100981,"comment_status":"open","ping_status":"closed","sticky":false,"template":"","format":"standard","meta":{"footnotes":""},"categories":[6,10],"tags":[29,7482,859,1356,18016,16446],"class_list":["post-100983","post","type-post","status-publish","format-standard","has-post-thumbnail","hentry","category-sports","category-toutes-les-actualites","tag-cote-divoire","tag-dtn","tag-fif","tag-idriss-diallo","tag-ligues-regionales","tag-lounes-hattab"],"yoast_head":"<!-- This site is optimized with the Yoast SEO Premium plugin v26.1 (Yoast SEO v27.0) - https:\/\/yoast.com\/product\/yoast-seo-premium-wordpress\/ -->\n<title>FIF Strat\u00e9gie DTN pour \u00c9cosyst\u00e8me de Talents National - C\u00f4te d&#039;Ivoire<\/title>\n<meta name=\"description\" content=\"La Direction Technique Nationale (DTN) de la Fe\u0301de\u0301ration Ivoirienne de Football (FIF) se re\u0301veille enfin et de\u0301voile sa ...\" \/>\n<meta name=\"robots\" content=\"index, follow, max-snippet:-1, max-image-preview:large, max-video-preview:-1\" \/>\n<link rel=\"canonical\" href=\"https:\/\/www.africa-press.net\/cotedivoire\/sports\/fif-strategie-dtn-pour-ecosysteme-de-talents-national\" \/>\n<meta property=\"og:locale\" content=\"fr_FR\" \/>\n<meta property=\"og:type\" content=\"article\" \/>\n<meta property=\"og:title\" content=\"FIF Strat\u00e9gie DTN pour \u00c9cosyst\u00e8me de Talents National\" \/>\n<meta property=\"og:description\" content=\"La Direction Technique Nationale (DTN) de la Fe\u0301de\u0301ration Ivoirienne de Football (FIF) se re\u0301veille enfin et de\u0301voile sa ...\" \/>\n<meta property=\"og:url\" content=\"https:\/\/www.africa-press.net\/cotedivoire\/sports\/fif-strategie-dtn-pour-ecosysteme-de-talents-national\" \/>\n<meta property=\"og:site_name\" content=\"C\u00f4te d&#039;Ivoire\" \/>\n<meta property=\"article:published_time\" content=\"2025-06-18T14:59:54+00:00\" \/>\n<meta property=\"article:modified_time\" content=\"2025-06-18T15:58:45+00:00\" \/>\n<meta property=\"og:image\" content=\"https:\/\/static.africa-press.net\/cote\/sites\/43\/2025\/06\/sm_1750249694.606083.jpg\" \/>\n\t<meta property=\"og:image:width\" content=\"720\" \/>\n\t<meta property=\"og:image:height\" content=\"422\" \/>\n\t<meta property=\"og:image:type\" content=\"image\/jpeg\" \/>\n<meta name=\"author\" content=\"cfeditorfr\" \/>\n<meta name=\"twitter:card\" content=\"summary_large_image\" \/>\n<meta name=\"twitter:label1\" content=\"\u00c9crit par\" \/>\n\t<meta name=\"twitter:data1\" content=\"cfeditorfr\" \/>\n\t<meta name=\"twitter:label2\" content=\"Dur\u00e9e de lecture estim\u00e9e\" \/>\n\t<meta name=\"twitter:data2\" content=\"3 minutes\" \/>\n<script type=\"application\/ld+json\" class=\"yoast-schema-graph\">{\"@context\":\"https:\/\/schema.org\",\"@graph\":[{\"@type\":\"Article\",\"@id\":\"https:\/\/www.africa-press.net\/cotedivoire\/sports\/fif-strategie-dtn-pour-ecosysteme-de-talents-national#article\",\"isPartOf\":{\"@id\":\"https:\/\/www.africa-press.net\/cotedivoire\/sports\/fif-strategie-dtn-pour-ecosysteme-de-talents-national\"},\"author\":{\"name\":\"cfeditorfr\",\"@id\":\"https:\/\/www.africa-press.net\/cotedivoire\/#\/schema\/person\/2b1cf3cd81a31e3cd26889ca66d677f1\"},\"headline\":\"FIF Strat\u00e9gie DTN pour \u00c9cosyst\u00e8me de Talents National\",\"datePublished\":\"2025-06-18T14:59:54+00:00\",\"dateModified\":\"2025-06-18T15:58:45+00:00\",\"mainEntityOfPage\":{\"@id\":\"https:\/\/www.africa-press.net\/cotedivoire\/sports\/fif-strategie-dtn-pour-ecosysteme-de-talents-national\"},\"wordCount\":565,\"commentCount\":0,\"image\":{\"@id\":\"https:\/\/www.africa-press.net\/cotedivoire\/sports\/fif-strategie-dtn-pour-ecosysteme-de-talents-national#primaryimage\"},\"thumbnailUrl\":\"https:\/\/static.africa-press.net\/cote\/sites\/43\/2025\/06\/sm_1750249694.606083.jpg\",\"keywords\":[\"C\u00d4TE D'IVOIRE\",\"DTN\",\"FIF\",\"Idriss Diallo\",\"Ligues R\u00e9gionales\",\"Loun\u00e8s Hattab\"],\"articleSection\":[\"Sports\",\"Toutes les actualit\u00e9s\"],\"inLanguage\":\"fr-FR\",\"potentialAction\":[{\"@type\":\"CommentAction\",\"name\":\"Comment\",\"target\":[\"https:\/\/www.africa-press.net\/cotedivoire\/sports\/fif-strategie-dtn-pour-ecosysteme-de-talents-national#respond\"]}]},{\"@type\":\"WebPage\",\"@id\":\"https:\/\/www.africa-press.net\/cotedivoire\/sports\/fif-strategie-dtn-pour-ecosysteme-de-talents-national\",\"url\":\"https:\/\/www.africa-press.net\/cotedivoire\/sports\/fif-strategie-dtn-pour-ecosysteme-de-talents-national\",\"name\":\"FIF Strat\u00e9gie DTN pour \u00c9cosyst\u00e8me de Talents National - C\u00f4te d&#039;Ivoire\",\"isPartOf\":{\"@id\":\"https:\/\/www.africa-press.net\/cotedivoire\/#website\"},\"primaryImageOfPage\":{\"@id\":\"https:\/\/www.africa-press.net\/cotedivoire\/sports\/fif-strategie-dtn-pour-ecosysteme-de-talents-national#primaryimage\"},\"image\":{\"@id\":\"https:\/\/www.africa-press.net\/cotedivoire\/sports\/fif-strategie-dtn-pour-ecosysteme-de-talents-national#primaryimage\"},\"thumbnailUrl\":\"https:\/\/static.africa-press.net\/cote\/sites\/43\/2025\/06\/sm_1750249694.606083.jpg\",\"datePublished\":\"2025-06-18T14:59:54+00:00\",\"dateModified\":\"2025-06-18T15:58:45+00:00\",\"author\":{\"@id\":\"https:\/\/www.africa-press.net\/cotedivoire\/#\/schema\/person\/2b1cf3cd81a31e3cd26889ca66d677f1\"},\"description\":\"La Direction Technique Nationale (DTN) de la Fe\u0301de\u0301ration Ivoirienne de Football (FIF) se re\u0301veille enfin et de\u0301voile sa ...\",\"breadcrumb\":{\"@id\":\"https:\/\/www.africa-press.net\/cotedivoire\/sports\/fif-strategie-dtn-pour-ecosysteme-de-talents-national#breadcrumb\"},\"inLanguage\":\"fr-FR\",\"potentialAction\":[{\"@type\":\"ReadAction\",\"target\":[\"https:\/\/www.africa-press.net\/cotedivoire\/sports\/fif-strategie-dtn-pour-ecosysteme-de-talents-national\"]}]},{\"@type\":\"ImageObject\",\"inLanguage\":\"fr-FR\",\"@id\":\"https:\/\/www.africa-press.net\/cotedivoire\/sports\/fif-strategie-dtn-pour-ecosysteme-de-talents-national#primaryimage\",\"url\":\"https:\/\/static.africa-press.net\/cote\/sites\/43\/2025\/06\/sm_1750249694.606083.jpg\",\"contentUrl\":\"https:\/\/static.africa-press.net\/cote\/sites\/43\/2025\/06\/sm_1750249694.606083.jpg\",\"width\":720,\"height\":422,\"caption\":\"FIF Strat\u00e9gie DTN pour \u00c9cosyst\u00e8me de Talents National\"},{\"@type\":\"BreadcrumbList\",\"@id\":\"https:\/\/www.africa-press.net\/cotedivoire\/sports\/fif-strategie-dtn-pour-ecosysteme-de-talents-national#breadcrumb\",\"itemListElement\":[{\"@type\":\"ListItem\",\"position\":1,\"name\":\"Accueil\",\"item\":\"https:\/\/www.africa-press.net\/cotedivoire\/\"},{\"@type\":\"ListItem\",\"position\":2,\"name\":\"FIF Strat\u00e9gie DTN pour \u00c9cosyst\u00e8me de Talents National\"}]},{\"@type\":\"WebSite\",\"@id\":\"https:\/\/www.africa-press.net\/cotedivoire\/#website\",\"url\":\"https:\/\/www.africa-press.net\/cotedivoire\/\",\"name\":\"C\u00f4te d&#039;Ivoire\",\"description\":\"Just another Africa News Agency Sites site\",\"potentialAction\":[{\"@type\":\"SearchAction\",\"target\":{\"@type\":\"EntryPoint\",\"urlTemplate\":\"https:\/\/www.africa-press.net\/cotedivoire\/?s={search_term_string}\"},\"query-input\":{\"@type\":\"PropertyValueSpecification\",\"valueRequired\":true,\"valueName\":\"search_term_string\"}}],\"inLanguage\":\"fr-FR\"},{\"@type\":\"Person\",\"@id\":\"https:\/\/www.africa-press.net\/cotedivoire\/#\/schema\/person\/2b1cf3cd81a31e3cd26889ca66d677f1\",\"name\":\"cfeditorfr\"}]}<\/script>\n<!-- \/ Yoast SEO Premium plugin. -->","yoast_head_json":{"title":"FIF Strat\u00e9gie DTN pour \u00c9cosyst\u00e8me de Talents National - C\u00f4te d&#039;Ivoire","description":"La Direction Technique Nationale (DTN) de la Fe\u0301de\u0301ration Ivoirienne de Football (FIF) se re\u0301veille enfin et de\u0301voile sa ...","robots":{"index":"index","follow":"follow","max-snippet":"max-snippet:-1","max-image-preview":"max-image-preview:large","max-video-preview":"max-video-preview:-1"},"canonical":"https:\/\/www.africa-press.net\/cotedivoire\/sports\/fif-strategie-dtn-pour-ecosysteme-de-talents-national","og_locale":"fr_FR","og_type":"article","og_title":"FIF Strat\u00e9gie DTN pour \u00c9cosyst\u00e8me de Talents National","og_description":"La Direction Technique Nationale (DTN) de la Fe\u0301de\u0301ration Ivoirienne de Football (FIF) se re\u0301veille enfin et de\u0301voile sa ...","og_url":"https:\/\/www.africa-press.net\/cotedivoire\/sports\/fif-strategie-dtn-pour-ecosysteme-de-talents-national","og_site_name":"C\u00f4te d&#039;Ivoire","article_published_time":"2025-06-18T14:59:54+00:00","article_modified_time":"2025-06-18T15:58:45+00:00","og_image":[{"width":720,"height":422,"url":"https:\/\/static.africa-press.net\/cote\/sites\/43\/2025\/06\/sm_1750249694.606083.jpg","type":"image\/jpeg"}],"author":"cfeditorfr","twitter_card":"summary_large_image","twitter_misc":{"\u00c9crit par":"cfeditorfr","Dur\u00e9e de lecture estim\u00e9e":"3 minutes"},"schema":{"@context":"https:\/\/schema.org","@graph":[{"@type":"Article","@id":"https:\/\/www.africa-press.net\/cotedivoire\/sports\/fif-strategie-dtn-pour-ecosysteme-de-talents-national#article","isPartOf":{"@id":"https:\/\/www.africa-press.net\/cotedivoire\/sports\/fif-strategie-dtn-pour-ecosysteme-de-talents-national"},"author":{"name":"cfeditorfr","@id":"https:\/\/www.africa-press.net\/cotedivoire\/#\/schema\/person\/2b1cf3cd81a31e3cd26889ca66d677f1"},"headline":"FIF Strat\u00e9gie DTN pour \u00c9cosyst\u00e8me de Talents National","datePublished":"2025-06-18T14:59:54+00:00","dateModified":"2025-06-18T15:58:45+00:00","mainEntityOfPage":{"@id":"https:\/\/www.africa-press.net\/cotedivoire\/sports\/fif-strategie-dtn-pour-ecosysteme-de-talents-national"},"wordCount":565,"commentCount":0,"image":{"@id":"https:\/\/www.africa-press.net\/cotedivoire\/sports\/fif-strategie-dtn-pour-ecosysteme-de-talents-national#primaryimage"},"thumbnailUrl":"https:\/\/static.africa-press.net\/cote\/sites\/43\/2025\/06\/sm_1750249694.606083.jpg","keywords":["C\u00d4TE D'IVOIRE","DTN","FIF","Idriss Diallo","Ligues R\u00e9gionales","Loun\u00e8s Hattab"],"articleSection":["Sports","Toutes les actualit\u00e9s"],"inLanguage":"fr-FR","potentialAction":[{"@type":"CommentAction","name":"Comment","target":["https:\/\/www.africa-press.net\/cotedivoire\/sports\/fif-strategie-dtn-pour-ecosysteme-de-talents-national#respond"]}]},{"@type":"WebPage","@id":"https:\/\/www.africa-press.net\/cotedivoire\/sports\/fif-strategie-dtn-pour-ecosysteme-de-talents-national","url":"https:\/\/www.africa-press.net\/cotedivoire\/sports\/fif-strategie-dtn-pour-ecosysteme-de-talents-national","name":"FIF Strat\u00e9gie DTN pour \u00c9cosyst\u00e8me de Talents National - C\u00f4te d&#039;Ivoire","isPartOf":{"@id":"https:\/\/www.africa-press.net\/cotedivoire\/#website"},"primaryImageOfPage":{"@id":"https:\/\/www.africa-press.net\/cotedivoire\/sports\/fif-strategie-dtn-pour-ecosysteme-de-talents-national#primaryimage"},"image":{"@id":"https:\/\/www.africa-press.net\/cotedivoire\/sports\/fif-strategie-dtn-pour-ecosysteme-de-talents-national#primaryimage"},"thumbnailUrl":"https:\/\/static.africa-press.net\/cote\/sites\/43\/2025\/06\/sm_1750249694.606083.jpg","datePublished":"2025-06-18T14:59:54+00:00","dateModified":"2025-06-18T15:58:45+00:00","author":{"@id":"https:\/\/www.africa-press.net\/cotedivoire\/#\/schema\/person\/2b1cf3cd81a31e3cd26889ca66d677f1"},"description":"La Direction Technique Nationale (DTN) de la Fe\u0301de\u0301ration Ivoirienne de Football (FIF) se re\u0301veille enfin et de\u0301voile sa ...","breadcrumb":{"@id":"https:\/\/www.africa-press.net\/cotedivoire\/sports\/fif-strategie-dtn-pour-ecosysteme-de-talents-national#breadcrumb"},"inLanguage":"fr-FR","potentialAction":[{"@type":"ReadAction","target":["https:\/\/www.africa-press.net\/cotedivoire\/sports\/fif-strategie-dtn-pour-ecosysteme-de-talents-national"]}]},{"@type":"ImageObject","inLanguage":"fr-FR","@id":"https:\/\/www.africa-press.net\/cotedivoire\/sports\/fif-strategie-dtn-pour-ecosysteme-de-talents-national#primaryimage","url":"https:\/\/static.africa-press.net\/cote\/sites\/43\/2025\/06\/sm_1750249694.606083.jpg","contentUrl":"https:\/\/static.africa-press.net\/cote\/sites\/43\/2025\/06\/sm_1750249694.606083.jpg","width":720,"height":422,"caption":"FIF Strat\u00e9gie DTN pour \u00c9cosyst\u00e8me de Talents National"},{"@type":"BreadcrumbList","@id":"https:\/\/www.africa-press.net\/cotedivoire\/sports\/fif-strategie-dtn-pour-ecosysteme-de-talents-national#breadcrumb","itemListElement":[{"@type":"ListItem","position":1,"name":"Accueil","item":"https:\/\/www.africa-press.net\/cotedivoire\/"},{"@type":"ListItem","position":2,"name":"FIF Strat\u00e9gie DTN pour \u00c9cosyst\u00e8me de Talents National"}]},{"@type":"WebSite","@id":"https:\/\/www.africa-press.net\/cotedivoire\/#website","url":"https:\/\/www.africa-press.net\/cotedivoire\/","name":"C\u00f4te d&#039;Ivoire","description":"Just another Africa News Agency Sites site","potentialAction":[{"@type":"SearchAction","target":{"@type":"EntryPoint","urlTemplate":"https:\/\/www.africa-press.net\/cotedivoire\/?s={search_term_string}"},"query-input":{"@type":"PropertyValueSpecification","valueRequired":true,"valueName":"search_term_string"}}],"inLanguage":"fr-FR"},{"@type":"Person","@id":"https:\/\/www.africa-press.net\/cotedivoire\/#\/schema\/person\/2b1cf3cd81a31e3cd26889ca66d677f1","name":"cfeditorfr"}]}},"_links":{"self":[{"href":"https:\/\/www.africa-press.net\/cotedivoire\/wp-json\/wp\/v2\/posts\/100983","targetHints":{"allow":["GET"]}}],"collection":[{"href":"https:\/\/www.africa-press.net\/cotedivoire\/wp-json\/wp\/v2\/posts"}],"about":[{"href":"https:\/\/www.africa-press.net\/cotedivoire\/wp-json\/wp\/v2\/types\/post"}],"author":[{"embeddable":true,"href":"https:\/\/www.africa-press.net\/cotedivoire\/wp-json\/wp\/v2\/users\/82"}],"replies":[{"embeddable":true,"href":"https:\/\/www.africa-press.net\/cotedivoire\/wp-json\/wp\/v2\/comments?post=100983"}],"version-history":[{"count":0,"href":"https:\/\/www.africa-press.net\/cotedivoire\/wp-json\/wp\/v2\/posts\/100983\/revisions"}],"wp:featuredmedia":[{"embeddable":true,"href":"https:\/\/www.africa-press.net\/cotedivoire\/wp-json\/wp\/v2\/media\/100981"}],"wp:attachment":[{"href":"https:\/\/www.africa-press.net\/cotedivoire\/wp-json\/wp\/v2\/media?parent=100983"}],"wp:term":[{"taxonomy":"category","embeddable":true,"href":"https:\/\/www.africa-press.net\/cotedivoire\/wp-json\/wp\/v2\/categories?post=100983"},{"taxonomy":"post_tag","embeddable":true,"href":"https:\/\/www.africa-press.net\/cotedivoire\/wp-json\/wp\/v2\/tags?post=100983"}],"curies":[{"name":"wp","href":"https:\/\/api.w.org\/{rel}","templated":true}]}}