{"id":10099,"date":"2021-07-19T12:59:51","date_gmt":"2021-07-19T12:59:51","guid":{"rendered":"https:\/\/www.africa-press.net\/cotedivoire\/politique\/tabaski-au-sahel-le-commerce-de-moutons-mis-en-peril-par-la-maudite-guerre"},"modified":"2021-07-19T17:56:07","modified_gmt":"2021-07-19T17:56:07","slug":"tabaski-au-sahel-le-commerce-de-moutons-mis-en-peril-par-la-maudite-guerre","status":"publish","type":"post","link":"https:\/\/www.africa-press.net\/cotedivoire\/economie\/tabaski-au-sahel-le-commerce-de-moutons-mis-en-peril-par-la-maudite-guerre","title":{"rendered":"Tabaski\u00a0: au Sahel, le commerce de moutons mis en p\u00e9ril par la \u00ab\u00a0maudite\u00a0\u00bb guerre"},"content":{"rendered":"<p><span style=\"color: #ff6600\"><strong><a href=\"https:\/\/www.africa-press.net\/\">Africa-Press<\/a> &#8211; <a href=\"https:\/\/www.africa-press.net\/cotedivoire\">C\u00f4te d&rsquo;Ivoire<\/a>. <\/strong><\/span><b>\u00ab Il y a une p\u00e9nurie comme on n\u2019en a jamais connu \u00e0 cause de cette maudite crise s\u00e9curitaire ! \u00bb<\/b><\/p>\n<p>Les traits tir\u00e9s, la t\u00eate envelopp\u00e9e dans un turban bleu, le vendeur de moutons nig\u00e9rien Ali Zada ne d\u00e9col\u00e8re pas. Son travail : acheter des moutons dans sa r\u00e9gion, Tillab\u00e9ri \u2013 dans la r\u00e9gion en conflit dite des \u00ab trois fronti\u00e8res \u00bb entre Mali, Burkina Faso et Niger \u2013, puis les revendre dans la capitale du Niger. Mais cette ann\u00e9e, rien ne va : \u00ab Avant, je pouvais amener \u00e0 Niamey jusqu\u2019\u00e0 500 t\u00eates de moutons, mais regardez\u2026 \u00bb, pr\u00e9cise-t-il en se tournant.<\/p>\n<p>Rencontr\u00e9 jeudi 15 juillet, \u00e0 peine trente animaux squelettiques le suivaient alors timidement. Il esp\u00e9rait les avoir revendus d\u2019ici \u00e0 mardi, jour de la f\u00eate musulmane du sacrifice, l\u2019A\u00efd el-Adha, qu\u2019on appelle Tabaski en Afrique de l\u2019Ouest, o\u00f9 les fid\u00e8les partagent en famille et avec leurs voisins un mouton sacrifi\u00e9 le jour m\u00eame.<\/p>\n<p>Comme lui, ils sont des millions d\u2019\u00e9leveurs, revendeurs et acheteurs \u00e0 se lamenter de l\u2019impact de la guerre sur \u00ab la grande f\u00eate \u00bb : des moutons moins nombreux et des prix qui s\u2019envolent.<\/p>\n<p><b>Banditisme et groupes arm\u00e9s locaux<\/b><\/p>\n<p>Depuis 2012 et l\u2019\u00e9mergence d\u2019un conflit ind\u00e9pendantiste dans le nord du Mali, celui-ci s\u2019est m\u00e9tastas\u00e9 et \u00e9tendu dans les trois pays du Sahel central (Mali, Burkina Faso et Niger). Des violences communautaires et djihadistes \u2013 de groupes affili\u00e9s \u00e0 l\u2019Etat islamique ou \u00e0 Al-Qaida \u2013 endeuillent d\u00e9sormais quotidiennement ces pays.<\/p>\n<p>En plus d\u2019avoir largement recrut\u00e9 parmi ces populations pastorales marginalis\u00e9es par les Etats centraux, les djihadistes pr\u00e9l\u00e8vent dans les zones o\u00f9 ils sont puissants l\u2019imp\u00f4t islamique (zakat), souvent sous forme de b\u00e9tail. Et les pasteurs sont aussi victimes des s\u00e9cheresses r\u00e9p\u00e9titives du Sahel qui ont d\u00e9cim\u00e9 les cheptels.<\/p>\n<p>A ces pressions djihadiste et climatique s\u2019ajoute enfin l\u2019essor du banditisme et de groupes arm\u00e9s locaux autoproclam\u00e9s d\u2019autod\u00e9fense. Au fil des ans, le vol de b\u00e9tail est ipso facto devenu un \u00e9l\u00e9ment central de l\u2019\u00e9conomie de la guerre.<\/p>\n<p><b>\u00ab Les \u00e9leveurs n\u2019ont plus la libert\u00e9 de leur pleine mobilit\u00e9 \u00bb<\/b><\/p>\n<p>, r\u00e9sume Abdoul Aziz Ag Alwaly, cadre du R\u00e9seau Billital Maroob\u00e9, association ouest-africaine de d\u00e9fense des int\u00e9r\u00eats des pasteurs. \u00ab Sur le parcours entre le lieu d\u2019\u00e9levage et le point de vente, il y a de plus en plus de risques et de \u201cfrais\u201d \u00bb, explique-t-il, en r\u00e9f\u00e9rence aux attaques de groupes arm\u00e9s ou au racket de bandits.<\/p>\n<p><b>Mort et ins\u00e9curit\u00e9<\/b><\/p>\n<p><b>\u00ab Tu \u00e9l\u00e8ves tes animaux pendant des mois et un bandit vient te les arracher en quelques minutes \u00bb<\/b><\/p>\n<p>, souligne Mamane Sani, membre d\u2019une association locale de consommateurs nig\u00e9rienne. Alors beaucoup d\u2019\u00e9leveurs n\u2019ont pas fait le trajet pour la f\u00eate, et les march\u00e9s des centres urbains ne sont pas bond\u00e9s comme \u00e0 l\u2019ordinaire.<\/p>\n<p>Au Sahel, chacun conna\u00eet quelqu\u2019un \u00e0 qui il est arriv\u00e9 malheur. Pour Issa Ou\u00e9draogo, vendeur de 33 ans rencontr\u00e9 sur le march\u00e9 de Tanghin \u00e0 Ouagadougou, capitale du Burkina Faso, c\u2019\u00e9tait l\u2019un de ses fournisseurs. \u00ab Il s\u2019est vu arracher plus de 200 t\u00eates de bovins et son cousin qui gardait les b\u00eates a \u00e9t\u00e9 abattu \u00bb, raconte-il.<\/p>\n<p>La mort et l\u2019ins\u00e9curit\u00e9 \u00ab sont devenues la norme pour des millions de Sah\u00e9liens, et particuli\u00e8rement nous autres \u00e9leveurs. Il faut que les gens s\u2019en rendent compte \u00bb, souligne un membre d\u2019une association pastorale \u00e0 Bamako, anonymement.<\/p>\n<p>A Toukarou, principal march\u00e9 \u00e0 b\u00e9tail de Niamey, le percepteur de la taxe d\u2019entr\u00e9e des b\u00eates en ville Moussa Abdou regrette le pass\u00e9 et ses \u00ab incessantes navettes de camions charg\u00e9s de moutons \u00bb. En ce moment, dit-il, il y a \u00ab un ou deux camions avec quelques dizaines de b\u00eates par jour, c\u2019est tout ! \u00bb.<\/p>\n<p><b>\u00ab C\u2019est plus du double ! \u00bb<\/b><\/p>\n<p>Plus loin dans les rues de la capitale nig\u00e9rienne, sous les 45 \u00b0C du milieu de journ\u00e9e, Maazou Zakou tra\u00eene les pieds avec ses quinze b\u00e9liers. \u00ab Je suis bien \u00e9reint\u00e9 et les b\u00eates ne veulent plus avancer \u00bb, explique l\u2019\u00e9leveur, transpirant \u00e0 grosses gouttes. Il essaie sans succ\u00e8s de les \u00e9couler depuis le matin, mais ne veut pas se r\u00e9soudre \u00e0 baisser le prix de vente.<\/p>\n<p>Partout, on entend le m\u00eame discours pour expliquer la flamb\u00e9e des prix : du c\u00f4t\u00e9 des vendeurs, on plaide l\u2019ins\u00e9curit\u00e9 et les soucis rencontr\u00e9s sur la route vers le lieu de vente pour augmenter le prix. Les acheteurs, eux, ne peuvent d\u00e9bourser plus que de raison dans un contexte \u00e9conomique d\u00e9l\u00e9t\u00e8re.<\/p>\n<p><b>\u00ab Les moutons que l\u2019on payait \u00e0 35 000 francs CFA<\/b><\/p>\n<p>[53 euros] sont pass\u00e9s \u00e0 80 000 [120 euros]. C\u2019est plus du double !, explique Ahmed Ciss\u00e9 \u00e0 Ouagadougou, venu acheter le sien pour la f\u00eate. Les prix sont trop \u00e9lev\u00e9s pour la bourse d\u2019un fonctionnaire. \u00bb<\/p>\n<p>Au Mali, le gouvernement a lanc\u00e9 une \u00ab vente promotionnelle \u00bb \u00e0 quelques jours de la Tabaski pour \u00ab permettre aux populations les plus d\u00e9favoris\u00e9es d\u2019acheter un mouton \u00bb, selon le ministre de l\u2019\u00e9levage, Youba Ba.<\/p>\n<p>L\u2019ins\u00e9curit\u00e9 a fait monter les prix, reconnait-il, mais il affirme que l\u2019arm\u00e9e a \u00ab s\u00e9curis\u00e9 \u00bb des corridors pastoraux pour permettre l\u2019acheminement des b\u00eates. Il se veut rassurant : tout a \u00e9t\u00e9 fait pour que \u00ab chaque Malien ait un mouton \u00e0 \u00e9gorger mardi \u00bb.<\/p>\n","protected":false},"excerpt":{"rendered":"<p>Africa-Press &#8211; C\u00f4te d&rsquo;Ivoire. \u00ab Il y a une p\u00e9nurie comme on n\u2019en a jamais connu \u00e0 cause de cette maudite crise s\u00e9curitaire ! \u00bb Les traits tir\u00e9s, la t\u00eate envelopp\u00e9e dans un turban bleu, le vendeur de moutons nig\u00e9rien Ali Zada ne d\u00e9col\u00e8re pas. Son travail : acheter des moutons dans sa r\u00e9gion, Tillab\u00e9ri [&hellip;]<\/p>\n","protected":false},"author":82,"featured_media":10098,"comment_status":"open","ping_status":"closed","sticky":false,"template":"","format":"standard","meta":{"footnotes":""},"categories":[3,11,20,10],"tags":[56,63,29],"class_list":["post-10099","post","type-post","status-publish","format-standard","has-post-thumbnail","hentry","category-economie","category-homepage-french","category-top-nouvelles","category-toutes-les-actualites","tag-africa-press","tag-africa-press-cote-divoire","tag-cote-divoire"],"yoast_head":"<!-- This site is optimized with the Yoast SEO Premium plugin v26.1 (Yoast SEO v27.0) - https:\/\/yoast.com\/product\/yoast-seo-premium-wordpress\/ -->\n<title>Tabaski\u00a0: au Sahel, le commerce de moutons mis en p\u00e9ril par la \u00ab\u00a0maudite\u00a0\u00bb guerre - C\u00f4te d&#039;Ivoire<\/title>\n<meta name=\"description\" content=\"\u00ab Il y a une p\u00e9nurie comme on n\u2019en a jamais connu \u00e0 cause de cette maudite crise s\u00e9curitaire ! \u00bb Les traits tir\u00e9 ...\" \/>\n<meta name=\"robots\" content=\"index, follow, max-snippet:-1, max-image-preview:large, max-video-preview:-1\" \/>\n<link rel=\"canonical\" href=\"https:\/\/www.africa-press.net\/cotedivoire\/economie\/tabaski-au-sahel-le-commerce-de-moutons-mis-en-peril-par-la-maudite-guerre\" \/>\n<meta property=\"og:locale\" content=\"fr_FR\" \/>\n<meta property=\"og:type\" content=\"article\" \/>\n<meta property=\"og:title\" content=\"Tabaski\u00a0: au Sahel, le commerce de moutons mis en p\u00e9ril par la \u00ab\u00a0maudite\u00a0\u00bb guerre\" \/>\n<meta property=\"og:description\" content=\"\u00ab Il y a une p\u00e9nurie comme on n\u2019en a jamais connu \u00e0 cause de cette maudite crise s\u00e9curitaire ! \u00bb Les traits tir\u00e9 ...\" \/>\n<meta property=\"og:url\" content=\"https:\/\/www.africa-press.net\/cotedivoire\/economie\/tabaski-au-sahel-le-commerce-de-moutons-mis-en-peril-par-la-maudite-guerre\" \/>\n<meta property=\"og:site_name\" content=\"C\u00f4te d&#039;Ivoire\" \/>\n<meta property=\"article:published_time\" content=\"2021-07-19T12:59:51+00:00\" \/>\n<meta property=\"article:modified_time\" content=\"2021-07-19T17:56:07+00:00\" \/>\n<meta property=\"og:image\" content=\"https:\/\/static.africa-press.net\/cote\/sites\/43\/2021\/07\/img-60f576f83735b.jpg\" \/>\n\t<meta property=\"og:image:width\" content=\"1440\" \/>\n\t<meta property=\"og:image:height\" content=\"720\" \/>\n\t<meta property=\"og:image:type\" content=\"image\/jpeg\" \/>\n<meta name=\"author\" content=\"cfeditorfr\" \/>\n<meta name=\"twitter:card\" content=\"summary_large_image\" \/>\n<meta name=\"twitter:label1\" content=\"\u00c9crit par\" \/>\n\t<meta name=\"twitter:data1\" content=\"cfeditorfr\" \/>\n\t<meta name=\"twitter:label2\" content=\"Dur\u00e9e de lecture estim\u00e9e\" \/>\n\t<meta name=\"twitter:data2\" content=\"5 minutes\" \/>\n<script type=\"application\/ld+json\" class=\"yoast-schema-graph\">{\"@context\":\"https:\/\/schema.org\",\"@graph\":[{\"@type\":\"Article\",\"@id\":\"https:\/\/www.africa-press.net\/cotedivoire\/economie\/tabaski-au-sahel-le-commerce-de-moutons-mis-en-peril-par-la-maudite-guerre#article\",\"isPartOf\":{\"@id\":\"https:\/\/www.africa-press.net\/cotedivoire\/economie\/tabaski-au-sahel-le-commerce-de-moutons-mis-en-peril-par-la-maudite-guerre\"},\"author\":{\"name\":\"cfeditorfr\",\"@id\":\"https:\/\/www.africa-press.net\/cotedivoire\/#\/schema\/person\/2b1cf3cd81a31e3cd26889ca66d677f1\"},\"headline\":\"Tabaski\u00a0: au Sahel, le commerce de moutons mis en p\u00e9ril par la \u00ab\u00a0maudite\u00a0\u00bb guerre\",\"datePublished\":\"2021-07-19T12:59:51+00:00\",\"dateModified\":\"2021-07-19T17:56:07+00:00\",\"mainEntityOfPage\":{\"@id\":\"https:\/\/www.africa-press.net\/cotedivoire\/economie\/tabaski-au-sahel-le-commerce-de-moutons-mis-en-peril-par-la-maudite-guerre\"},\"wordCount\":939,\"commentCount\":0,\"image\":{\"@id\":\"https:\/\/www.africa-press.net\/cotedivoire\/economie\/tabaski-au-sahel-le-commerce-de-moutons-mis-en-peril-par-la-maudite-guerre#primaryimage\"},\"thumbnailUrl\":\"https:\/\/static.africa-press.net\/cote\/sites\/43\/2021\/07\/img-60f576f83735b.jpg\",\"keywords\":[\"Africa Press\",\"Africa Press-C\u00f4te d'Ivoire\",\"C\u00d4TE D'IVOIRE\"],\"articleSection\":[\"\u00c9conomie\",\"homepage-french\",\"Top Nouvelles\",\"Toutes les actualit\u00e9s\"],\"inLanguage\":\"fr-FR\",\"potentialAction\":[{\"@type\":\"CommentAction\",\"name\":\"Comment\",\"target\":[\"https:\/\/www.africa-press.net\/cotedivoire\/economie\/tabaski-au-sahel-le-commerce-de-moutons-mis-en-peril-par-la-maudite-guerre#respond\"]}]},{\"@type\":\"WebPage\",\"@id\":\"https:\/\/www.africa-press.net\/cotedivoire\/economie\/tabaski-au-sahel-le-commerce-de-moutons-mis-en-peril-par-la-maudite-guerre\",\"url\":\"https:\/\/www.africa-press.net\/cotedivoire\/economie\/tabaski-au-sahel-le-commerce-de-moutons-mis-en-peril-par-la-maudite-guerre\",\"name\":\"Tabaski\u00a0: au Sahel, le commerce de moutons mis en p\u00e9ril par la \u00ab\u00a0maudite\u00a0\u00bb guerre - C\u00f4te d&#039;Ivoire\",\"isPartOf\":{\"@id\":\"https:\/\/www.africa-press.net\/cotedivoire\/#website\"},\"primaryImageOfPage\":{\"@id\":\"https:\/\/www.africa-press.net\/cotedivoire\/economie\/tabaski-au-sahel-le-commerce-de-moutons-mis-en-peril-par-la-maudite-guerre#primaryimage\"},\"image\":{\"@id\":\"https:\/\/www.africa-press.net\/cotedivoire\/economie\/tabaski-au-sahel-le-commerce-de-moutons-mis-en-peril-par-la-maudite-guerre#primaryimage\"},\"thumbnailUrl\":\"https:\/\/static.africa-press.net\/cote\/sites\/43\/2021\/07\/img-60f576f83735b.jpg\",\"datePublished\":\"2021-07-19T12:59:51+00:00\",\"dateModified\":\"2021-07-19T17:56:07+00:00\",\"author\":{\"@id\":\"https:\/\/www.africa-press.net\/cotedivoire\/#\/schema\/person\/2b1cf3cd81a31e3cd26889ca66d677f1\"},\"description\":\"\u00ab Il y a une p\u00e9nurie comme on n\u2019en a jamais connu \u00e0 cause de cette maudite crise s\u00e9curitaire ! \u00bb Les traits tir\u00e9 ...\",\"breadcrumb\":{\"@id\":\"https:\/\/www.africa-press.net\/cotedivoire\/economie\/tabaski-au-sahel-le-commerce-de-moutons-mis-en-peril-par-la-maudite-guerre#breadcrumb\"},\"inLanguage\":\"fr-FR\",\"potentialAction\":[{\"@type\":\"ReadAction\",\"target\":[\"https:\/\/www.africa-press.net\/cotedivoire\/economie\/tabaski-au-sahel-le-commerce-de-moutons-mis-en-peril-par-la-maudite-guerre\"]}]},{\"@type\":\"ImageObject\",\"inLanguage\":\"fr-FR\",\"@id\":\"https:\/\/www.africa-press.net\/cotedivoire\/economie\/tabaski-au-sahel-le-commerce-de-moutons-mis-en-peril-par-la-maudite-guerre#primaryimage\",\"url\":\"https:\/\/static.africa-press.net\/cote\/sites\/43\/2021\/07\/img-60f576f83735b.jpg\",\"contentUrl\":\"https:\/\/static.africa-press.net\/cote\/sites\/43\/2021\/07\/img-60f576f83735b.jpg\",\"width\":1440,\"height\":720,\"caption\":\"Tabaski\u00a0: au Sahel, le commerce de moutons mis en p\u00e9ril par la \u00ab\u00a0maudite\u00a0\u00bb guerre\"},{\"@type\":\"BreadcrumbList\",\"@id\":\"https:\/\/www.africa-press.net\/cotedivoire\/economie\/tabaski-au-sahel-le-commerce-de-moutons-mis-en-peril-par-la-maudite-guerre#breadcrumb\",\"itemListElement\":[{\"@type\":\"ListItem\",\"position\":1,\"name\":\"Accueil\",\"item\":\"https:\/\/www.africa-press.net\/cotedivoire\/\"},{\"@type\":\"ListItem\",\"position\":2,\"name\":\"Tabaski\u00a0: au Sahel, le commerce de moutons mis en p\u00e9ril par la \u00ab\u00a0maudite\u00a0\u00bb guerre\"}]},{\"@type\":\"WebSite\",\"@id\":\"https:\/\/www.africa-press.net\/cotedivoire\/#website\",\"url\":\"https:\/\/www.africa-press.net\/cotedivoire\/\",\"name\":\"C\u00f4te d&#039;Ivoire\",\"description\":\"Just another Africa News Agency Sites site\",\"potentialAction\":[{\"@type\":\"SearchAction\",\"target\":{\"@type\":\"EntryPoint\",\"urlTemplate\":\"https:\/\/www.africa-press.net\/cotedivoire\/?s={search_term_string}\"},\"query-input\":{\"@type\":\"PropertyValueSpecification\",\"valueRequired\":true,\"valueName\":\"search_term_string\"}}],\"inLanguage\":\"fr-FR\"},{\"@type\":\"Person\",\"@id\":\"https:\/\/www.africa-press.net\/cotedivoire\/#\/schema\/person\/2b1cf3cd81a31e3cd26889ca66d677f1\",\"name\":\"cfeditorfr\"}]}<\/script>\n<!-- \/ Yoast SEO Premium plugin. -->","yoast_head_json":{"title":"Tabaski\u00a0: au Sahel, le commerce de moutons mis en p\u00e9ril par la \u00ab\u00a0maudite\u00a0\u00bb guerre - C\u00f4te d&#039;Ivoire","description":"\u00ab Il y a une p\u00e9nurie comme on n\u2019en a jamais connu \u00e0 cause de cette maudite crise s\u00e9curitaire ! \u00bb Les traits tir\u00e9 ...","robots":{"index":"index","follow":"follow","max-snippet":"max-snippet:-1","max-image-preview":"max-image-preview:large","max-video-preview":"max-video-preview:-1"},"canonical":"https:\/\/www.africa-press.net\/cotedivoire\/economie\/tabaski-au-sahel-le-commerce-de-moutons-mis-en-peril-par-la-maudite-guerre","og_locale":"fr_FR","og_type":"article","og_title":"Tabaski\u00a0: au Sahel, le commerce de moutons mis en p\u00e9ril par la \u00ab\u00a0maudite\u00a0\u00bb guerre","og_description":"\u00ab Il y a une p\u00e9nurie comme on n\u2019en a jamais connu \u00e0 cause de cette maudite crise s\u00e9curitaire ! \u00bb Les traits tir\u00e9 ...","og_url":"https:\/\/www.africa-press.net\/cotedivoire\/economie\/tabaski-au-sahel-le-commerce-de-moutons-mis-en-peril-par-la-maudite-guerre","og_site_name":"C\u00f4te d&#039;Ivoire","article_published_time":"2021-07-19T12:59:51+00:00","article_modified_time":"2021-07-19T17:56:07+00:00","og_image":[{"width":1440,"height":720,"url":"https:\/\/static.africa-press.net\/cote\/sites\/43\/2021\/07\/img-60f576f83735b.jpg","type":"image\/jpeg"}],"author":"cfeditorfr","twitter_card":"summary_large_image","twitter_misc":{"\u00c9crit par":"cfeditorfr","Dur\u00e9e de lecture estim\u00e9e":"5 minutes"},"schema":{"@context":"https:\/\/schema.org","@graph":[{"@type":"Article","@id":"https:\/\/www.africa-press.net\/cotedivoire\/economie\/tabaski-au-sahel-le-commerce-de-moutons-mis-en-peril-par-la-maudite-guerre#article","isPartOf":{"@id":"https:\/\/www.africa-press.net\/cotedivoire\/economie\/tabaski-au-sahel-le-commerce-de-moutons-mis-en-peril-par-la-maudite-guerre"},"author":{"name":"cfeditorfr","@id":"https:\/\/www.africa-press.net\/cotedivoire\/#\/schema\/person\/2b1cf3cd81a31e3cd26889ca66d677f1"},"headline":"Tabaski\u00a0: au Sahel, le commerce de moutons mis en p\u00e9ril par la \u00ab\u00a0maudite\u00a0\u00bb guerre","datePublished":"2021-07-19T12:59:51+00:00","dateModified":"2021-07-19T17:56:07+00:00","mainEntityOfPage":{"@id":"https:\/\/www.africa-press.net\/cotedivoire\/economie\/tabaski-au-sahel-le-commerce-de-moutons-mis-en-peril-par-la-maudite-guerre"},"wordCount":939,"commentCount":0,"image":{"@id":"https:\/\/www.africa-press.net\/cotedivoire\/economie\/tabaski-au-sahel-le-commerce-de-moutons-mis-en-peril-par-la-maudite-guerre#primaryimage"},"thumbnailUrl":"https:\/\/static.africa-press.net\/cote\/sites\/43\/2021\/07\/img-60f576f83735b.jpg","keywords":["Africa Press","Africa Press-C\u00f4te d'Ivoire","C\u00d4TE D'IVOIRE"],"articleSection":["\u00c9conomie","homepage-french","Top Nouvelles","Toutes les actualit\u00e9s"],"inLanguage":"fr-FR","potentialAction":[{"@type":"CommentAction","name":"Comment","target":["https:\/\/www.africa-press.net\/cotedivoire\/economie\/tabaski-au-sahel-le-commerce-de-moutons-mis-en-peril-par-la-maudite-guerre#respond"]}]},{"@type":"WebPage","@id":"https:\/\/www.africa-press.net\/cotedivoire\/economie\/tabaski-au-sahel-le-commerce-de-moutons-mis-en-peril-par-la-maudite-guerre","url":"https:\/\/www.africa-press.net\/cotedivoire\/economie\/tabaski-au-sahel-le-commerce-de-moutons-mis-en-peril-par-la-maudite-guerre","name":"Tabaski\u00a0: au Sahel, le commerce de moutons mis en p\u00e9ril par la \u00ab\u00a0maudite\u00a0\u00bb guerre - C\u00f4te d&#039;Ivoire","isPartOf":{"@id":"https:\/\/www.africa-press.net\/cotedivoire\/#website"},"primaryImageOfPage":{"@id":"https:\/\/www.africa-press.net\/cotedivoire\/economie\/tabaski-au-sahel-le-commerce-de-moutons-mis-en-peril-par-la-maudite-guerre#primaryimage"},"image":{"@id":"https:\/\/www.africa-press.net\/cotedivoire\/economie\/tabaski-au-sahel-le-commerce-de-moutons-mis-en-peril-par-la-maudite-guerre#primaryimage"},"thumbnailUrl":"https:\/\/static.africa-press.net\/cote\/sites\/43\/2021\/07\/img-60f576f83735b.jpg","datePublished":"2021-07-19T12:59:51+00:00","dateModified":"2021-07-19T17:56:07+00:00","author":{"@id":"https:\/\/www.africa-press.net\/cotedivoire\/#\/schema\/person\/2b1cf3cd81a31e3cd26889ca66d677f1"},"description":"\u00ab Il y a une p\u00e9nurie comme on n\u2019en a jamais connu \u00e0 cause de cette maudite crise s\u00e9curitaire ! \u00bb Les traits tir\u00e9 ...","breadcrumb":{"@id":"https:\/\/www.africa-press.net\/cotedivoire\/economie\/tabaski-au-sahel-le-commerce-de-moutons-mis-en-peril-par-la-maudite-guerre#breadcrumb"},"inLanguage":"fr-FR","potentialAction":[{"@type":"ReadAction","target":["https:\/\/www.africa-press.net\/cotedivoire\/economie\/tabaski-au-sahel-le-commerce-de-moutons-mis-en-peril-par-la-maudite-guerre"]}]},{"@type":"ImageObject","inLanguage":"fr-FR","@id":"https:\/\/www.africa-press.net\/cotedivoire\/economie\/tabaski-au-sahel-le-commerce-de-moutons-mis-en-peril-par-la-maudite-guerre#primaryimage","url":"https:\/\/static.africa-press.net\/cote\/sites\/43\/2021\/07\/img-60f576f83735b.jpg","contentUrl":"https:\/\/static.africa-press.net\/cote\/sites\/43\/2021\/07\/img-60f576f83735b.jpg","width":1440,"height":720,"caption":"Tabaski\u00a0: au Sahel, le commerce de moutons mis en p\u00e9ril par la \u00ab\u00a0maudite\u00a0\u00bb guerre"},{"@type":"BreadcrumbList","@id":"https:\/\/www.africa-press.net\/cotedivoire\/economie\/tabaski-au-sahel-le-commerce-de-moutons-mis-en-peril-par-la-maudite-guerre#breadcrumb","itemListElement":[{"@type":"ListItem","position":1,"name":"Accueil","item":"https:\/\/www.africa-press.net\/cotedivoire\/"},{"@type":"ListItem","position":2,"name":"Tabaski\u00a0: au Sahel, le commerce de moutons mis en p\u00e9ril par la \u00ab\u00a0maudite\u00a0\u00bb guerre"}]},{"@type":"WebSite","@id":"https:\/\/www.africa-press.net\/cotedivoire\/#website","url":"https:\/\/www.africa-press.net\/cotedivoire\/","name":"C\u00f4te d&#039;Ivoire","description":"Just another Africa News Agency Sites site","potentialAction":[{"@type":"SearchAction","target":{"@type":"EntryPoint","urlTemplate":"https:\/\/www.africa-press.net\/cotedivoire\/?s={search_term_string}"},"query-input":{"@type":"PropertyValueSpecification","valueRequired":true,"valueName":"search_term_string"}}],"inLanguage":"fr-FR"},{"@type":"Person","@id":"https:\/\/www.africa-press.net\/cotedivoire\/#\/schema\/person\/2b1cf3cd81a31e3cd26889ca66d677f1","name":"cfeditorfr"}]}},"_links":{"self":[{"href":"https:\/\/www.africa-press.net\/cotedivoire\/wp-json\/wp\/v2\/posts\/10099","targetHints":{"allow":["GET"]}}],"collection":[{"href":"https:\/\/www.africa-press.net\/cotedivoire\/wp-json\/wp\/v2\/posts"}],"about":[{"href":"https:\/\/www.africa-press.net\/cotedivoire\/wp-json\/wp\/v2\/types\/post"}],"author":[{"embeddable":true,"href":"https:\/\/www.africa-press.net\/cotedivoire\/wp-json\/wp\/v2\/users\/82"}],"replies":[{"embeddable":true,"href":"https:\/\/www.africa-press.net\/cotedivoire\/wp-json\/wp\/v2\/comments?post=10099"}],"version-history":[{"count":0,"href":"https:\/\/www.africa-press.net\/cotedivoire\/wp-json\/wp\/v2\/posts\/10099\/revisions"}],"wp:featuredmedia":[{"embeddable":true,"href":"https:\/\/www.africa-press.net\/cotedivoire\/wp-json\/wp\/v2\/media\/10098"}],"wp:attachment":[{"href":"https:\/\/www.africa-press.net\/cotedivoire\/wp-json\/wp\/v2\/media?parent=10099"}],"wp:term":[{"taxonomy":"category","embeddable":true,"href":"https:\/\/www.africa-press.net\/cotedivoire\/wp-json\/wp\/v2\/categories?post=10099"},{"taxonomy":"post_tag","embeddable":true,"href":"https:\/\/www.africa-press.net\/cotedivoire\/wp-json\/wp\/v2\/tags?post=10099"}],"curies":[{"name":"wp","href":"https:\/\/api.w.org\/{rel}","templated":true}]}}