{"id":101070,"date":"2025-06-21T13:22:30","date_gmt":"2025-06-21T13:22:30","guid":{"rendered":"https:\/\/www.africa-press.net\/cotedivoire\/politique\/accidents-au-banco-et-azaguie-agboville-retraits-de-permis"},"modified":"2025-06-21T13:48:43","modified_gmt":"2025-06-21T13:48:43","slug":"accidents-au-banco-et-azaguie-agboville-retraits-de-permis","status":"publish","type":"post","link":"https:\/\/www.africa-press.net\/cotedivoire\/toutes-les-actualites\/accidents-au-banco-et-azaguie-agboville-retraits-de-permis","title":{"rendered":"Accidents au Banco et Azagui\u00e9-Agboville, retraits de permis"},"content":{"rendered":"<p><span style=\"color: #ff6600\"><strong>Africa-Press &#8211; C\u00f4te d&rsquo;Ivoire. <\/strong><\/span>Deux accidents graves sont survenus sur les routes ivoiriennes le 27 mai 2025 sur la voie express Adjame\u0301-Yopougon pre\u0301cise\u0301ment a\u0300 hauteur de la fore\u0302t du Banco impliquants plusieurs ve\u0301hicules, et le 14 juin 2025 sur I&rsquo;axe Azaguie\u0301 Agboville, impliquant, le camion immatricule\u0301 3561 LC 01 de l&rsquo;entreprise Megabat.<\/p>\n<p>Oumar Sacko<\/p>\n<p>Le premier accident a fait quatre (04) et Vingt-Cinq (25) blesse\u0301s quant au second, il a occasionne\u0301 officiellement douze (12) morts dont un nourrisson et six (06) blesse\u0301s graves.<\/p>\n<p>La Commission Spe\u0301ciale de Suspension et de Retrait de Permis de Conduire s\u2019est re\u0301unie ce jeudi 19 juin 2025, a\u0300 la Direction Ge\u0301ne\u0301rale des Transports Terrestres et de la Circulation (DGTTC), sise au 16e\u0300me e\u0301tage de la Tour E, Cite\u0301 Administrative-Plateau, pour statuer sur ces cas.<\/p>\n<p>Au terme de la re\u0301union et selon le Directeur Ge\u0301ne\u0301ral de la DGTTT, Oumar Sacko, pre\u0301sident de la Commission, les deux conducteurs mise en cause les accidents susmentionne\u0301s ont e\u0301te\u0301 mis aux arre\u0302ts et sont de\u0301tenus en prison.<\/p>\n<p>Ils ont donc e\u0301te\u0301 auditionne\u0301s en leur absence. Les membres de la Commission ont annonce\u0301 le retrait de leurs permis de conduire pour une pe\u0301riode de quinze anne\u0301es.<\/p>\n<p>M. Sacko a e\u0301galement annonce\u0301 le retrait des cartes grises des entreprises de transports implique\u0301s dans ces accidents de la circulation.<\/p>\n<p>Par ailleurs, il a annonce\u0301 durcissement de l\u2019application d\u2019interdiction de circulation des poids lourds entre 6h et 9h puis entre 17h et 21h en attendant le basculement total dans la nuit qui ne\u0301cessite un profond ame\u0301nagement structurel de l\u2019e\u0301cosyste\u0300me de l\u2019e\u0301conomie ivoirienne.<\/p>\n<p>M. Oumar Sacko a e\u0301galement fait savoir a\u0300 la presse que 3632 permis de conduire ont e\u0301te\u0301 invalide\u0301s pour cause de capitale de points e\u0301puise\u0301s.<\/p>\n<p>Les conducteurs sont invite\u0301s a\u0300 consulter la liste des permis de conduire invalide\u0301s aupre\u0300s des services de la Direction Ge\u0301ne\u0301rale des Transports Terrestres et de la Circulation (DGTTC), sise au 16e\u0300me e\u0301tage de la Tour E, Cite\u0301 Administrative-Plateau, ou\u0300 il leur sera de\u0301livre\u0301 une autorisation afin de se rendre a\u0300 l\u2019Office de Se\u0301curite\u0301 Routie\u0300re (OSER) pour la suite de la proce\u0301dure.<\/p>\n<p>Il est rappele\u0301 a\u0300 l\u2019ensemble des conducteurs concerne\u0301s, qu\u2019un permis de conduire que la conduite d\u2019un ve\u0301hicule sans permis de conduire ou avec un permis de conduire invalide\u0301, est une infraction passible de poursuite pe\u0301nale.<\/p>\n\r\n                <style type=\"text\/css\">\r\n                    \r\n                    #td_uid_1_69f5faf59f9ff  .td-doubleSlider-2 .td-item1 {\r\n                        background: url(https:\/\/static.africa-press.net\/cote\/sites\/43\/2025\/06\/sm_1750501005.538405-80x60.jpg) 0 0 no-repeat;\r\n                    }\r\n                <\/style>\r\n\r\n                <div id=\"td_uid_1_69f5faf59f9ff\" class=\"td-gallery td-slide-on-2-columns\">\r\n                    <div class=\"post_td_gallery\">\r\n                        <div class=\"td-gallery-slide-top\">\r\n                           <div class=\"td-gallery-title\"><\/div>\r\n\r\n                            <div class=\"td-gallery-controls-wrapper\">\r\n                                <div class=\"td-gallery-slide-count\"><span class=\"td-gallery-slide-item-focus\">1<\/span> de 1<\/div>\r\n                                <div class=\"td-gallery-slide-prev-next-but\">\r\n                                    <i class = \"td-icon-left doubleSliderPrevButton\"><\/i>\r\n                                    <i class = \"td-icon-right doubleSliderNextButton\"><\/i>\r\n                                <\/div>\r\n                            <\/div>\r\n                        <\/div>\r\n\r\n                        <div class = \"td-doubleSlider-1 \">\r\n                            <div class = \"td-slider\">\r\n                                \r\n                    <div class = \"td-slide-item td-item1\">\r\n                        <figure class=\"td-slide-galery-figure td-slide-popup-gallery\">\r\n                            <a class=\"slide-gallery-image-link\" href=\"https:\/\/static.africa-press.net\/cote\/sites\/43\/2025\/06\/sm_1750501005.538405.jpg\" title=\"sm_1750501005.538405\"  data-caption=\"\"  data-description=\"\">\r\n                                <img decoding=\"async\" src=\"https:\/\/static.africa-press.net\/cote\/sites\/43\/2025\/06\/sm_1750501005.538405.jpg\" srcset=\"https:\/\/static.africa-press.net\/cote\/sites\/43\/2025\/06\/sm_1750501005.538405.jpg 1000w, https:\/\/static.africa-press.net\/cote\/sites\/43\/2025\/06\/sm_1750501005.538405-300x225.jpg 300w, https:\/\/static.africa-press.net\/cote\/sites\/43\/2025\/06\/sm_1750501005.538405-768x576.jpg 768w, https:\/\/static.africa-press.net\/cote\/sites\/43\/2025\/06\/sm_1750501005.538405-80x60.jpg 80w\" sizes=\"(max-width: 1000px) 100vw, 1000px\" alt=\"\">\r\n                            <\/a>\r\n                            \r\n                        <\/figure>\r\n                    <\/div>\r\n                            <\/div>\r\n                        <\/div>\r\n\r\n                        <div class = \"td-doubleSlider-2\">\r\n                            <div class = \"td-slider\">\r\n                                \r\n                    <div class = \"td-button td-item1\">\r\n                        <div class = \"td-border\"><\/div>\r\n                    <\/div>\r\n                            <\/div>\r\n                        <\/div>\r\n\r\n                    <\/div>\r\n\r\n                <\/div>\r\n                \n<p><strong>Pour plus d&rsquo;informations et d&rsquo;analyses sur la <span style=\"color: #ff6600\">C\u00f4te d&rsquo;Ivoire<\/span>, suivez <span style=\"color: #ff6600\">Africa-Press<\/span><\/strong><\/p>\n","protected":false},"excerpt":{"rendered":"<p>Africa-Press &#8211; C\u00f4te d&rsquo;Ivoire. Deux accidents graves sont survenus sur les routes ivoiriennes le 27 mai 2025 sur la voie express Adjame\u0301-Yopougon pre\u0301cise\u0301ment a\u0300 hauteur de la fore\u0302t du Banco impliquants plusieurs ve\u0301hicules, et le 14 juin 2025 sur I&rsquo;axe Azaguie\u0301 Agboville, impliquant, le camion immatricule\u0301 3561 LC 01 de l&rsquo;entreprise Megabat. Oumar Sacko Le [&hellip;]<\/p>\n","protected":false},"author":82,"featured_media":101069,"comment_status":"open","ping_status":"closed","sticky":false,"template":"","format":"standard","meta":{"footnotes":""},"categories":[21,10],"tags":[513,418,5072,697,29,6173,11939,821,540],"class_list":["post-101070","post","type-post","status-publish","format-standard","has-post-thumbnail","hentry","category-communaute","category-toutes-les-actualites","tag-accidents","tag-adjame","tag-agboville","tag-azaguie","tag-cote-divoire","tag-dgttc","tag-oumar-sacko","tag-permis-de-conduire","tag-yopougon"],"yoast_head":"<!-- This site is optimized with the Yoast SEO Premium plugin v26.1 (Yoast SEO v27.0) - https:\/\/yoast.com\/product\/yoast-seo-premium-wordpress\/ -->\n<title>Accidents au Banco et Azagui\u00e9-Agboville, retraits de permis - C\u00f4te d&#039;Ivoire<\/title>\n<meta name=\"description\" content=\"Deux accidents graves sont survenus sur les routes ivoiriennes le 27 mai 2025 sur la voie express Adjame\u0301-Yopougon pre\u0301c ...\" \/>\n<meta name=\"robots\" content=\"index, follow, max-snippet:-1, max-image-preview:large, max-video-preview:-1\" \/>\n<link rel=\"canonical\" href=\"https:\/\/www.africa-press.net\/cotedivoire\/toutes-les-actualites\/accidents-au-banco-et-azaguie-agboville-retraits-de-permis\" \/>\n<meta property=\"og:locale\" content=\"fr_FR\" \/>\n<meta property=\"og:type\" content=\"article\" \/>\n<meta property=\"og:title\" content=\"Accidents au Banco et Azagui\u00e9-Agboville, retraits de permis\" \/>\n<meta property=\"og:description\" content=\"Deux accidents graves sont survenus sur les routes ivoiriennes le 27 mai 2025 sur la voie express Adjame\u0301-Yopougon pre\u0301c ...\" \/>\n<meta property=\"og:url\" content=\"https:\/\/www.africa-press.net\/cotedivoire\/toutes-les-actualites\/accidents-au-banco-et-azaguie-agboville-retraits-de-permis\" \/>\n<meta property=\"og:site_name\" content=\"C\u00f4te d&#039;Ivoire\" \/>\n<meta property=\"article:published_time\" content=\"2025-06-21T13:22:30+00:00\" \/>\n<meta property=\"article:modified_time\" content=\"2025-06-21T13:48:43+00:00\" \/>\n<meta property=\"og:image\" content=\"https:\/\/static.africa-press.net\/cote\/sites\/43\/2025\/06\/sm_1750501012.743285.jpg\" \/>\n\t<meta property=\"og:image:width\" content=\"720\" \/>\n\t<meta property=\"og:image:height\" content=\"540\" \/>\n\t<meta property=\"og:image:type\" content=\"image\/jpeg\" \/>\n<meta name=\"author\" content=\"cfeditorfr\" \/>\n<meta name=\"twitter:card\" content=\"summary_large_image\" \/>\n<meta name=\"twitter:label1\" content=\"\u00c9crit par\" \/>\n\t<meta name=\"twitter:data1\" content=\"cfeditorfr\" \/>\n\t<meta name=\"twitter:label2\" content=\"Dur\u00e9e de lecture estim\u00e9e\" \/>\n\t<meta name=\"twitter:data2\" content=\"3 minutes\" \/>\n<script type=\"application\/ld+json\" class=\"yoast-schema-graph\">{\"@context\":\"https:\/\/schema.org\",\"@graph\":[{\"@type\":\"Article\",\"@id\":\"https:\/\/www.africa-press.net\/cotedivoire\/toutes-les-actualites\/accidents-au-banco-et-azaguie-agboville-retraits-de-permis#article\",\"isPartOf\":{\"@id\":\"https:\/\/www.africa-press.net\/cotedivoire\/toutes-les-actualites\/accidents-au-banco-et-azaguie-agboville-retraits-de-permis\"},\"author\":{\"name\":\"cfeditorfr\",\"@id\":\"https:\/\/www.africa-press.net\/cotedivoire\/#\/schema\/person\/2b1cf3cd81a31e3cd26889ca66d677f1\"},\"headline\":\"Accidents au Banco et Azagui\u00e9-Agboville, retraits de permis\",\"datePublished\":\"2025-06-21T13:22:30+00:00\",\"dateModified\":\"2025-06-21T13:48:43+00:00\",\"mainEntityOfPage\":{\"@id\":\"https:\/\/www.africa-press.net\/cotedivoire\/toutes-les-actualites\/accidents-au-banco-et-azaguie-agboville-retraits-de-permis\"},\"wordCount\":464,\"commentCount\":0,\"image\":{\"@id\":\"https:\/\/www.africa-press.net\/cotedivoire\/toutes-les-actualites\/accidents-au-banco-et-azaguie-agboville-retraits-de-permis#primaryimage\"},\"thumbnailUrl\":\"https:\/\/static.africa-press.net\/cote\/sites\/43\/2025\/06\/sm_1750501012.743285.jpg\",\"keywords\":[\"accidents\",\"Adjam\u00e9\",\"Agboville\",\"Azagui\u00e9\",\"C\u00d4TE D'IVOIRE\",\"DGTTC\",\"Oumar Sacko\",\"permis de conduire\",\"Yopougon\"],\"articleSection\":[\"Communaut\u00e9\",\"Toutes les actualit\u00e9s\"],\"inLanguage\":\"fr-FR\",\"potentialAction\":[{\"@type\":\"CommentAction\",\"name\":\"Comment\",\"target\":[\"https:\/\/www.africa-press.net\/cotedivoire\/toutes-les-actualites\/accidents-au-banco-et-azaguie-agboville-retraits-de-permis#respond\"]}]},{\"@type\":\"WebPage\",\"@id\":\"https:\/\/www.africa-press.net\/cotedivoire\/toutes-les-actualites\/accidents-au-banco-et-azaguie-agboville-retraits-de-permis\",\"url\":\"https:\/\/www.africa-press.net\/cotedivoire\/toutes-les-actualites\/accidents-au-banco-et-azaguie-agboville-retraits-de-permis\",\"name\":\"Accidents au Banco et Azagui\u00e9-Agboville, retraits de permis - C\u00f4te d&#039;Ivoire\",\"isPartOf\":{\"@id\":\"https:\/\/www.africa-press.net\/cotedivoire\/#website\"},\"primaryImageOfPage\":{\"@id\":\"https:\/\/www.africa-press.net\/cotedivoire\/toutes-les-actualites\/accidents-au-banco-et-azaguie-agboville-retraits-de-permis#primaryimage\"},\"image\":{\"@id\":\"https:\/\/www.africa-press.net\/cotedivoire\/toutes-les-actualites\/accidents-au-banco-et-azaguie-agboville-retraits-de-permis#primaryimage\"},\"thumbnailUrl\":\"https:\/\/static.africa-press.net\/cote\/sites\/43\/2025\/06\/sm_1750501012.743285.jpg\",\"datePublished\":\"2025-06-21T13:22:30+00:00\",\"dateModified\":\"2025-06-21T13:48:43+00:00\",\"author\":{\"@id\":\"https:\/\/www.africa-press.net\/cotedivoire\/#\/schema\/person\/2b1cf3cd81a31e3cd26889ca66d677f1\"},\"description\":\"Deux accidents graves sont survenus sur les routes ivoiriennes le 27 mai 2025 sur la voie express Adjame\u0301-Yopougon pre\u0301c ...\",\"breadcrumb\":{\"@id\":\"https:\/\/www.africa-press.net\/cotedivoire\/toutes-les-actualites\/accidents-au-banco-et-azaguie-agboville-retraits-de-permis#breadcrumb\"},\"inLanguage\":\"fr-FR\",\"potentialAction\":[{\"@type\":\"ReadAction\",\"target\":[\"https:\/\/www.africa-press.net\/cotedivoire\/toutes-les-actualites\/accidents-au-banco-et-azaguie-agboville-retraits-de-permis\"]}]},{\"@type\":\"ImageObject\",\"inLanguage\":\"fr-FR\",\"@id\":\"https:\/\/www.africa-press.net\/cotedivoire\/toutes-les-actualites\/accidents-au-banco-et-azaguie-agboville-retraits-de-permis#primaryimage\",\"url\":\"https:\/\/static.africa-press.net\/cote\/sites\/43\/2025\/06\/sm_1750501012.743285.jpg\",\"contentUrl\":\"https:\/\/static.africa-press.net\/cote\/sites\/43\/2025\/06\/sm_1750501012.743285.jpg\",\"width\":720,\"height\":540,\"caption\":\"Accidents au Banco et Azagui\u00e9-Agboville, retraits de permis\"},{\"@type\":\"BreadcrumbList\",\"@id\":\"https:\/\/www.africa-press.net\/cotedivoire\/toutes-les-actualites\/accidents-au-banco-et-azaguie-agboville-retraits-de-permis#breadcrumb\",\"itemListElement\":[{\"@type\":\"ListItem\",\"position\":1,\"name\":\"Accueil\",\"item\":\"https:\/\/www.africa-press.net\/cotedivoire\/\"},{\"@type\":\"ListItem\",\"position\":2,\"name\":\"Accidents au Banco et Azagui\u00e9-Agboville, retraits de permis\"}]},{\"@type\":\"WebSite\",\"@id\":\"https:\/\/www.africa-press.net\/cotedivoire\/#website\",\"url\":\"https:\/\/www.africa-press.net\/cotedivoire\/\",\"name\":\"C\u00f4te d&#039;Ivoire\",\"description\":\"Just another Africa News Agency Sites site\",\"potentialAction\":[{\"@type\":\"SearchAction\",\"target\":{\"@type\":\"EntryPoint\",\"urlTemplate\":\"https:\/\/www.africa-press.net\/cotedivoire\/?s={search_term_string}\"},\"query-input\":{\"@type\":\"PropertyValueSpecification\",\"valueRequired\":true,\"valueName\":\"search_term_string\"}}],\"inLanguage\":\"fr-FR\"},{\"@type\":\"Person\",\"@id\":\"https:\/\/www.africa-press.net\/cotedivoire\/#\/schema\/person\/2b1cf3cd81a31e3cd26889ca66d677f1\",\"name\":\"cfeditorfr\"}]}<\/script>\n<!-- \/ Yoast SEO Premium plugin. -->","yoast_head_json":{"title":"Accidents au Banco et Azagui\u00e9-Agboville, retraits de permis - C\u00f4te d&#039;Ivoire","description":"Deux accidents graves sont survenus sur les routes ivoiriennes le 27 mai 2025 sur la voie express Adjame\u0301-Yopougon pre\u0301c ...","robots":{"index":"index","follow":"follow","max-snippet":"max-snippet:-1","max-image-preview":"max-image-preview:large","max-video-preview":"max-video-preview:-1"},"canonical":"https:\/\/www.africa-press.net\/cotedivoire\/toutes-les-actualites\/accidents-au-banco-et-azaguie-agboville-retraits-de-permis","og_locale":"fr_FR","og_type":"article","og_title":"Accidents au Banco et Azagui\u00e9-Agboville, retraits de permis","og_description":"Deux accidents graves sont survenus sur les routes ivoiriennes le 27 mai 2025 sur la voie express Adjame\u0301-Yopougon pre\u0301c ...","og_url":"https:\/\/www.africa-press.net\/cotedivoire\/toutes-les-actualites\/accidents-au-banco-et-azaguie-agboville-retraits-de-permis","og_site_name":"C\u00f4te d&#039;Ivoire","article_published_time":"2025-06-21T13:22:30+00:00","article_modified_time":"2025-06-21T13:48:43+00:00","og_image":[{"width":720,"height":540,"url":"https:\/\/static.africa-press.net\/cote\/sites\/43\/2025\/06\/sm_1750501012.743285.jpg","type":"image\/jpeg"}],"author":"cfeditorfr","twitter_card":"summary_large_image","twitter_misc":{"\u00c9crit par":"cfeditorfr","Dur\u00e9e de lecture estim\u00e9e":"3 minutes"},"schema":{"@context":"https:\/\/schema.org","@graph":[{"@type":"Article","@id":"https:\/\/www.africa-press.net\/cotedivoire\/toutes-les-actualites\/accidents-au-banco-et-azaguie-agboville-retraits-de-permis#article","isPartOf":{"@id":"https:\/\/www.africa-press.net\/cotedivoire\/toutes-les-actualites\/accidents-au-banco-et-azaguie-agboville-retraits-de-permis"},"author":{"name":"cfeditorfr","@id":"https:\/\/www.africa-press.net\/cotedivoire\/#\/schema\/person\/2b1cf3cd81a31e3cd26889ca66d677f1"},"headline":"Accidents au Banco et Azagui\u00e9-Agboville, retraits de permis","datePublished":"2025-06-21T13:22:30+00:00","dateModified":"2025-06-21T13:48:43+00:00","mainEntityOfPage":{"@id":"https:\/\/www.africa-press.net\/cotedivoire\/toutes-les-actualites\/accidents-au-banco-et-azaguie-agboville-retraits-de-permis"},"wordCount":464,"commentCount":0,"image":{"@id":"https:\/\/www.africa-press.net\/cotedivoire\/toutes-les-actualites\/accidents-au-banco-et-azaguie-agboville-retraits-de-permis#primaryimage"},"thumbnailUrl":"https:\/\/static.africa-press.net\/cote\/sites\/43\/2025\/06\/sm_1750501012.743285.jpg","keywords":["accidents","Adjam\u00e9","Agboville","Azagui\u00e9","C\u00d4TE D'IVOIRE","DGTTC","Oumar Sacko","permis de conduire","Yopougon"],"articleSection":["Communaut\u00e9","Toutes les actualit\u00e9s"],"inLanguage":"fr-FR","potentialAction":[{"@type":"CommentAction","name":"Comment","target":["https:\/\/www.africa-press.net\/cotedivoire\/toutes-les-actualites\/accidents-au-banco-et-azaguie-agboville-retraits-de-permis#respond"]}]},{"@type":"WebPage","@id":"https:\/\/www.africa-press.net\/cotedivoire\/toutes-les-actualites\/accidents-au-banco-et-azaguie-agboville-retraits-de-permis","url":"https:\/\/www.africa-press.net\/cotedivoire\/toutes-les-actualites\/accidents-au-banco-et-azaguie-agboville-retraits-de-permis","name":"Accidents au Banco et Azagui\u00e9-Agboville, retraits de permis - C\u00f4te d&#039;Ivoire","isPartOf":{"@id":"https:\/\/www.africa-press.net\/cotedivoire\/#website"},"primaryImageOfPage":{"@id":"https:\/\/www.africa-press.net\/cotedivoire\/toutes-les-actualites\/accidents-au-banco-et-azaguie-agboville-retraits-de-permis#primaryimage"},"image":{"@id":"https:\/\/www.africa-press.net\/cotedivoire\/toutes-les-actualites\/accidents-au-banco-et-azaguie-agboville-retraits-de-permis#primaryimage"},"thumbnailUrl":"https:\/\/static.africa-press.net\/cote\/sites\/43\/2025\/06\/sm_1750501012.743285.jpg","datePublished":"2025-06-21T13:22:30+00:00","dateModified":"2025-06-21T13:48:43+00:00","author":{"@id":"https:\/\/www.africa-press.net\/cotedivoire\/#\/schema\/person\/2b1cf3cd81a31e3cd26889ca66d677f1"},"description":"Deux accidents graves sont survenus sur les routes ivoiriennes le 27 mai 2025 sur la voie express Adjame\u0301-Yopougon pre\u0301c ...","breadcrumb":{"@id":"https:\/\/www.africa-press.net\/cotedivoire\/toutes-les-actualites\/accidents-au-banco-et-azaguie-agboville-retraits-de-permis#breadcrumb"},"inLanguage":"fr-FR","potentialAction":[{"@type":"ReadAction","target":["https:\/\/www.africa-press.net\/cotedivoire\/toutes-les-actualites\/accidents-au-banco-et-azaguie-agboville-retraits-de-permis"]}]},{"@type":"ImageObject","inLanguage":"fr-FR","@id":"https:\/\/www.africa-press.net\/cotedivoire\/toutes-les-actualites\/accidents-au-banco-et-azaguie-agboville-retraits-de-permis#primaryimage","url":"https:\/\/static.africa-press.net\/cote\/sites\/43\/2025\/06\/sm_1750501012.743285.jpg","contentUrl":"https:\/\/static.africa-press.net\/cote\/sites\/43\/2025\/06\/sm_1750501012.743285.jpg","width":720,"height":540,"caption":"Accidents au Banco et Azagui\u00e9-Agboville, retraits de permis"},{"@type":"BreadcrumbList","@id":"https:\/\/www.africa-press.net\/cotedivoire\/toutes-les-actualites\/accidents-au-banco-et-azaguie-agboville-retraits-de-permis#breadcrumb","itemListElement":[{"@type":"ListItem","position":1,"name":"Accueil","item":"https:\/\/www.africa-press.net\/cotedivoire\/"},{"@type":"ListItem","position":2,"name":"Accidents au Banco et Azagui\u00e9-Agboville, retraits de permis"}]},{"@type":"WebSite","@id":"https:\/\/www.africa-press.net\/cotedivoire\/#website","url":"https:\/\/www.africa-press.net\/cotedivoire\/","name":"C\u00f4te d&#039;Ivoire","description":"Just another Africa News Agency Sites site","potentialAction":[{"@type":"SearchAction","target":{"@type":"EntryPoint","urlTemplate":"https:\/\/www.africa-press.net\/cotedivoire\/?s={search_term_string}"},"query-input":{"@type":"PropertyValueSpecification","valueRequired":true,"valueName":"search_term_string"}}],"inLanguage":"fr-FR"},{"@type":"Person","@id":"https:\/\/www.africa-press.net\/cotedivoire\/#\/schema\/person\/2b1cf3cd81a31e3cd26889ca66d677f1","name":"cfeditorfr"}]}},"_links":{"self":[{"href":"https:\/\/www.africa-press.net\/cotedivoire\/wp-json\/wp\/v2\/posts\/101070","targetHints":{"allow":["GET"]}}],"collection":[{"href":"https:\/\/www.africa-press.net\/cotedivoire\/wp-json\/wp\/v2\/posts"}],"about":[{"href":"https:\/\/www.africa-press.net\/cotedivoire\/wp-json\/wp\/v2\/types\/post"}],"author":[{"embeddable":true,"href":"https:\/\/www.africa-press.net\/cotedivoire\/wp-json\/wp\/v2\/users\/82"}],"replies":[{"embeddable":true,"href":"https:\/\/www.africa-press.net\/cotedivoire\/wp-json\/wp\/v2\/comments?post=101070"}],"version-history":[{"count":0,"href":"https:\/\/www.africa-press.net\/cotedivoire\/wp-json\/wp\/v2\/posts\/101070\/revisions"}],"wp:featuredmedia":[{"embeddable":true,"href":"https:\/\/www.africa-press.net\/cotedivoire\/wp-json\/wp\/v2\/media\/101069"}],"wp:attachment":[{"href":"https:\/\/www.africa-press.net\/cotedivoire\/wp-json\/wp\/v2\/media?parent=101070"}],"wp:term":[{"taxonomy":"category","embeddable":true,"href":"https:\/\/www.africa-press.net\/cotedivoire\/wp-json\/wp\/v2\/categories?post=101070"},{"taxonomy":"post_tag","embeddable":true,"href":"https:\/\/www.africa-press.net\/cotedivoire\/wp-json\/wp\/v2\/tags?post=101070"}],"curies":[{"name":"wp","href":"https:\/\/api.w.org\/{rel}","templated":true}]}}