{"id":10108,"date":"2021-07-19T13:28:11","date_gmt":"2021-07-19T13:28:11","guid":{"rendered":"https:\/\/www.africa-press.net\/cotedivoire\/?p=10108"},"modified":"2021-07-19T17:50:21","modified_gmt":"2021-07-19T17:50:21","slug":"cote-divoire-lider-le-parti-de-koulibaly-elit-son-3e-president-sur-fond-de-crise","status":"publish","type":"post","link":"https:\/\/www.africa-press.net\/cotedivoire\/parties\/cote-divoire-lider-le-parti-de-koulibaly-elit-son-3e-president-sur-fond-de-crise","title":{"rendered":"Lider, le parti de Koulibaly \u00e9lit son 3e pr\u00e9sident sur fond de crise"},"content":{"rendered":"<p><span style=\"color: #ff6600\"><strong><a href=\"https:\/\/www.africa-press.net\/\">Africa-Press<\/a> &#8211; <a href=\"https:\/\/www.africa-press.net\/cotedivoire\">C\u00f4te d&rsquo;Ivoire<\/a>. <\/strong><\/span>Depuis ce 17 juillet 2021, Libert\u00e9 et d\u00e9mocratie pour la R\u00e9publique (Lider), le parti fond\u00e9 par Mamadou Koulibaly a un nouveau pr\u00e9sident, Dr Roch Omer Kraidi. Il a \u00e9t\u00e9 \u00e9lu \u00e0 l\u2019issue du 4e congr\u00e8s ordinaire de cette formation politique d\u2019ob\u00e9dience lib\u00e9rale min\u00e9e depuis deux ans par une crise de leadership. Ancien bras droit du pr\u00e9sident Koulibaly, Lancin\u00e9 Karamoko a cr\u00e9\u00e9 une dissidence avant de rejoindre le Rhdp avec sa tendance reconnue par la justice ivoirienne comme l\u00e9gale.<\/p>\n<p>Le congr\u00e8s a dur\u00e9 trois jours au cours desquels les congressistes ont fait le toilettage des textes. De nouveaux organes ont \u00e9t\u00e9 cr\u00e9\u00e9s et le mandat du pr\u00e9sident passe de 3 ans \u00e0 5 ans renouvelables une fois. Dr Kraidi remplace \u00e0 ce poste Monique Gb\u00e9kia qui avait elle-m\u00eame succ\u00e9d\u00e9 \u00e0 Pr. Mamadou Koulibaly. Il devient ainsi le 3e pr\u00e9sident de Lider depuis juillet 2011.<\/p>\n<p>Une responsabilit\u00e9 qu\u2019il compte assumer avec dignit\u00e9 et honneur. Lors de sa conf\u00e9rence de presse de fin de congr\u00e8s, anim\u00e9e conjointement avec le nouveau d\u00e9l\u00e9gu\u00e9 g\u00e9n\u00e9ral (Dg) du parti Vangah St\u00e9phane Clovis, le nouveau pr\u00e9sident (anciennement vice-pr\u00e9sident) a pris des engagements fermes pour ramener la coh\u00e9sion dans la maison.<\/p>\n<p>La formation, faut-il le souligner, traverse une crise majeure n\u00e9e de l\u2019organisation pratique m\u00eame du congr\u00e8s. Deux lignes s\u2019affrontaient. L\u2019une d\u00e9fendait l\u2019id\u00e9e d\u2019un changement de d\u00e9nomination eu \u00e9gard \u00e0 une d\u00e9cision de justice qui interdit \u00e0 certains membres de la direction de faire usage du logo et du nom de Lider. L\u2019autre tendance, men\u00e9e par les conservateurs ont voulu que Lider conserve son identit\u00e9 et ne se plie pas \u00e0 ce qu\u2019elle consid\u00e8re comme une caporalisation du parti et une immixtion injuste dans une affaire priv\u00e9e.<\/p>\n<p>En fin de compte, cette derni\u00e8re ligne s\u2019est impos\u00e9e pour organiser le congr\u00e8s, entra\u00eenant ainsi des d\u00e9missions en cascade dont celle du vice-pr\u00e9sident Kon\u00e9 Yacourwa.<\/p>\n<p>Le pr\u00e9sident fondateur Mamadou Koulibaly est rest\u00e9 silencieux tout ce temps. Hier, il \u00e9tait absent au si\u00e8ge \u00e0 la cl\u00f4ture du congr\u00e8s apr\u00e8s avoir brill\u00e9 par son absence \u00e0 l\u2019ouverture.<\/p>\n<p>\u00ab La d\u00e9cision de justice ne dit pas que Lider ne doit pas organiser un congr\u00e8s. Nous avons la d\u00e9cision. Le congr\u00e8s a \u00e9t\u00e9 un succ\u00e8s. Les probl\u00e8mes seront r\u00e9gl\u00e9s. (\u2026) Lider existe et ce sont ses militants qui d\u00e9cident. Notre mandature sera sous le sceau de l\u2019unit\u00e9 et de la coh\u00e9sion \u00bb, a comment\u00e9 le nouveau pr\u00e9sident qui promet d\u2019approcher tous ses camarades d\u00e9missionnaires pour r\u00e9gler les dissensions. \u00ab Nous allons nous atteler \u00e0 r\u00e9concilier tout le monde \u00bb, d\u00e9voile-t-il un pan de son projet.<\/p>\n<p>A propos de l\u2019absence de Koulibaly, Dr Kraidi dira : \u00ab le professeur Koulibaly est l\u00e0. Il est membre du coll\u00e8ge \u00e9lectoral. Il est de c\u0153ur avec nous mais il a d\u00e9cid\u00e9 d\u2019observer un silence depuis un moment \u00bb.<\/p>\n<p>Le nouveau Lider se veut un parti conqu\u00e9rant qui ambitionne de recruter au moins 31.000 nouveaux adh\u00e9rents. Aussi a-t-il redimensionn\u00e9 ses organes de base. Ce sont : \u2013 La cellule qui comprend au moins 5 militants d\u2019un quartier \u2013 la coordination, 10 militants d\u2019un quartier \u2013 la coordination territoriale et la coordination r\u00e9gionale au niveau des communes et sous-pr\u00e9fectures.<\/p>\n<p>Au total, le congr\u00e8s a projet\u00e9 l\u2019installation de 518 coordinations sur l\u2019ensemble du territoire.<\/p>\n<p>&nbsp;<\/p>\n","protected":false},"excerpt":{"rendered":"<p>Africa-Press &#8211; C\u00f4te d&rsquo;Ivoire. Depuis ce 17 juillet 2021, Libert\u00e9 et d\u00e9mocratie pour la R\u00e9publique (Lider), le parti fond\u00e9 par Mamadou Koulibaly a un nouveau pr\u00e9sident, Dr Roch Omer Kraidi. Il a \u00e9t\u00e9 \u00e9lu \u00e0 l\u2019issue du 4e congr\u00e8s ordinaire de cette formation politique d\u2019ob\u00e9dience lib\u00e9rale min\u00e9e depuis deux ans par une crise de leadership. [&hellip;]<\/p>\n","protected":false},"author":82,"featured_media":10107,"comment_status":"open","ping_status":"closed","sticky":false,"template":"","format":"standard","meta":{"footnotes":""},"categories":[11,4,20,10],"tags":[56,63,29],"class_list":["post-10108","post","type-post","status-publish","format-standard","has-post-thumbnail","hentry","category-homepage-french","category-parties","category-top-nouvelles","category-toutes-les-actualites","tag-africa-press","tag-africa-press-cote-divoire","tag-cote-divoire"],"yoast_head":"<!-- This site is optimized with the Yoast SEO Premium plugin v26.1 (Yoast SEO v27.0) - https:\/\/yoast.com\/product\/yoast-seo-premium-wordpress\/ -->\n<title>Lider, le parti de Koulibaly \u00e9lit son 3e pr\u00e9sident sur fond de crise - C\u00f4te d&#039;Ivoire<\/title>\n<meta name=\"description\" content=\"Depuis ce 17 juillet 2021, Libert\u00e9 et d\u00e9mocratie pour la R\u00e9publique (Lider), le parti fond\u00e9 par Mamadou Koulibaly a un n ...\" \/>\n<meta name=\"robots\" content=\"index, follow, max-snippet:-1, max-image-preview:large, max-video-preview:-1\" \/>\n<link rel=\"canonical\" href=\"https:\/\/www.africa-press.net\/cotedivoire\/parties\/cote-divoire-lider-le-parti-de-koulibaly-elit-son-3e-president-sur-fond-de-crise\" \/>\n<meta property=\"og:locale\" content=\"fr_FR\" \/>\n<meta property=\"og:type\" content=\"article\" \/>\n<meta property=\"og:title\" content=\"Lider, le parti de Koulibaly \u00e9lit son 3e pr\u00e9sident sur fond de crise\" \/>\n<meta property=\"og:description\" content=\"Depuis ce 17 juillet 2021, Libert\u00e9 et d\u00e9mocratie pour la R\u00e9publique (Lider), le parti fond\u00e9 par Mamadou Koulibaly a un n ...\" \/>\n<meta property=\"og:url\" content=\"https:\/\/www.africa-press.net\/cotedivoire\/parties\/cote-divoire-lider-le-parti-de-koulibaly-elit-son-3e-president-sur-fond-de-crise\" \/>\n<meta property=\"og:site_name\" content=\"C\u00f4te d&#039;Ivoire\" \/>\n<meta property=\"article:published_time\" content=\"2021-07-19T13:28:11+00:00\" \/>\n<meta property=\"article:modified_time\" content=\"2021-07-19T17:50:21+00:00\" \/>\n<meta property=\"og:image\" content=\"https:\/\/static.africa-press.net\/cote\/sites\/43\/2021\/07\/img-60f577fca4658.jpg\" \/>\n\t<meta property=\"og:image:width\" content=\"975\" \/>\n\t<meta property=\"og:image:height\" content=\"595\" \/>\n\t<meta property=\"og:image:type\" content=\"image\/jpeg\" \/>\n<meta name=\"author\" content=\"cfeditorfr\" \/>\n<meta name=\"twitter:card\" content=\"summary_large_image\" \/>\n<meta name=\"twitter:label1\" content=\"\u00c9crit par\" \/>\n\t<meta name=\"twitter:data1\" content=\"cfeditorfr\" \/>\n\t<meta name=\"twitter:label2\" content=\"Dur\u00e9e de lecture estim\u00e9e\" \/>\n\t<meta name=\"twitter:data2\" content=\"3 minutes\" \/>\n<script type=\"application\/ld+json\" class=\"yoast-schema-graph\">{\"@context\":\"https:\/\/schema.org\",\"@graph\":[{\"@type\":\"Article\",\"@id\":\"https:\/\/www.africa-press.net\/cotedivoire\/parties\/cote-divoire-lider-le-parti-de-koulibaly-elit-son-3e-president-sur-fond-de-crise#article\",\"isPartOf\":{\"@id\":\"https:\/\/www.africa-press.net\/cotedivoire\/parties\/cote-divoire-lider-le-parti-de-koulibaly-elit-son-3e-president-sur-fond-de-crise\"},\"author\":{\"name\":\"cfeditorfr\",\"@id\":\"https:\/\/www.africa-press.net\/cotedivoire\/#\/schema\/person\/2b1cf3cd81a31e3cd26889ca66d677f1\"},\"headline\":\"Lider, le parti de Koulibaly \u00e9lit son 3e pr\u00e9sident sur fond de crise\",\"datePublished\":\"2021-07-19T13:28:11+00:00\",\"dateModified\":\"2021-07-19T17:50:21+00:00\",\"mainEntityOfPage\":{\"@id\":\"https:\/\/www.africa-press.net\/cotedivoire\/parties\/cote-divoire-lider-le-parti-de-koulibaly-elit-son-3e-president-sur-fond-de-crise\"},\"wordCount\":612,\"commentCount\":0,\"image\":{\"@id\":\"https:\/\/www.africa-press.net\/cotedivoire\/parties\/cote-divoire-lider-le-parti-de-koulibaly-elit-son-3e-president-sur-fond-de-crise#primaryimage\"},\"thumbnailUrl\":\"https:\/\/static.africa-press.net\/cote\/sites\/43\/2021\/07\/img-60f577fca4658.jpg\",\"keywords\":[\"Africa Press\",\"Africa Press-C\u00f4te d'Ivoire\",\"C\u00d4TE D'IVOIRE\"],\"articleSection\":[\"homepage-french\",\"Parties\",\"Top Nouvelles\",\"Toutes les actualit\u00e9s\"],\"inLanguage\":\"fr-FR\",\"potentialAction\":[{\"@type\":\"CommentAction\",\"name\":\"Comment\",\"target\":[\"https:\/\/www.africa-press.net\/cotedivoire\/parties\/cote-divoire-lider-le-parti-de-koulibaly-elit-son-3e-president-sur-fond-de-crise#respond\"]}]},{\"@type\":\"WebPage\",\"@id\":\"https:\/\/www.africa-press.net\/cotedivoire\/parties\/cote-divoire-lider-le-parti-de-koulibaly-elit-son-3e-president-sur-fond-de-crise\",\"url\":\"https:\/\/www.africa-press.net\/cotedivoire\/parties\/cote-divoire-lider-le-parti-de-koulibaly-elit-son-3e-president-sur-fond-de-crise\",\"name\":\"Lider, le parti de Koulibaly \u00e9lit son 3e pr\u00e9sident sur fond de crise - C\u00f4te d&#039;Ivoire\",\"isPartOf\":{\"@id\":\"https:\/\/www.africa-press.net\/cotedivoire\/#website\"},\"primaryImageOfPage\":{\"@id\":\"https:\/\/www.africa-press.net\/cotedivoire\/parties\/cote-divoire-lider-le-parti-de-koulibaly-elit-son-3e-president-sur-fond-de-crise#primaryimage\"},\"image\":{\"@id\":\"https:\/\/www.africa-press.net\/cotedivoire\/parties\/cote-divoire-lider-le-parti-de-koulibaly-elit-son-3e-president-sur-fond-de-crise#primaryimage\"},\"thumbnailUrl\":\"https:\/\/static.africa-press.net\/cote\/sites\/43\/2021\/07\/img-60f577fca4658.jpg\",\"datePublished\":\"2021-07-19T13:28:11+00:00\",\"dateModified\":\"2021-07-19T17:50:21+00:00\",\"author\":{\"@id\":\"https:\/\/www.africa-press.net\/cotedivoire\/#\/schema\/person\/2b1cf3cd81a31e3cd26889ca66d677f1\"},\"description\":\"Depuis ce 17 juillet 2021, Libert\u00e9 et d\u00e9mocratie pour la R\u00e9publique (Lider), le parti fond\u00e9 par Mamadou Koulibaly a un n ...\",\"breadcrumb\":{\"@id\":\"https:\/\/www.africa-press.net\/cotedivoire\/parties\/cote-divoire-lider-le-parti-de-koulibaly-elit-son-3e-president-sur-fond-de-crise#breadcrumb\"},\"inLanguage\":\"fr-FR\",\"potentialAction\":[{\"@type\":\"ReadAction\",\"target\":[\"https:\/\/www.africa-press.net\/cotedivoire\/parties\/cote-divoire-lider-le-parti-de-koulibaly-elit-son-3e-president-sur-fond-de-crise\"]}]},{\"@type\":\"ImageObject\",\"inLanguage\":\"fr-FR\",\"@id\":\"https:\/\/www.africa-press.net\/cotedivoire\/parties\/cote-divoire-lider-le-parti-de-koulibaly-elit-son-3e-president-sur-fond-de-crise#primaryimage\",\"url\":\"https:\/\/static.africa-press.net\/cote\/sites\/43\/2021\/07\/img-60f577fca4658.jpg\",\"contentUrl\":\"https:\/\/static.africa-press.net\/cote\/sites\/43\/2021\/07\/img-60f577fca4658.jpg\",\"width\":975,\"height\":595,\"caption\":\"C\u00f4te-d\u2019Ivoire: Lider, le parti de Koulibaly \u00e9lit son 3e pr\u00e9sident sur fond de crise\"},{\"@type\":\"BreadcrumbList\",\"@id\":\"https:\/\/www.africa-press.net\/cotedivoire\/parties\/cote-divoire-lider-le-parti-de-koulibaly-elit-son-3e-president-sur-fond-de-crise#breadcrumb\",\"itemListElement\":[{\"@type\":\"ListItem\",\"position\":1,\"name\":\"Accueil\",\"item\":\"https:\/\/www.africa-press.net\/cotedivoire\/\"},{\"@type\":\"ListItem\",\"position\":2,\"name\":\"Lider, le parti de Koulibaly \u00e9lit son 3e pr\u00e9sident sur fond de crise\"}]},{\"@type\":\"WebSite\",\"@id\":\"https:\/\/www.africa-press.net\/cotedivoire\/#website\",\"url\":\"https:\/\/www.africa-press.net\/cotedivoire\/\",\"name\":\"C\u00f4te d&#039;Ivoire\",\"description\":\"Just another Africa News Agency Sites site\",\"potentialAction\":[{\"@type\":\"SearchAction\",\"target\":{\"@type\":\"EntryPoint\",\"urlTemplate\":\"https:\/\/www.africa-press.net\/cotedivoire\/?s={search_term_string}\"},\"query-input\":{\"@type\":\"PropertyValueSpecification\",\"valueRequired\":true,\"valueName\":\"search_term_string\"}}],\"inLanguage\":\"fr-FR\"},{\"@type\":\"Person\",\"@id\":\"https:\/\/www.africa-press.net\/cotedivoire\/#\/schema\/person\/2b1cf3cd81a31e3cd26889ca66d677f1\",\"name\":\"cfeditorfr\"}]}<\/script>\n<!-- \/ Yoast SEO Premium plugin. -->","yoast_head_json":{"title":"Lider, le parti de Koulibaly \u00e9lit son 3e pr\u00e9sident sur fond de crise - C\u00f4te d&#039;Ivoire","description":"Depuis ce 17 juillet 2021, Libert\u00e9 et d\u00e9mocratie pour la R\u00e9publique (Lider), le parti fond\u00e9 par Mamadou Koulibaly a un n ...","robots":{"index":"index","follow":"follow","max-snippet":"max-snippet:-1","max-image-preview":"max-image-preview:large","max-video-preview":"max-video-preview:-1"},"canonical":"https:\/\/www.africa-press.net\/cotedivoire\/parties\/cote-divoire-lider-le-parti-de-koulibaly-elit-son-3e-president-sur-fond-de-crise","og_locale":"fr_FR","og_type":"article","og_title":"Lider, le parti de Koulibaly \u00e9lit son 3e pr\u00e9sident sur fond de crise","og_description":"Depuis ce 17 juillet 2021, Libert\u00e9 et d\u00e9mocratie pour la R\u00e9publique (Lider), le parti fond\u00e9 par Mamadou Koulibaly a un n ...","og_url":"https:\/\/www.africa-press.net\/cotedivoire\/parties\/cote-divoire-lider-le-parti-de-koulibaly-elit-son-3e-president-sur-fond-de-crise","og_site_name":"C\u00f4te d&#039;Ivoire","article_published_time":"2021-07-19T13:28:11+00:00","article_modified_time":"2021-07-19T17:50:21+00:00","og_image":[{"width":975,"height":595,"url":"https:\/\/static.africa-press.net\/cote\/sites\/43\/2021\/07\/img-60f577fca4658.jpg","type":"image\/jpeg"}],"author":"cfeditorfr","twitter_card":"summary_large_image","twitter_misc":{"\u00c9crit par":"cfeditorfr","Dur\u00e9e de lecture estim\u00e9e":"3 minutes"},"schema":{"@context":"https:\/\/schema.org","@graph":[{"@type":"Article","@id":"https:\/\/www.africa-press.net\/cotedivoire\/parties\/cote-divoire-lider-le-parti-de-koulibaly-elit-son-3e-president-sur-fond-de-crise#article","isPartOf":{"@id":"https:\/\/www.africa-press.net\/cotedivoire\/parties\/cote-divoire-lider-le-parti-de-koulibaly-elit-son-3e-president-sur-fond-de-crise"},"author":{"name":"cfeditorfr","@id":"https:\/\/www.africa-press.net\/cotedivoire\/#\/schema\/person\/2b1cf3cd81a31e3cd26889ca66d677f1"},"headline":"Lider, le parti de Koulibaly \u00e9lit son 3e pr\u00e9sident sur fond de crise","datePublished":"2021-07-19T13:28:11+00:00","dateModified":"2021-07-19T17:50:21+00:00","mainEntityOfPage":{"@id":"https:\/\/www.africa-press.net\/cotedivoire\/parties\/cote-divoire-lider-le-parti-de-koulibaly-elit-son-3e-president-sur-fond-de-crise"},"wordCount":612,"commentCount":0,"image":{"@id":"https:\/\/www.africa-press.net\/cotedivoire\/parties\/cote-divoire-lider-le-parti-de-koulibaly-elit-son-3e-president-sur-fond-de-crise#primaryimage"},"thumbnailUrl":"https:\/\/static.africa-press.net\/cote\/sites\/43\/2021\/07\/img-60f577fca4658.jpg","keywords":["Africa Press","Africa Press-C\u00f4te d'Ivoire","C\u00d4TE D'IVOIRE"],"articleSection":["homepage-french","Parties","Top Nouvelles","Toutes les actualit\u00e9s"],"inLanguage":"fr-FR","potentialAction":[{"@type":"CommentAction","name":"Comment","target":["https:\/\/www.africa-press.net\/cotedivoire\/parties\/cote-divoire-lider-le-parti-de-koulibaly-elit-son-3e-president-sur-fond-de-crise#respond"]}]},{"@type":"WebPage","@id":"https:\/\/www.africa-press.net\/cotedivoire\/parties\/cote-divoire-lider-le-parti-de-koulibaly-elit-son-3e-president-sur-fond-de-crise","url":"https:\/\/www.africa-press.net\/cotedivoire\/parties\/cote-divoire-lider-le-parti-de-koulibaly-elit-son-3e-president-sur-fond-de-crise","name":"Lider, le parti de Koulibaly \u00e9lit son 3e pr\u00e9sident sur fond de crise - C\u00f4te d&#039;Ivoire","isPartOf":{"@id":"https:\/\/www.africa-press.net\/cotedivoire\/#website"},"primaryImageOfPage":{"@id":"https:\/\/www.africa-press.net\/cotedivoire\/parties\/cote-divoire-lider-le-parti-de-koulibaly-elit-son-3e-president-sur-fond-de-crise#primaryimage"},"image":{"@id":"https:\/\/www.africa-press.net\/cotedivoire\/parties\/cote-divoire-lider-le-parti-de-koulibaly-elit-son-3e-president-sur-fond-de-crise#primaryimage"},"thumbnailUrl":"https:\/\/static.africa-press.net\/cote\/sites\/43\/2021\/07\/img-60f577fca4658.jpg","datePublished":"2021-07-19T13:28:11+00:00","dateModified":"2021-07-19T17:50:21+00:00","author":{"@id":"https:\/\/www.africa-press.net\/cotedivoire\/#\/schema\/person\/2b1cf3cd81a31e3cd26889ca66d677f1"},"description":"Depuis ce 17 juillet 2021, Libert\u00e9 et d\u00e9mocratie pour la R\u00e9publique (Lider), le parti fond\u00e9 par Mamadou Koulibaly a un n ...","breadcrumb":{"@id":"https:\/\/www.africa-press.net\/cotedivoire\/parties\/cote-divoire-lider-le-parti-de-koulibaly-elit-son-3e-president-sur-fond-de-crise#breadcrumb"},"inLanguage":"fr-FR","potentialAction":[{"@type":"ReadAction","target":["https:\/\/www.africa-press.net\/cotedivoire\/parties\/cote-divoire-lider-le-parti-de-koulibaly-elit-son-3e-president-sur-fond-de-crise"]}]},{"@type":"ImageObject","inLanguage":"fr-FR","@id":"https:\/\/www.africa-press.net\/cotedivoire\/parties\/cote-divoire-lider-le-parti-de-koulibaly-elit-son-3e-president-sur-fond-de-crise#primaryimage","url":"https:\/\/static.africa-press.net\/cote\/sites\/43\/2021\/07\/img-60f577fca4658.jpg","contentUrl":"https:\/\/static.africa-press.net\/cote\/sites\/43\/2021\/07\/img-60f577fca4658.jpg","width":975,"height":595,"caption":"C\u00f4te-d\u2019Ivoire: Lider, le parti de Koulibaly \u00e9lit son 3e pr\u00e9sident sur fond de crise"},{"@type":"BreadcrumbList","@id":"https:\/\/www.africa-press.net\/cotedivoire\/parties\/cote-divoire-lider-le-parti-de-koulibaly-elit-son-3e-president-sur-fond-de-crise#breadcrumb","itemListElement":[{"@type":"ListItem","position":1,"name":"Accueil","item":"https:\/\/www.africa-press.net\/cotedivoire\/"},{"@type":"ListItem","position":2,"name":"Lider, le parti de Koulibaly \u00e9lit son 3e pr\u00e9sident sur fond de crise"}]},{"@type":"WebSite","@id":"https:\/\/www.africa-press.net\/cotedivoire\/#website","url":"https:\/\/www.africa-press.net\/cotedivoire\/","name":"C\u00f4te d&#039;Ivoire","description":"Just another Africa News Agency Sites site","potentialAction":[{"@type":"SearchAction","target":{"@type":"EntryPoint","urlTemplate":"https:\/\/www.africa-press.net\/cotedivoire\/?s={search_term_string}"},"query-input":{"@type":"PropertyValueSpecification","valueRequired":true,"valueName":"search_term_string"}}],"inLanguage":"fr-FR"},{"@type":"Person","@id":"https:\/\/www.africa-press.net\/cotedivoire\/#\/schema\/person\/2b1cf3cd81a31e3cd26889ca66d677f1","name":"cfeditorfr"}]}},"_links":{"self":[{"href":"https:\/\/www.africa-press.net\/cotedivoire\/wp-json\/wp\/v2\/posts\/10108","targetHints":{"allow":["GET"]}}],"collection":[{"href":"https:\/\/www.africa-press.net\/cotedivoire\/wp-json\/wp\/v2\/posts"}],"about":[{"href":"https:\/\/www.africa-press.net\/cotedivoire\/wp-json\/wp\/v2\/types\/post"}],"author":[{"embeddable":true,"href":"https:\/\/www.africa-press.net\/cotedivoire\/wp-json\/wp\/v2\/users\/82"}],"replies":[{"embeddable":true,"href":"https:\/\/www.africa-press.net\/cotedivoire\/wp-json\/wp\/v2\/comments?post=10108"}],"version-history":[{"count":0,"href":"https:\/\/www.africa-press.net\/cotedivoire\/wp-json\/wp\/v2\/posts\/10108\/revisions"}],"wp:featuredmedia":[{"embeddable":true,"href":"https:\/\/www.africa-press.net\/cotedivoire\/wp-json\/wp\/v2\/media\/10107"}],"wp:attachment":[{"href":"https:\/\/www.africa-press.net\/cotedivoire\/wp-json\/wp\/v2\/media?parent=10108"}],"wp:term":[{"taxonomy":"category","embeddable":true,"href":"https:\/\/www.africa-press.net\/cotedivoire\/wp-json\/wp\/v2\/categories?post=10108"},{"taxonomy":"post_tag","embeddable":true,"href":"https:\/\/www.africa-press.net\/cotedivoire\/wp-json\/wp\/v2\/tags?post=10108"}],"curies":[{"name":"wp","href":"https:\/\/api.w.org\/{rel}","templated":true}]}}