{"id":10114,"date":"2021-07-19T13:45:15","date_gmt":"2021-07-19T13:45:15","guid":{"rendered":"https:\/\/www.africa-press.net\/cotedivoire\/?p=10114"},"modified":"2021-07-19T17:50:47","modified_gmt":"2021-07-19T17:50:47","slug":"front-social-en-cote-divoire-les-syndicats-des-impots-annoncent-une-greve-mercredi","status":"publish","type":"post","link":"https:\/\/www.africa-press.net\/cotedivoire\/economie\/front-social-en-cote-divoire-les-syndicats-des-impots-annoncent-une-greve-mercredi","title":{"rendered":"Front social en C\u00f4te-d\u2019Ivoire: Les syndicats des imp\u00f4ts annoncent une gr\u00e8ve mercredi"},"content":{"rendered":"<p><span style=\"color: #ff6600\"><strong><a href=\"https:\/\/www.africa-press.net\/\">Africa-Press<\/a> &#8211; <a href=\"https:\/\/www.africa-press.net\/cotedivoire\">C\u00f4te d&rsquo;Ivoire<\/a>. <\/strong><\/span>\u00ab Notre carri\u00e8re est menac\u00e9e, fermez partout les imp\u00f4ts ! \u00bb<\/p>\n<p>Deux importants syndicats de la direction des imp\u00f4ts de C\u00f4te d\u2019ivoire ne sont pas contents. Les revendications qu\u2019ils ont mises au go\u00fbt du jour restent sans r\u00e9ponse concr\u00e8te apr\u00e8s une rencontre avec la tutelle le vendredi 16 juillet \u00e0 l\u2019immeuble Sciam au Plateau.<\/p>\n<p>La Fesy-Dgi dont le porte-parole est Kon\u00e9 Losseni et le Resafisc de Z\u00e9r\u00e9y\u00e9 Z\u00e9dou maintiennent la pression jusqu\u2019\u00e0 satisfaction de leur revendication. Consid\u00e9rant que la concertation avec la tutelle a \u00e9chou\u00e9, ils d\u00e9sirent rencontrer \u00e0 pr\u00e9sent le Premier ministre. En attendant la r\u00e9ponse de la primature dirig\u00e9e par Patrick Achi, ils reconduisent leur gr\u00e8ve \u00e0 compter du mercredi 21 juillet.<\/p>\n<p>Lors d\u2019une conf\u00e9rence de presse \u00e0 Abidjan ce week-end, Kon\u00e9 Losseni et Z\u00e9r\u00e9y\u00e9 Z\u00e9dou ont appel\u00e9 leurs camarades \u00e0 un d\u00e9brayage de 72h. Sans tournez autour du pot, Kon\u00e9 Losseni a lanc\u00e9 cet appel qui exprime tout le ras-le-bol de leurs syndicats respectifs : \u00ab Camarades, \u00e0 compter du 21, 22 et 23 juillet 2021, fermez la Dgi. Fermez la Dgi partout o\u00f9 vous vous trouvez. Dans toutes les villes, les villages, \u00e0 Abidjan, partout o\u00f9 se trouve une direction des imp\u00f4ts, fermez. Fermez parce que notre profil de carri\u00e8re est en danger. Fermez, parce que vous ne pourrez plus vous soigner. Ils veulent nous asphyxier. Ferme, pour sauver ta vie, ta carri\u00e8re. Que tu sois directeur, chef de service ou simple agent, ferme la Dgi pour trois jours de gr\u00e8ve et nous allons aviser \u00bb.<\/p>\n<p>Au moins onze revendications sont sur la table du gouvernement. Elles concernent principalement le profil de carri\u00e8re, l\u2019autonomie financi\u00e8re de la Dgi. Sur ce sujet les syndicats des imp\u00f4ts en veulent \u00e0 la direction du Trs\u00e9or qui g\u00e8re le budget de la direction des imp\u00f4ts. \u00ab Les reversements ne sont pas faits. L\u2019Agence comptable centrale du Tr\u00e9sor se comporte comme un ordonnateur ce qui n\u2019est pas son r\u00f4le. L\u2019Acct refuse en r\u00e9alit\u00e9 de virer les d\u00e9penses, notamment celles concernant le fonctionnement de la Dgi. Nous ne pouvons pas accepter cela \u00bb, d\u00e9nonce Z\u00e9r\u00e9y\u00e9 Z\u00e9dou.<\/p>\n<p>Les autres points de revendication sont entre autres \u2013 le reversement des cotisations assurance et sant\u00e9 des agents \u00e0 la Mutuelle des agents de la Dgi (depuis deux ans, plus de 22 milliards f cfa d\u2019impay\u00e9s) \u2013 l\u2019application de l\u2019article 12 de la charte d\u2019\u00e9thique de la Dgi \u2013 le d\u00e9blocage des nominations (chefs de service, sous-directeurs et directeurs) et le remboursement des 1.600 agents des imp\u00f4ts souscripteurs du Fcp-Bni Gestion (environ 3 milliards f cfa.<\/p>\n<p>Les regards sont d\u00e9sormais tourn\u00e9s vers la primature qui devrait rapidement prendre les choses en main apr\u00e8s l\u2019\u00e9chec des discussions avec la tutelle. L\u2019atteinte des objectifs assign\u00e9s \u00e0 cette r\u00e9gie dans le cadre du budget de l\u2019\u00e9tat sont \u00e0 ce prix.<\/p>\n<p>&nbsp;<\/p>\n","protected":false},"excerpt":{"rendered":"<p>Africa-Press &#8211; C\u00f4te d&rsquo;Ivoire. \u00ab Notre carri\u00e8re est menac\u00e9e, fermez partout les imp\u00f4ts ! \u00bb Deux importants syndicats de la direction des imp\u00f4ts de C\u00f4te d\u2019ivoire ne sont pas contents. Les revendications qu\u2019ils ont mises au go\u00fbt du jour restent sans r\u00e9ponse concr\u00e8te apr\u00e8s une rencontre avec la tutelle le vendredi 16 juillet \u00e0 l\u2019immeuble [&hellip;]<\/p>\n","protected":false},"author":82,"featured_media":10113,"comment_status":"open","ping_status":"closed","sticky":false,"template":"","format":"standard","meta":{"footnotes":""},"categories":[3,11,20,10],"tags":[56,63,29],"class_list":["post-10114","post","type-post","status-publish","format-standard","has-post-thumbnail","hentry","category-economie","category-homepage-french","category-top-nouvelles","category-toutes-les-actualites","tag-africa-press","tag-africa-press-cote-divoire","tag-cote-divoire"],"yoast_head":"<!-- This site is optimized with the Yoast SEO Premium plugin v26.1 (Yoast SEO v27.0) - https:\/\/yoast.com\/product\/yoast-seo-premium-wordpress\/ -->\n<title>Front social en C\u00f4te-d\u2019Ivoire: Les syndicats des imp\u00f4ts annoncent une gr\u00e8ve mercredi - C\u00f4te d&#039;Ivoire<\/title>\n<meta name=\"description\" content=\"\u00ab Notre carri\u00e8re est menac\u00e9e, fermez partout les imp\u00f4ts ! \u00bb Deux importants syndicats de la direction des imp\u00f4ts de C\u00f4t ...\" \/>\n<meta name=\"robots\" content=\"index, follow, max-snippet:-1, max-image-preview:large, max-video-preview:-1\" \/>\n<link rel=\"canonical\" href=\"https:\/\/www.africa-press.net\/cotedivoire\/economie\/front-social-en-cote-divoire-les-syndicats-des-impots-annoncent-une-greve-mercredi\" \/>\n<meta property=\"og:locale\" content=\"fr_FR\" \/>\n<meta property=\"og:type\" content=\"article\" \/>\n<meta property=\"og:title\" content=\"Front social en C\u00f4te-d\u2019Ivoire: Les syndicats des imp\u00f4ts annoncent une gr\u00e8ve mercredi\" \/>\n<meta property=\"og:description\" content=\"\u00ab Notre carri\u00e8re est menac\u00e9e, fermez partout les imp\u00f4ts ! \u00bb Deux importants syndicats de la direction des imp\u00f4ts de C\u00f4t ...\" \/>\n<meta property=\"og:url\" content=\"https:\/\/www.africa-press.net\/cotedivoire\/economie\/front-social-en-cote-divoire-les-syndicats-des-impots-annoncent-une-greve-mercredi\" \/>\n<meta property=\"og:site_name\" content=\"C\u00f4te d&#039;Ivoire\" \/>\n<meta property=\"article:published_time\" content=\"2021-07-19T13:45:15+00:00\" \/>\n<meta property=\"article:modified_time\" content=\"2021-07-19T17:50:47+00:00\" \/>\n<meta property=\"og:image\" content=\"https:\/\/static.africa-press.net\/cote\/sites\/43\/2021\/07\/img-60f5787cbb439.jpg\" \/>\n\t<meta property=\"og:image:width\" content=\"1080\" \/>\n\t<meta property=\"og:image:height\" content=\"626\" \/>\n\t<meta property=\"og:image:type\" content=\"image\/jpeg\" \/>\n<meta name=\"author\" content=\"cfeditorfr\" \/>\n<meta name=\"twitter:card\" content=\"summary_large_image\" \/>\n<meta name=\"twitter:label1\" content=\"\u00c9crit par\" \/>\n\t<meta name=\"twitter:data1\" content=\"cfeditorfr\" \/>\n\t<meta name=\"twitter:label2\" content=\"Dur\u00e9e de lecture estim\u00e9e\" \/>\n\t<meta name=\"twitter:data2\" content=\"2 minutes\" \/>\n<script type=\"application\/ld+json\" class=\"yoast-schema-graph\">{\"@context\":\"https:\/\/schema.org\",\"@graph\":[{\"@type\":\"Article\",\"@id\":\"https:\/\/www.africa-press.net\/cotedivoire\/economie\/front-social-en-cote-divoire-les-syndicats-des-impots-annoncent-une-greve-mercredi#article\",\"isPartOf\":{\"@id\":\"https:\/\/www.africa-press.net\/cotedivoire\/economie\/front-social-en-cote-divoire-les-syndicats-des-impots-annoncent-une-greve-mercredi\"},\"author\":{\"name\":\"cfeditorfr\",\"@id\":\"https:\/\/www.africa-press.net\/cotedivoire\/#\/schema\/person\/2b1cf3cd81a31e3cd26889ca66d677f1\"},\"headline\":\"Front social en C\u00f4te-d\u2019Ivoire: Les syndicats des imp\u00f4ts annoncent une gr\u00e8ve mercredi\",\"datePublished\":\"2021-07-19T13:45:15+00:00\",\"dateModified\":\"2021-07-19T17:50:47+00:00\",\"mainEntityOfPage\":{\"@id\":\"https:\/\/www.africa-press.net\/cotedivoire\/economie\/front-social-en-cote-divoire-les-syndicats-des-impots-annoncent-une-greve-mercredi\"},\"wordCount\":516,\"commentCount\":0,\"image\":{\"@id\":\"https:\/\/www.africa-press.net\/cotedivoire\/economie\/front-social-en-cote-divoire-les-syndicats-des-impots-annoncent-une-greve-mercredi#primaryimage\"},\"thumbnailUrl\":\"https:\/\/static.africa-press.net\/cote\/sites\/43\/2021\/07\/img-60f5787cbb439.jpg\",\"keywords\":[\"Africa Press\",\"Africa Press-C\u00f4te d'Ivoire\",\"C\u00d4TE D'IVOIRE\"],\"articleSection\":[\"\u00c9conomie\",\"homepage-french\",\"Top Nouvelles\",\"Toutes les actualit\u00e9s\"],\"inLanguage\":\"fr-FR\",\"potentialAction\":[{\"@type\":\"CommentAction\",\"name\":\"Comment\",\"target\":[\"https:\/\/www.africa-press.net\/cotedivoire\/economie\/front-social-en-cote-divoire-les-syndicats-des-impots-annoncent-une-greve-mercredi#respond\"]}]},{\"@type\":\"WebPage\",\"@id\":\"https:\/\/www.africa-press.net\/cotedivoire\/economie\/front-social-en-cote-divoire-les-syndicats-des-impots-annoncent-une-greve-mercredi\",\"url\":\"https:\/\/www.africa-press.net\/cotedivoire\/economie\/front-social-en-cote-divoire-les-syndicats-des-impots-annoncent-une-greve-mercredi\",\"name\":\"Front social en C\u00f4te-d\u2019Ivoire: Les syndicats des imp\u00f4ts annoncent une gr\u00e8ve mercredi - C\u00f4te d&#039;Ivoire\",\"isPartOf\":{\"@id\":\"https:\/\/www.africa-press.net\/cotedivoire\/#website\"},\"primaryImageOfPage\":{\"@id\":\"https:\/\/www.africa-press.net\/cotedivoire\/economie\/front-social-en-cote-divoire-les-syndicats-des-impots-annoncent-une-greve-mercredi#primaryimage\"},\"image\":{\"@id\":\"https:\/\/www.africa-press.net\/cotedivoire\/economie\/front-social-en-cote-divoire-les-syndicats-des-impots-annoncent-une-greve-mercredi#primaryimage\"},\"thumbnailUrl\":\"https:\/\/static.africa-press.net\/cote\/sites\/43\/2021\/07\/img-60f5787cbb439.jpg\",\"datePublished\":\"2021-07-19T13:45:15+00:00\",\"dateModified\":\"2021-07-19T17:50:47+00:00\",\"author\":{\"@id\":\"https:\/\/www.africa-press.net\/cotedivoire\/#\/schema\/person\/2b1cf3cd81a31e3cd26889ca66d677f1\"},\"description\":\"\u00ab Notre carri\u00e8re est menac\u00e9e, fermez partout les imp\u00f4ts ! \u00bb Deux importants syndicats de la direction des imp\u00f4ts de C\u00f4t ...\",\"breadcrumb\":{\"@id\":\"https:\/\/www.africa-press.net\/cotedivoire\/economie\/front-social-en-cote-divoire-les-syndicats-des-impots-annoncent-une-greve-mercredi#breadcrumb\"},\"inLanguage\":\"fr-FR\",\"potentialAction\":[{\"@type\":\"ReadAction\",\"target\":[\"https:\/\/www.africa-press.net\/cotedivoire\/economie\/front-social-en-cote-divoire-les-syndicats-des-impots-annoncent-une-greve-mercredi\"]}]},{\"@type\":\"ImageObject\",\"inLanguage\":\"fr-FR\",\"@id\":\"https:\/\/www.africa-press.net\/cotedivoire\/economie\/front-social-en-cote-divoire-les-syndicats-des-impots-annoncent-une-greve-mercredi#primaryimage\",\"url\":\"https:\/\/static.africa-press.net\/cote\/sites\/43\/2021\/07\/img-60f5787cbb439.jpg\",\"contentUrl\":\"https:\/\/static.africa-press.net\/cote\/sites\/43\/2021\/07\/img-60f5787cbb439.jpg\",\"width\":1080,\"height\":626,\"caption\":\"Front social en C\u00f4te-d\u2019Ivoire: Les syndicats des imp\u00f4ts annoncent une gr\u00e8ve mercredi\"},{\"@type\":\"BreadcrumbList\",\"@id\":\"https:\/\/www.africa-press.net\/cotedivoire\/economie\/front-social-en-cote-divoire-les-syndicats-des-impots-annoncent-une-greve-mercredi#breadcrumb\",\"itemListElement\":[{\"@type\":\"ListItem\",\"position\":1,\"name\":\"Accueil\",\"item\":\"https:\/\/www.africa-press.net\/cotedivoire\/\"},{\"@type\":\"ListItem\",\"position\":2,\"name\":\"Front social en C\u00f4te-d\u2019Ivoire: Les syndicats des imp\u00f4ts annoncent une gr\u00e8ve mercredi\"}]},{\"@type\":\"WebSite\",\"@id\":\"https:\/\/www.africa-press.net\/cotedivoire\/#website\",\"url\":\"https:\/\/www.africa-press.net\/cotedivoire\/\",\"name\":\"C\u00f4te d&#039;Ivoire\",\"description\":\"Just another Africa News Agency Sites site\",\"potentialAction\":[{\"@type\":\"SearchAction\",\"target\":{\"@type\":\"EntryPoint\",\"urlTemplate\":\"https:\/\/www.africa-press.net\/cotedivoire\/?s={search_term_string}\"},\"query-input\":{\"@type\":\"PropertyValueSpecification\",\"valueRequired\":true,\"valueName\":\"search_term_string\"}}],\"inLanguage\":\"fr-FR\"},{\"@type\":\"Person\",\"@id\":\"https:\/\/www.africa-press.net\/cotedivoire\/#\/schema\/person\/2b1cf3cd81a31e3cd26889ca66d677f1\",\"name\":\"cfeditorfr\"}]}<\/script>\n<!-- \/ Yoast SEO Premium plugin. -->","yoast_head_json":{"title":"Front social en C\u00f4te-d\u2019Ivoire: Les syndicats des imp\u00f4ts annoncent une gr\u00e8ve mercredi - C\u00f4te d&#039;Ivoire","description":"\u00ab Notre carri\u00e8re est menac\u00e9e, fermez partout les imp\u00f4ts ! \u00bb Deux importants syndicats de la direction des imp\u00f4ts de C\u00f4t ...","robots":{"index":"index","follow":"follow","max-snippet":"max-snippet:-1","max-image-preview":"max-image-preview:large","max-video-preview":"max-video-preview:-1"},"canonical":"https:\/\/www.africa-press.net\/cotedivoire\/economie\/front-social-en-cote-divoire-les-syndicats-des-impots-annoncent-une-greve-mercredi","og_locale":"fr_FR","og_type":"article","og_title":"Front social en C\u00f4te-d\u2019Ivoire: Les syndicats des imp\u00f4ts annoncent une gr\u00e8ve mercredi","og_description":"\u00ab Notre carri\u00e8re est menac\u00e9e, fermez partout les imp\u00f4ts ! \u00bb Deux importants syndicats de la direction des imp\u00f4ts de C\u00f4t ...","og_url":"https:\/\/www.africa-press.net\/cotedivoire\/economie\/front-social-en-cote-divoire-les-syndicats-des-impots-annoncent-une-greve-mercredi","og_site_name":"C\u00f4te d&#039;Ivoire","article_published_time":"2021-07-19T13:45:15+00:00","article_modified_time":"2021-07-19T17:50:47+00:00","og_image":[{"width":1080,"height":626,"url":"https:\/\/static.africa-press.net\/cote\/sites\/43\/2021\/07\/img-60f5787cbb439.jpg","type":"image\/jpeg"}],"author":"cfeditorfr","twitter_card":"summary_large_image","twitter_misc":{"\u00c9crit par":"cfeditorfr","Dur\u00e9e de lecture estim\u00e9e":"2 minutes"},"schema":{"@context":"https:\/\/schema.org","@graph":[{"@type":"Article","@id":"https:\/\/www.africa-press.net\/cotedivoire\/economie\/front-social-en-cote-divoire-les-syndicats-des-impots-annoncent-une-greve-mercredi#article","isPartOf":{"@id":"https:\/\/www.africa-press.net\/cotedivoire\/economie\/front-social-en-cote-divoire-les-syndicats-des-impots-annoncent-une-greve-mercredi"},"author":{"name":"cfeditorfr","@id":"https:\/\/www.africa-press.net\/cotedivoire\/#\/schema\/person\/2b1cf3cd81a31e3cd26889ca66d677f1"},"headline":"Front social en C\u00f4te-d\u2019Ivoire: Les syndicats des imp\u00f4ts annoncent une gr\u00e8ve mercredi","datePublished":"2021-07-19T13:45:15+00:00","dateModified":"2021-07-19T17:50:47+00:00","mainEntityOfPage":{"@id":"https:\/\/www.africa-press.net\/cotedivoire\/economie\/front-social-en-cote-divoire-les-syndicats-des-impots-annoncent-une-greve-mercredi"},"wordCount":516,"commentCount":0,"image":{"@id":"https:\/\/www.africa-press.net\/cotedivoire\/economie\/front-social-en-cote-divoire-les-syndicats-des-impots-annoncent-une-greve-mercredi#primaryimage"},"thumbnailUrl":"https:\/\/static.africa-press.net\/cote\/sites\/43\/2021\/07\/img-60f5787cbb439.jpg","keywords":["Africa Press","Africa Press-C\u00f4te d'Ivoire","C\u00d4TE D'IVOIRE"],"articleSection":["\u00c9conomie","homepage-french","Top Nouvelles","Toutes les actualit\u00e9s"],"inLanguage":"fr-FR","potentialAction":[{"@type":"CommentAction","name":"Comment","target":["https:\/\/www.africa-press.net\/cotedivoire\/economie\/front-social-en-cote-divoire-les-syndicats-des-impots-annoncent-une-greve-mercredi#respond"]}]},{"@type":"WebPage","@id":"https:\/\/www.africa-press.net\/cotedivoire\/economie\/front-social-en-cote-divoire-les-syndicats-des-impots-annoncent-une-greve-mercredi","url":"https:\/\/www.africa-press.net\/cotedivoire\/economie\/front-social-en-cote-divoire-les-syndicats-des-impots-annoncent-une-greve-mercredi","name":"Front social en C\u00f4te-d\u2019Ivoire: Les syndicats des imp\u00f4ts annoncent une gr\u00e8ve mercredi - C\u00f4te d&#039;Ivoire","isPartOf":{"@id":"https:\/\/www.africa-press.net\/cotedivoire\/#website"},"primaryImageOfPage":{"@id":"https:\/\/www.africa-press.net\/cotedivoire\/economie\/front-social-en-cote-divoire-les-syndicats-des-impots-annoncent-une-greve-mercredi#primaryimage"},"image":{"@id":"https:\/\/www.africa-press.net\/cotedivoire\/economie\/front-social-en-cote-divoire-les-syndicats-des-impots-annoncent-une-greve-mercredi#primaryimage"},"thumbnailUrl":"https:\/\/static.africa-press.net\/cote\/sites\/43\/2021\/07\/img-60f5787cbb439.jpg","datePublished":"2021-07-19T13:45:15+00:00","dateModified":"2021-07-19T17:50:47+00:00","author":{"@id":"https:\/\/www.africa-press.net\/cotedivoire\/#\/schema\/person\/2b1cf3cd81a31e3cd26889ca66d677f1"},"description":"\u00ab Notre carri\u00e8re est menac\u00e9e, fermez partout les imp\u00f4ts ! \u00bb Deux importants syndicats de la direction des imp\u00f4ts de C\u00f4t ...","breadcrumb":{"@id":"https:\/\/www.africa-press.net\/cotedivoire\/economie\/front-social-en-cote-divoire-les-syndicats-des-impots-annoncent-une-greve-mercredi#breadcrumb"},"inLanguage":"fr-FR","potentialAction":[{"@type":"ReadAction","target":["https:\/\/www.africa-press.net\/cotedivoire\/economie\/front-social-en-cote-divoire-les-syndicats-des-impots-annoncent-une-greve-mercredi"]}]},{"@type":"ImageObject","inLanguage":"fr-FR","@id":"https:\/\/www.africa-press.net\/cotedivoire\/economie\/front-social-en-cote-divoire-les-syndicats-des-impots-annoncent-une-greve-mercredi#primaryimage","url":"https:\/\/static.africa-press.net\/cote\/sites\/43\/2021\/07\/img-60f5787cbb439.jpg","contentUrl":"https:\/\/static.africa-press.net\/cote\/sites\/43\/2021\/07\/img-60f5787cbb439.jpg","width":1080,"height":626,"caption":"Front social en C\u00f4te-d\u2019Ivoire: Les syndicats des imp\u00f4ts annoncent une gr\u00e8ve mercredi"},{"@type":"BreadcrumbList","@id":"https:\/\/www.africa-press.net\/cotedivoire\/economie\/front-social-en-cote-divoire-les-syndicats-des-impots-annoncent-une-greve-mercredi#breadcrumb","itemListElement":[{"@type":"ListItem","position":1,"name":"Accueil","item":"https:\/\/www.africa-press.net\/cotedivoire\/"},{"@type":"ListItem","position":2,"name":"Front social en C\u00f4te-d\u2019Ivoire: Les syndicats des imp\u00f4ts annoncent une gr\u00e8ve mercredi"}]},{"@type":"WebSite","@id":"https:\/\/www.africa-press.net\/cotedivoire\/#website","url":"https:\/\/www.africa-press.net\/cotedivoire\/","name":"C\u00f4te d&#039;Ivoire","description":"Just another Africa News Agency Sites site","potentialAction":[{"@type":"SearchAction","target":{"@type":"EntryPoint","urlTemplate":"https:\/\/www.africa-press.net\/cotedivoire\/?s={search_term_string}"},"query-input":{"@type":"PropertyValueSpecification","valueRequired":true,"valueName":"search_term_string"}}],"inLanguage":"fr-FR"},{"@type":"Person","@id":"https:\/\/www.africa-press.net\/cotedivoire\/#\/schema\/person\/2b1cf3cd81a31e3cd26889ca66d677f1","name":"cfeditorfr"}]}},"_links":{"self":[{"href":"https:\/\/www.africa-press.net\/cotedivoire\/wp-json\/wp\/v2\/posts\/10114","targetHints":{"allow":["GET"]}}],"collection":[{"href":"https:\/\/www.africa-press.net\/cotedivoire\/wp-json\/wp\/v2\/posts"}],"about":[{"href":"https:\/\/www.africa-press.net\/cotedivoire\/wp-json\/wp\/v2\/types\/post"}],"author":[{"embeddable":true,"href":"https:\/\/www.africa-press.net\/cotedivoire\/wp-json\/wp\/v2\/users\/82"}],"replies":[{"embeddable":true,"href":"https:\/\/www.africa-press.net\/cotedivoire\/wp-json\/wp\/v2\/comments?post=10114"}],"version-history":[{"count":0,"href":"https:\/\/www.africa-press.net\/cotedivoire\/wp-json\/wp\/v2\/posts\/10114\/revisions"}],"wp:featuredmedia":[{"embeddable":true,"href":"https:\/\/www.africa-press.net\/cotedivoire\/wp-json\/wp\/v2\/media\/10113"}],"wp:attachment":[{"href":"https:\/\/www.africa-press.net\/cotedivoire\/wp-json\/wp\/v2\/media?parent=10114"}],"wp:term":[{"taxonomy":"category","embeddable":true,"href":"https:\/\/www.africa-press.net\/cotedivoire\/wp-json\/wp\/v2\/categories?post=10114"},{"taxonomy":"post_tag","embeddable":true,"href":"https:\/\/www.africa-press.net\/cotedivoire\/wp-json\/wp\/v2\/tags?post=10114"}],"curies":[{"name":"wp","href":"https:\/\/api.w.org\/{rel}","templated":true}]}}