{"id":10117,"date":"2021-07-19T13:51:25","date_gmt":"2021-07-19T13:51:25","guid":{"rendered":"https:\/\/www.africa-press.net\/cotedivoire\/?p=10117"},"modified":"2021-07-19T17:50:53","modified_gmt":"2021-07-19T17:50:53","slug":"editorial-de-venance-konan-ajoute-ta-haine-a-la-mienne","status":"publish","type":"post","link":"https:\/\/www.africa-press.net\/cotedivoire\/dossiers\/editorial-de-venance-konan-ajoute-ta-haine-a-la-mienne","title":{"rendered":"\u00c9ditorial de Venance Konan: Ajoute ta haine \u00e0 la mienne"},"content":{"rendered":"<p><span style=\"color: #ff6600\"><strong><a href=\"https:\/\/www.africa-press.net\/\">Africa-Press<\/a> &#8211; <a href=\"https:\/\/www.africa-press.net\/cotedivoire\">C\u00f4te d&rsquo;Ivoire<\/a>. <\/strong><\/span>Laurent Gbagbo est donc rentr\u00e9 et a annonc\u00e9 la couleur. Il n\u2019est pas venu r\u00e9concilier les Ivoiriens. Il est venu se r\u00e9concilier avec Henri Konan B\u00e9di\u00e9 contre Alassane Ouattara. C\u2019est cela la politique en C\u00f4te d\u2019Ivoire depuis quelque temps. On ne se r\u00e9concilie pas tous en m\u00eame temps, mais on le fait \u00e0 deux contre un. Ou, pour \u00eatre plus pr\u00e9cis, on s\u2019allie \u00e0 deux contre un, celui qui est au pouvoir, dans l\u2019espoir de le faire tomber.<\/p>\n<p>C\u2019est ainsi qu\u2019en 1994, il y eut le Front r\u00e9publicain constitu\u00e9 du Front populaire ivoirien (FPI) et du Rassemblement des r\u00e9publicains (RDR), dans l\u2019objectif de faire tomber B\u00e9di\u00e9 qui \u00e9tait alors au pouvoir. B\u00e9di\u00e9 finit par tomber en 1999, mais sous les coups de boutoir des militaires. Aussit\u00f4t le Front r\u00e9publicain se disloqua. Le FPI s\u2019allia aux militaires pour barrer la route au RDR dans la course au pouvoir. Et il prit le pouvoir en \u00e9cartant aussi le Parti d\u00e9mocratique de C\u00f4te d\u2019Ivoire (PDCI) de la course et en roulant les militaires dans la farine. En 2010, c\u2019est le RDR et le PDCI qui s\u2019alli\u00e8rent dans le cadre du Rassemblement des houphou\u00e9tistes pour la d\u00e9mocratie et la paix (RHDP) pour faire tomber le FPI.<\/p>\n<p>Laurent Gbagbo battu, le RHDP prit le pouvoir. Mais le malentendu vint de ce que le PDCI estima que le RDR se taillait la part du lion dans le partage du g\u00e2teau et que ce dernier devait lui laisser la place en 2020. Le fameux \u00ab Appel de Daoukro \u00bb de 2014 n\u2019avait pas d\u2019autre objectif que de demander au pr\u00e9sident Ouattara de c\u00e9der la place \u00e0 Henri Konan B\u00e9-di\u00e9 en 2020. Certains pens\u00e8rent que B\u00e9di\u00e9 voulait simplement que le candidat du RHDP \u00e0 la pr\u00e9sidentielle de 2020 et successeur de M. Ouattara soit issu du PDCI. Non, il voulait que ce soit lui. D\u2019ailleurs, les probl\u00e8mes de Daniel Kablan Duncan au sein du PDCI commenc\u00e8rent lorsqu\u2019il fut d\u00e9sign\u00e9 vice-pr\u00e9sident et donc dauphin constitutionnel du pr\u00e9sident de la R\u00e9publique.<\/p>\n<p>De nombreuses personnes virent en lui le futur candidat du RHDP. Et le divorce ne survint pas parce que le pr\u00e9sident du PDCI refusait que son parti soit phagocyt\u00e9 par le RHDP comme on a pu l\u2019entendre ici et l\u00e0, mais bien parce que B\u00e9di\u00e9 n\u2019avait pas \u00e9t\u00e9 soutenu par le pr\u00e9sident Ouattara dans sa volont\u00e9 de revenir au pouvoir. Et du coup, la grande fraternit\u00e9 qui unissait les deux hommes se mua en haine chez B\u00e9di\u00e9, au point que le nom Ouattara (Alassane et Dominique) qui avait \u00e9t\u00e9 donn\u00e9 \u00e0 une avenue et une place \u00e0 Daoukro, fut enlev\u00e9. M\u00eame la plaque qui indiquait que le ch\u00e2teau d\u2019eau du village de P\u00e9pressou, village du pr\u00e9sident B\u00e9di\u00e9, a \u00e9t\u00e9 construit gr\u00e2ce au \u00ab programme pr\u00e9sidentiel d\u2019urgence \u00bb (PPU) fut aussi enlev\u00e9.<\/p>\n<p>Que le nouvel alli\u00e9 de B\u00e9di\u00e9 r\u00e9fl\u00e9chisse bien, si des cadeaux lui sont offerts \u00e0 Daoukro. Ses partisans de Daoukro, eux, n\u2019ont pas encore oubli\u00e9 qu\u2019ils furent pourchass\u00e9s, qu\u2019un chef du village fut destitu\u00e9 et vit ses biens incendi\u00e9s pour avoir soutenu le FPI et son patron. On dit que la pr\u00e9sidentielle de C\u00f4te d\u2019Ivoire se gagne \u00e0 deux contre un. Cela s\u2019est v\u00e9rifi\u00e9 en 2010, lorsque le RDR et le PDCI se sont mis ensemble. Et ils sont nombreux \u00e0 croire qu\u2019il en sera toujours ainsi. Alors, au nom de cette loi, B\u00e9di\u00e9 cherche d\u00e9sesp\u00e9r\u00e9ment un alli\u00e9 depuis qu\u2019il a quitt\u00e9 M. Ouattara. Lorsque Gbagbo n\u2019\u00e9tait pas encore acquitt\u00e9 par la Cour p\u00e9nale internationale et que son retour au pays \u00e9tait tr\u00e8s improbable, Guillaume Soro qui \u00e9tait en rupture de ban avec Ouattara apparut comme l\u2019alli\u00e9 id\u00e9al. Il fut donc re\u00e7u en grande pompe \u00e0 Daoukro.<\/p>\n<p>Pour l\u2019occasion, Henri Konan B\u00e9di\u00e9 esquissa m\u00eame des pas de danse en public, ce qui est tr\u00e8s rare chez lui. Mais les donn\u00e9es ont chang\u00e9. Soro a pris la route de l\u2019exil et Gbagbo est rentr\u00e9 de son exil. Il devient du coup le nouvel alli\u00e9 id\u00e9al. Exit donc Soro dont on ne prononce plus le nom, et tapis rouge, fanfare et veau gras pour Gbagbo l\u2019enfant prodigue. Tant que tu hais l\u2019autre et que tu peux ajouter ta haine \u00e0 la mienne, nous sommes faits pour nous entendre. Et la haine, on peut dire que Gbagbo est venu le c\u0153ur plein de cela. Au point qu\u2019il a oubli\u00e9 tous ses militants, ceux qui sont morts pour lui \u00e0 l\u2019ouest, dans la r\u00e9gion de Du\u00e9kou\u00e9, ceux qui sont en prison, encore en exil, qui ont battu le pav\u00e9 pour lui, brav\u00e9 les hivers et les distances pour aller le soutenir \u00e0 la Haye. Non, aucun mot pour eux.<\/p>\n<p>Il est venu avec son \u00e9p\u00e9e en main, contre Ouattara. Et le vieux Sphinx de Daoukro ne peut que l\u2019int\u00e9resser. \u2018\u2019Atoh, pr\u00eate-moi ta palabre ! \u2018\u2019Non, que M. B\u00e9di\u00e9 ne se leurre pas. Gbagbo ne va pas se battre pour lui. Il va se servir de sa haine contre Ouattara pour \u00e9tancher la sienne. On ne va pas nous faire croire que leur rencontre de Bruxelles puis de Daoukro ont lev\u00e9 soudainement les contentieux entre eux. Je doute fort que Gbagbo ait oubli\u00e9 que l\u2019alliance B\u00e9di\u00e9-Ouattara lui a fait perdre le pouvoir. B\u00e9di\u00e9 a soutenu fermement le transf\u00e8rement de Gbagbo \u00e0 la Haye, et avant que le divorce n\u2019intervienne entre lui et Ouattara, il estimait que la place de Gbagbo \u00e9tait en prison. Non, Gbagbo n\u2019a pas la m\u00e9moire si courte et le pardon si facile. Que B\u00e9di\u00e9 l\u2019aide \u00e0 faire tomber Ouattara, oui. Mais pour le reste, si cela advenait, on aurait le temps de savoir qui de B\u00e9di\u00e9 et de Gbagbo est le meilleur boulanger.<\/p>\n<p>&nbsp;<\/p>\n","protected":false},"excerpt":{"rendered":"<p>Africa-Press &#8211; C\u00f4te d&rsquo;Ivoire. Laurent Gbagbo est donc rentr\u00e9 et a annonc\u00e9 la couleur. Il n\u2019est pas venu r\u00e9concilier les Ivoiriens. Il est venu se r\u00e9concilier avec Henri Konan B\u00e9di\u00e9 contre Alassane Ouattara. C\u2019est cela la politique en C\u00f4te d\u2019Ivoire depuis quelque temps. On ne se r\u00e9concilie pas tous en m\u00eame temps, mais on le [&hellip;]<\/p>\n","protected":false},"author":82,"featured_media":10116,"comment_status":"open","ping_status":"closed","sticky":false,"template":"","format":"standard","meta":{"footnotes":""},"categories":[7,11,20,10],"tags":[56,63,29],"class_list":["post-10117","post","type-post","status-publish","format-standard","has-post-thumbnail","hentry","category-dossiers","category-homepage-french","category-top-nouvelles","category-toutes-les-actualites","tag-africa-press","tag-africa-press-cote-divoire","tag-cote-divoire"],"yoast_head":"<!-- This site is optimized with the Yoast SEO Premium plugin v26.1 (Yoast SEO v27.0) - https:\/\/yoast.com\/product\/yoast-seo-premium-wordpress\/ -->\n<title>\u00c9ditorial de Venance Konan: Ajoute ta haine \u00e0 la mienne - C\u00f4te d&#039;Ivoire<\/title>\n<meta name=\"description\" content=\"Laurent Gbagbo est donc rentr\u00e9 et a annonc\u00e9 la couleur. Il n\u2019est pas venu r\u00e9concilier les Ivoiriens. Il est venu se r\u00e9co ...\" \/>\n<meta name=\"robots\" content=\"index, follow, max-snippet:-1, max-image-preview:large, max-video-preview:-1\" \/>\n<link rel=\"canonical\" href=\"https:\/\/www.africa-press.net\/cotedivoire\/dossiers\/editorial-de-venance-konan-ajoute-ta-haine-a-la-mienne\" \/>\n<meta property=\"og:locale\" content=\"fr_FR\" \/>\n<meta property=\"og:type\" content=\"article\" \/>\n<meta property=\"og:title\" content=\"\u00c9ditorial de Venance Konan: Ajoute ta haine \u00e0 la mienne\" \/>\n<meta property=\"og:description\" content=\"Laurent Gbagbo est donc rentr\u00e9 et a annonc\u00e9 la couleur. Il n\u2019est pas venu r\u00e9concilier les Ivoiriens. Il est venu se r\u00e9co ...\" \/>\n<meta property=\"og:url\" content=\"https:\/\/www.africa-press.net\/cotedivoire\/dossiers\/editorial-de-venance-konan-ajoute-ta-haine-a-la-mienne\" \/>\n<meta property=\"og:site_name\" content=\"C\u00f4te d&#039;Ivoire\" \/>\n<meta property=\"article:published_time\" content=\"2021-07-19T13:51:25+00:00\" \/>\n<meta property=\"article:modified_time\" content=\"2021-07-19T17:50:53+00:00\" \/>\n<meta property=\"og:image\" content=\"https:\/\/static.africa-press.net\/cote\/sites\/43\/2021\/07\/img-60f578c43ac77.jpg\" \/>\n\t<meta property=\"og:image:width\" content=\"800\" \/>\n\t<meta property=\"og:image:height\" content=\"447\" \/>\n\t<meta property=\"og:image:type\" content=\"image\/jpeg\" \/>\n<meta name=\"author\" content=\"cfeditorfr\" \/>\n<meta name=\"twitter:card\" content=\"summary_large_image\" \/>\n<meta name=\"twitter:label1\" content=\"\u00c9crit par\" \/>\n\t<meta name=\"twitter:data1\" content=\"cfeditorfr\" \/>\n\t<meta name=\"twitter:label2\" content=\"Dur\u00e9e de lecture estim\u00e9e\" \/>\n\t<meta name=\"twitter:data2\" content=\"5 minutes\" \/>\n<script type=\"application\/ld+json\" class=\"yoast-schema-graph\">{\"@context\":\"https:\/\/schema.org\",\"@graph\":[{\"@type\":\"Article\",\"@id\":\"https:\/\/www.africa-press.net\/cotedivoire\/dossiers\/editorial-de-venance-konan-ajoute-ta-haine-a-la-mienne#article\",\"isPartOf\":{\"@id\":\"https:\/\/www.africa-press.net\/cotedivoire\/dossiers\/editorial-de-venance-konan-ajoute-ta-haine-a-la-mienne\"},\"author\":{\"name\":\"cfeditorfr\",\"@id\":\"https:\/\/www.africa-press.net\/cotedivoire\/#\/schema\/person\/2b1cf3cd81a31e3cd26889ca66d677f1\"},\"headline\":\"\u00c9ditorial de Venance Konan: Ajoute ta haine \u00e0 la mienne\",\"datePublished\":\"2021-07-19T13:51:25+00:00\",\"dateModified\":\"2021-07-19T17:50:53+00:00\",\"mainEntityOfPage\":{\"@id\":\"https:\/\/www.africa-press.net\/cotedivoire\/dossiers\/editorial-de-venance-konan-ajoute-ta-haine-a-la-mienne\"},\"wordCount\":1039,\"commentCount\":0,\"image\":{\"@id\":\"https:\/\/www.africa-press.net\/cotedivoire\/dossiers\/editorial-de-venance-konan-ajoute-ta-haine-a-la-mienne#primaryimage\"},\"thumbnailUrl\":\"https:\/\/static.africa-press.net\/cote\/sites\/43\/2021\/07\/img-60f578c43ac77.jpg\",\"keywords\":[\"Africa Press\",\"Africa Press-C\u00f4te d'Ivoire\",\"C\u00d4TE D'IVOIRE\"],\"articleSection\":[\"Dossiers\",\"homepage-french\",\"Top Nouvelles\",\"Toutes les actualit\u00e9s\"],\"inLanguage\":\"fr-FR\",\"potentialAction\":[{\"@type\":\"CommentAction\",\"name\":\"Comment\",\"target\":[\"https:\/\/www.africa-press.net\/cotedivoire\/dossiers\/editorial-de-venance-konan-ajoute-ta-haine-a-la-mienne#respond\"]}]},{\"@type\":\"WebPage\",\"@id\":\"https:\/\/www.africa-press.net\/cotedivoire\/dossiers\/editorial-de-venance-konan-ajoute-ta-haine-a-la-mienne\",\"url\":\"https:\/\/www.africa-press.net\/cotedivoire\/dossiers\/editorial-de-venance-konan-ajoute-ta-haine-a-la-mienne\",\"name\":\"\u00c9ditorial de Venance Konan: Ajoute ta haine \u00e0 la mienne - C\u00f4te d&#039;Ivoire\",\"isPartOf\":{\"@id\":\"https:\/\/www.africa-press.net\/cotedivoire\/#website\"},\"primaryImageOfPage\":{\"@id\":\"https:\/\/www.africa-press.net\/cotedivoire\/dossiers\/editorial-de-venance-konan-ajoute-ta-haine-a-la-mienne#primaryimage\"},\"image\":{\"@id\":\"https:\/\/www.africa-press.net\/cotedivoire\/dossiers\/editorial-de-venance-konan-ajoute-ta-haine-a-la-mienne#primaryimage\"},\"thumbnailUrl\":\"https:\/\/static.africa-press.net\/cote\/sites\/43\/2021\/07\/img-60f578c43ac77.jpg\",\"datePublished\":\"2021-07-19T13:51:25+00:00\",\"dateModified\":\"2021-07-19T17:50:53+00:00\",\"author\":{\"@id\":\"https:\/\/www.africa-press.net\/cotedivoire\/#\/schema\/person\/2b1cf3cd81a31e3cd26889ca66d677f1\"},\"description\":\"Laurent Gbagbo est donc rentr\u00e9 et a annonc\u00e9 la couleur. Il n\u2019est pas venu r\u00e9concilier les Ivoiriens. Il est venu se r\u00e9co ...\",\"breadcrumb\":{\"@id\":\"https:\/\/www.africa-press.net\/cotedivoire\/dossiers\/editorial-de-venance-konan-ajoute-ta-haine-a-la-mienne#breadcrumb\"},\"inLanguage\":\"fr-FR\",\"potentialAction\":[{\"@type\":\"ReadAction\",\"target\":[\"https:\/\/www.africa-press.net\/cotedivoire\/dossiers\/editorial-de-venance-konan-ajoute-ta-haine-a-la-mienne\"]}]},{\"@type\":\"ImageObject\",\"inLanguage\":\"fr-FR\",\"@id\":\"https:\/\/www.africa-press.net\/cotedivoire\/dossiers\/editorial-de-venance-konan-ajoute-ta-haine-a-la-mienne#primaryimage\",\"url\":\"https:\/\/static.africa-press.net\/cote\/sites\/43\/2021\/07\/img-60f578c43ac77.jpg\",\"contentUrl\":\"https:\/\/static.africa-press.net\/cote\/sites\/43\/2021\/07\/img-60f578c43ac77.jpg\",\"width\":800,\"height\":447,\"caption\":\"\u00c9ditorial de Venance Konan: Ajoute ta haine \u00e0 la mienne\"},{\"@type\":\"BreadcrumbList\",\"@id\":\"https:\/\/www.africa-press.net\/cotedivoire\/dossiers\/editorial-de-venance-konan-ajoute-ta-haine-a-la-mienne#breadcrumb\",\"itemListElement\":[{\"@type\":\"ListItem\",\"position\":1,\"name\":\"Accueil\",\"item\":\"https:\/\/www.africa-press.net\/cotedivoire\/\"},{\"@type\":\"ListItem\",\"position\":2,\"name\":\"\u00c9ditorial de Venance Konan: Ajoute ta haine \u00e0 la mienne\"}]},{\"@type\":\"WebSite\",\"@id\":\"https:\/\/www.africa-press.net\/cotedivoire\/#website\",\"url\":\"https:\/\/www.africa-press.net\/cotedivoire\/\",\"name\":\"C\u00f4te d&#039;Ivoire\",\"description\":\"Just another Africa News Agency Sites site\",\"potentialAction\":[{\"@type\":\"SearchAction\",\"target\":{\"@type\":\"EntryPoint\",\"urlTemplate\":\"https:\/\/www.africa-press.net\/cotedivoire\/?s={search_term_string}\"},\"query-input\":{\"@type\":\"PropertyValueSpecification\",\"valueRequired\":true,\"valueName\":\"search_term_string\"}}],\"inLanguage\":\"fr-FR\"},{\"@type\":\"Person\",\"@id\":\"https:\/\/www.africa-press.net\/cotedivoire\/#\/schema\/person\/2b1cf3cd81a31e3cd26889ca66d677f1\",\"name\":\"cfeditorfr\"}]}<\/script>\n<!-- \/ Yoast SEO Premium plugin. -->","yoast_head_json":{"title":"\u00c9ditorial de Venance Konan: Ajoute ta haine \u00e0 la mienne - C\u00f4te d&#039;Ivoire","description":"Laurent Gbagbo est donc rentr\u00e9 et a annonc\u00e9 la couleur. Il n\u2019est pas venu r\u00e9concilier les Ivoiriens. Il est venu se r\u00e9co ...","robots":{"index":"index","follow":"follow","max-snippet":"max-snippet:-1","max-image-preview":"max-image-preview:large","max-video-preview":"max-video-preview:-1"},"canonical":"https:\/\/www.africa-press.net\/cotedivoire\/dossiers\/editorial-de-venance-konan-ajoute-ta-haine-a-la-mienne","og_locale":"fr_FR","og_type":"article","og_title":"\u00c9ditorial de Venance Konan: Ajoute ta haine \u00e0 la mienne","og_description":"Laurent Gbagbo est donc rentr\u00e9 et a annonc\u00e9 la couleur. Il n\u2019est pas venu r\u00e9concilier les Ivoiriens. Il est venu se r\u00e9co ...","og_url":"https:\/\/www.africa-press.net\/cotedivoire\/dossiers\/editorial-de-venance-konan-ajoute-ta-haine-a-la-mienne","og_site_name":"C\u00f4te d&#039;Ivoire","article_published_time":"2021-07-19T13:51:25+00:00","article_modified_time":"2021-07-19T17:50:53+00:00","og_image":[{"width":800,"height":447,"url":"https:\/\/static.africa-press.net\/cote\/sites\/43\/2021\/07\/img-60f578c43ac77.jpg","type":"image\/jpeg"}],"author":"cfeditorfr","twitter_card":"summary_large_image","twitter_misc":{"\u00c9crit par":"cfeditorfr","Dur\u00e9e de lecture estim\u00e9e":"5 minutes"},"schema":{"@context":"https:\/\/schema.org","@graph":[{"@type":"Article","@id":"https:\/\/www.africa-press.net\/cotedivoire\/dossiers\/editorial-de-venance-konan-ajoute-ta-haine-a-la-mienne#article","isPartOf":{"@id":"https:\/\/www.africa-press.net\/cotedivoire\/dossiers\/editorial-de-venance-konan-ajoute-ta-haine-a-la-mienne"},"author":{"name":"cfeditorfr","@id":"https:\/\/www.africa-press.net\/cotedivoire\/#\/schema\/person\/2b1cf3cd81a31e3cd26889ca66d677f1"},"headline":"\u00c9ditorial de Venance Konan: Ajoute ta haine \u00e0 la mienne","datePublished":"2021-07-19T13:51:25+00:00","dateModified":"2021-07-19T17:50:53+00:00","mainEntityOfPage":{"@id":"https:\/\/www.africa-press.net\/cotedivoire\/dossiers\/editorial-de-venance-konan-ajoute-ta-haine-a-la-mienne"},"wordCount":1039,"commentCount":0,"image":{"@id":"https:\/\/www.africa-press.net\/cotedivoire\/dossiers\/editorial-de-venance-konan-ajoute-ta-haine-a-la-mienne#primaryimage"},"thumbnailUrl":"https:\/\/static.africa-press.net\/cote\/sites\/43\/2021\/07\/img-60f578c43ac77.jpg","keywords":["Africa Press","Africa Press-C\u00f4te d'Ivoire","C\u00d4TE D'IVOIRE"],"articleSection":["Dossiers","homepage-french","Top Nouvelles","Toutes les actualit\u00e9s"],"inLanguage":"fr-FR","potentialAction":[{"@type":"CommentAction","name":"Comment","target":["https:\/\/www.africa-press.net\/cotedivoire\/dossiers\/editorial-de-venance-konan-ajoute-ta-haine-a-la-mienne#respond"]}]},{"@type":"WebPage","@id":"https:\/\/www.africa-press.net\/cotedivoire\/dossiers\/editorial-de-venance-konan-ajoute-ta-haine-a-la-mienne","url":"https:\/\/www.africa-press.net\/cotedivoire\/dossiers\/editorial-de-venance-konan-ajoute-ta-haine-a-la-mienne","name":"\u00c9ditorial de Venance Konan: Ajoute ta haine \u00e0 la mienne - C\u00f4te d&#039;Ivoire","isPartOf":{"@id":"https:\/\/www.africa-press.net\/cotedivoire\/#website"},"primaryImageOfPage":{"@id":"https:\/\/www.africa-press.net\/cotedivoire\/dossiers\/editorial-de-venance-konan-ajoute-ta-haine-a-la-mienne#primaryimage"},"image":{"@id":"https:\/\/www.africa-press.net\/cotedivoire\/dossiers\/editorial-de-venance-konan-ajoute-ta-haine-a-la-mienne#primaryimage"},"thumbnailUrl":"https:\/\/static.africa-press.net\/cote\/sites\/43\/2021\/07\/img-60f578c43ac77.jpg","datePublished":"2021-07-19T13:51:25+00:00","dateModified":"2021-07-19T17:50:53+00:00","author":{"@id":"https:\/\/www.africa-press.net\/cotedivoire\/#\/schema\/person\/2b1cf3cd81a31e3cd26889ca66d677f1"},"description":"Laurent Gbagbo est donc rentr\u00e9 et a annonc\u00e9 la couleur. Il n\u2019est pas venu r\u00e9concilier les Ivoiriens. Il est venu se r\u00e9co ...","breadcrumb":{"@id":"https:\/\/www.africa-press.net\/cotedivoire\/dossiers\/editorial-de-venance-konan-ajoute-ta-haine-a-la-mienne#breadcrumb"},"inLanguage":"fr-FR","potentialAction":[{"@type":"ReadAction","target":["https:\/\/www.africa-press.net\/cotedivoire\/dossiers\/editorial-de-venance-konan-ajoute-ta-haine-a-la-mienne"]}]},{"@type":"ImageObject","inLanguage":"fr-FR","@id":"https:\/\/www.africa-press.net\/cotedivoire\/dossiers\/editorial-de-venance-konan-ajoute-ta-haine-a-la-mienne#primaryimage","url":"https:\/\/static.africa-press.net\/cote\/sites\/43\/2021\/07\/img-60f578c43ac77.jpg","contentUrl":"https:\/\/static.africa-press.net\/cote\/sites\/43\/2021\/07\/img-60f578c43ac77.jpg","width":800,"height":447,"caption":"\u00c9ditorial de Venance Konan: Ajoute ta haine \u00e0 la mienne"},{"@type":"BreadcrumbList","@id":"https:\/\/www.africa-press.net\/cotedivoire\/dossiers\/editorial-de-venance-konan-ajoute-ta-haine-a-la-mienne#breadcrumb","itemListElement":[{"@type":"ListItem","position":1,"name":"Accueil","item":"https:\/\/www.africa-press.net\/cotedivoire\/"},{"@type":"ListItem","position":2,"name":"\u00c9ditorial de Venance Konan: Ajoute ta haine \u00e0 la mienne"}]},{"@type":"WebSite","@id":"https:\/\/www.africa-press.net\/cotedivoire\/#website","url":"https:\/\/www.africa-press.net\/cotedivoire\/","name":"C\u00f4te d&#039;Ivoire","description":"Just another Africa News Agency Sites site","potentialAction":[{"@type":"SearchAction","target":{"@type":"EntryPoint","urlTemplate":"https:\/\/www.africa-press.net\/cotedivoire\/?s={search_term_string}"},"query-input":{"@type":"PropertyValueSpecification","valueRequired":true,"valueName":"search_term_string"}}],"inLanguage":"fr-FR"},{"@type":"Person","@id":"https:\/\/www.africa-press.net\/cotedivoire\/#\/schema\/person\/2b1cf3cd81a31e3cd26889ca66d677f1","name":"cfeditorfr"}]}},"_links":{"self":[{"href":"https:\/\/www.africa-press.net\/cotedivoire\/wp-json\/wp\/v2\/posts\/10117","targetHints":{"allow":["GET"]}}],"collection":[{"href":"https:\/\/www.africa-press.net\/cotedivoire\/wp-json\/wp\/v2\/posts"}],"about":[{"href":"https:\/\/www.africa-press.net\/cotedivoire\/wp-json\/wp\/v2\/types\/post"}],"author":[{"embeddable":true,"href":"https:\/\/www.africa-press.net\/cotedivoire\/wp-json\/wp\/v2\/users\/82"}],"replies":[{"embeddable":true,"href":"https:\/\/www.africa-press.net\/cotedivoire\/wp-json\/wp\/v2\/comments?post=10117"}],"version-history":[{"count":0,"href":"https:\/\/www.africa-press.net\/cotedivoire\/wp-json\/wp\/v2\/posts\/10117\/revisions"}],"wp:featuredmedia":[{"embeddable":true,"href":"https:\/\/www.africa-press.net\/cotedivoire\/wp-json\/wp\/v2\/media\/10116"}],"wp:attachment":[{"href":"https:\/\/www.africa-press.net\/cotedivoire\/wp-json\/wp\/v2\/media?parent=10117"}],"wp:term":[{"taxonomy":"category","embeddable":true,"href":"https:\/\/www.africa-press.net\/cotedivoire\/wp-json\/wp\/v2\/categories?post=10117"},{"taxonomy":"post_tag","embeddable":true,"href":"https:\/\/www.africa-press.net\/cotedivoire\/wp-json\/wp\/v2\/tags?post=10117"}],"curies":[{"name":"wp","href":"https:\/\/api.w.org\/{rel}","templated":true}]}}