{"id":10126,"date":"2021-07-19T14:16:05","date_gmt":"2021-07-19T14:16:05","guid":{"rendered":"https:\/\/www.africa-press.net\/cotedivoire\/?p=10126"},"modified":"2021-07-19T17:51:22","modified_gmt":"2021-07-19T17:51:22","slug":"inflation-cote-divoire-et-si-les-nombreux-ministeres-inutiles-et-farfelus-participaient-a-la-cherte-de-la-vie","status":"publish","type":"post","link":"https:\/\/www.africa-press.net\/cotedivoire\/economie\/inflation-cote-divoire-et-si-les-nombreux-ministeres-inutiles-et-farfelus-participaient-a-la-cherte-de-la-vie","title":{"rendered":"Inflation\/C\u00f4te-d\u2019Ivoire: Et si les nombreux minist\u00e8res \u00abinutiles et farfelus\u00bb participaient \u00e0 la chert\u00e9 de la vie"},"content":{"rendered":"<p><span style=\"color: #ff6600\"><strong><a href=\"https:\/\/www.africa-press.net\/\">Africa-Press<\/a> &#8211; <a href=\"https:\/\/www.africa-press.net\/cotedivoire\">C\u00f4te d&rsquo;Ivoire<\/a>. <\/strong><\/span>Chert\u00e9 de la vie \u2013 Le ministre du commerce et de l\u2019industrie en C\u00f4te-d\u2019Ivoire, Souleymane Diarrassouba a estim\u00e9 hier dimanche \u00e0 Abidjan qu\u2019il voyait plut\u00f4t \u00ab une tendance \u00e0 la baisse \u00bb des prix au d\u00e9tail de certains produits depuis la fin du d\u00e9lestage dont le sac de ciment qui co\u00fbte \u00e0 nouveau \u00ab entre 4.200 et 4.500 FCFA \u00bb. Le ministre a \u00e9voqu\u00e9 entre autres produits le ciment et les mat\u00e9riaux de construction dont les prix avaient connus une tendance \u00e0 la baisse depuis que les coupures d\u2019\u00e9lectricit\u00e9 ont pris fin.<\/p>\n<p>Le ministre qui a reconnu que certains produits dont la viande, le riz, l\u2019huile, le poisson, ou encore les l\u00e9gumes avaient vus leurs prix augmenter malgr\u00e9 les plafonnements du gouvernement, a indiqu\u00e9 qu\u2019en plus des baisses cons\u00e9cutives de la fin des d\u00e9lestages, son minist\u00e8re et d\u2019autres faisaient tout leur possible pour traquer les grossistes v\u00e9reux.<\/p>\n<p>Un trop-plein de minist\u00e8res<\/p>\n<p>Selon plusieurs experts, les prix en C\u00f4te-d\u2019Ivoire souffrent certes d\u2019une part de probl\u00e8mes structurels tels que la grande corruption des agents de contr\u00f4le des prix et des r\u00e9gies financiers (imp\u00f4ts, tr\u00e9sors, douanes etc.).<\/p>\n<p>Mais les experts pointent aussi du doigt le trop-plein de minist\u00e8res dans le pays.<\/p>\n<p>En effet pas moins de 5 minist\u00e8res diff\u00e9rents se partagent les comp\u00e9tences sur la question des prix. Une situation qui pose un r\u00e9el probl\u00e8me de coordination d\u2019une politique nationale efficace de contr\u00f4le des prix, estiment les experts.<\/p>\n<p>Prenant pour exemple le domaine de la communication qui a la charge des tarifs internet et t\u00e9l\u00e9coms, l\u2019on trouve un minist\u00e8re de l\u2019\u00e9conomie num\u00e9rique, des t\u00e9l\u00e9communications et de l\u2019innovation \u00e0 c\u00f4t\u00e9 d\u2019un minist\u00e8re de la communication et des m\u00e9dias.<\/p>\n<p>Sur le plan social pas moins de trois minist\u00e8res se marchent sur les pieds : un minist\u00e8re de la solidarit\u00e9 et de la lutte contre la pauvret\u00e9, un minist\u00e8re de l\u2019emploi et de la protection sociale et un autre minist\u00e8re charg\u00e9 de la Femme, de la famille et de l\u2019enfant.<\/p>\n<p>La situation est encore pire au niveau de l\u2019\u00e9conomie et des finances, ou on a un minist\u00e8re de l\u2019\u00e9conomie et des finances, un minist\u00e8re du budget, un minist\u00e8re du plan et des infrastructures, un minist\u00e8re de l\u2019agriculture et du d\u00e9veloppement rural, un minist\u00e8re charg\u00e9 de la gestion de l\u2019\u00e9conomie num\u00e9rique, un autre minist\u00e8re qui s\u2019occupe de l\u2019\u00e9conomie du sport, un minist\u00e8re du transport, un autre minist\u00e8re en charge de l\u2019entretien routier\u2026un minist\u00e8re du commerce et de l\u2019industrie etc.<\/p>\n<p>&nbsp;<\/p>\n","protected":false},"excerpt":{"rendered":"<p>Africa-Press &#8211; C\u00f4te d&rsquo;Ivoire. Chert\u00e9 de la vie \u2013 Le ministre du commerce et de l\u2019industrie en C\u00f4te-d\u2019Ivoire, Souleymane Diarrassouba a estim\u00e9 hier dimanche \u00e0 Abidjan qu\u2019il voyait plut\u00f4t \u00ab une tendance \u00e0 la baisse \u00bb des prix au d\u00e9tail de certains produits depuis la fin du d\u00e9lestage dont le sac de ciment qui co\u00fbte [&hellip;]<\/p>\n","protected":false},"author":82,"featured_media":10125,"comment_status":"open","ping_status":"closed","sticky":false,"template":"","format":"standard","meta":{"footnotes":""},"categories":[3,11,20,10],"tags":[56,63,29],"class_list":["post-10126","post","type-post","status-publish","format-standard","has-post-thumbnail","hentry","category-economie","category-homepage-french","category-top-nouvelles","category-toutes-les-actualites","tag-africa-press","tag-africa-press-cote-divoire","tag-cote-divoire"],"yoast_head":"<!-- This site is optimized with the Yoast SEO Premium plugin v26.1 (Yoast SEO v27.0) - https:\/\/yoast.com\/product\/yoast-seo-premium-wordpress\/ -->\n<title>Inflation\/C\u00f4te-d\u2019Ivoire: Et si les nombreux minist\u00e8res \u00abinutiles et farfelus\u00bb participaient \u00e0 la chert\u00e9 de la vie - C\u00f4te d&#039;Ivoire<\/title>\n<meta name=\"description\" content=\"Chert\u00e9 de la vie \u2013 Le ministre du commerce et de l\u2019industrie en C\u00f4te-d\u2019Ivoire, Souleymane Diarrassouba a estim\u00e9 hier dim ...\" \/>\n<meta name=\"robots\" content=\"index, follow, max-snippet:-1, max-image-preview:large, max-video-preview:-1\" \/>\n<link rel=\"canonical\" href=\"https:\/\/www.africa-press.net\/cotedivoire\/economie\/inflation-cote-divoire-et-si-les-nombreux-ministeres-inutiles-et-farfelus-participaient-a-la-cherte-de-la-vie\" \/>\n<meta property=\"og:locale\" content=\"fr_FR\" \/>\n<meta property=\"og:type\" content=\"article\" \/>\n<meta property=\"og:title\" content=\"Inflation\/C\u00f4te-d\u2019Ivoire: Et si les nombreux minist\u00e8res \u00abinutiles et farfelus\u00bb participaient \u00e0 la chert\u00e9 de la vie\" \/>\n<meta property=\"og:description\" content=\"Chert\u00e9 de la vie \u2013 Le ministre du commerce et de l\u2019industrie en C\u00f4te-d\u2019Ivoire, Souleymane Diarrassouba a estim\u00e9 hier dim ...\" \/>\n<meta property=\"og:url\" content=\"https:\/\/www.africa-press.net\/cotedivoire\/economie\/inflation-cote-divoire-et-si-les-nombreux-ministeres-inutiles-et-farfelus-participaient-a-la-cherte-de-la-vie\" \/>\n<meta property=\"og:site_name\" content=\"C\u00f4te d&#039;Ivoire\" \/>\n<meta property=\"article:published_time\" content=\"2021-07-19T14:16:05+00:00\" \/>\n<meta property=\"article:modified_time\" content=\"2021-07-19T17:51:22+00:00\" \/>\n<meta property=\"og:image\" content=\"https:\/\/static.africa-press.net\/cote\/sites\/43\/2021\/07\/img-60f57a1773c7b.jpg\" \/>\n\t<meta property=\"og:image:width\" content=\"779\" \/>\n\t<meta property=\"og:image:height\" content=\"608\" \/>\n\t<meta property=\"og:image:type\" content=\"image\/jpeg\" \/>\n<meta name=\"author\" content=\"cfeditorfr\" \/>\n<meta name=\"twitter:card\" content=\"summary_large_image\" \/>\n<meta name=\"twitter:label1\" content=\"\u00c9crit par\" \/>\n\t<meta name=\"twitter:data1\" content=\"cfeditorfr\" \/>\n\t<meta name=\"twitter:label2\" content=\"Dur\u00e9e de lecture estim\u00e9e\" \/>\n\t<meta name=\"twitter:data2\" content=\"2 minutes\" \/>\n<script type=\"application\/ld+json\" class=\"yoast-schema-graph\">{\"@context\":\"https:\/\/schema.org\",\"@graph\":[{\"@type\":\"Article\",\"@id\":\"https:\/\/www.africa-press.net\/cotedivoire\/economie\/inflation-cote-divoire-et-si-les-nombreux-ministeres-inutiles-et-farfelus-participaient-a-la-cherte-de-la-vie#article\",\"isPartOf\":{\"@id\":\"https:\/\/www.africa-press.net\/cotedivoire\/economie\/inflation-cote-divoire-et-si-les-nombreux-ministeres-inutiles-et-farfelus-participaient-a-la-cherte-de-la-vie\"},\"author\":{\"name\":\"cfeditorfr\",\"@id\":\"https:\/\/www.africa-press.net\/cotedivoire\/#\/schema\/person\/2b1cf3cd81a31e3cd26889ca66d677f1\"},\"headline\":\"Inflation\/C\u00f4te-d\u2019Ivoire: Et si les nombreux minist\u00e8res \u00abinutiles et farfelus\u00bb participaient \u00e0 la chert\u00e9 de la vie\",\"datePublished\":\"2021-07-19T14:16:05+00:00\",\"dateModified\":\"2021-07-19T17:51:22+00:00\",\"mainEntityOfPage\":{\"@id\":\"https:\/\/www.africa-press.net\/cotedivoire\/economie\/inflation-cote-divoire-et-si-les-nombreux-ministeres-inutiles-et-farfelus-participaient-a-la-cherte-de-la-vie\"},\"wordCount\":488,\"commentCount\":0,\"image\":{\"@id\":\"https:\/\/www.africa-press.net\/cotedivoire\/economie\/inflation-cote-divoire-et-si-les-nombreux-ministeres-inutiles-et-farfelus-participaient-a-la-cherte-de-la-vie#primaryimage\"},\"thumbnailUrl\":\"https:\/\/static.africa-press.net\/cote\/sites\/43\/2021\/07\/img-60f57a1773c7b.jpg\",\"keywords\":[\"Africa Press\",\"Africa Press-C\u00f4te d'Ivoire\",\"C\u00d4TE D'IVOIRE\"],\"articleSection\":[\"\u00c9conomie\",\"homepage-french\",\"Top Nouvelles\",\"Toutes les actualit\u00e9s\"],\"inLanguage\":\"fr-FR\",\"potentialAction\":[{\"@type\":\"CommentAction\",\"name\":\"Comment\",\"target\":[\"https:\/\/www.africa-press.net\/cotedivoire\/economie\/inflation-cote-divoire-et-si-les-nombreux-ministeres-inutiles-et-farfelus-participaient-a-la-cherte-de-la-vie#respond\"]}]},{\"@type\":\"WebPage\",\"@id\":\"https:\/\/www.africa-press.net\/cotedivoire\/economie\/inflation-cote-divoire-et-si-les-nombreux-ministeres-inutiles-et-farfelus-participaient-a-la-cherte-de-la-vie\",\"url\":\"https:\/\/www.africa-press.net\/cotedivoire\/economie\/inflation-cote-divoire-et-si-les-nombreux-ministeres-inutiles-et-farfelus-participaient-a-la-cherte-de-la-vie\",\"name\":\"Inflation\/C\u00f4te-d\u2019Ivoire: Et si les nombreux minist\u00e8res \u00abinutiles et farfelus\u00bb participaient \u00e0 la chert\u00e9 de la vie - C\u00f4te d&#039;Ivoire\",\"isPartOf\":{\"@id\":\"https:\/\/www.africa-press.net\/cotedivoire\/#website\"},\"primaryImageOfPage\":{\"@id\":\"https:\/\/www.africa-press.net\/cotedivoire\/economie\/inflation-cote-divoire-et-si-les-nombreux-ministeres-inutiles-et-farfelus-participaient-a-la-cherte-de-la-vie#primaryimage\"},\"image\":{\"@id\":\"https:\/\/www.africa-press.net\/cotedivoire\/economie\/inflation-cote-divoire-et-si-les-nombreux-ministeres-inutiles-et-farfelus-participaient-a-la-cherte-de-la-vie#primaryimage\"},\"thumbnailUrl\":\"https:\/\/static.africa-press.net\/cote\/sites\/43\/2021\/07\/img-60f57a1773c7b.jpg\",\"datePublished\":\"2021-07-19T14:16:05+00:00\",\"dateModified\":\"2021-07-19T17:51:22+00:00\",\"author\":{\"@id\":\"https:\/\/www.africa-press.net\/cotedivoire\/#\/schema\/person\/2b1cf3cd81a31e3cd26889ca66d677f1\"},\"description\":\"Chert\u00e9 de la vie \u2013 Le ministre du commerce et de l\u2019industrie en C\u00f4te-d\u2019Ivoire, Souleymane Diarrassouba a estim\u00e9 hier dim ...\",\"breadcrumb\":{\"@id\":\"https:\/\/www.africa-press.net\/cotedivoire\/economie\/inflation-cote-divoire-et-si-les-nombreux-ministeres-inutiles-et-farfelus-participaient-a-la-cherte-de-la-vie#breadcrumb\"},\"inLanguage\":\"fr-FR\",\"potentialAction\":[{\"@type\":\"ReadAction\",\"target\":[\"https:\/\/www.africa-press.net\/cotedivoire\/economie\/inflation-cote-divoire-et-si-les-nombreux-ministeres-inutiles-et-farfelus-participaient-a-la-cherte-de-la-vie\"]}]},{\"@type\":\"ImageObject\",\"inLanguage\":\"fr-FR\",\"@id\":\"https:\/\/www.africa-press.net\/cotedivoire\/economie\/inflation-cote-divoire-et-si-les-nombreux-ministeres-inutiles-et-farfelus-participaient-a-la-cherte-de-la-vie#primaryimage\",\"url\":\"https:\/\/static.africa-press.net\/cote\/sites\/43\/2021\/07\/img-60f57a1773c7b.jpg\",\"contentUrl\":\"https:\/\/static.africa-press.net\/cote\/sites\/43\/2021\/07\/img-60f57a1773c7b.jpg\",\"width\":779,\"height\":608,\"caption\":\"Inflation\/C\u00f4te-d\u2019Ivoire: Et si les nombreux minist\u00e8res \u00abinutiles et farfelus\u00bb participaient \u00e0 la chert\u00e9 de la vie\"},{\"@type\":\"BreadcrumbList\",\"@id\":\"https:\/\/www.africa-press.net\/cotedivoire\/economie\/inflation-cote-divoire-et-si-les-nombreux-ministeres-inutiles-et-farfelus-participaient-a-la-cherte-de-la-vie#breadcrumb\",\"itemListElement\":[{\"@type\":\"ListItem\",\"position\":1,\"name\":\"Accueil\",\"item\":\"https:\/\/www.africa-press.net\/cotedivoire\/\"},{\"@type\":\"ListItem\",\"position\":2,\"name\":\"Inflation\/C\u00f4te-d\u2019Ivoire: Et si les nombreux minist\u00e8res \u00abinutiles et farfelus\u00bb participaient \u00e0 la chert\u00e9 de la vie\"}]},{\"@type\":\"WebSite\",\"@id\":\"https:\/\/www.africa-press.net\/cotedivoire\/#website\",\"url\":\"https:\/\/www.africa-press.net\/cotedivoire\/\",\"name\":\"C\u00f4te d&#039;Ivoire\",\"description\":\"Just another Africa News Agency Sites site\",\"potentialAction\":[{\"@type\":\"SearchAction\",\"target\":{\"@type\":\"EntryPoint\",\"urlTemplate\":\"https:\/\/www.africa-press.net\/cotedivoire\/?s={search_term_string}\"},\"query-input\":{\"@type\":\"PropertyValueSpecification\",\"valueRequired\":true,\"valueName\":\"search_term_string\"}}],\"inLanguage\":\"fr-FR\"},{\"@type\":\"Person\",\"@id\":\"https:\/\/www.africa-press.net\/cotedivoire\/#\/schema\/person\/2b1cf3cd81a31e3cd26889ca66d677f1\",\"name\":\"cfeditorfr\"}]}<\/script>\n<!-- \/ Yoast SEO Premium plugin. -->","yoast_head_json":{"title":"Inflation\/C\u00f4te-d\u2019Ivoire: Et si les nombreux minist\u00e8res \u00abinutiles et farfelus\u00bb participaient \u00e0 la chert\u00e9 de la vie - C\u00f4te d&#039;Ivoire","description":"Chert\u00e9 de la vie \u2013 Le ministre du commerce et de l\u2019industrie en C\u00f4te-d\u2019Ivoire, Souleymane Diarrassouba a estim\u00e9 hier dim ...","robots":{"index":"index","follow":"follow","max-snippet":"max-snippet:-1","max-image-preview":"max-image-preview:large","max-video-preview":"max-video-preview:-1"},"canonical":"https:\/\/www.africa-press.net\/cotedivoire\/economie\/inflation-cote-divoire-et-si-les-nombreux-ministeres-inutiles-et-farfelus-participaient-a-la-cherte-de-la-vie","og_locale":"fr_FR","og_type":"article","og_title":"Inflation\/C\u00f4te-d\u2019Ivoire: Et si les nombreux minist\u00e8res \u00abinutiles et farfelus\u00bb participaient \u00e0 la chert\u00e9 de la vie","og_description":"Chert\u00e9 de la vie \u2013 Le ministre du commerce et de l\u2019industrie en C\u00f4te-d\u2019Ivoire, Souleymane Diarrassouba a estim\u00e9 hier dim ...","og_url":"https:\/\/www.africa-press.net\/cotedivoire\/economie\/inflation-cote-divoire-et-si-les-nombreux-ministeres-inutiles-et-farfelus-participaient-a-la-cherte-de-la-vie","og_site_name":"C\u00f4te d&#039;Ivoire","article_published_time":"2021-07-19T14:16:05+00:00","article_modified_time":"2021-07-19T17:51:22+00:00","og_image":[{"width":779,"height":608,"url":"https:\/\/static.africa-press.net\/cote\/sites\/43\/2021\/07\/img-60f57a1773c7b.jpg","type":"image\/jpeg"}],"author":"cfeditorfr","twitter_card":"summary_large_image","twitter_misc":{"\u00c9crit par":"cfeditorfr","Dur\u00e9e de lecture estim\u00e9e":"2 minutes"},"schema":{"@context":"https:\/\/schema.org","@graph":[{"@type":"Article","@id":"https:\/\/www.africa-press.net\/cotedivoire\/economie\/inflation-cote-divoire-et-si-les-nombreux-ministeres-inutiles-et-farfelus-participaient-a-la-cherte-de-la-vie#article","isPartOf":{"@id":"https:\/\/www.africa-press.net\/cotedivoire\/economie\/inflation-cote-divoire-et-si-les-nombreux-ministeres-inutiles-et-farfelus-participaient-a-la-cherte-de-la-vie"},"author":{"name":"cfeditorfr","@id":"https:\/\/www.africa-press.net\/cotedivoire\/#\/schema\/person\/2b1cf3cd81a31e3cd26889ca66d677f1"},"headline":"Inflation\/C\u00f4te-d\u2019Ivoire: Et si les nombreux minist\u00e8res \u00abinutiles et farfelus\u00bb participaient \u00e0 la chert\u00e9 de la vie","datePublished":"2021-07-19T14:16:05+00:00","dateModified":"2021-07-19T17:51:22+00:00","mainEntityOfPage":{"@id":"https:\/\/www.africa-press.net\/cotedivoire\/economie\/inflation-cote-divoire-et-si-les-nombreux-ministeres-inutiles-et-farfelus-participaient-a-la-cherte-de-la-vie"},"wordCount":488,"commentCount":0,"image":{"@id":"https:\/\/www.africa-press.net\/cotedivoire\/economie\/inflation-cote-divoire-et-si-les-nombreux-ministeres-inutiles-et-farfelus-participaient-a-la-cherte-de-la-vie#primaryimage"},"thumbnailUrl":"https:\/\/static.africa-press.net\/cote\/sites\/43\/2021\/07\/img-60f57a1773c7b.jpg","keywords":["Africa Press","Africa Press-C\u00f4te d'Ivoire","C\u00d4TE D'IVOIRE"],"articleSection":["\u00c9conomie","homepage-french","Top Nouvelles","Toutes les actualit\u00e9s"],"inLanguage":"fr-FR","potentialAction":[{"@type":"CommentAction","name":"Comment","target":["https:\/\/www.africa-press.net\/cotedivoire\/economie\/inflation-cote-divoire-et-si-les-nombreux-ministeres-inutiles-et-farfelus-participaient-a-la-cherte-de-la-vie#respond"]}]},{"@type":"WebPage","@id":"https:\/\/www.africa-press.net\/cotedivoire\/economie\/inflation-cote-divoire-et-si-les-nombreux-ministeres-inutiles-et-farfelus-participaient-a-la-cherte-de-la-vie","url":"https:\/\/www.africa-press.net\/cotedivoire\/economie\/inflation-cote-divoire-et-si-les-nombreux-ministeres-inutiles-et-farfelus-participaient-a-la-cherte-de-la-vie","name":"Inflation\/C\u00f4te-d\u2019Ivoire: Et si les nombreux minist\u00e8res \u00abinutiles et farfelus\u00bb participaient \u00e0 la chert\u00e9 de la vie - C\u00f4te d&#039;Ivoire","isPartOf":{"@id":"https:\/\/www.africa-press.net\/cotedivoire\/#website"},"primaryImageOfPage":{"@id":"https:\/\/www.africa-press.net\/cotedivoire\/economie\/inflation-cote-divoire-et-si-les-nombreux-ministeres-inutiles-et-farfelus-participaient-a-la-cherte-de-la-vie#primaryimage"},"image":{"@id":"https:\/\/www.africa-press.net\/cotedivoire\/economie\/inflation-cote-divoire-et-si-les-nombreux-ministeres-inutiles-et-farfelus-participaient-a-la-cherte-de-la-vie#primaryimage"},"thumbnailUrl":"https:\/\/static.africa-press.net\/cote\/sites\/43\/2021\/07\/img-60f57a1773c7b.jpg","datePublished":"2021-07-19T14:16:05+00:00","dateModified":"2021-07-19T17:51:22+00:00","author":{"@id":"https:\/\/www.africa-press.net\/cotedivoire\/#\/schema\/person\/2b1cf3cd81a31e3cd26889ca66d677f1"},"description":"Chert\u00e9 de la vie \u2013 Le ministre du commerce et de l\u2019industrie en C\u00f4te-d\u2019Ivoire, Souleymane Diarrassouba a estim\u00e9 hier dim ...","breadcrumb":{"@id":"https:\/\/www.africa-press.net\/cotedivoire\/economie\/inflation-cote-divoire-et-si-les-nombreux-ministeres-inutiles-et-farfelus-participaient-a-la-cherte-de-la-vie#breadcrumb"},"inLanguage":"fr-FR","potentialAction":[{"@type":"ReadAction","target":["https:\/\/www.africa-press.net\/cotedivoire\/economie\/inflation-cote-divoire-et-si-les-nombreux-ministeres-inutiles-et-farfelus-participaient-a-la-cherte-de-la-vie"]}]},{"@type":"ImageObject","inLanguage":"fr-FR","@id":"https:\/\/www.africa-press.net\/cotedivoire\/economie\/inflation-cote-divoire-et-si-les-nombreux-ministeres-inutiles-et-farfelus-participaient-a-la-cherte-de-la-vie#primaryimage","url":"https:\/\/static.africa-press.net\/cote\/sites\/43\/2021\/07\/img-60f57a1773c7b.jpg","contentUrl":"https:\/\/static.africa-press.net\/cote\/sites\/43\/2021\/07\/img-60f57a1773c7b.jpg","width":779,"height":608,"caption":"Inflation\/C\u00f4te-d\u2019Ivoire: Et si les nombreux minist\u00e8res \u00abinutiles et farfelus\u00bb participaient \u00e0 la chert\u00e9 de la vie"},{"@type":"BreadcrumbList","@id":"https:\/\/www.africa-press.net\/cotedivoire\/economie\/inflation-cote-divoire-et-si-les-nombreux-ministeres-inutiles-et-farfelus-participaient-a-la-cherte-de-la-vie#breadcrumb","itemListElement":[{"@type":"ListItem","position":1,"name":"Accueil","item":"https:\/\/www.africa-press.net\/cotedivoire\/"},{"@type":"ListItem","position":2,"name":"Inflation\/C\u00f4te-d\u2019Ivoire: Et si les nombreux minist\u00e8res \u00abinutiles et farfelus\u00bb participaient \u00e0 la chert\u00e9 de la vie"}]},{"@type":"WebSite","@id":"https:\/\/www.africa-press.net\/cotedivoire\/#website","url":"https:\/\/www.africa-press.net\/cotedivoire\/","name":"C\u00f4te d&#039;Ivoire","description":"Just another Africa News Agency Sites site","potentialAction":[{"@type":"SearchAction","target":{"@type":"EntryPoint","urlTemplate":"https:\/\/www.africa-press.net\/cotedivoire\/?s={search_term_string}"},"query-input":{"@type":"PropertyValueSpecification","valueRequired":true,"valueName":"search_term_string"}}],"inLanguage":"fr-FR"},{"@type":"Person","@id":"https:\/\/www.africa-press.net\/cotedivoire\/#\/schema\/person\/2b1cf3cd81a31e3cd26889ca66d677f1","name":"cfeditorfr"}]}},"_links":{"self":[{"href":"https:\/\/www.africa-press.net\/cotedivoire\/wp-json\/wp\/v2\/posts\/10126","targetHints":{"allow":["GET"]}}],"collection":[{"href":"https:\/\/www.africa-press.net\/cotedivoire\/wp-json\/wp\/v2\/posts"}],"about":[{"href":"https:\/\/www.africa-press.net\/cotedivoire\/wp-json\/wp\/v2\/types\/post"}],"author":[{"embeddable":true,"href":"https:\/\/www.africa-press.net\/cotedivoire\/wp-json\/wp\/v2\/users\/82"}],"replies":[{"embeddable":true,"href":"https:\/\/www.africa-press.net\/cotedivoire\/wp-json\/wp\/v2\/comments?post=10126"}],"version-history":[{"count":0,"href":"https:\/\/www.africa-press.net\/cotedivoire\/wp-json\/wp\/v2\/posts\/10126\/revisions"}],"wp:featuredmedia":[{"embeddable":true,"href":"https:\/\/www.africa-press.net\/cotedivoire\/wp-json\/wp\/v2\/media\/10125"}],"wp:attachment":[{"href":"https:\/\/www.africa-press.net\/cotedivoire\/wp-json\/wp\/v2\/media?parent=10126"}],"wp:term":[{"taxonomy":"category","embeddable":true,"href":"https:\/\/www.africa-press.net\/cotedivoire\/wp-json\/wp\/v2\/categories?post=10126"},{"taxonomy":"post_tag","embeddable":true,"href":"https:\/\/www.africa-press.net\/cotedivoire\/wp-json\/wp\/v2\/tags?post=10126"}],"curies":[{"name":"wp","href":"https:\/\/api.w.org\/{rel}","templated":true}]}}