{"id":10129,"date":"2021-07-19T14:24:19","date_gmt":"2021-07-19T14:24:19","guid":{"rendered":"https:\/\/www.africa-press.net\/cotedivoire\/?p=10129"},"modified":"2021-07-19T17:51:32","modified_gmt":"2021-07-19T17:51:32","slug":"conflit-dinterets-cote-divoire-quand-diaby-lacine-met-les-avocats-du-fer-aux-trousses-dun-journaliste","status":"publish","type":"post","link":"https:\/\/www.africa-press.net\/cotedivoire\/economie\/conflit-dinterets-cote-divoire-quand-diaby-lacine-met-les-avocats-du-fer-aux-trousses-dun-journaliste","title":{"rendered":"\u00ab\u00a0Conflit d\u2019int\u00e9r\u00eats\u00a0\u00bb\/C\u00f4te-d\u2019Ivoire: Quand Diaby Lacin\u00e9 met les avocats du FER aux trousses d\u2019un journaliste"},"content":{"rendered":"<p><span style=\"color: #ff6600\"><strong><a href=\"https:\/\/www.africa-press.net\/\">Africa-Press<\/a> &#8211; <a href=\"https:\/\/www.africa-press.net\/cotedivoire\">C\u00f4te d&rsquo;Ivoire<\/a>. <\/strong><\/span>Le cabinet d\u2019avocats constitu\u00e9 par le DG du FER dans sa plainte en diffamation contre ma modeste personne est en m\u00eame temps le cabinet conseil du Fonds d\u2019Entretien Routier de C\u00f4te d\u2019Ivoire.<\/p>\n<p>Une erreur monumentale qui risque de co\u00fbter cher \u00e0 M. Diaby Lancin\u00e9.<\/p>\n<p>Est-ce la preuve de ce que ce monsieur confondrait sa propre poche avec les caisses de la structure qu\u2019il g\u00e8re? Comment comprendre que le puissant Directeur G\u00e9n\u00e9ral fasse recours au cabinet KSK, d\u00e9j\u00e0 en contrat avec le FER. Il y a l\u00e0, tout au moins un troublant m\u00e9lange des genres.<\/p>\n<p>Ce curieux amalgame \u00e9largi le spectre de nos investigations sur la gestion du DG du FER. Nous tenterons de savoir si M. Diaby a pay\u00e9 de ses propres deniers la constitution de KSK dans cette proc\u00e9dure en diffamation qui est une affaire strictement personnelle, comme l\u2019indique d\u2019ailleurs la plainte de M. Diaby. Nous essayerons aussi de comprendre comment ce cabinet a \u00e9t\u00e9 d\u00e9sign\u00e9 comme conseil du FER, autrement dit, s\u2019il y a eu un appel d\u2019offre? Si oui, nous demanderons \u00e0 jeter un coup d\u2019\u0153il au proc\u00e8s-verbal de d\u00e9pouillement, comme nous en donne droit la loi sur le libre acc\u00e8s \u00e0 l\u2019information. Quel est le montant du contrat qui lie le FER aux avocats r\u00e9unis au sein de KSK? Ce sont des informations qui concernent la gestion des fonds publics et les contribuables ivoiriens ont le droit d\u2019en disposer. Il ressort de mes premi\u00e8res investigations, qu\u2019il s\u2019agit d\u2019un contrat sur plusieurs ann\u00e9es.<\/p>\n<p>Ce qui est vrai, est vrai!<\/p>\n<p>Nota: Les pro-Diaby qui s\u2019agitent pour m\u2019intimider devraient r\u00e9orienter leurs \u00e9nergies dans les pri\u00e8res pour leur champion plut\u00f4t que de se gaspiller en injures et menaces de mort \u00e0 l\u2019endroit de Sa\u00efd Penda. J\u2019en ai vu d\u2019autres et ils devraient se renseigner aupr\u00e8s des pro-gbagbo et des pro-soro. Les injures et les menaces de tout genre sont, pour moi, des sources de motivation pour faire \u00e9clater la v\u00e9rit\u00e9.<\/p>\n<p>&nbsp;<\/p>\n","protected":false},"excerpt":{"rendered":"<p>Africa-Press &#8211; C\u00f4te d&rsquo;Ivoire. Le cabinet d\u2019avocats constitu\u00e9 par le DG du FER dans sa plainte en diffamation contre ma modeste personne est en m\u00eame temps le cabinet conseil du Fonds d\u2019Entretien Routier de C\u00f4te d\u2019Ivoire. Une erreur monumentale qui risque de co\u00fbter cher \u00e0 M. Diaby Lancin\u00e9. Est-ce la preuve de ce que ce [&hellip;]<\/p>\n","protected":false},"author":82,"featured_media":10128,"comment_status":"open","ping_status":"closed","sticky":false,"template":"","format":"standard","meta":{"footnotes":""},"categories":[3,11,10],"tags":[56,63,29],"class_list":["post-10129","post","type-post","status-publish","format-standard","has-post-thumbnail","hentry","category-economie","category-homepage-french","category-toutes-les-actualites","tag-africa-press","tag-africa-press-cote-divoire","tag-cote-divoire"],"yoast_head":"<!-- This site is optimized with the Yoast SEO Premium plugin v26.1 (Yoast SEO v27.0) - https:\/\/yoast.com\/product\/yoast-seo-premium-wordpress\/ -->\n<title>\u00ab\u00a0Conflit d\u2019int\u00e9r\u00eats\u00a0\u00bb\/C\u00f4te-d\u2019Ivoire: Quand Diaby Lacin\u00e9 met les avocats du FER aux trousses d\u2019un journaliste - C\u00f4te d&#039;Ivoire<\/title>\n<meta name=\"description\" content=\"Le cabinet d\u2019avocats constitu\u00e9 par le DG du FER dans sa plainte en diffamation contre ma modeste personne est en m\u00eame te ...\" \/>\n<meta name=\"robots\" content=\"index, follow, max-snippet:-1, max-image-preview:large, max-video-preview:-1\" \/>\n<link rel=\"canonical\" href=\"https:\/\/www.africa-press.net\/cotedivoire\/economie\/conflit-dinterets-cote-divoire-quand-diaby-lacine-met-les-avocats-du-fer-aux-trousses-dun-journaliste\" \/>\n<meta property=\"og:locale\" content=\"fr_FR\" \/>\n<meta property=\"og:type\" content=\"article\" \/>\n<meta property=\"og:title\" content=\"\u00ab\u00a0Conflit d\u2019int\u00e9r\u00eats\u00a0\u00bb\/C\u00f4te-d\u2019Ivoire: Quand Diaby Lacin\u00e9 met les avocats du FER aux trousses d\u2019un journaliste\" \/>\n<meta property=\"og:description\" content=\"Le cabinet d\u2019avocats constitu\u00e9 par le DG du FER dans sa plainte en diffamation contre ma modeste personne est en m\u00eame te ...\" \/>\n<meta property=\"og:url\" content=\"https:\/\/www.africa-press.net\/cotedivoire\/economie\/conflit-dinterets-cote-divoire-quand-diaby-lacine-met-les-avocats-du-fer-aux-trousses-dun-journaliste\" \/>\n<meta property=\"og:site_name\" content=\"C\u00f4te d&#039;Ivoire\" \/>\n<meta property=\"article:published_time\" content=\"2021-07-19T14:24:19+00:00\" \/>\n<meta property=\"article:modified_time\" content=\"2021-07-19T17:51:32+00:00\" \/>\n<meta property=\"og:image\" content=\"https:\/\/static.africa-press.net\/cote\/sites\/43\/2021\/07\/img-60f57a5fda164.jpg\" \/>\n\t<meta property=\"og:image:width\" content=\"720\" \/>\n\t<meta property=\"og:image:height\" content=\"540\" \/>\n\t<meta property=\"og:image:type\" content=\"image\/jpeg\" \/>\n<meta name=\"author\" content=\"cfeditorfr\" \/>\n<meta name=\"twitter:card\" content=\"summary_large_image\" \/>\n<meta name=\"twitter:label1\" content=\"\u00c9crit par\" \/>\n\t<meta name=\"twitter:data1\" content=\"cfeditorfr\" \/>\n\t<meta name=\"twitter:label2\" content=\"Dur\u00e9e de lecture estim\u00e9e\" \/>\n\t<meta name=\"twitter:data2\" content=\"2 minutes\" \/>\n<script type=\"application\/ld+json\" class=\"yoast-schema-graph\">{\"@context\":\"https:\/\/schema.org\",\"@graph\":[{\"@type\":\"Article\",\"@id\":\"https:\/\/www.africa-press.net\/cotedivoire\/economie\/conflit-dinterets-cote-divoire-quand-diaby-lacine-met-les-avocats-du-fer-aux-trousses-dun-journaliste#article\",\"isPartOf\":{\"@id\":\"https:\/\/www.africa-press.net\/cotedivoire\/economie\/conflit-dinterets-cote-divoire-quand-diaby-lacine-met-les-avocats-du-fer-aux-trousses-dun-journaliste\"},\"author\":{\"name\":\"cfeditorfr\",\"@id\":\"https:\/\/www.africa-press.net\/cotedivoire\/#\/schema\/person\/2b1cf3cd81a31e3cd26889ca66d677f1\"},\"headline\":\"\u00ab\u00a0Conflit d\u2019int\u00e9r\u00eats\u00a0\u00bb\/C\u00f4te-d\u2019Ivoire: Quand Diaby Lacin\u00e9 met les avocats du FER aux trousses d\u2019un journaliste\",\"datePublished\":\"2021-07-19T14:24:19+00:00\",\"dateModified\":\"2021-07-19T17:51:32+00:00\",\"mainEntityOfPage\":{\"@id\":\"https:\/\/www.africa-press.net\/cotedivoire\/economie\/conflit-dinterets-cote-divoire-quand-diaby-lacine-met-les-avocats-du-fer-aux-trousses-dun-journaliste\"},\"wordCount\":385,\"commentCount\":0,\"image\":{\"@id\":\"https:\/\/www.africa-press.net\/cotedivoire\/economie\/conflit-dinterets-cote-divoire-quand-diaby-lacine-met-les-avocats-du-fer-aux-trousses-dun-journaliste#primaryimage\"},\"thumbnailUrl\":\"https:\/\/static.africa-press.net\/cote\/sites\/43\/2021\/07\/img-60f57a5fda164.jpg\",\"keywords\":[\"Africa Press\",\"Africa Press-C\u00f4te d'Ivoire\",\"C\u00d4TE D'IVOIRE\"],\"articleSection\":[\"\u00c9conomie\",\"homepage-french\",\"Toutes les actualit\u00e9s\"],\"inLanguage\":\"fr-FR\",\"potentialAction\":[{\"@type\":\"CommentAction\",\"name\":\"Comment\",\"target\":[\"https:\/\/www.africa-press.net\/cotedivoire\/economie\/conflit-dinterets-cote-divoire-quand-diaby-lacine-met-les-avocats-du-fer-aux-trousses-dun-journaliste#respond\"]}]},{\"@type\":\"WebPage\",\"@id\":\"https:\/\/www.africa-press.net\/cotedivoire\/economie\/conflit-dinterets-cote-divoire-quand-diaby-lacine-met-les-avocats-du-fer-aux-trousses-dun-journaliste\",\"url\":\"https:\/\/www.africa-press.net\/cotedivoire\/economie\/conflit-dinterets-cote-divoire-quand-diaby-lacine-met-les-avocats-du-fer-aux-trousses-dun-journaliste\",\"name\":\"\u00ab\u00a0Conflit d\u2019int\u00e9r\u00eats\u00a0\u00bb\/C\u00f4te-d\u2019Ivoire: Quand Diaby Lacin\u00e9 met les avocats du FER aux trousses d\u2019un journaliste - C\u00f4te d&#039;Ivoire\",\"isPartOf\":{\"@id\":\"https:\/\/www.africa-press.net\/cotedivoire\/#website\"},\"primaryImageOfPage\":{\"@id\":\"https:\/\/www.africa-press.net\/cotedivoire\/economie\/conflit-dinterets-cote-divoire-quand-diaby-lacine-met-les-avocats-du-fer-aux-trousses-dun-journaliste#primaryimage\"},\"image\":{\"@id\":\"https:\/\/www.africa-press.net\/cotedivoire\/economie\/conflit-dinterets-cote-divoire-quand-diaby-lacine-met-les-avocats-du-fer-aux-trousses-dun-journaliste#primaryimage\"},\"thumbnailUrl\":\"https:\/\/static.africa-press.net\/cote\/sites\/43\/2021\/07\/img-60f57a5fda164.jpg\",\"datePublished\":\"2021-07-19T14:24:19+00:00\",\"dateModified\":\"2021-07-19T17:51:32+00:00\",\"author\":{\"@id\":\"https:\/\/www.africa-press.net\/cotedivoire\/#\/schema\/person\/2b1cf3cd81a31e3cd26889ca66d677f1\"},\"description\":\"Le cabinet d\u2019avocats constitu\u00e9 par le DG du FER dans sa plainte en diffamation contre ma modeste personne est en m\u00eame te ...\",\"breadcrumb\":{\"@id\":\"https:\/\/www.africa-press.net\/cotedivoire\/economie\/conflit-dinterets-cote-divoire-quand-diaby-lacine-met-les-avocats-du-fer-aux-trousses-dun-journaliste#breadcrumb\"},\"inLanguage\":\"fr-FR\",\"potentialAction\":[{\"@type\":\"ReadAction\",\"target\":[\"https:\/\/www.africa-press.net\/cotedivoire\/economie\/conflit-dinterets-cote-divoire-quand-diaby-lacine-met-les-avocats-du-fer-aux-trousses-dun-journaliste\"]}]},{\"@type\":\"ImageObject\",\"inLanguage\":\"fr-FR\",\"@id\":\"https:\/\/www.africa-press.net\/cotedivoire\/economie\/conflit-dinterets-cote-divoire-quand-diaby-lacine-met-les-avocats-du-fer-aux-trousses-dun-journaliste#primaryimage\",\"url\":\"https:\/\/static.africa-press.net\/cote\/sites\/43\/2021\/07\/img-60f57a5fda164.jpg\",\"contentUrl\":\"https:\/\/static.africa-press.net\/cote\/sites\/43\/2021\/07\/img-60f57a5fda164.jpg\",\"width\":720,\"height\":540,\"caption\":\"\u00ab\u00a0Conflit d\u2019int\u00e9r\u00eats\u00a0\u00bb\/C\u00f4te-d\u2019Ivoire: Quand Diaby Lacin\u00e9 met les avocats du FER aux trousses d\u2019un journaliste\"},{\"@type\":\"BreadcrumbList\",\"@id\":\"https:\/\/www.africa-press.net\/cotedivoire\/economie\/conflit-dinterets-cote-divoire-quand-diaby-lacine-met-les-avocats-du-fer-aux-trousses-dun-journaliste#breadcrumb\",\"itemListElement\":[{\"@type\":\"ListItem\",\"position\":1,\"name\":\"Accueil\",\"item\":\"https:\/\/www.africa-press.net\/cotedivoire\/\"},{\"@type\":\"ListItem\",\"position\":2,\"name\":\"\u00ab\u00a0Conflit d\u2019int\u00e9r\u00eats\u00a0\u00bb\/C\u00f4te-d\u2019Ivoire: Quand Diaby Lacin\u00e9 met les avocats du FER aux trousses d\u2019un journaliste\"}]},{\"@type\":\"WebSite\",\"@id\":\"https:\/\/www.africa-press.net\/cotedivoire\/#website\",\"url\":\"https:\/\/www.africa-press.net\/cotedivoire\/\",\"name\":\"C\u00f4te d&#039;Ivoire\",\"description\":\"Just another Africa News Agency Sites site\",\"potentialAction\":[{\"@type\":\"SearchAction\",\"target\":{\"@type\":\"EntryPoint\",\"urlTemplate\":\"https:\/\/www.africa-press.net\/cotedivoire\/?s={search_term_string}\"},\"query-input\":{\"@type\":\"PropertyValueSpecification\",\"valueRequired\":true,\"valueName\":\"search_term_string\"}}],\"inLanguage\":\"fr-FR\"},{\"@type\":\"Person\",\"@id\":\"https:\/\/www.africa-press.net\/cotedivoire\/#\/schema\/person\/2b1cf3cd81a31e3cd26889ca66d677f1\",\"name\":\"cfeditorfr\"}]}<\/script>\n<!-- \/ Yoast SEO Premium plugin. -->","yoast_head_json":{"title":"\u00ab\u00a0Conflit d\u2019int\u00e9r\u00eats\u00a0\u00bb\/C\u00f4te-d\u2019Ivoire: Quand Diaby Lacin\u00e9 met les avocats du FER aux trousses d\u2019un journaliste - C\u00f4te d&#039;Ivoire","description":"Le cabinet d\u2019avocats constitu\u00e9 par le DG du FER dans sa plainte en diffamation contre ma modeste personne est en m\u00eame te ...","robots":{"index":"index","follow":"follow","max-snippet":"max-snippet:-1","max-image-preview":"max-image-preview:large","max-video-preview":"max-video-preview:-1"},"canonical":"https:\/\/www.africa-press.net\/cotedivoire\/economie\/conflit-dinterets-cote-divoire-quand-diaby-lacine-met-les-avocats-du-fer-aux-trousses-dun-journaliste","og_locale":"fr_FR","og_type":"article","og_title":"\u00ab\u00a0Conflit d\u2019int\u00e9r\u00eats\u00a0\u00bb\/C\u00f4te-d\u2019Ivoire: Quand Diaby Lacin\u00e9 met les avocats du FER aux trousses d\u2019un journaliste","og_description":"Le cabinet d\u2019avocats constitu\u00e9 par le DG du FER dans sa plainte en diffamation contre ma modeste personne est en m\u00eame te ...","og_url":"https:\/\/www.africa-press.net\/cotedivoire\/economie\/conflit-dinterets-cote-divoire-quand-diaby-lacine-met-les-avocats-du-fer-aux-trousses-dun-journaliste","og_site_name":"C\u00f4te d&#039;Ivoire","article_published_time":"2021-07-19T14:24:19+00:00","article_modified_time":"2021-07-19T17:51:32+00:00","og_image":[{"width":720,"height":540,"url":"https:\/\/static.africa-press.net\/cote\/sites\/43\/2021\/07\/img-60f57a5fda164.jpg","type":"image\/jpeg"}],"author":"cfeditorfr","twitter_card":"summary_large_image","twitter_misc":{"\u00c9crit par":"cfeditorfr","Dur\u00e9e de lecture estim\u00e9e":"2 minutes"},"schema":{"@context":"https:\/\/schema.org","@graph":[{"@type":"Article","@id":"https:\/\/www.africa-press.net\/cotedivoire\/economie\/conflit-dinterets-cote-divoire-quand-diaby-lacine-met-les-avocats-du-fer-aux-trousses-dun-journaliste#article","isPartOf":{"@id":"https:\/\/www.africa-press.net\/cotedivoire\/economie\/conflit-dinterets-cote-divoire-quand-diaby-lacine-met-les-avocats-du-fer-aux-trousses-dun-journaliste"},"author":{"name":"cfeditorfr","@id":"https:\/\/www.africa-press.net\/cotedivoire\/#\/schema\/person\/2b1cf3cd81a31e3cd26889ca66d677f1"},"headline":"\u00ab\u00a0Conflit d\u2019int\u00e9r\u00eats\u00a0\u00bb\/C\u00f4te-d\u2019Ivoire: Quand Diaby Lacin\u00e9 met les avocats du FER aux trousses d\u2019un journaliste","datePublished":"2021-07-19T14:24:19+00:00","dateModified":"2021-07-19T17:51:32+00:00","mainEntityOfPage":{"@id":"https:\/\/www.africa-press.net\/cotedivoire\/economie\/conflit-dinterets-cote-divoire-quand-diaby-lacine-met-les-avocats-du-fer-aux-trousses-dun-journaliste"},"wordCount":385,"commentCount":0,"image":{"@id":"https:\/\/www.africa-press.net\/cotedivoire\/economie\/conflit-dinterets-cote-divoire-quand-diaby-lacine-met-les-avocats-du-fer-aux-trousses-dun-journaliste#primaryimage"},"thumbnailUrl":"https:\/\/static.africa-press.net\/cote\/sites\/43\/2021\/07\/img-60f57a5fda164.jpg","keywords":["Africa Press","Africa Press-C\u00f4te d'Ivoire","C\u00d4TE D'IVOIRE"],"articleSection":["\u00c9conomie","homepage-french","Toutes les actualit\u00e9s"],"inLanguage":"fr-FR","potentialAction":[{"@type":"CommentAction","name":"Comment","target":["https:\/\/www.africa-press.net\/cotedivoire\/economie\/conflit-dinterets-cote-divoire-quand-diaby-lacine-met-les-avocats-du-fer-aux-trousses-dun-journaliste#respond"]}]},{"@type":"WebPage","@id":"https:\/\/www.africa-press.net\/cotedivoire\/economie\/conflit-dinterets-cote-divoire-quand-diaby-lacine-met-les-avocats-du-fer-aux-trousses-dun-journaliste","url":"https:\/\/www.africa-press.net\/cotedivoire\/economie\/conflit-dinterets-cote-divoire-quand-diaby-lacine-met-les-avocats-du-fer-aux-trousses-dun-journaliste","name":"\u00ab\u00a0Conflit d\u2019int\u00e9r\u00eats\u00a0\u00bb\/C\u00f4te-d\u2019Ivoire: Quand Diaby Lacin\u00e9 met les avocats du FER aux trousses d\u2019un journaliste - C\u00f4te d&#039;Ivoire","isPartOf":{"@id":"https:\/\/www.africa-press.net\/cotedivoire\/#website"},"primaryImageOfPage":{"@id":"https:\/\/www.africa-press.net\/cotedivoire\/economie\/conflit-dinterets-cote-divoire-quand-diaby-lacine-met-les-avocats-du-fer-aux-trousses-dun-journaliste#primaryimage"},"image":{"@id":"https:\/\/www.africa-press.net\/cotedivoire\/economie\/conflit-dinterets-cote-divoire-quand-diaby-lacine-met-les-avocats-du-fer-aux-trousses-dun-journaliste#primaryimage"},"thumbnailUrl":"https:\/\/static.africa-press.net\/cote\/sites\/43\/2021\/07\/img-60f57a5fda164.jpg","datePublished":"2021-07-19T14:24:19+00:00","dateModified":"2021-07-19T17:51:32+00:00","author":{"@id":"https:\/\/www.africa-press.net\/cotedivoire\/#\/schema\/person\/2b1cf3cd81a31e3cd26889ca66d677f1"},"description":"Le cabinet d\u2019avocats constitu\u00e9 par le DG du FER dans sa plainte en diffamation contre ma modeste personne est en m\u00eame te ...","breadcrumb":{"@id":"https:\/\/www.africa-press.net\/cotedivoire\/economie\/conflit-dinterets-cote-divoire-quand-diaby-lacine-met-les-avocats-du-fer-aux-trousses-dun-journaliste#breadcrumb"},"inLanguage":"fr-FR","potentialAction":[{"@type":"ReadAction","target":["https:\/\/www.africa-press.net\/cotedivoire\/economie\/conflit-dinterets-cote-divoire-quand-diaby-lacine-met-les-avocats-du-fer-aux-trousses-dun-journaliste"]}]},{"@type":"ImageObject","inLanguage":"fr-FR","@id":"https:\/\/www.africa-press.net\/cotedivoire\/economie\/conflit-dinterets-cote-divoire-quand-diaby-lacine-met-les-avocats-du-fer-aux-trousses-dun-journaliste#primaryimage","url":"https:\/\/static.africa-press.net\/cote\/sites\/43\/2021\/07\/img-60f57a5fda164.jpg","contentUrl":"https:\/\/static.africa-press.net\/cote\/sites\/43\/2021\/07\/img-60f57a5fda164.jpg","width":720,"height":540,"caption":"\u00ab\u00a0Conflit d\u2019int\u00e9r\u00eats\u00a0\u00bb\/C\u00f4te-d\u2019Ivoire: Quand Diaby Lacin\u00e9 met les avocats du FER aux trousses d\u2019un journaliste"},{"@type":"BreadcrumbList","@id":"https:\/\/www.africa-press.net\/cotedivoire\/economie\/conflit-dinterets-cote-divoire-quand-diaby-lacine-met-les-avocats-du-fer-aux-trousses-dun-journaliste#breadcrumb","itemListElement":[{"@type":"ListItem","position":1,"name":"Accueil","item":"https:\/\/www.africa-press.net\/cotedivoire\/"},{"@type":"ListItem","position":2,"name":"\u00ab\u00a0Conflit d\u2019int\u00e9r\u00eats\u00a0\u00bb\/C\u00f4te-d\u2019Ivoire: Quand Diaby Lacin\u00e9 met les avocats du FER aux trousses d\u2019un journaliste"}]},{"@type":"WebSite","@id":"https:\/\/www.africa-press.net\/cotedivoire\/#website","url":"https:\/\/www.africa-press.net\/cotedivoire\/","name":"C\u00f4te d&#039;Ivoire","description":"Just another Africa News Agency Sites site","potentialAction":[{"@type":"SearchAction","target":{"@type":"EntryPoint","urlTemplate":"https:\/\/www.africa-press.net\/cotedivoire\/?s={search_term_string}"},"query-input":{"@type":"PropertyValueSpecification","valueRequired":true,"valueName":"search_term_string"}}],"inLanguage":"fr-FR"},{"@type":"Person","@id":"https:\/\/www.africa-press.net\/cotedivoire\/#\/schema\/person\/2b1cf3cd81a31e3cd26889ca66d677f1","name":"cfeditorfr"}]}},"_links":{"self":[{"href":"https:\/\/www.africa-press.net\/cotedivoire\/wp-json\/wp\/v2\/posts\/10129","targetHints":{"allow":["GET"]}}],"collection":[{"href":"https:\/\/www.africa-press.net\/cotedivoire\/wp-json\/wp\/v2\/posts"}],"about":[{"href":"https:\/\/www.africa-press.net\/cotedivoire\/wp-json\/wp\/v2\/types\/post"}],"author":[{"embeddable":true,"href":"https:\/\/www.africa-press.net\/cotedivoire\/wp-json\/wp\/v2\/users\/82"}],"replies":[{"embeddable":true,"href":"https:\/\/www.africa-press.net\/cotedivoire\/wp-json\/wp\/v2\/comments?post=10129"}],"version-history":[{"count":0,"href":"https:\/\/www.africa-press.net\/cotedivoire\/wp-json\/wp\/v2\/posts\/10129\/revisions"}],"wp:featuredmedia":[{"embeddable":true,"href":"https:\/\/www.africa-press.net\/cotedivoire\/wp-json\/wp\/v2\/media\/10128"}],"wp:attachment":[{"href":"https:\/\/www.africa-press.net\/cotedivoire\/wp-json\/wp\/v2\/media?parent=10129"}],"wp:term":[{"taxonomy":"category","embeddable":true,"href":"https:\/\/www.africa-press.net\/cotedivoire\/wp-json\/wp\/v2\/categories?post=10129"},{"taxonomy":"post_tag","embeddable":true,"href":"https:\/\/www.africa-press.net\/cotedivoire\/wp-json\/wp\/v2\/tags?post=10129"}],"curies":[{"name":"wp","href":"https:\/\/api.w.org\/{rel}","templated":true}]}}