{"id":10138,"date":"2021-07-19T14:39:33","date_gmt":"2021-07-19T14:39:33","guid":{"rendered":"https:\/\/www.africa-press.net\/cotedivoire\/?p=10138"},"modified":"2021-07-19T17:52:35","modified_gmt":"2021-07-19T17:52:35","slug":"john-mcafee-qui-est-le-createur-du-premier-logiciel-antivirus-commercial-retrouve-mort-en-prison","status":"publish","type":"post","link":"https:\/\/www.africa-press.net\/cotedivoire\/toutes-les-actualites\/john-mcafee-qui-est-le-createur-du-premier-logiciel-antivirus-commercial-retrouve-mort-en-prison","title":{"rendered":"John McAfee : qui est le cr\u00e9ateur du premier logiciel antivirus commercial, retrouv\u00e9 mort en prison"},"content":{"rendered":"<p><span style=\"color: #ff6600\"><strong><a href=\"https:\/\/www.africa-press.net\/\">Africa-Press<\/a> &#8211; <a href=\"https:\/\/www.africa-press.net\/cotedivoire\">C\u00f4te d&rsquo;Ivoire<\/a>. <\/strong><\/span><b>L&rsquo;entrepreneur am\u00e9ricain, cr\u00e9ateur de logiciels antivirus John McAfee est retrouv\u00e9 mort dans une cellule de la prison de Barcelone, quelques heures apr\u00e8s qu&rsquo;un tribunal espagnol a accept\u00e9 de l&rsquo;extrader vers les \u00c9tats-Unis pour r\u00e9pondre \u00e0 des accusations d&rsquo;\u00e9vasion fiscale.<\/b><\/p>\n<p>Le minist\u00e8re catalan de la justice annonce que les m\u00e9decins ont tent\u00e9 de r\u00e9animer l&rsquo;homme de 75 ans, mais sans succ\u00e8s.<\/p>\n<p>Il a ajout\u00e9 que \u00ab\u00a0tout indique\u00a0\u00bb que McAfee a mis fin \u00e0 ses jours.<\/p>\n<p>Figure controvers\u00e9e du monde de la technologie, sa soci\u00e9t\u00e9 a lanc\u00e9 le premier logiciel antivirus commercial.<\/p>\n<p>McAfee VirusScan a contribu\u00e9 \u00e0 faire na\u00eetre une industrie de plusieurs milliards de dollars dans le monde de l&rsquo;informatique, et a finalement \u00e9t\u00e9 vendu au g\u00e9ant de la technologie Intel pour plus de 7,6 milliards de dollars (4,7 milliards de livres).<\/p>\n<p>En octobre 2020, John McAfee a \u00e9t\u00e9 arr\u00eat\u00e9 en Espagne alors qu&rsquo;il s&rsquo;appr\u00eatait \u00e0 prendre l&rsquo;avion pour la Turquie, et accus\u00e9 de ne pas avoir rempli de d\u00e9claration de revenus pendant quatre ans, alors qu&rsquo;il gagnait des millions gr\u00e2ce \u00e0 des activit\u00e9s de conseil, des conf\u00e9rences, des crypto-monnaies et la vente des droits sur l&rsquo;histoire de sa vie.<\/p>\n<p>Le minist\u00e8re am\u00e9ricain de la justice a soutenu que McAfee s&rsquo;est soustrait \u00e0 l&rsquo;obligation fiscale en faisant verser ses revenus sur des comptes bancaires et des comptes d&rsquo;\u00e9change de crypto-monnaies au nom de pr\u00eate-noms.<\/p>\n<p>Il \u00e9tait \u00e9galement accus\u00e9 de dissimuler des actifs, notamment un yacht et des biens immobiliers, \u00e9galement au nom d&rsquo;autres personnes.<\/p>\n<p>Un tribunal espagnol a autoris\u00e9 son extradition vers les \u00c9tats-Unis pour faire face aux accusations mercredi matin.<\/p>\n<p>Ces derni\u00e8res ann\u00e9es, M. McAfee avait affirm\u00e9 \u00e0 plusieurs reprises qu&rsquo;il existait un complot visant \u00e0 l&rsquo;\u00e9liminer.<\/p>\n<p>M ::!Toutefois, le tribunal a d\u00e9clar\u00e9 qu&rsquo;il n&rsquo;existait \u00ab\u00a0aucune preuve r\u00e9v\u00e9latrice\u00a0\u00bb qu&rsquo;il \u00e9tait poursuivi pour des raisons politiques ou id\u00e9ologiques, rapporte le journal espagnol El Pais.<\/p>\n<p>Lors d&rsquo;une audience tenue au d\u00e9but du mois, il avait fait valoir que les accusations port\u00e9es contre lui \u00e9taient motiv\u00e9es par des consid\u00e9rations politiques et qu&rsquo;il passerait le reste de sa vie en prison s&rsquo;il \u00e9tait renvoy\u00e9 aux \u00c9tats-Unis.<\/p>\n<p>Mais Nishay Sanan, l&rsquo;avocat de McAfee, soutient qu&rsquo;il avait l&rsquo;intention de se battre contre toutes les accusations.<\/p>\n<p>\u00ab\u00a0C&rsquo;est encore une fois le gouvernement am\u00e9ricain qui tente d&rsquo;effacer John McAfee\u00a0\u00bb, indique M. Sanan \u00e0 NPR mercredi. \u00ab\u00a0Cet homme \u00e9tait un combattant. Et dans l&rsquo;esprit de tous ceux qui l&rsquo;ont connu, il sera toujours un combattant.\u00a0\u00bb<\/p>\n<p><b>Qui \u00e9tait John McAfee?<br \/>\n<\/b><\/p>\n<p>L&rsquo;entrepreneur, n\u00e9 dans le Gloucestershire, en Angleterre, s&rsquo;est fait conna\u00eetre dans les ann\u00e9es 1980 lorsqu&rsquo;il a fond\u00e9 sa soci\u00e9t\u00e9 technologique et lanc\u00e9 McAfee VirusScan.<\/p>\n<p>Bien qu&rsquo;il soit un pionnier de la s\u00e9curit\u00e9 informatique, il a admis un jour \u00e0 la BBC qu&rsquo;il n&rsquo;avait jamais r\u00e9ellement utilis\u00e9 le logiciel sur ses propres ordinateurs &#8211; ni aucun logiciel antivirus d&rsquo;ailleurs.<\/p>\n<p>\u00ab\u00a0Je me prot\u00e8ge en changeant constamment mon adresse IP [protocole Internet], en n&rsquo;attachant mon nom \u00e0 aucun des appareils que j&rsquo;utilise et en n&rsquo;allant pas sur des sites o\u00f9 l&rsquo;on pourrait attraper un virus\u00a0\u00bb, a-t-il dit en 2013 au journaliste sp\u00e9cialiste des technologies de la BBC, Leo Kelion.<\/p>\n<p>\u00ab\u00a0Les sites pornographiques, par exemple, je n&rsquo;y vais tout simplement pas\u00a0\u00bb.<\/p>\n<p>Il a \u00e9galement lanc\u00e9 des candidatures infructueuses pour devenir le candidat du Parti libertarien aux \u00e9lections pr\u00e9sidentielles de 2016 et 2020.<\/p>\n<p>En 2019, McAfee a exprim\u00e9 son m\u00e9pris pour les imp\u00f4ts, en tweetant qu&rsquo;il n&rsquo;avait pas rempli de d\u00e9claration de revenus depuis huit ans parce que \u00ab\u00a0l&rsquo;imposition est ill\u00e9gale.\u00a0\u00bb<\/p>\n<p>La m\u00eame ann\u00e9e, il a \u00e9t\u00e9 bri\u00e8vement d\u00e9tenu en R\u00e9publique dominicaine pour avoir pr\u00e9tendument introduit des armes dans le pays.<\/p>\n","protected":false},"excerpt":{"rendered":"<p>Africa-Press &#8211; C\u00f4te d&rsquo;Ivoire. L&rsquo;entrepreneur am\u00e9ricain, cr\u00e9ateur de logiciels antivirus John McAfee est retrouv\u00e9 mort dans une cellule de la prison de Barcelone, quelques heures apr\u00e8s qu&rsquo;un tribunal espagnol a accept\u00e9 de l&rsquo;extrader vers les \u00c9tats-Unis pour r\u00e9pondre \u00e0 des accusations d&rsquo;\u00e9vasion fiscale. Le minist\u00e8re catalan de la justice annonce que les m\u00e9decins ont tent\u00e9 [&hellip;]<\/p>\n","protected":false},"author":82,"featured_media":10137,"comment_status":"open","ping_status":"closed","sticky":false,"template":"","format":"standard","meta":{"footnotes":""},"categories":[22,11,10],"tags":[56,63,246,29,247],"class_list":["post-10138","post","type-post","status-publish","format-standard","has-post-thumbnail","hentry","category-divers","category-homepage-french","category-toutes-les-actualites","tag-africa-press","tag-africa-press-cote-divoire","tag-antivirus","tag-cote-divoire","tag-john-mcafee"],"yoast_head":"<!-- This site is optimized with the Yoast SEO Premium plugin v26.1 (Yoast SEO v27.0) - https:\/\/yoast.com\/product\/yoast-seo-premium-wordpress\/ -->\n<title>John McAfee : qui est le cr\u00e9ateur du premier logiciel antivirus commercial, retrouv\u00e9 mort en prison - C\u00f4te d&#039;Ivoire<\/title>\n<meta name=\"description\" content=\"L&#039;entrepreneur am\u00e9ricain, cr\u00e9ateur de logiciels antivirus John McAfee est retrouv\u00e9 mort dans une cellule de la prison ...\" \/>\n<meta name=\"robots\" content=\"index, follow, max-snippet:-1, max-image-preview:large, max-video-preview:-1\" \/>\n<link rel=\"canonical\" href=\"https:\/\/www.africa-press.net\/cotedivoire\/toutes-les-actualites\/john-mcafee-qui-est-le-createur-du-premier-logiciel-antivirus-commercial-retrouve-mort-en-prison\" \/>\n<meta property=\"og:locale\" content=\"fr_FR\" \/>\n<meta property=\"og:type\" content=\"article\" \/>\n<meta property=\"og:title\" content=\"John McAfee : qui est le cr\u00e9ateur du premier logiciel antivirus commercial, retrouv\u00e9 mort en prison\" \/>\n<meta property=\"og:description\" content=\"L&#039;entrepreneur am\u00e9ricain, cr\u00e9ateur de logiciels antivirus John McAfee est retrouv\u00e9 mort dans une cellule de la prison ...\" \/>\n<meta property=\"og:url\" content=\"https:\/\/www.africa-press.net\/cotedivoire\/toutes-les-actualites\/john-mcafee-qui-est-le-createur-du-premier-logiciel-antivirus-commercial-retrouve-mort-en-prison\" \/>\n<meta property=\"og:site_name\" content=\"C\u00f4te d&#039;Ivoire\" \/>\n<meta property=\"article:published_time\" content=\"2021-07-19T14:39:33+00:00\" \/>\n<meta property=\"article:modified_time\" content=\"2021-07-19T17:52:35+00:00\" \/>\n<meta property=\"og:image\" content=\"https:\/\/static.africa-press.net\/cote\/sites\/43\/2021\/07\/img-60f58ddc3803c.jpg\" \/>\n\t<meta property=\"og:image:width\" content=\"720\" \/>\n\t<meta property=\"og:image:height\" content=\"405\" \/>\n\t<meta property=\"og:image:type\" content=\"image\/jpeg\" \/>\n<meta name=\"author\" content=\"cfeditorfr\" \/>\n<meta name=\"twitter:card\" content=\"summary_large_image\" \/>\n<meta name=\"twitter:label1\" content=\"\u00c9crit par\" \/>\n\t<meta name=\"twitter:data1\" content=\"cfeditorfr\" \/>\n\t<meta name=\"twitter:label2\" content=\"Dur\u00e9e de lecture estim\u00e9e\" \/>\n\t<meta name=\"twitter:data2\" content=\"3 minutes\" \/>\n<script type=\"application\/ld+json\" class=\"yoast-schema-graph\">{\"@context\":\"https:\/\/schema.org\",\"@graph\":[{\"@type\":\"Article\",\"@id\":\"https:\/\/www.africa-press.net\/cotedivoire\/toutes-les-actualites\/john-mcafee-qui-est-le-createur-du-premier-logiciel-antivirus-commercial-retrouve-mort-en-prison#article\",\"isPartOf\":{\"@id\":\"https:\/\/www.africa-press.net\/cotedivoire\/toutes-les-actualites\/john-mcafee-qui-est-le-createur-du-premier-logiciel-antivirus-commercial-retrouve-mort-en-prison\"},\"author\":{\"name\":\"cfeditorfr\",\"@id\":\"https:\/\/www.africa-press.net\/cotedivoire\/#\/schema\/person\/2b1cf3cd81a31e3cd26889ca66d677f1\"},\"headline\":\"John McAfee : qui est le cr\u00e9ateur du premier logiciel antivirus commercial, retrouv\u00e9 mort en prison\",\"datePublished\":\"2021-07-19T14:39:33+00:00\",\"dateModified\":\"2021-07-19T17:52:35+00:00\",\"mainEntityOfPage\":{\"@id\":\"https:\/\/www.africa-press.net\/cotedivoire\/toutes-les-actualites\/john-mcafee-qui-est-le-createur-du-premier-logiciel-antivirus-commercial-retrouve-mort-en-prison\"},\"wordCount\":683,\"commentCount\":0,\"image\":{\"@id\":\"https:\/\/www.africa-press.net\/cotedivoire\/toutes-les-actualites\/john-mcafee-qui-est-le-createur-du-premier-logiciel-antivirus-commercial-retrouve-mort-en-prison#primaryimage\"},\"thumbnailUrl\":\"https:\/\/static.africa-press.net\/cote\/sites\/43\/2021\/07\/img-60f58ddc3803c.jpg\",\"keywords\":[\"Africa Press\",\"Africa Press-C\u00f4te d'Ivoire\",\"antivirus\",\"C\u00d4TE D'IVOIRE\",\"John McAfee\"],\"articleSection\":[\"Divers\",\"homepage-french\",\"Toutes les actualit\u00e9s\"],\"inLanguage\":\"fr-FR\",\"potentialAction\":[{\"@type\":\"CommentAction\",\"name\":\"Comment\",\"target\":[\"https:\/\/www.africa-press.net\/cotedivoire\/toutes-les-actualites\/john-mcafee-qui-est-le-createur-du-premier-logiciel-antivirus-commercial-retrouve-mort-en-prison#respond\"]}]},{\"@type\":\"WebPage\",\"@id\":\"https:\/\/www.africa-press.net\/cotedivoire\/toutes-les-actualites\/john-mcafee-qui-est-le-createur-du-premier-logiciel-antivirus-commercial-retrouve-mort-en-prison\",\"url\":\"https:\/\/www.africa-press.net\/cotedivoire\/toutes-les-actualites\/john-mcafee-qui-est-le-createur-du-premier-logiciel-antivirus-commercial-retrouve-mort-en-prison\",\"name\":\"John McAfee : qui est le cr\u00e9ateur du premier logiciel antivirus commercial, retrouv\u00e9 mort en prison - C\u00f4te d&#039;Ivoire\",\"isPartOf\":{\"@id\":\"https:\/\/www.africa-press.net\/cotedivoire\/#website\"},\"primaryImageOfPage\":{\"@id\":\"https:\/\/www.africa-press.net\/cotedivoire\/toutes-les-actualites\/john-mcafee-qui-est-le-createur-du-premier-logiciel-antivirus-commercial-retrouve-mort-en-prison#primaryimage\"},\"image\":{\"@id\":\"https:\/\/www.africa-press.net\/cotedivoire\/toutes-les-actualites\/john-mcafee-qui-est-le-createur-du-premier-logiciel-antivirus-commercial-retrouve-mort-en-prison#primaryimage\"},\"thumbnailUrl\":\"https:\/\/static.africa-press.net\/cote\/sites\/43\/2021\/07\/img-60f58ddc3803c.jpg\",\"datePublished\":\"2021-07-19T14:39:33+00:00\",\"dateModified\":\"2021-07-19T17:52:35+00:00\",\"author\":{\"@id\":\"https:\/\/www.africa-press.net\/cotedivoire\/#\/schema\/person\/2b1cf3cd81a31e3cd26889ca66d677f1\"},\"description\":\"L'entrepreneur am\u00e9ricain, cr\u00e9ateur de logiciels antivirus John McAfee est retrouv\u00e9 mort dans une cellule de la prison ...\",\"breadcrumb\":{\"@id\":\"https:\/\/www.africa-press.net\/cotedivoire\/toutes-les-actualites\/john-mcafee-qui-est-le-createur-du-premier-logiciel-antivirus-commercial-retrouve-mort-en-prison#breadcrumb\"},\"inLanguage\":\"fr-FR\",\"potentialAction\":[{\"@type\":\"ReadAction\",\"target\":[\"https:\/\/www.africa-press.net\/cotedivoire\/toutes-les-actualites\/john-mcafee-qui-est-le-createur-du-premier-logiciel-antivirus-commercial-retrouve-mort-en-prison\"]}]},{\"@type\":\"ImageObject\",\"inLanguage\":\"fr-FR\",\"@id\":\"https:\/\/www.africa-press.net\/cotedivoire\/toutes-les-actualites\/john-mcafee-qui-est-le-createur-du-premier-logiciel-antivirus-commercial-retrouve-mort-en-prison#primaryimage\",\"url\":\"https:\/\/static.africa-press.net\/cote\/sites\/43\/2021\/07\/img-60f58ddc3803c.jpg\",\"contentUrl\":\"https:\/\/static.africa-press.net\/cote\/sites\/43\/2021\/07\/img-60f58ddc3803c.jpg\",\"width\":720,\"height\":405,\"caption\":\"John McAfee : qui est le cr\u00e9ateur du premier logiciel antivirus commercial, retrouv\u00e9 mort en prison\"},{\"@type\":\"BreadcrumbList\",\"@id\":\"https:\/\/www.africa-press.net\/cotedivoire\/toutes-les-actualites\/john-mcafee-qui-est-le-createur-du-premier-logiciel-antivirus-commercial-retrouve-mort-en-prison#breadcrumb\",\"itemListElement\":[{\"@type\":\"ListItem\",\"position\":1,\"name\":\"Accueil\",\"item\":\"https:\/\/www.africa-press.net\/cotedivoire\/\"},{\"@type\":\"ListItem\",\"position\":2,\"name\":\"John McAfee : qui est le cr\u00e9ateur du premier logiciel antivirus commercial, retrouv\u00e9 mort en prison\"}]},{\"@type\":\"WebSite\",\"@id\":\"https:\/\/www.africa-press.net\/cotedivoire\/#website\",\"url\":\"https:\/\/www.africa-press.net\/cotedivoire\/\",\"name\":\"C\u00f4te d&#039;Ivoire\",\"description\":\"Just another Africa News Agency Sites site\",\"potentialAction\":[{\"@type\":\"SearchAction\",\"target\":{\"@type\":\"EntryPoint\",\"urlTemplate\":\"https:\/\/www.africa-press.net\/cotedivoire\/?s={search_term_string}\"},\"query-input\":{\"@type\":\"PropertyValueSpecification\",\"valueRequired\":true,\"valueName\":\"search_term_string\"}}],\"inLanguage\":\"fr-FR\"},{\"@type\":\"Person\",\"@id\":\"https:\/\/www.africa-press.net\/cotedivoire\/#\/schema\/person\/2b1cf3cd81a31e3cd26889ca66d677f1\",\"name\":\"cfeditorfr\"}]}<\/script>\n<!-- \/ Yoast SEO Premium plugin. -->","yoast_head_json":{"title":"John McAfee : qui est le cr\u00e9ateur du premier logiciel antivirus commercial, retrouv\u00e9 mort en prison - C\u00f4te d&#039;Ivoire","description":"L'entrepreneur am\u00e9ricain, cr\u00e9ateur de logiciels antivirus John McAfee est retrouv\u00e9 mort dans une cellule de la prison ...","robots":{"index":"index","follow":"follow","max-snippet":"max-snippet:-1","max-image-preview":"max-image-preview:large","max-video-preview":"max-video-preview:-1"},"canonical":"https:\/\/www.africa-press.net\/cotedivoire\/toutes-les-actualites\/john-mcafee-qui-est-le-createur-du-premier-logiciel-antivirus-commercial-retrouve-mort-en-prison","og_locale":"fr_FR","og_type":"article","og_title":"John McAfee : qui est le cr\u00e9ateur du premier logiciel antivirus commercial, retrouv\u00e9 mort en prison","og_description":"L'entrepreneur am\u00e9ricain, cr\u00e9ateur de logiciels antivirus John McAfee est retrouv\u00e9 mort dans une cellule de la prison ...","og_url":"https:\/\/www.africa-press.net\/cotedivoire\/toutes-les-actualites\/john-mcafee-qui-est-le-createur-du-premier-logiciel-antivirus-commercial-retrouve-mort-en-prison","og_site_name":"C\u00f4te d&#039;Ivoire","article_published_time":"2021-07-19T14:39:33+00:00","article_modified_time":"2021-07-19T17:52:35+00:00","og_image":[{"width":720,"height":405,"url":"https:\/\/static.africa-press.net\/cote\/sites\/43\/2021\/07\/img-60f58ddc3803c.jpg","type":"image\/jpeg"}],"author":"cfeditorfr","twitter_card":"summary_large_image","twitter_misc":{"\u00c9crit par":"cfeditorfr","Dur\u00e9e de lecture estim\u00e9e":"3 minutes"},"schema":{"@context":"https:\/\/schema.org","@graph":[{"@type":"Article","@id":"https:\/\/www.africa-press.net\/cotedivoire\/toutes-les-actualites\/john-mcafee-qui-est-le-createur-du-premier-logiciel-antivirus-commercial-retrouve-mort-en-prison#article","isPartOf":{"@id":"https:\/\/www.africa-press.net\/cotedivoire\/toutes-les-actualites\/john-mcafee-qui-est-le-createur-du-premier-logiciel-antivirus-commercial-retrouve-mort-en-prison"},"author":{"name":"cfeditorfr","@id":"https:\/\/www.africa-press.net\/cotedivoire\/#\/schema\/person\/2b1cf3cd81a31e3cd26889ca66d677f1"},"headline":"John McAfee : qui est le cr\u00e9ateur du premier logiciel antivirus commercial, retrouv\u00e9 mort en prison","datePublished":"2021-07-19T14:39:33+00:00","dateModified":"2021-07-19T17:52:35+00:00","mainEntityOfPage":{"@id":"https:\/\/www.africa-press.net\/cotedivoire\/toutes-les-actualites\/john-mcafee-qui-est-le-createur-du-premier-logiciel-antivirus-commercial-retrouve-mort-en-prison"},"wordCount":683,"commentCount":0,"image":{"@id":"https:\/\/www.africa-press.net\/cotedivoire\/toutes-les-actualites\/john-mcafee-qui-est-le-createur-du-premier-logiciel-antivirus-commercial-retrouve-mort-en-prison#primaryimage"},"thumbnailUrl":"https:\/\/static.africa-press.net\/cote\/sites\/43\/2021\/07\/img-60f58ddc3803c.jpg","keywords":["Africa Press","Africa Press-C\u00f4te d'Ivoire","antivirus","C\u00d4TE D'IVOIRE","John McAfee"],"articleSection":["Divers","homepage-french","Toutes les actualit\u00e9s"],"inLanguage":"fr-FR","potentialAction":[{"@type":"CommentAction","name":"Comment","target":["https:\/\/www.africa-press.net\/cotedivoire\/toutes-les-actualites\/john-mcafee-qui-est-le-createur-du-premier-logiciel-antivirus-commercial-retrouve-mort-en-prison#respond"]}]},{"@type":"WebPage","@id":"https:\/\/www.africa-press.net\/cotedivoire\/toutes-les-actualites\/john-mcafee-qui-est-le-createur-du-premier-logiciel-antivirus-commercial-retrouve-mort-en-prison","url":"https:\/\/www.africa-press.net\/cotedivoire\/toutes-les-actualites\/john-mcafee-qui-est-le-createur-du-premier-logiciel-antivirus-commercial-retrouve-mort-en-prison","name":"John McAfee : qui est le cr\u00e9ateur du premier logiciel antivirus commercial, retrouv\u00e9 mort en prison - C\u00f4te d&#039;Ivoire","isPartOf":{"@id":"https:\/\/www.africa-press.net\/cotedivoire\/#website"},"primaryImageOfPage":{"@id":"https:\/\/www.africa-press.net\/cotedivoire\/toutes-les-actualites\/john-mcafee-qui-est-le-createur-du-premier-logiciel-antivirus-commercial-retrouve-mort-en-prison#primaryimage"},"image":{"@id":"https:\/\/www.africa-press.net\/cotedivoire\/toutes-les-actualites\/john-mcafee-qui-est-le-createur-du-premier-logiciel-antivirus-commercial-retrouve-mort-en-prison#primaryimage"},"thumbnailUrl":"https:\/\/static.africa-press.net\/cote\/sites\/43\/2021\/07\/img-60f58ddc3803c.jpg","datePublished":"2021-07-19T14:39:33+00:00","dateModified":"2021-07-19T17:52:35+00:00","author":{"@id":"https:\/\/www.africa-press.net\/cotedivoire\/#\/schema\/person\/2b1cf3cd81a31e3cd26889ca66d677f1"},"description":"L'entrepreneur am\u00e9ricain, cr\u00e9ateur de logiciels antivirus John McAfee est retrouv\u00e9 mort dans une cellule de la prison ...","breadcrumb":{"@id":"https:\/\/www.africa-press.net\/cotedivoire\/toutes-les-actualites\/john-mcafee-qui-est-le-createur-du-premier-logiciel-antivirus-commercial-retrouve-mort-en-prison#breadcrumb"},"inLanguage":"fr-FR","potentialAction":[{"@type":"ReadAction","target":["https:\/\/www.africa-press.net\/cotedivoire\/toutes-les-actualites\/john-mcafee-qui-est-le-createur-du-premier-logiciel-antivirus-commercial-retrouve-mort-en-prison"]}]},{"@type":"ImageObject","inLanguage":"fr-FR","@id":"https:\/\/www.africa-press.net\/cotedivoire\/toutes-les-actualites\/john-mcafee-qui-est-le-createur-du-premier-logiciel-antivirus-commercial-retrouve-mort-en-prison#primaryimage","url":"https:\/\/static.africa-press.net\/cote\/sites\/43\/2021\/07\/img-60f58ddc3803c.jpg","contentUrl":"https:\/\/static.africa-press.net\/cote\/sites\/43\/2021\/07\/img-60f58ddc3803c.jpg","width":720,"height":405,"caption":"John McAfee : qui est le cr\u00e9ateur du premier logiciel antivirus commercial, retrouv\u00e9 mort en prison"},{"@type":"BreadcrumbList","@id":"https:\/\/www.africa-press.net\/cotedivoire\/toutes-les-actualites\/john-mcafee-qui-est-le-createur-du-premier-logiciel-antivirus-commercial-retrouve-mort-en-prison#breadcrumb","itemListElement":[{"@type":"ListItem","position":1,"name":"Accueil","item":"https:\/\/www.africa-press.net\/cotedivoire\/"},{"@type":"ListItem","position":2,"name":"John McAfee : qui est le cr\u00e9ateur du premier logiciel antivirus commercial, retrouv\u00e9 mort en prison"}]},{"@type":"WebSite","@id":"https:\/\/www.africa-press.net\/cotedivoire\/#website","url":"https:\/\/www.africa-press.net\/cotedivoire\/","name":"C\u00f4te d&#039;Ivoire","description":"Just another Africa News Agency Sites site","potentialAction":[{"@type":"SearchAction","target":{"@type":"EntryPoint","urlTemplate":"https:\/\/www.africa-press.net\/cotedivoire\/?s={search_term_string}"},"query-input":{"@type":"PropertyValueSpecification","valueRequired":true,"valueName":"search_term_string"}}],"inLanguage":"fr-FR"},{"@type":"Person","@id":"https:\/\/www.africa-press.net\/cotedivoire\/#\/schema\/person\/2b1cf3cd81a31e3cd26889ca66d677f1","name":"cfeditorfr"}]}},"_links":{"self":[{"href":"https:\/\/www.africa-press.net\/cotedivoire\/wp-json\/wp\/v2\/posts\/10138","targetHints":{"allow":["GET"]}}],"collection":[{"href":"https:\/\/www.africa-press.net\/cotedivoire\/wp-json\/wp\/v2\/posts"}],"about":[{"href":"https:\/\/www.africa-press.net\/cotedivoire\/wp-json\/wp\/v2\/types\/post"}],"author":[{"embeddable":true,"href":"https:\/\/www.africa-press.net\/cotedivoire\/wp-json\/wp\/v2\/users\/82"}],"replies":[{"embeddable":true,"href":"https:\/\/www.africa-press.net\/cotedivoire\/wp-json\/wp\/v2\/comments?post=10138"}],"version-history":[{"count":0,"href":"https:\/\/www.africa-press.net\/cotedivoire\/wp-json\/wp\/v2\/posts\/10138\/revisions"}],"wp:featuredmedia":[{"embeddable":true,"href":"https:\/\/www.africa-press.net\/cotedivoire\/wp-json\/wp\/v2\/media\/10137"}],"wp:attachment":[{"href":"https:\/\/www.africa-press.net\/cotedivoire\/wp-json\/wp\/v2\/media?parent=10138"}],"wp:term":[{"taxonomy":"category","embeddable":true,"href":"https:\/\/www.africa-press.net\/cotedivoire\/wp-json\/wp\/v2\/categories?post=10138"},{"taxonomy":"post_tag","embeddable":true,"href":"https:\/\/www.africa-press.net\/cotedivoire\/wp-json\/wp\/v2\/tags?post=10138"}],"curies":[{"name":"wp","href":"https:\/\/api.w.org\/{rel}","templated":true}]}}