{"id":101380,"date":"2025-06-28T19:26:52","date_gmt":"2025-06-28T19:26:52","guid":{"rendered":"https:\/\/www.africa-press.net\/cotedivoire\/politique\/sica-2025-ambitions-pour-tournages-internationaux"},"modified":"2025-06-28T20:57:18","modified_gmt":"2025-06-28T20:57:18","slug":"sica-2025-ambitions-pour-tournages-internationaux","status":"publish","type":"post","link":"https:\/\/www.africa-press.net\/cotedivoire\/culture-et-art\/sica-2025-ambitions-pour-tournages-internationaux","title":{"rendered":"SICA 2025 Ambitions pour Tournages Internationaux"},"content":{"rendered":"<p><span style=\"color: #ff6600\"><strong>Africa-Press &#8211; C\u00f4te d&rsquo;Ivoire. <\/strong><\/span>La Co\u0302te d\u2019Ivoire a une nouvelle fois place\u0301 l\u2019Afrique au c\u0153ur du de\u0301bat mondial sur les industries cre\u0301atives, en accueillant ce jeudi 26 juin, au Sofitel Ho\u0302tel Ivoire, la 3e e\u0301dition du Salon International du Contenu Audiovisuel d\u2019Abidjan (SICA). Le the\u0300me de cette e\u0301dition: \u00ab Souverainete\u0301 nume\u0301rique et exportation des re\u0301cits: ba\u0302tir un marche\u0301 audiovisuel africain compe\u0301titif et globalise\u0301 \u00bb, pose les bases d\u2019une ve\u0301ritable strate\u0301gie continentale pour renforcer l\u2019influence africaine dans le secteur audiovisuel mondial.<\/p>\n<p>Repre\u0301sentant le Premier ministre Robert Beugre\u0301 Mambe\u0301, la ministre d\u2019E\u0301tat Anne-De\u0301sire\u0301e Ouloto a donne\u0301 le ton de\u0300s la ce\u0301re\u0301monie d\u2019ouverture. Dans un discours e\u0301nergique, elle a appele\u0301 les acteurs du secteur a\u0300 unir leurs forces pour faire de l\u2019audiovisuel africain un levier strate\u0301gique d\u2019influence culturelle.<\/p>\n<p>\u00ab C\u2019est ensemble que nous devons accompagner la souverainete\u0301 nume\u0301rique et l\u2019exportation des re\u0301cits africains. \u00bb<\/p>\n<p>Elle a e\u0301galement re\u0301affirme\u0301 l\u2019ambition du gouvernement de faire de la Co\u0302te d\u2019Ivoire une destination incontournable pour les tournages internationaux, a\u0300 travers l\u2019initiative \u00ab Co\u0302te d\u2019Ivoire, terre de tournage \u00bb.<\/p>\n<p>Le SICA 2025 a re\u0301uni plus de 300 professionnels issus de 25 pays, dans une ambiance a\u0300 la fois conviviale et strate\u0301gique. Organise\u0301 par le ministe\u0300re de la Communication sous l\u2019e\u0301gide du ministre Amadou Coulibaly, l\u2019e\u0301ve\u0301nement se positionne comme le rendez-vous annuel incontournable de l\u2019audiovisuel francophone africain.<\/p>\n<p>\u00ab Gra\u0302ce a\u0300 votre engagement, nous faisons du SICA un carrefour d\u2019excellence pour le cine\u0301ma et l\u2019audiovisuel africains \u00bb, a souligne\u0301 le ministre, qui a e\u0301galement annonce\u0301 la mise en place d\u2019une cellule interministe\u0301rielle de\u0301die\u0301e a\u0300 l\u2019accueil des tournages internationaux.<\/p>\n<p>La ce\u0301re\u0301monie a e\u0301te\u0301 marque\u0301e par la pre\u0301sence de plusieurs membres du gouvernement ivoirien, dont Franc\u0327oise Remarck (Culture et Francophonie), Mamadou Toure\u0301 (Jeunesse) et Siandou Fofana (Tourisme). L&rsquo;e\u0301ve\u0301nement a e\u0301galement accueilli Fiorentino Fernando Diaz, ministre de la Communication de Guine\u0301e-Bissau, te\u0301moignant de la porte\u0301e panafricaine du salon.<\/p>\n<p>Au-dela\u0300 des confe\u0301rences et expositions sur les dernie\u0300res technologies (re\u0301alite\u0301 virtuelle, intelligence artificielle, formats immersifs), le SICA a mis en lumie\u0300re l\u2019e\u0301mergence des talents africains, tels que, le concours de pitch, dote\u0301 de 50 millions de FCFA, a permis aux jeunes cre\u0301ateurs de pre\u0301senter leurs projets devant des professionnels internationaux, le business Hub a favorise\u0301 des partenariats entre producteurs, diffuseurs et cre\u0301ateurs du Sud et du Nord et le SICA d\u2019Or a re\u0301compense\u0301 les meilleures productions audiovisuelles locales.<\/p>\n<p>Afin de rendre le salon accessible au plus grand nombre, le SICA OFF a propose\u0301 des projections gratuites en plein air dans les quartiers populaires d\u2019Abidjan (Cocody, Abobo, Yopougon, Koumassi), illustrant la volonte\u0301 de rapprocher le cine\u0301ma des populations.<\/p>\n<p>Parmi les invite\u0301s d\u2019honneur figuraient des noms prestigieux de l\u2019industrie mondiale: Larry Kasanoff (producteur de Karate Kid), Katsuhiro Arada (cre\u0301ateur du jeu Tekken), ou encore Alex Berger, de\u0301sormais producteur installe\u0301 en Co\u0302te d\u2019Ivoire.<\/p>\n<p>Aux co\u0302te\u0301s de ces figures internationales, des piliers du cine\u0301ma africain comme Abderrahmane Sissako, Danny Kouyate\u0301 ou Jacques Orji ont partage\u0301 leur vision d\u2019un cine\u0301ma africain ambitieux, enracine\u0301 et ouvert au monde.<\/p>\n<p>En citant le cine\u0301aste Gaston Kabore\u0301, le ministre Amadou Coulibaly a rappele\u0301 une ve\u0301rite\u0301 fondamentale.<\/p>\n<p>\u00ab Le cine\u0301ma africain existe parce que les Africains ont des choses a\u0300 dire. \u00bb<\/p>\n<p>Et aujourd\u2019hui, ces re\u0301cits doivent franchir les frontie\u0300res. L\u2019Afrique ne se contente plus de se raconter a\u0300 elle-me\u0302me: elle revendique sa place sur les e\u0301crans du monde entier.<\/p>\n<p>Avec le SICA 2025, la Co\u0302te d\u2019Ivoire affirme sa volonte\u0301 de porter le re\u0301cit africain a\u0300 l\u2019e\u0301chelle globale, en valorisant ses talents, ses histoires et sa cre\u0301ativite\u0301. L\u2019e\u0301cran devient ainsi l\u2019un des nouveaux champs de bataille de la souverainete\u0301 africaine.<\/p>\n<p>Wassimagnon<\/p>\n<p><strong>Pour plus d&rsquo;informations et d&rsquo;analyses sur la <span style=\"color: #ff6600\">C\u00f4te d&rsquo;Ivoire<\/span>, suivez <span style=\"color: #ff6600\">Africa-Press<\/span><\/strong><\/p>\n","protected":false},"excerpt":{"rendered":"<p>Africa-Press &#8211; C\u00f4te d&rsquo;Ivoire. La Co\u0302te d\u2019Ivoire a une nouvelle fois place\u0301 l\u2019Afrique au c\u0153ur du de\u0301bat mondial sur les industries cre\u0301atives, en accueillant ce jeudi 26 juin, au Sofitel Ho\u0302tel Ivoire, la 3e e\u0301dition du Salon International du Contenu Audiovisuel d\u2019Abidjan (SICA). Le the\u0300me de cette e\u0301dition: \u00ab Souverainete\u0301 nume\u0301rique et exportation des re\u0301cits: [&hellip;]<\/p>\n","protected":false},"author":82,"featured_media":101379,"comment_status":"open","ping_status":"closed","sticky":false,"template":"","format":"standard","meta":{"footnotes":""},"categories":[5,10],"tags":[30,17812,35,7875,29,18105,5441],"class_list":["post-101380","post","type-post","status-publish","format-standard","has-post-thumbnail","hentry","category-culture-et-art","category-toutes-les-actualites","tag-abidjan","tag-affirme","tag-afrique","tag-audiovisuelle","tag-cote-divoire","tag-sica","tag-souverainete"],"yoast_head":"<!-- This site is optimized with the Yoast SEO Premium plugin v26.1 (Yoast SEO v27.0) - https:\/\/yoast.com\/product\/yoast-seo-premium-wordpress\/ -->\n<title>SICA 2025 Ambitions pour Tournages Internationaux - C\u00f4te d&#039;Ivoire<\/title>\n<meta name=\"description\" content=\"La Co\u0302te d\u2019Ivoire a une nouvelle fois place\u0301 l\u2019Afrique au c\u0153ur du de\u0301bat mondial sur les industries cre\u0301atives, en accue ...\" \/>\n<meta name=\"robots\" content=\"index, follow, max-snippet:-1, max-image-preview:large, max-video-preview:-1\" \/>\n<link rel=\"canonical\" href=\"https:\/\/www.africa-press.net\/cotedivoire\/culture-et-art\/sica-2025-ambitions-pour-tournages-internationaux\" \/>\n<meta property=\"og:locale\" content=\"fr_FR\" \/>\n<meta property=\"og:type\" content=\"article\" \/>\n<meta property=\"og:title\" content=\"SICA 2025 Ambitions pour Tournages Internationaux\" \/>\n<meta property=\"og:description\" content=\"La Co\u0302te d\u2019Ivoire a une nouvelle fois place\u0301 l\u2019Afrique au c\u0153ur du de\u0301bat mondial sur les industries cre\u0301atives, en accue ...\" \/>\n<meta property=\"og:url\" content=\"https:\/\/www.africa-press.net\/cotedivoire\/culture-et-art\/sica-2025-ambitions-pour-tournages-internationaux\" \/>\n<meta property=\"og:site_name\" content=\"C\u00f4te d&#039;Ivoire\" \/>\n<meta property=\"article:published_time\" content=\"2025-06-28T19:26:52+00:00\" \/>\n<meta property=\"article:modified_time\" content=\"2025-06-28T20:57:18+00:00\" \/>\n<meta property=\"og:image\" content=\"https:\/\/static.africa-press.net\/cote\/sites\/43\/2025\/06\/sm_1751131550.498852.jpg\" \/>\n\t<meta property=\"og:image:width\" content=\"720\" \/>\n\t<meta property=\"og:image:height\" content=\"460\" \/>\n\t<meta property=\"og:image:type\" content=\"image\/jpeg\" \/>\n<meta name=\"author\" content=\"cfeditorfr\" \/>\n<meta name=\"twitter:card\" content=\"summary_large_image\" \/>\n<meta name=\"twitter:label1\" content=\"\u00c9crit par\" \/>\n\t<meta name=\"twitter:data1\" content=\"cfeditorfr\" \/>\n\t<meta name=\"twitter:label2\" content=\"Dur\u00e9e de lecture estim\u00e9e\" \/>\n\t<meta name=\"twitter:data2\" content=\"4 minutes\" \/>\n<script type=\"application\/ld+json\" class=\"yoast-schema-graph\">{\"@context\":\"https:\/\/schema.org\",\"@graph\":[{\"@type\":\"Article\",\"@id\":\"https:\/\/www.africa-press.net\/cotedivoire\/culture-et-art\/sica-2025-ambitions-pour-tournages-internationaux#article\",\"isPartOf\":{\"@id\":\"https:\/\/www.africa-press.net\/cotedivoire\/culture-et-art\/sica-2025-ambitions-pour-tournages-internationaux\"},\"author\":{\"name\":\"cfeditorfr\",\"@id\":\"https:\/\/www.africa-press.net\/cotedivoire\/#\/schema\/person\/2b1cf3cd81a31e3cd26889ca66d677f1\"},\"headline\":\"SICA 2025 Ambitions pour Tournages Internationaux\",\"datePublished\":\"2025-06-28T19:26:52+00:00\",\"dateModified\":\"2025-06-28T20:57:18+00:00\",\"mainEntityOfPage\":{\"@id\":\"https:\/\/www.africa-press.net\/cotedivoire\/culture-et-art\/sica-2025-ambitions-pour-tournages-internationaux\"},\"wordCount\":711,\"commentCount\":0,\"image\":{\"@id\":\"https:\/\/www.africa-press.net\/cotedivoire\/culture-et-art\/sica-2025-ambitions-pour-tournages-internationaux#primaryimage\"},\"thumbnailUrl\":\"https:\/\/static.africa-press.net\/cote\/sites\/43\/2025\/06\/sm_1751131550.498852.jpg\",\"keywords\":[\"Abidjan\",\"affirme\",\"Afrique\",\"audiovisuelle\",\"C\u00d4TE D'IVOIRE\",\"SICA\",\"souverainet\u00e9\"],\"articleSection\":[\"Culture et Art\",\"Toutes les actualit\u00e9s\"],\"inLanguage\":\"fr-FR\",\"potentialAction\":[{\"@type\":\"CommentAction\",\"name\":\"Comment\",\"target\":[\"https:\/\/www.africa-press.net\/cotedivoire\/culture-et-art\/sica-2025-ambitions-pour-tournages-internationaux#respond\"]}]},{\"@type\":\"WebPage\",\"@id\":\"https:\/\/www.africa-press.net\/cotedivoire\/culture-et-art\/sica-2025-ambitions-pour-tournages-internationaux\",\"url\":\"https:\/\/www.africa-press.net\/cotedivoire\/culture-et-art\/sica-2025-ambitions-pour-tournages-internationaux\",\"name\":\"SICA 2025 Ambitions pour Tournages Internationaux - C\u00f4te d&#039;Ivoire\",\"isPartOf\":{\"@id\":\"https:\/\/www.africa-press.net\/cotedivoire\/#website\"},\"primaryImageOfPage\":{\"@id\":\"https:\/\/www.africa-press.net\/cotedivoire\/culture-et-art\/sica-2025-ambitions-pour-tournages-internationaux#primaryimage\"},\"image\":{\"@id\":\"https:\/\/www.africa-press.net\/cotedivoire\/culture-et-art\/sica-2025-ambitions-pour-tournages-internationaux#primaryimage\"},\"thumbnailUrl\":\"https:\/\/static.africa-press.net\/cote\/sites\/43\/2025\/06\/sm_1751131550.498852.jpg\",\"datePublished\":\"2025-06-28T19:26:52+00:00\",\"dateModified\":\"2025-06-28T20:57:18+00:00\",\"author\":{\"@id\":\"https:\/\/www.africa-press.net\/cotedivoire\/#\/schema\/person\/2b1cf3cd81a31e3cd26889ca66d677f1\"},\"description\":\"La Co\u0302te d\u2019Ivoire a une nouvelle fois place\u0301 l\u2019Afrique au c\u0153ur du de\u0301bat mondial sur les industries cre\u0301atives, en accue ...\",\"breadcrumb\":{\"@id\":\"https:\/\/www.africa-press.net\/cotedivoire\/culture-et-art\/sica-2025-ambitions-pour-tournages-internationaux#breadcrumb\"},\"inLanguage\":\"fr-FR\",\"potentialAction\":[{\"@type\":\"ReadAction\",\"target\":[\"https:\/\/www.africa-press.net\/cotedivoire\/culture-et-art\/sica-2025-ambitions-pour-tournages-internationaux\"]}]},{\"@type\":\"ImageObject\",\"inLanguage\":\"fr-FR\",\"@id\":\"https:\/\/www.africa-press.net\/cotedivoire\/culture-et-art\/sica-2025-ambitions-pour-tournages-internationaux#primaryimage\",\"url\":\"https:\/\/static.africa-press.net\/cote\/sites\/43\/2025\/06\/sm_1751131550.498852.jpg\",\"contentUrl\":\"https:\/\/static.africa-press.net\/cote\/sites\/43\/2025\/06\/sm_1751131550.498852.jpg\",\"width\":720,\"height\":460,\"caption\":\"SICA 2025 Ambitions pour Tournages Internationaux\"},{\"@type\":\"BreadcrumbList\",\"@id\":\"https:\/\/www.africa-press.net\/cotedivoire\/culture-et-art\/sica-2025-ambitions-pour-tournages-internationaux#breadcrumb\",\"itemListElement\":[{\"@type\":\"ListItem\",\"position\":1,\"name\":\"Accueil\",\"item\":\"https:\/\/www.africa-press.net\/cotedivoire\/\"},{\"@type\":\"ListItem\",\"position\":2,\"name\":\"SICA 2025 Ambitions pour Tournages Internationaux\"}]},{\"@type\":\"WebSite\",\"@id\":\"https:\/\/www.africa-press.net\/cotedivoire\/#website\",\"url\":\"https:\/\/www.africa-press.net\/cotedivoire\/\",\"name\":\"C\u00f4te d&#039;Ivoire\",\"description\":\"Just another Africa News Agency Sites site\",\"potentialAction\":[{\"@type\":\"SearchAction\",\"target\":{\"@type\":\"EntryPoint\",\"urlTemplate\":\"https:\/\/www.africa-press.net\/cotedivoire\/?s={search_term_string}\"},\"query-input\":{\"@type\":\"PropertyValueSpecification\",\"valueRequired\":true,\"valueName\":\"search_term_string\"}}],\"inLanguage\":\"fr-FR\"},{\"@type\":\"Person\",\"@id\":\"https:\/\/www.africa-press.net\/cotedivoire\/#\/schema\/person\/2b1cf3cd81a31e3cd26889ca66d677f1\",\"name\":\"cfeditorfr\"}]}<\/script>\n<!-- \/ Yoast SEO Premium plugin. -->","yoast_head_json":{"title":"SICA 2025 Ambitions pour Tournages Internationaux - C\u00f4te d&#039;Ivoire","description":"La Co\u0302te d\u2019Ivoire a une nouvelle fois place\u0301 l\u2019Afrique au c\u0153ur du de\u0301bat mondial sur les industries cre\u0301atives, en accue ...","robots":{"index":"index","follow":"follow","max-snippet":"max-snippet:-1","max-image-preview":"max-image-preview:large","max-video-preview":"max-video-preview:-1"},"canonical":"https:\/\/www.africa-press.net\/cotedivoire\/culture-et-art\/sica-2025-ambitions-pour-tournages-internationaux","og_locale":"fr_FR","og_type":"article","og_title":"SICA 2025 Ambitions pour Tournages Internationaux","og_description":"La Co\u0302te d\u2019Ivoire a une nouvelle fois place\u0301 l\u2019Afrique au c\u0153ur du de\u0301bat mondial sur les industries cre\u0301atives, en accue ...","og_url":"https:\/\/www.africa-press.net\/cotedivoire\/culture-et-art\/sica-2025-ambitions-pour-tournages-internationaux","og_site_name":"C\u00f4te d&#039;Ivoire","article_published_time":"2025-06-28T19:26:52+00:00","article_modified_time":"2025-06-28T20:57:18+00:00","og_image":[{"width":720,"height":460,"url":"https:\/\/static.africa-press.net\/cote\/sites\/43\/2025\/06\/sm_1751131550.498852.jpg","type":"image\/jpeg"}],"author":"cfeditorfr","twitter_card":"summary_large_image","twitter_misc":{"\u00c9crit par":"cfeditorfr","Dur\u00e9e de lecture estim\u00e9e":"4 minutes"},"schema":{"@context":"https:\/\/schema.org","@graph":[{"@type":"Article","@id":"https:\/\/www.africa-press.net\/cotedivoire\/culture-et-art\/sica-2025-ambitions-pour-tournages-internationaux#article","isPartOf":{"@id":"https:\/\/www.africa-press.net\/cotedivoire\/culture-et-art\/sica-2025-ambitions-pour-tournages-internationaux"},"author":{"name":"cfeditorfr","@id":"https:\/\/www.africa-press.net\/cotedivoire\/#\/schema\/person\/2b1cf3cd81a31e3cd26889ca66d677f1"},"headline":"SICA 2025 Ambitions pour Tournages Internationaux","datePublished":"2025-06-28T19:26:52+00:00","dateModified":"2025-06-28T20:57:18+00:00","mainEntityOfPage":{"@id":"https:\/\/www.africa-press.net\/cotedivoire\/culture-et-art\/sica-2025-ambitions-pour-tournages-internationaux"},"wordCount":711,"commentCount":0,"image":{"@id":"https:\/\/www.africa-press.net\/cotedivoire\/culture-et-art\/sica-2025-ambitions-pour-tournages-internationaux#primaryimage"},"thumbnailUrl":"https:\/\/static.africa-press.net\/cote\/sites\/43\/2025\/06\/sm_1751131550.498852.jpg","keywords":["Abidjan","affirme","Afrique","audiovisuelle","C\u00d4TE D'IVOIRE","SICA","souverainet\u00e9"],"articleSection":["Culture et Art","Toutes les actualit\u00e9s"],"inLanguage":"fr-FR","potentialAction":[{"@type":"CommentAction","name":"Comment","target":["https:\/\/www.africa-press.net\/cotedivoire\/culture-et-art\/sica-2025-ambitions-pour-tournages-internationaux#respond"]}]},{"@type":"WebPage","@id":"https:\/\/www.africa-press.net\/cotedivoire\/culture-et-art\/sica-2025-ambitions-pour-tournages-internationaux","url":"https:\/\/www.africa-press.net\/cotedivoire\/culture-et-art\/sica-2025-ambitions-pour-tournages-internationaux","name":"SICA 2025 Ambitions pour Tournages Internationaux - C\u00f4te d&#039;Ivoire","isPartOf":{"@id":"https:\/\/www.africa-press.net\/cotedivoire\/#website"},"primaryImageOfPage":{"@id":"https:\/\/www.africa-press.net\/cotedivoire\/culture-et-art\/sica-2025-ambitions-pour-tournages-internationaux#primaryimage"},"image":{"@id":"https:\/\/www.africa-press.net\/cotedivoire\/culture-et-art\/sica-2025-ambitions-pour-tournages-internationaux#primaryimage"},"thumbnailUrl":"https:\/\/static.africa-press.net\/cote\/sites\/43\/2025\/06\/sm_1751131550.498852.jpg","datePublished":"2025-06-28T19:26:52+00:00","dateModified":"2025-06-28T20:57:18+00:00","author":{"@id":"https:\/\/www.africa-press.net\/cotedivoire\/#\/schema\/person\/2b1cf3cd81a31e3cd26889ca66d677f1"},"description":"La Co\u0302te d\u2019Ivoire a une nouvelle fois place\u0301 l\u2019Afrique au c\u0153ur du de\u0301bat mondial sur les industries cre\u0301atives, en accue ...","breadcrumb":{"@id":"https:\/\/www.africa-press.net\/cotedivoire\/culture-et-art\/sica-2025-ambitions-pour-tournages-internationaux#breadcrumb"},"inLanguage":"fr-FR","potentialAction":[{"@type":"ReadAction","target":["https:\/\/www.africa-press.net\/cotedivoire\/culture-et-art\/sica-2025-ambitions-pour-tournages-internationaux"]}]},{"@type":"ImageObject","inLanguage":"fr-FR","@id":"https:\/\/www.africa-press.net\/cotedivoire\/culture-et-art\/sica-2025-ambitions-pour-tournages-internationaux#primaryimage","url":"https:\/\/static.africa-press.net\/cote\/sites\/43\/2025\/06\/sm_1751131550.498852.jpg","contentUrl":"https:\/\/static.africa-press.net\/cote\/sites\/43\/2025\/06\/sm_1751131550.498852.jpg","width":720,"height":460,"caption":"SICA 2025 Ambitions pour Tournages Internationaux"},{"@type":"BreadcrumbList","@id":"https:\/\/www.africa-press.net\/cotedivoire\/culture-et-art\/sica-2025-ambitions-pour-tournages-internationaux#breadcrumb","itemListElement":[{"@type":"ListItem","position":1,"name":"Accueil","item":"https:\/\/www.africa-press.net\/cotedivoire\/"},{"@type":"ListItem","position":2,"name":"SICA 2025 Ambitions pour Tournages Internationaux"}]},{"@type":"WebSite","@id":"https:\/\/www.africa-press.net\/cotedivoire\/#website","url":"https:\/\/www.africa-press.net\/cotedivoire\/","name":"C\u00f4te d&#039;Ivoire","description":"Just another Africa News Agency Sites site","potentialAction":[{"@type":"SearchAction","target":{"@type":"EntryPoint","urlTemplate":"https:\/\/www.africa-press.net\/cotedivoire\/?s={search_term_string}"},"query-input":{"@type":"PropertyValueSpecification","valueRequired":true,"valueName":"search_term_string"}}],"inLanguage":"fr-FR"},{"@type":"Person","@id":"https:\/\/www.africa-press.net\/cotedivoire\/#\/schema\/person\/2b1cf3cd81a31e3cd26889ca66d677f1","name":"cfeditorfr"}]}},"_links":{"self":[{"href":"https:\/\/www.africa-press.net\/cotedivoire\/wp-json\/wp\/v2\/posts\/101380","targetHints":{"allow":["GET"]}}],"collection":[{"href":"https:\/\/www.africa-press.net\/cotedivoire\/wp-json\/wp\/v2\/posts"}],"about":[{"href":"https:\/\/www.africa-press.net\/cotedivoire\/wp-json\/wp\/v2\/types\/post"}],"author":[{"embeddable":true,"href":"https:\/\/www.africa-press.net\/cotedivoire\/wp-json\/wp\/v2\/users\/82"}],"replies":[{"embeddable":true,"href":"https:\/\/www.africa-press.net\/cotedivoire\/wp-json\/wp\/v2\/comments?post=101380"}],"version-history":[{"count":0,"href":"https:\/\/www.africa-press.net\/cotedivoire\/wp-json\/wp\/v2\/posts\/101380\/revisions"}],"wp:featuredmedia":[{"embeddable":true,"href":"https:\/\/www.africa-press.net\/cotedivoire\/wp-json\/wp\/v2\/media\/101379"}],"wp:attachment":[{"href":"https:\/\/www.africa-press.net\/cotedivoire\/wp-json\/wp\/v2\/media?parent=101380"}],"wp:term":[{"taxonomy":"category","embeddable":true,"href":"https:\/\/www.africa-press.net\/cotedivoire\/wp-json\/wp\/v2\/categories?post=101380"},{"taxonomy":"post_tag","embeddable":true,"href":"https:\/\/www.africa-press.net\/cotedivoire\/wp-json\/wp\/v2\/tags?post=101380"}],"curies":[{"name":"wp","href":"https:\/\/api.w.org\/{rel}","templated":true}]}}