{"id":101382,"date":"2025-06-28T19:27:11","date_gmt":"2025-06-28T19:27:11","guid":{"rendered":"https:\/\/www.africa-press.net\/cotedivoire\/politique\/journee-africaine-des-frontieres-a-pogo-pour-la-paix"},"modified":"2025-06-28T20:57:32","modified_gmt":"2025-06-28T20:57:32","slug":"journee-africaine-des-frontieres-a-pogo-pour-la-paix","status":"publish","type":"post","link":"https:\/\/www.africa-press.net\/cotedivoire\/toutes-les-actualites\/journee-africaine-des-frontieres-a-pogo-pour-la-paix","title":{"rendered":"Journ\u00e9e Africaine des Fronti\u00e8res \u00e0 Pogo pour la paix"},"content":{"rendered":"<p><span style=\"color: #ff6600\"><strong>Africa-Press &#8211; C\u00f4te d&rsquo;Ivoire. <\/strong><\/span>La ville frontalie\u0300re de Pogo, au nord de la Co\u0302te d&rsquo;Ivoire, a vibre\u0301 au rythme de la 5e e\u0301dition de la Journe\u0301e Africaine des Frontie\u0300res. L\u2019e\u0301ve\u0301nement, place\u0301 sous le the\u0300me \u00ab Quelle contribution des acteurs frontaliers au renforcement de la coope\u0301ration transfrontalie\u0300re et la cohabitation pacifique a\u0300 nos frontie\u0300res? \u00bb, a rassemble\u0301 autorite\u0301s administratives, chefs traditionnels, repre\u0301sentants religieux, leaders communautaires et populations venues des pays voisins, notamment du Burkina Faso et du Mali.<\/p>\n<p>Dans un contexte re\u0301gional marque\u0301 par des de\u0301fis se\u0301curitaires persistants, notamment dans la bande sahe\u0301lienne, la Journe\u0301e Africaine des Frontie\u0300res s\u2019est voulue une tribune pour renforcer les liens entre les peuples et promouvoir des solutions concerte\u0301es aux proble\u0300mes transfrontaliers.<\/p>\n<p>Prenant la parole au nom du gouvernement ivoirien, Konate\u0301 Diakalidia, Secre\u0301taire exe\u0301cutif de la Commission nationale des frontie\u0300res, a rappele\u0301 l\u2019importance de la paix, de la coope\u0301ration et de la fraternite\u0301 entre les communaute\u0301s frontalie\u0300res.<\/p>\n<p>\u00ab Nous sommes condamne\u0301s a\u0300 vivre ensemble, pour la paix, pour la bonne entente et le vivre-ensemble a\u0300 nos frontie\u0300res. Sans paix, il ne peut y avoir de de\u0301veloppement. \u00bb<\/p>\n<p>Il a e\u0301galement salue\u0301 la coexistence harmonieuse entre les populations de la re\u0301gion, malgre\u0301 les re\u0301alite\u0301s parfois complexes dues a\u0300 la proximite\u0301 de plusieurs E\u0301tats.<\/p>\n<p>A\u0300 cette occasion, le gouvernement a marque\u0301 sa solidarite\u0301 par des dons en faveur des habitants de Pogo. Une pompe hydraulique villageoise ame\u0301liore\u0301e est en cours d\u2019installation, des tables-bancs ont e\u0301te\u0301 offertes a\u0300 l\u2019e\u0301cole primaire publique de Pogo, et du mate\u0301riel informatique a e\u0301te\u0301 remis a\u0300 la sous-pre\u0301fecture de Kimoukoro.<\/p>\n<p>Konate\u0301 Diakalidia a aussi fait le point sur les efforts en matie\u0300re de de\u0301limitation et de mate\u0301rialisation des frontie\u0300res.<\/p>\n<p>\u00ab Avec le Mali, nous avons valide\u0301 le trace\u0301 the\u0301orique de notre frontie\u0300re, et nous entamons les dernie\u0300res e\u0301tapes pour finaliser l&rsquo;accord officiel. Avec le Burkina, nous poursuivons e\u0301galement les travaux dans le me\u0302me sens. \u00bb<\/p>\n<p>Toure\u0301 Djamatigui, Pre\u0301fet de Ouangolodougou, repre\u0301sentant le Pre\u0301fet de re\u0301gion, a pour sa part, insiste\u0301 sur la ne\u0301cessite\u0301 de former et sensibiliser les acteurs de la frontie\u0300re.<\/p>\n<p>Il a salue\u0301 les actions de la Commission nationale des frontie\u0300res. \u00ab Gra\u0302ce a\u0300 ces ce\u0301le\u0301brations, le sentiment d\u2019appartenance a\u0300 une me\u0302me patrie africaine se renforce, permettant de pre\u0301venir les tensions. \u00bb<\/p>\n<p>Il a lance\u0301 un appel a\u0300 la responsabilite\u0301 collective. \u00ab Chaque acteur doit s\u2019engager pour faire de la coope\u0301ration transfrontalie\u0300re une re\u0301alite\u0301. \u00bb<\/p>\n<p>Au nom des habitants de Pogo, Ouattara Beh Issa, porte-parole de la communaute\u0301, a salue\u0301 les efforts du gouvernement et du Conseil re\u0301gional du Tchologo. Il a exprime\u0301 la reconnaissance des populations pour les infrastructures de\u0301ja\u0300 re\u0301alise\u0301es (ba\u0302timent scolaire, logement de sage-femme) et a transmis une se\u0301rie de dole\u0301ances: e\u0301quipement du centre de sante\u0301, clo\u0302tures pour les e\u0301tablissements scolaires et sanitaires, reprofilage des voies et e\u0301rection du village en commune rurale.<\/p>\n<p>Il a e\u0301galement souligne\u0301 la diversite\u0301 ethnique et culturelle de la population de Pogo, compose\u0301e de Se\u0301noufo, Malinke\u0301, Akan, Burkinabe\u0301s, Maliens, Guine\u0301ens et Nige\u0301rians, vivant en parfaite harmonie.<\/p>\n<p>La ce\u0301re\u0301monie a aussi e\u0301te\u0301 l\u2019occasion d\u2019e\u0301couter les pre\u0301occupations spe\u0301cifiques des communaute\u0301s e\u0301trange\u0300res vivant a\u0300 Pogo. Coulibaly Siaka, repre\u0301sentant de la communaute\u0301 malienne, a de\u0301nonce\u0301 les actes de racket de certains agents des forces de l\u2019ordre a\u0300 l\u2019encontre de ses compatriotes. Il a plaide\u0301 pour une meilleure prise en compte des paysans en matie\u0300re d\u2019acce\u0300s aux intrants agricoles. \u00ab L\u2019approvisionnement en engrais est crucial pour ame\u0301liorer nos rendements agricoles. \u00bb<\/p>\n<p>En marge des discours, la journe\u0301e a e\u0301te\u0301 marque\u0301e par des prestations culturelles, des danses traditionnelles, et des moments de fraternisation tels que des repas collectifs. Un match de football amical entre les jeunes de la Co\u0302te d\u2019Ivoire et du Mali est venu renforcer davantage l\u2019esprit de cohe\u0301sion transfrontalie\u0300re.<\/p>\n<p>En conclusion, la ce\u0301le\u0301bration de la Journe\u0301e Africaine des Frontie\u0300res 2025 a\u0300 Pogo a e\u0301te\u0301 un moment fort de sensibilisation, de dialogue et de communion entre les peuples. Les messages d\u2019unite\u0301, les gestes concrets du gouvernement et l\u2019e\u0301coute des dole\u0301ances locales ont contribue\u0301 a\u0300 renforcer la confiance entre l\u2019E\u0301tat et les populations frontalie\u0300res, tout en soulignant l\u2019importance d\u2019une coope\u0301ration re\u0301gionale face aux de\u0301fis communs.<\/p>\n<p><strong>Pour plus d&rsquo;informations et d&rsquo;analyses sur la <span style=\"color: #ff6600\">C\u00f4te d&rsquo;Ivoire<\/span>, suivez <span style=\"color: #ff6600\">Africa-Press<\/span><\/strong><\/p>\n","protected":false},"excerpt":{"rendered":"<p>Africa-Press &#8211; C\u00f4te d&rsquo;Ivoire. La ville frontalie\u0300re de Pogo, au nord de la Co\u0302te d&rsquo;Ivoire, a vibre\u0301 au rythme de la 5e e\u0301dition de la Journe\u0301e Africaine des Frontie\u0300res. L\u2019e\u0301ve\u0301nement, place\u0301 sous le the\u0300me \u00ab Quelle contribution des acteurs frontaliers au renforcement de la coope\u0301ration transfrontalie\u0300re et la cohabitation pacifique a\u0300 nos frontie\u0300res? \u00bb, a [&hellip;]<\/p>\n","protected":false},"author":82,"featured_media":101381,"comment_status":"open","ping_status":"closed","sticky":false,"template":"","format":"standard","meta":{"footnotes":""},"categories":[21,10],"tags":[1940,3042,29,261,600,7391,6849,17319],"class_list":["post-101382","post","type-post","status-publish","format-standard","has-post-thumbnail","hentry","category-communaute","category-toutes-les-actualites","tag-africaine","tag-cooperation","tag-cote-divoire","tag-integration","tag-paix","tag-pogo","tag-transfrontaliere","tag-vive"],"yoast_head":"<!-- This site is optimized with the Yoast SEO Premium plugin v26.1 (Yoast SEO v27.0) - https:\/\/yoast.com\/product\/yoast-seo-premium-wordpress\/ -->\n<title>Journ\u00e9e Africaine des Fronti\u00e8res \u00e0 Pogo pour la paix - C\u00f4te d&#039;Ivoire<\/title>\n<meta name=\"description\" content=\"La ville frontalie\u0300re de Pogo, au nord de la Co\u0302te d&#039;Ivoire, a vibre\u0301 au rythme de la 5e e\u0301dition de la Journe\u0301e Africai ...\" \/>\n<meta name=\"robots\" content=\"index, follow, max-snippet:-1, max-image-preview:large, max-video-preview:-1\" \/>\n<link rel=\"canonical\" href=\"https:\/\/www.africa-press.net\/cotedivoire\/toutes-les-actualites\/journee-africaine-des-frontieres-a-pogo-pour-la-paix\" \/>\n<meta property=\"og:locale\" content=\"fr_FR\" \/>\n<meta property=\"og:type\" content=\"article\" \/>\n<meta property=\"og:title\" content=\"Journ\u00e9e Africaine des Fronti\u00e8res \u00e0 Pogo pour la paix\" \/>\n<meta property=\"og:description\" content=\"La ville frontalie\u0300re de Pogo, au nord de la Co\u0302te d&#039;Ivoire, a vibre\u0301 au rythme de la 5e e\u0301dition de la Journe\u0301e Africai ...\" \/>\n<meta property=\"og:url\" content=\"https:\/\/www.africa-press.net\/cotedivoire\/toutes-les-actualites\/journee-africaine-des-frontieres-a-pogo-pour-la-paix\" \/>\n<meta property=\"og:site_name\" content=\"C\u00f4te d&#039;Ivoire\" \/>\n<meta property=\"article:published_time\" content=\"2025-06-28T19:27:11+00:00\" \/>\n<meta property=\"article:modified_time\" content=\"2025-06-28T20:57:32+00:00\" \/>\n<meta property=\"og:image\" content=\"https:\/\/static.africa-press.net\/cote\/sites\/43\/2025\/06\/sm_1751131576.145621.jpg\" \/>\n\t<meta property=\"og:image:width\" content=\"506\" \/>\n\t<meta property=\"og:image:height\" content=\"359\" \/>\n\t<meta property=\"og:image:type\" content=\"image\/jpeg\" \/>\n<meta name=\"author\" content=\"cfeditorfr\" \/>\n<meta name=\"twitter:card\" content=\"summary_large_image\" \/>\n<meta name=\"twitter:label1\" content=\"\u00c9crit par\" \/>\n\t<meta name=\"twitter:data1\" content=\"cfeditorfr\" \/>\n\t<meta name=\"twitter:label2\" content=\"Dur\u00e9e de lecture estim\u00e9e\" \/>\n\t<meta name=\"twitter:data2\" content=\"4 minutes\" \/>\n<script type=\"application\/ld+json\" class=\"yoast-schema-graph\">{\"@context\":\"https:\/\/schema.org\",\"@graph\":[{\"@type\":\"Article\",\"@id\":\"https:\/\/www.africa-press.net\/cotedivoire\/toutes-les-actualites\/journee-africaine-des-frontieres-a-pogo-pour-la-paix#article\",\"isPartOf\":{\"@id\":\"https:\/\/www.africa-press.net\/cotedivoire\/toutes-les-actualites\/journee-africaine-des-frontieres-a-pogo-pour-la-paix\"},\"author\":{\"name\":\"cfeditorfr\",\"@id\":\"https:\/\/www.africa-press.net\/cotedivoire\/#\/schema\/person\/2b1cf3cd81a31e3cd26889ca66d677f1\"},\"headline\":\"Journ\u00e9e Africaine des Fronti\u00e8res \u00e0 Pogo pour la paix\",\"datePublished\":\"2025-06-28T19:27:11+00:00\",\"dateModified\":\"2025-06-28T20:57:32+00:00\",\"mainEntityOfPage\":{\"@id\":\"https:\/\/www.africa-press.net\/cotedivoire\/toutes-les-actualites\/journee-africaine-des-frontieres-a-pogo-pour-la-paix\"},\"wordCount\":827,\"commentCount\":0,\"image\":{\"@id\":\"https:\/\/www.africa-press.net\/cotedivoire\/toutes-les-actualites\/journee-africaine-des-frontieres-a-pogo-pour-la-paix#primaryimage\"},\"thumbnailUrl\":\"https:\/\/static.africa-press.net\/cote\/sites\/43\/2025\/06\/sm_1751131576.145621.jpg\",\"keywords\":[\"Africaine\",\"Coop\u00e9ration\",\"C\u00d4TE D'IVOIRE\",\"INTEGRATION\",\"paix\",\"Pogo\",\"transfrontali\u00e8re\",\"vive\"],\"articleSection\":[\"Communaut\u00e9\",\"Toutes les actualit\u00e9s\"],\"inLanguage\":\"fr-FR\",\"potentialAction\":[{\"@type\":\"CommentAction\",\"name\":\"Comment\",\"target\":[\"https:\/\/www.africa-press.net\/cotedivoire\/toutes-les-actualites\/journee-africaine-des-frontieres-a-pogo-pour-la-paix#respond\"]}]},{\"@type\":\"WebPage\",\"@id\":\"https:\/\/www.africa-press.net\/cotedivoire\/toutes-les-actualites\/journee-africaine-des-frontieres-a-pogo-pour-la-paix\",\"url\":\"https:\/\/www.africa-press.net\/cotedivoire\/toutes-les-actualites\/journee-africaine-des-frontieres-a-pogo-pour-la-paix\",\"name\":\"Journ\u00e9e Africaine des Fronti\u00e8res \u00e0 Pogo pour la paix - C\u00f4te d&#039;Ivoire\",\"isPartOf\":{\"@id\":\"https:\/\/www.africa-press.net\/cotedivoire\/#website\"},\"primaryImageOfPage\":{\"@id\":\"https:\/\/www.africa-press.net\/cotedivoire\/toutes-les-actualites\/journee-africaine-des-frontieres-a-pogo-pour-la-paix#primaryimage\"},\"image\":{\"@id\":\"https:\/\/www.africa-press.net\/cotedivoire\/toutes-les-actualites\/journee-africaine-des-frontieres-a-pogo-pour-la-paix#primaryimage\"},\"thumbnailUrl\":\"https:\/\/static.africa-press.net\/cote\/sites\/43\/2025\/06\/sm_1751131576.145621.jpg\",\"datePublished\":\"2025-06-28T19:27:11+00:00\",\"dateModified\":\"2025-06-28T20:57:32+00:00\",\"author\":{\"@id\":\"https:\/\/www.africa-press.net\/cotedivoire\/#\/schema\/person\/2b1cf3cd81a31e3cd26889ca66d677f1\"},\"description\":\"La ville frontalie\u0300re de Pogo, au nord de la Co\u0302te d'Ivoire, a vibre\u0301 au rythme de la 5e e\u0301dition de la Journe\u0301e Africai ...\",\"breadcrumb\":{\"@id\":\"https:\/\/www.africa-press.net\/cotedivoire\/toutes-les-actualites\/journee-africaine-des-frontieres-a-pogo-pour-la-paix#breadcrumb\"},\"inLanguage\":\"fr-FR\",\"potentialAction\":[{\"@type\":\"ReadAction\",\"target\":[\"https:\/\/www.africa-press.net\/cotedivoire\/toutes-les-actualites\/journee-africaine-des-frontieres-a-pogo-pour-la-paix\"]}]},{\"@type\":\"ImageObject\",\"inLanguage\":\"fr-FR\",\"@id\":\"https:\/\/www.africa-press.net\/cotedivoire\/toutes-les-actualites\/journee-africaine-des-frontieres-a-pogo-pour-la-paix#primaryimage\",\"url\":\"https:\/\/static.africa-press.net\/cote\/sites\/43\/2025\/06\/sm_1751131576.145621.jpg\",\"contentUrl\":\"https:\/\/static.africa-press.net\/cote\/sites\/43\/2025\/06\/sm_1751131576.145621.jpg\",\"width\":506,\"height\":359,\"caption\":\"Journ\u00e9e Africaine des Fronti\u00e8res \u00e0 Pogo pour la paix\"},{\"@type\":\"BreadcrumbList\",\"@id\":\"https:\/\/www.africa-press.net\/cotedivoire\/toutes-les-actualites\/journee-africaine-des-frontieres-a-pogo-pour-la-paix#breadcrumb\",\"itemListElement\":[{\"@type\":\"ListItem\",\"position\":1,\"name\":\"Accueil\",\"item\":\"https:\/\/www.africa-press.net\/cotedivoire\/\"},{\"@type\":\"ListItem\",\"position\":2,\"name\":\"Journ\u00e9e Africaine des Fronti\u00e8res \u00e0 Pogo pour la paix\"}]},{\"@type\":\"WebSite\",\"@id\":\"https:\/\/www.africa-press.net\/cotedivoire\/#website\",\"url\":\"https:\/\/www.africa-press.net\/cotedivoire\/\",\"name\":\"C\u00f4te d&#039;Ivoire\",\"description\":\"Just another Africa News Agency Sites site\",\"potentialAction\":[{\"@type\":\"SearchAction\",\"target\":{\"@type\":\"EntryPoint\",\"urlTemplate\":\"https:\/\/www.africa-press.net\/cotedivoire\/?s={search_term_string}\"},\"query-input\":{\"@type\":\"PropertyValueSpecification\",\"valueRequired\":true,\"valueName\":\"search_term_string\"}}],\"inLanguage\":\"fr-FR\"},{\"@type\":\"Person\",\"@id\":\"https:\/\/www.africa-press.net\/cotedivoire\/#\/schema\/person\/2b1cf3cd81a31e3cd26889ca66d677f1\",\"name\":\"cfeditorfr\"}]}<\/script>\n<!-- \/ Yoast SEO Premium plugin. -->","yoast_head_json":{"title":"Journ\u00e9e Africaine des Fronti\u00e8res \u00e0 Pogo pour la paix - C\u00f4te d&#039;Ivoire","description":"La ville frontalie\u0300re de Pogo, au nord de la Co\u0302te d'Ivoire, a vibre\u0301 au rythme de la 5e e\u0301dition de la Journe\u0301e Africai ...","robots":{"index":"index","follow":"follow","max-snippet":"max-snippet:-1","max-image-preview":"max-image-preview:large","max-video-preview":"max-video-preview:-1"},"canonical":"https:\/\/www.africa-press.net\/cotedivoire\/toutes-les-actualites\/journee-africaine-des-frontieres-a-pogo-pour-la-paix","og_locale":"fr_FR","og_type":"article","og_title":"Journ\u00e9e Africaine des Fronti\u00e8res \u00e0 Pogo pour la paix","og_description":"La ville frontalie\u0300re de Pogo, au nord de la Co\u0302te d'Ivoire, a vibre\u0301 au rythme de la 5e e\u0301dition de la Journe\u0301e Africai ...","og_url":"https:\/\/www.africa-press.net\/cotedivoire\/toutes-les-actualites\/journee-africaine-des-frontieres-a-pogo-pour-la-paix","og_site_name":"C\u00f4te d&#039;Ivoire","article_published_time":"2025-06-28T19:27:11+00:00","article_modified_time":"2025-06-28T20:57:32+00:00","og_image":[{"width":506,"height":359,"url":"https:\/\/static.africa-press.net\/cote\/sites\/43\/2025\/06\/sm_1751131576.145621.jpg","type":"image\/jpeg"}],"author":"cfeditorfr","twitter_card":"summary_large_image","twitter_misc":{"\u00c9crit par":"cfeditorfr","Dur\u00e9e de lecture estim\u00e9e":"4 minutes"},"schema":{"@context":"https:\/\/schema.org","@graph":[{"@type":"Article","@id":"https:\/\/www.africa-press.net\/cotedivoire\/toutes-les-actualites\/journee-africaine-des-frontieres-a-pogo-pour-la-paix#article","isPartOf":{"@id":"https:\/\/www.africa-press.net\/cotedivoire\/toutes-les-actualites\/journee-africaine-des-frontieres-a-pogo-pour-la-paix"},"author":{"name":"cfeditorfr","@id":"https:\/\/www.africa-press.net\/cotedivoire\/#\/schema\/person\/2b1cf3cd81a31e3cd26889ca66d677f1"},"headline":"Journ\u00e9e Africaine des Fronti\u00e8res \u00e0 Pogo pour la paix","datePublished":"2025-06-28T19:27:11+00:00","dateModified":"2025-06-28T20:57:32+00:00","mainEntityOfPage":{"@id":"https:\/\/www.africa-press.net\/cotedivoire\/toutes-les-actualites\/journee-africaine-des-frontieres-a-pogo-pour-la-paix"},"wordCount":827,"commentCount":0,"image":{"@id":"https:\/\/www.africa-press.net\/cotedivoire\/toutes-les-actualites\/journee-africaine-des-frontieres-a-pogo-pour-la-paix#primaryimage"},"thumbnailUrl":"https:\/\/static.africa-press.net\/cote\/sites\/43\/2025\/06\/sm_1751131576.145621.jpg","keywords":["Africaine","Coop\u00e9ration","C\u00d4TE D'IVOIRE","INTEGRATION","paix","Pogo","transfrontali\u00e8re","vive"],"articleSection":["Communaut\u00e9","Toutes les actualit\u00e9s"],"inLanguage":"fr-FR","potentialAction":[{"@type":"CommentAction","name":"Comment","target":["https:\/\/www.africa-press.net\/cotedivoire\/toutes-les-actualites\/journee-africaine-des-frontieres-a-pogo-pour-la-paix#respond"]}]},{"@type":"WebPage","@id":"https:\/\/www.africa-press.net\/cotedivoire\/toutes-les-actualites\/journee-africaine-des-frontieres-a-pogo-pour-la-paix","url":"https:\/\/www.africa-press.net\/cotedivoire\/toutes-les-actualites\/journee-africaine-des-frontieres-a-pogo-pour-la-paix","name":"Journ\u00e9e Africaine des Fronti\u00e8res \u00e0 Pogo pour la paix - C\u00f4te d&#039;Ivoire","isPartOf":{"@id":"https:\/\/www.africa-press.net\/cotedivoire\/#website"},"primaryImageOfPage":{"@id":"https:\/\/www.africa-press.net\/cotedivoire\/toutes-les-actualites\/journee-africaine-des-frontieres-a-pogo-pour-la-paix#primaryimage"},"image":{"@id":"https:\/\/www.africa-press.net\/cotedivoire\/toutes-les-actualites\/journee-africaine-des-frontieres-a-pogo-pour-la-paix#primaryimage"},"thumbnailUrl":"https:\/\/static.africa-press.net\/cote\/sites\/43\/2025\/06\/sm_1751131576.145621.jpg","datePublished":"2025-06-28T19:27:11+00:00","dateModified":"2025-06-28T20:57:32+00:00","author":{"@id":"https:\/\/www.africa-press.net\/cotedivoire\/#\/schema\/person\/2b1cf3cd81a31e3cd26889ca66d677f1"},"description":"La ville frontalie\u0300re de Pogo, au nord de la Co\u0302te d'Ivoire, a vibre\u0301 au rythme de la 5e e\u0301dition de la Journe\u0301e Africai ...","breadcrumb":{"@id":"https:\/\/www.africa-press.net\/cotedivoire\/toutes-les-actualites\/journee-africaine-des-frontieres-a-pogo-pour-la-paix#breadcrumb"},"inLanguage":"fr-FR","potentialAction":[{"@type":"ReadAction","target":["https:\/\/www.africa-press.net\/cotedivoire\/toutes-les-actualites\/journee-africaine-des-frontieres-a-pogo-pour-la-paix"]}]},{"@type":"ImageObject","inLanguage":"fr-FR","@id":"https:\/\/www.africa-press.net\/cotedivoire\/toutes-les-actualites\/journee-africaine-des-frontieres-a-pogo-pour-la-paix#primaryimage","url":"https:\/\/static.africa-press.net\/cote\/sites\/43\/2025\/06\/sm_1751131576.145621.jpg","contentUrl":"https:\/\/static.africa-press.net\/cote\/sites\/43\/2025\/06\/sm_1751131576.145621.jpg","width":506,"height":359,"caption":"Journ\u00e9e Africaine des Fronti\u00e8res \u00e0 Pogo pour la paix"},{"@type":"BreadcrumbList","@id":"https:\/\/www.africa-press.net\/cotedivoire\/toutes-les-actualites\/journee-africaine-des-frontieres-a-pogo-pour-la-paix#breadcrumb","itemListElement":[{"@type":"ListItem","position":1,"name":"Accueil","item":"https:\/\/www.africa-press.net\/cotedivoire\/"},{"@type":"ListItem","position":2,"name":"Journ\u00e9e Africaine des Fronti\u00e8res \u00e0 Pogo pour la paix"}]},{"@type":"WebSite","@id":"https:\/\/www.africa-press.net\/cotedivoire\/#website","url":"https:\/\/www.africa-press.net\/cotedivoire\/","name":"C\u00f4te d&#039;Ivoire","description":"Just another Africa News Agency Sites site","potentialAction":[{"@type":"SearchAction","target":{"@type":"EntryPoint","urlTemplate":"https:\/\/www.africa-press.net\/cotedivoire\/?s={search_term_string}"},"query-input":{"@type":"PropertyValueSpecification","valueRequired":true,"valueName":"search_term_string"}}],"inLanguage":"fr-FR"},{"@type":"Person","@id":"https:\/\/www.africa-press.net\/cotedivoire\/#\/schema\/person\/2b1cf3cd81a31e3cd26889ca66d677f1","name":"cfeditorfr"}]}},"_links":{"self":[{"href":"https:\/\/www.africa-press.net\/cotedivoire\/wp-json\/wp\/v2\/posts\/101382","targetHints":{"allow":["GET"]}}],"collection":[{"href":"https:\/\/www.africa-press.net\/cotedivoire\/wp-json\/wp\/v2\/posts"}],"about":[{"href":"https:\/\/www.africa-press.net\/cotedivoire\/wp-json\/wp\/v2\/types\/post"}],"author":[{"embeddable":true,"href":"https:\/\/www.africa-press.net\/cotedivoire\/wp-json\/wp\/v2\/users\/82"}],"replies":[{"embeddable":true,"href":"https:\/\/www.africa-press.net\/cotedivoire\/wp-json\/wp\/v2\/comments?post=101382"}],"version-history":[{"count":0,"href":"https:\/\/www.africa-press.net\/cotedivoire\/wp-json\/wp\/v2\/posts\/101382\/revisions"}],"wp:featuredmedia":[{"embeddable":true,"href":"https:\/\/www.africa-press.net\/cotedivoire\/wp-json\/wp\/v2\/media\/101381"}],"wp:attachment":[{"href":"https:\/\/www.africa-press.net\/cotedivoire\/wp-json\/wp\/v2\/media?parent=101382"}],"wp:term":[{"taxonomy":"category","embeddable":true,"href":"https:\/\/www.africa-press.net\/cotedivoire\/wp-json\/wp\/v2\/categories?post=101382"},{"taxonomy":"post_tag","embeddable":true,"href":"https:\/\/www.africa-press.net\/cotedivoire\/wp-json\/wp\/v2\/tags?post=101382"}],"curies":[{"name":"wp","href":"https:\/\/api.w.org\/{rel}","templated":true}]}}