{"id":101506,"date":"2025-06-30T17:48:49","date_gmt":"2025-06-30T17:48:49","guid":{"rendered":"https:\/\/www.africa-press.net\/cotedivoire\/politique\/bictogo-regrette-lattitude-du-groupe-pdci"},"modified":"2025-06-30T18:24:43","modified_gmt":"2025-06-30T18:24:43","slug":"bictogo-regrette-lattitude-du-groupe-pdci","status":"publish","type":"post","link":"https:\/\/www.africa-press.net\/cotedivoire\/politique\/bictogo-regrette-lattitude-du-groupe-pdci","title":{"rendered":"Bictogo Regrette L&rsquo;Attitude Du Groupe PDCI"},"content":{"rendered":"<p><span style=\"color: #ff6600\"><strong>Africa-Press &#8211; C\u00f4te d&rsquo;Ivoire. <\/strong><\/span>Lors de la ce\u0301re\u0301monie de clo\u0302ture de la premie\u0300re session ordinaire de l\u2019Assemble\u0301e Nationale de Co\u0302te d\u2019Ivoire, qui s\u2019est tenue, ce lundi 30 juin 2025 a\u0300 Abidjan, le pre\u0301sident Adama Bictogo a souligne\u0301 l&rsquo;importance du contexte national actuel, marque\u0301 par l&rsquo;e\u0301lection pre\u0301sidentielle pre\u0301vue le 25 octobre prochain. Dans son discours, il a e\u0301voque\u0301 les pre\u0301occupations souleve\u0301es par l&rsquo;affichage de la liste e\u0301lectorale par la Commission e\u0301lectorale inde\u0301pendante (CEI), marque\u0301es par l&rsquo;absence de plusieurs leaders politiques de l&rsquo;opposition. Cette situation a engendre\u0301 des de\u0301bats et des contestations au sein des partis concerne\u0301s.<\/p>\n<p>Le pre\u0301sident de l\u2019Assemble\u0301e Nationale a e\u0301galement note\u0301 que les groupes parlementaires du PPA-CI et du PDCI-RDA avaient exprime\u0301 leur me\u0301contentement face a\u0300 la non-inscription de leurs leaders, ce qui a conduit a\u0300 leur absence lors de certains travaux parlementaires. Il a regrette\u0301 cette situation, tout en reconnaissant qu&rsquo;il s&rsquo;agit d&rsquo;un mode d&rsquo;expression le\u0301gitime dans une de\u0301mocratie.<\/p>\n<p>\u00ab Au sein de notre Institution, les groupes parlementaires du PPA-CI et du PDCI-RDA ont proteste\u0301 contre la non inscription de leurs leaders par leur absence a\u0300 certains travaux parlementaires. Force est de constater aujourd\u2019hui l\u2019absence de certains De\u0301pute\u0301s du PDCI-RDA. Me\u0302me si j\u2019ai pu regretter cette manie\u0300re de faire, je note que cela reste un mode d\u2019expression dans une de\u0301mocratie. Ceci e\u0301tant, tout en respectant les positions desdits groupes parlementaires, la se\u0301paration des pouvoirs, a\u0300 laquelle je reste attache\u0301e, commande que nous restons a\u0300 e\u0301quidistance des pre\u0301rogatives de chaque Institution \u00bb, a-t-il de\u0301clare\u0301.<\/p>\n<p>Adama Bictogo a insiste\u0301 sur l&rsquo;importance de respecter la se\u0301paration des pouvoirs, affirmant qu&rsquo;il est essentiel de maintenir une distance e\u0301quitable entre les pre\u0301rogatives de chaque institution.<\/p>\n<p>En regardant vers l&rsquo;avenir, il a exprime\u0301 sa conviction que les mois a\u0300 venir permettront a\u0300 tous les acteurs politiques de se concentrer sur ce qui unit la nation, pluto\u0302t que sur ce qui pourrait la diviser. Il a appele\u0301 a\u0300 privile\u0301gier la recherche de la paix et a\u0300 sauvegarder la cohe\u0301sion sociale, conside\u0301re\u0301e comme le socle du de\u0301veloppement du pays.<\/p>\n<p>Ce discours met en lumie\u0300re les de\u0301fis politiques actuels en Co\u0302te d\u2019Ivoire et souligne l&rsquo;importance d&rsquo;un dialogue constructif a\u0300 l&rsquo;approche des e\u0301lections.<\/p>\n<p><strong>Pour plus d&rsquo;informations et d&rsquo;analyses sur la <span style=\"color: #ff6600\">C\u00f4te d&rsquo;Ivoire<\/span>, suivez <span style=\"color: #ff6600\">Africa-Press<\/span><\/strong><\/p>\n","protected":false},"excerpt":{"rendered":"<p>Africa-Press &#8211; C\u00f4te d&rsquo;Ivoire. Lors de la ce\u0301re\u0301monie de clo\u0302ture de la premie\u0300re session ordinaire de l\u2019Assemble\u0301e Nationale de Co\u0302te d\u2019Ivoire, qui s\u2019est tenue, ce lundi 30 juin 2025 a\u0300 Abidjan, le pre\u0301sident Adama Bictogo a souligne\u0301 l&rsquo;importance du contexte national actuel, marque\u0301 par l&rsquo;e\u0301lection pre\u0301sidentielle pre\u0301vue le 25 octobre prochain. Dans son discours, il [&hellip;]<\/p>\n","protected":false},"author":82,"featured_media":101505,"comment_status":"open","ping_status":"closed","sticky":false,"template":"","format":"standard","meta":{"footnotes":""},"categories":[2,20,10],"tags":[1930,29,7509,18140,18138,1348,423,18139],"class_list":["post-101506","post","type-post","status-publish","format-standard","has-post-thumbnail","hentry","category-politique","category-top-nouvelles","category-toutes-les-actualites","tag-bictogo","tag-cote-divoire","tag-democratie","tag-expression","tag-maniere","tag-parlementaire","tag-pdci","tag-regretter"],"yoast_head":"<!-- This site is optimized with the Yoast SEO Premium plugin v26.1 (Yoast SEO v27.0) - https:\/\/yoast.com\/product\/yoast-seo-premium-wordpress\/ -->\n<title>Bictogo Regrette L&#039;Attitude Du Groupe PDCI - C\u00f4te d&#039;Ivoire<\/title>\n<meta name=\"description\" content=\"Lors de la ce\u0301re\u0301monie de clo\u0302ture de la premie\u0300re session ordinaire de l\u2019Assemble\u0301e Nationale de Co\u0302te d\u2019Ivoire, qui s\u2019 ...\" \/>\n<meta name=\"robots\" content=\"index, follow, max-snippet:-1, max-image-preview:large, max-video-preview:-1\" \/>\n<link rel=\"canonical\" href=\"https:\/\/www.africa-press.net\/cotedivoire\/politique\/bictogo-regrette-lattitude-du-groupe-pdci\" \/>\n<meta property=\"og:locale\" content=\"fr_FR\" \/>\n<meta property=\"og:type\" content=\"article\" \/>\n<meta property=\"og:title\" content=\"Bictogo Regrette L&#039;Attitude Du Groupe PDCI\" \/>\n<meta property=\"og:description\" content=\"Lors de la ce\u0301re\u0301monie de clo\u0302ture de la premie\u0300re session ordinaire de l\u2019Assemble\u0301e Nationale de Co\u0302te d\u2019Ivoire, qui s\u2019 ...\" \/>\n<meta property=\"og:url\" content=\"https:\/\/www.africa-press.net\/cotedivoire\/politique\/bictogo-regrette-lattitude-du-groupe-pdci\" \/>\n<meta property=\"og:site_name\" content=\"C\u00f4te d&#039;Ivoire\" \/>\n<meta property=\"article:published_time\" content=\"2025-06-30T17:48:49+00:00\" \/>\n<meta property=\"article:modified_time\" content=\"2025-06-30T18:24:43+00:00\" \/>\n<meta property=\"og:image\" content=\"https:\/\/static.africa-press.net\/cote\/sites\/43\/2025\/06\/sm_1751295181.071913.jpg\" \/>\n\t<meta property=\"og:image:width\" content=\"720\" \/>\n\t<meta property=\"og:image:height\" content=\"345\" \/>\n\t<meta property=\"og:image:type\" content=\"image\/jpeg\" \/>\n<meta name=\"author\" content=\"cfeditorfr\" \/>\n<meta name=\"twitter:card\" content=\"summary_large_image\" \/>\n<meta name=\"twitter:label1\" content=\"\u00c9crit par\" \/>\n\t<meta name=\"twitter:data1\" content=\"cfeditorfr\" \/>\n\t<meta name=\"twitter:label2\" content=\"Dur\u00e9e de lecture estim\u00e9e\" \/>\n\t<meta name=\"twitter:data2\" content=\"3 minutes\" \/>\n<script type=\"application\/ld+json\" class=\"yoast-schema-graph\">{\"@context\":\"https:\/\/schema.org\",\"@graph\":[{\"@type\":\"Article\",\"@id\":\"https:\/\/www.africa-press.net\/cotedivoire\/politique\/bictogo-regrette-lattitude-du-groupe-pdci#article\",\"isPartOf\":{\"@id\":\"https:\/\/www.africa-press.net\/cotedivoire\/politique\/bictogo-regrette-lattitude-du-groupe-pdci\"},\"author\":{\"name\":\"cfeditorfr\",\"@id\":\"https:\/\/www.africa-press.net\/cotedivoire\/#\/schema\/person\/2b1cf3cd81a31e3cd26889ca66d677f1\"},\"headline\":\"Bictogo Regrette L&rsquo;Attitude Du Groupe PDCI\",\"datePublished\":\"2025-06-30T17:48:49+00:00\",\"dateModified\":\"2025-06-30T18:24:43+00:00\",\"mainEntityOfPage\":{\"@id\":\"https:\/\/www.africa-press.net\/cotedivoire\/politique\/bictogo-regrette-lattitude-du-groupe-pdci\"},\"wordCount\":448,\"commentCount\":0,\"image\":{\"@id\":\"https:\/\/www.africa-press.net\/cotedivoire\/politique\/bictogo-regrette-lattitude-du-groupe-pdci#primaryimage\"},\"thumbnailUrl\":\"https:\/\/static.africa-press.net\/cote\/sites\/43\/2025\/06\/sm_1751295181.071913.jpg\",\"keywords\":[\"Bictogo\",\"C\u00d4TE D'IVOIRE\",\"D\u00e9mocratie\",\"expression\",\"mani\u00e8re\",\"parlementaire\",\"Pdci\",\"regretter\"],\"articleSection\":[\"Politique\",\"Top Nouvelles\",\"Toutes les actualit\u00e9s\"],\"inLanguage\":\"fr-FR\",\"potentialAction\":[{\"@type\":\"CommentAction\",\"name\":\"Comment\",\"target\":[\"https:\/\/www.africa-press.net\/cotedivoire\/politique\/bictogo-regrette-lattitude-du-groupe-pdci#respond\"]}]},{\"@type\":\"WebPage\",\"@id\":\"https:\/\/www.africa-press.net\/cotedivoire\/politique\/bictogo-regrette-lattitude-du-groupe-pdci\",\"url\":\"https:\/\/www.africa-press.net\/cotedivoire\/politique\/bictogo-regrette-lattitude-du-groupe-pdci\",\"name\":\"Bictogo Regrette L'Attitude Du Groupe PDCI - C\u00f4te d&#039;Ivoire\",\"isPartOf\":{\"@id\":\"https:\/\/www.africa-press.net\/cotedivoire\/#website\"},\"primaryImageOfPage\":{\"@id\":\"https:\/\/www.africa-press.net\/cotedivoire\/politique\/bictogo-regrette-lattitude-du-groupe-pdci#primaryimage\"},\"image\":{\"@id\":\"https:\/\/www.africa-press.net\/cotedivoire\/politique\/bictogo-regrette-lattitude-du-groupe-pdci#primaryimage\"},\"thumbnailUrl\":\"https:\/\/static.africa-press.net\/cote\/sites\/43\/2025\/06\/sm_1751295181.071913.jpg\",\"datePublished\":\"2025-06-30T17:48:49+00:00\",\"dateModified\":\"2025-06-30T18:24:43+00:00\",\"author\":{\"@id\":\"https:\/\/www.africa-press.net\/cotedivoire\/#\/schema\/person\/2b1cf3cd81a31e3cd26889ca66d677f1\"},\"description\":\"Lors de la ce\u0301re\u0301monie de clo\u0302ture de la premie\u0300re session ordinaire de l\u2019Assemble\u0301e Nationale de Co\u0302te d\u2019Ivoire, qui s\u2019 ...\",\"breadcrumb\":{\"@id\":\"https:\/\/www.africa-press.net\/cotedivoire\/politique\/bictogo-regrette-lattitude-du-groupe-pdci#breadcrumb\"},\"inLanguage\":\"fr-FR\",\"potentialAction\":[{\"@type\":\"ReadAction\",\"target\":[\"https:\/\/www.africa-press.net\/cotedivoire\/politique\/bictogo-regrette-lattitude-du-groupe-pdci\"]}]},{\"@type\":\"ImageObject\",\"inLanguage\":\"fr-FR\",\"@id\":\"https:\/\/www.africa-press.net\/cotedivoire\/politique\/bictogo-regrette-lattitude-du-groupe-pdci#primaryimage\",\"url\":\"https:\/\/static.africa-press.net\/cote\/sites\/43\/2025\/06\/sm_1751295181.071913.jpg\",\"contentUrl\":\"https:\/\/static.africa-press.net\/cote\/sites\/43\/2025\/06\/sm_1751295181.071913.jpg\",\"width\":720,\"height\":345,\"caption\":\"Bictogo Regrette L'Attitude Du Groupe PDCI\"},{\"@type\":\"BreadcrumbList\",\"@id\":\"https:\/\/www.africa-press.net\/cotedivoire\/politique\/bictogo-regrette-lattitude-du-groupe-pdci#breadcrumb\",\"itemListElement\":[{\"@type\":\"ListItem\",\"position\":1,\"name\":\"Accueil\",\"item\":\"https:\/\/www.africa-press.net\/cotedivoire\/\"},{\"@type\":\"ListItem\",\"position\":2,\"name\":\"Bictogo Regrette L&#8217;Attitude Du Groupe PDCI\"}]},{\"@type\":\"WebSite\",\"@id\":\"https:\/\/www.africa-press.net\/cotedivoire\/#website\",\"url\":\"https:\/\/www.africa-press.net\/cotedivoire\/\",\"name\":\"C\u00f4te d&#039;Ivoire\",\"description\":\"Just another Africa News Agency Sites site\",\"potentialAction\":[{\"@type\":\"SearchAction\",\"target\":{\"@type\":\"EntryPoint\",\"urlTemplate\":\"https:\/\/www.africa-press.net\/cotedivoire\/?s={search_term_string}\"},\"query-input\":{\"@type\":\"PropertyValueSpecification\",\"valueRequired\":true,\"valueName\":\"search_term_string\"}}],\"inLanguage\":\"fr-FR\"},{\"@type\":\"Person\",\"@id\":\"https:\/\/www.africa-press.net\/cotedivoire\/#\/schema\/person\/2b1cf3cd81a31e3cd26889ca66d677f1\",\"name\":\"cfeditorfr\"}]}<\/script>\n<!-- \/ Yoast SEO Premium plugin. -->","yoast_head_json":{"title":"Bictogo Regrette L'Attitude Du Groupe PDCI - C\u00f4te d&#039;Ivoire","description":"Lors de la ce\u0301re\u0301monie de clo\u0302ture de la premie\u0300re session ordinaire de l\u2019Assemble\u0301e Nationale de Co\u0302te d\u2019Ivoire, qui s\u2019 ...","robots":{"index":"index","follow":"follow","max-snippet":"max-snippet:-1","max-image-preview":"max-image-preview:large","max-video-preview":"max-video-preview:-1"},"canonical":"https:\/\/www.africa-press.net\/cotedivoire\/politique\/bictogo-regrette-lattitude-du-groupe-pdci","og_locale":"fr_FR","og_type":"article","og_title":"Bictogo Regrette L'Attitude Du Groupe PDCI","og_description":"Lors de la ce\u0301re\u0301monie de clo\u0302ture de la premie\u0300re session ordinaire de l\u2019Assemble\u0301e Nationale de Co\u0302te d\u2019Ivoire, qui s\u2019 ...","og_url":"https:\/\/www.africa-press.net\/cotedivoire\/politique\/bictogo-regrette-lattitude-du-groupe-pdci","og_site_name":"C\u00f4te d&#039;Ivoire","article_published_time":"2025-06-30T17:48:49+00:00","article_modified_time":"2025-06-30T18:24:43+00:00","og_image":[{"width":720,"height":345,"url":"https:\/\/static.africa-press.net\/cote\/sites\/43\/2025\/06\/sm_1751295181.071913.jpg","type":"image\/jpeg"}],"author":"cfeditorfr","twitter_card":"summary_large_image","twitter_misc":{"\u00c9crit par":"cfeditorfr","Dur\u00e9e de lecture estim\u00e9e":"3 minutes"},"schema":{"@context":"https:\/\/schema.org","@graph":[{"@type":"Article","@id":"https:\/\/www.africa-press.net\/cotedivoire\/politique\/bictogo-regrette-lattitude-du-groupe-pdci#article","isPartOf":{"@id":"https:\/\/www.africa-press.net\/cotedivoire\/politique\/bictogo-regrette-lattitude-du-groupe-pdci"},"author":{"name":"cfeditorfr","@id":"https:\/\/www.africa-press.net\/cotedivoire\/#\/schema\/person\/2b1cf3cd81a31e3cd26889ca66d677f1"},"headline":"Bictogo Regrette L&rsquo;Attitude Du Groupe PDCI","datePublished":"2025-06-30T17:48:49+00:00","dateModified":"2025-06-30T18:24:43+00:00","mainEntityOfPage":{"@id":"https:\/\/www.africa-press.net\/cotedivoire\/politique\/bictogo-regrette-lattitude-du-groupe-pdci"},"wordCount":448,"commentCount":0,"image":{"@id":"https:\/\/www.africa-press.net\/cotedivoire\/politique\/bictogo-regrette-lattitude-du-groupe-pdci#primaryimage"},"thumbnailUrl":"https:\/\/static.africa-press.net\/cote\/sites\/43\/2025\/06\/sm_1751295181.071913.jpg","keywords":["Bictogo","C\u00d4TE D'IVOIRE","D\u00e9mocratie","expression","mani\u00e8re","parlementaire","Pdci","regretter"],"articleSection":["Politique","Top Nouvelles","Toutes les actualit\u00e9s"],"inLanguage":"fr-FR","potentialAction":[{"@type":"CommentAction","name":"Comment","target":["https:\/\/www.africa-press.net\/cotedivoire\/politique\/bictogo-regrette-lattitude-du-groupe-pdci#respond"]}]},{"@type":"WebPage","@id":"https:\/\/www.africa-press.net\/cotedivoire\/politique\/bictogo-regrette-lattitude-du-groupe-pdci","url":"https:\/\/www.africa-press.net\/cotedivoire\/politique\/bictogo-regrette-lattitude-du-groupe-pdci","name":"Bictogo Regrette L'Attitude Du Groupe PDCI - C\u00f4te d&#039;Ivoire","isPartOf":{"@id":"https:\/\/www.africa-press.net\/cotedivoire\/#website"},"primaryImageOfPage":{"@id":"https:\/\/www.africa-press.net\/cotedivoire\/politique\/bictogo-regrette-lattitude-du-groupe-pdci#primaryimage"},"image":{"@id":"https:\/\/www.africa-press.net\/cotedivoire\/politique\/bictogo-regrette-lattitude-du-groupe-pdci#primaryimage"},"thumbnailUrl":"https:\/\/static.africa-press.net\/cote\/sites\/43\/2025\/06\/sm_1751295181.071913.jpg","datePublished":"2025-06-30T17:48:49+00:00","dateModified":"2025-06-30T18:24:43+00:00","author":{"@id":"https:\/\/www.africa-press.net\/cotedivoire\/#\/schema\/person\/2b1cf3cd81a31e3cd26889ca66d677f1"},"description":"Lors de la ce\u0301re\u0301monie de clo\u0302ture de la premie\u0300re session ordinaire de l\u2019Assemble\u0301e Nationale de Co\u0302te d\u2019Ivoire, qui s\u2019 ...","breadcrumb":{"@id":"https:\/\/www.africa-press.net\/cotedivoire\/politique\/bictogo-regrette-lattitude-du-groupe-pdci#breadcrumb"},"inLanguage":"fr-FR","potentialAction":[{"@type":"ReadAction","target":["https:\/\/www.africa-press.net\/cotedivoire\/politique\/bictogo-regrette-lattitude-du-groupe-pdci"]}]},{"@type":"ImageObject","inLanguage":"fr-FR","@id":"https:\/\/www.africa-press.net\/cotedivoire\/politique\/bictogo-regrette-lattitude-du-groupe-pdci#primaryimage","url":"https:\/\/static.africa-press.net\/cote\/sites\/43\/2025\/06\/sm_1751295181.071913.jpg","contentUrl":"https:\/\/static.africa-press.net\/cote\/sites\/43\/2025\/06\/sm_1751295181.071913.jpg","width":720,"height":345,"caption":"Bictogo Regrette L'Attitude Du Groupe PDCI"},{"@type":"BreadcrumbList","@id":"https:\/\/www.africa-press.net\/cotedivoire\/politique\/bictogo-regrette-lattitude-du-groupe-pdci#breadcrumb","itemListElement":[{"@type":"ListItem","position":1,"name":"Accueil","item":"https:\/\/www.africa-press.net\/cotedivoire\/"},{"@type":"ListItem","position":2,"name":"Bictogo Regrette L&#8217;Attitude Du Groupe PDCI"}]},{"@type":"WebSite","@id":"https:\/\/www.africa-press.net\/cotedivoire\/#website","url":"https:\/\/www.africa-press.net\/cotedivoire\/","name":"C\u00f4te d&#039;Ivoire","description":"Just another Africa News Agency Sites site","potentialAction":[{"@type":"SearchAction","target":{"@type":"EntryPoint","urlTemplate":"https:\/\/www.africa-press.net\/cotedivoire\/?s={search_term_string}"},"query-input":{"@type":"PropertyValueSpecification","valueRequired":true,"valueName":"search_term_string"}}],"inLanguage":"fr-FR"},{"@type":"Person","@id":"https:\/\/www.africa-press.net\/cotedivoire\/#\/schema\/person\/2b1cf3cd81a31e3cd26889ca66d677f1","name":"cfeditorfr"}]}},"_links":{"self":[{"href":"https:\/\/www.africa-press.net\/cotedivoire\/wp-json\/wp\/v2\/posts\/101506","targetHints":{"allow":["GET"]}}],"collection":[{"href":"https:\/\/www.africa-press.net\/cotedivoire\/wp-json\/wp\/v2\/posts"}],"about":[{"href":"https:\/\/www.africa-press.net\/cotedivoire\/wp-json\/wp\/v2\/types\/post"}],"author":[{"embeddable":true,"href":"https:\/\/www.africa-press.net\/cotedivoire\/wp-json\/wp\/v2\/users\/82"}],"replies":[{"embeddable":true,"href":"https:\/\/www.africa-press.net\/cotedivoire\/wp-json\/wp\/v2\/comments?post=101506"}],"version-history":[{"count":0,"href":"https:\/\/www.africa-press.net\/cotedivoire\/wp-json\/wp\/v2\/posts\/101506\/revisions"}],"wp:featuredmedia":[{"embeddable":true,"href":"https:\/\/www.africa-press.net\/cotedivoire\/wp-json\/wp\/v2\/media\/101505"}],"wp:attachment":[{"href":"https:\/\/www.africa-press.net\/cotedivoire\/wp-json\/wp\/v2\/media?parent=101506"}],"wp:term":[{"taxonomy":"category","embeddable":true,"href":"https:\/\/www.africa-press.net\/cotedivoire\/wp-json\/wp\/v2\/categories?post=101506"},{"taxonomy":"post_tag","embeddable":true,"href":"https:\/\/www.africa-press.net\/cotedivoire\/wp-json\/wp\/v2\/tags?post=101506"}],"curies":[{"name":"wp","href":"https:\/\/api.w.org\/{rel}","templated":true}]}}