{"id":101613,"date":"2025-07-02T18:08:27","date_gmt":"2025-07-02T18:08:27","guid":{"rendered":"https:\/\/www.africa-press.net\/cotedivoire\/politique\/gnangbo-kacou-marche-bouake-abidjan-pour-appeler-ouattara"},"modified":"2025-07-02T18:59:29","modified_gmt":"2025-07-02T18:59:29","slug":"gnangbo-kacou-marche-bouake-abidjan-pour-appeler-ouattara","status":"publish","type":"post","link":"https:\/\/www.africa-press.net\/cotedivoire\/politique\/gnangbo-kacou-marche-bouake-abidjan-pour-appeler-ouattara","title":{"rendered":"Gnangbo Kacou Marche Bouak\u00e9-Abidjan Pour Appeler Ouattara"},"content":{"rendered":"<p><span style=\"color: #ff6600\"><strong>Africa-Press &#8211; C\u00f4te d&rsquo;Ivoire. <\/strong><\/span>Apre\u0300s plus de 300 kilome\u0300tres parcourus a\u0300 pied de Bouake\u0301 a\u0300 Abidjan, Gnangbo Kacou, pre\u0301sident du parti Les Centristes, a tenu une de\u0301claration solennelle a\u0300 la place de la Re\u0301publique. Cette marche pacifique, entame\u0301e le 15 juin 2025, est un acte symbolique fort, inscrit dans un appel a\u0300 la re\u0301conciliation, a\u0300 l\u2019apaisement politique et a\u0300 l\u2019unite\u0301 nationale.<\/p>\n<p>Tout a commence\u0301 a\u0300 la cathe\u0301drale de Bouake\u0301, ou\u0300 Gnangbo Kacou a rec\u0327u la be\u0301ne\u0301diction d\u2019un pre\u0302tre avant d\u2019entamer sa traverse\u0301e du pays.<\/p>\n<p>\u00ab J\u2019ai marche\u0301 sous le soleil, sous la pluie, avec le vent dans le dos et de face \u00bb, a-t-il raconte\u0301 avec e\u0301motion.<\/p>\n<p>Il a arpente\u0301 campements, villages, villes, fore\u0302ts classe\u0301es et routes poussie\u0301reuses, affrontant fatigue et pollution urbaine sans jamais abandonner.<\/p>\n<p>Son itine\u0301raire l\u2019a mene\u0301 notamment par Singrobo, Agboville, Azaguie\u0301, Anyama, jusqu\u2019aux quartiers populaires d\u2019Abidjan comme Abobo et Adjame\u0301.<\/p>\n<p>Au fil du chemin, l\u2019homme politique a rencontre\u0301 des Ivoiriens de toutes origines: jeunes, chefs traditionnels, musulmans, tous touche\u0301s par la porte\u0301e de son engagement. \u00ab J\u2019ai e\u0301te\u0301 accompagne\u0301 par leurs prie\u0300res \u00bb, a-t-il souligne\u0301.<\/p>\n<p>Dans sa de\u0301claration a\u0300 Abidjan, Gnangbo Kacou a exprime\u0301 un ras-le-bol national face aux divisions persistantes. Il a de\u0301nonce\u0301 \u201cle silence de l\u2019injustice\u201d, juge\u0301 plus douloureux que les longues heures de marche. S\u2019il ne demande pas d\u2019oublier le passe\u0301, il appelle a\u0300 le de\u0301passer pour reconstruire une paix durable.<\/p>\n<p>\u00ab Ce que nous avons a\u0300 ba\u0302tir ensemble est bien plus grand que ce que nous avons perdu \u00bb, a-t-il affirme\u0301, appelant les Ivoiriens a\u0300 refermer la page douloureuse des crises successives et a\u0300 tourner re\u0301solument leur regard vers l\u2019avenir.<\/p>\n<p>Au c\u0153ur de son discours: un appel direct au pre\u0301sident de la Re\u0301publique, Alassane Ouattara. Gnangbo Kacou a plaide\u0301 pour l\u2019adoption d\u2019une loi d\u2019amnistie, permettant a\u0300 quatre figures politiques majeures actuellement exclues du jeu e\u0301lectoral de se pre\u0301senter a\u0300 l\u2019e\u0301lection pre\u0301sidentielle d\u2019octobre 2025.<\/p>\n<p>\u00ab Ce sont peut-e\u0302tre des adversaires, mais ils ne sont pas des ennemis. Ils sont des Ivoiriens, des fils de cette terre \u00bb, a-t-il insiste\u0301. Pour lui, leur exclusion prolonge les blessures de la de\u0301mocratie et retarde la re\u0301conciliation nationale.<\/p>\n<p>Dans une adresse empreinte de gravite\u0301, le pre\u0301sident des Centristes a souligne\u0301 que l\u2019amnistie est un acte de grandeur, une de\u0301cision politique capable de cicatriser les plaies et de replacer la parole au c\u0153ur du de\u0301bat de\u0301mocratique. \u00ab Laissez le peuple juger \u00bb, a-t-il lance\u0301 a\u0300 l\u2019endroit du chef de l\u2019E\u0301tat.<\/p>\n<p>\u00ab Je suis venu a\u0300 pied, mais c\u2019est debout que je pars \u00bb, a de\u0301clare\u0301 Gnangbo Kacou en conclusion de son discours, visiblement e\u0301mu. Il quitte la place de la Re\u0301publique avec l\u2019espe\u0301rance cheville\u0301e au corps, persuade\u0301 que l\u2019unite\u0301 nationale est encore possible.<\/p>\n<p>\u00ab L\u2019avenir de la Co\u0302te d\u2019Ivoire ne se fera ni contre certains, ni sans eux, mais avec tous.<\/p>\n<p>Au-dela\u0300 de sa porte\u0301e politique, la marche de Gnangbo Kacou est un acte fondateur, une invitation a\u0300 croire en la force de la non-violence et de la mobilisation citoyenne. Elle s\u2019inscrit comme un moment marquant de l\u2019histoire politique contemporaine de la Co\u0302te d\u2019Ivoire.<\/p>\n<p>\u201cQue Dieu be\u0301nisse la Co\u0302te d\u2019Ivoire et nous accompagne.\u201d C\u2019est par ces mots qu\u2019il a acheve\u0301 son discours, entre e\u0301motion, de\u0301termination et foi en un avenir commun.<\/p>\n<p><strong>Pour plus d&rsquo;informations et d&rsquo;analyses sur la <span style=\"color: #ff6600\">C\u00f4te d&rsquo;Ivoire<\/span>, suivez <span style=\"color: #ff6600\">Africa-Press<\/span><\/strong><\/p>\n","protected":false},"excerpt":{"rendered":"<p>Africa-Press &#8211; C\u00f4te d&rsquo;Ivoire. Apre\u0300s plus de 300 kilome\u0300tres parcourus a\u0300 pied de Bouake\u0301 a\u0300 Abidjan, Gnangbo Kacou, pre\u0301sident du parti Les Centristes, a tenu une de\u0301claration solennelle a\u0300 la place de la Re\u0301publique. Cette marche pacifique, entame\u0301e le 15 juin 2025, est un acte symbolique fort, inscrit dans un appel a\u0300 la re\u0301conciliation, a\u0300 [&hellip;]<\/p>\n","protected":false},"author":82,"featured_media":101612,"comment_status":"open","ping_status":"closed","sticky":false,"template":"","format":"standard","meta":{"footnotes":""},"categories":[2,10],"tags":[2603,29,17957,1832,14008,305,600,601,17556],"class_list":["post-101613","post","type-post","status-publish","format-standard","has-post-thumbnail","hentry","category-politique","category-toutes-les-actualites","tag-appel","tag-cote-divoire","tag-gnangbo","tag-historique","tag-kacou","tag-nationale","tag-paix","tag-reconciliation","tag-vibrant"],"yoast_head":"<!-- This site is optimized with the Yoast SEO Premium plugin v26.1 (Yoast SEO v27.0) - https:\/\/yoast.com\/product\/yoast-seo-premium-wordpress\/ -->\n<title>Gnangbo Kacou Marche Bouak\u00e9-Abidjan Pour Appeler Ouattara - C\u00f4te d&#039;Ivoire<\/title>\n<meta name=\"description\" content=\"Apre\u0300s plus de 300 kilome\u0300tres parcourus a\u0300 pied de Bouake\u0301 a\u0300 Abidjan, Gnangbo Kacou, pre\u0301sident du parti Les Centriste ...\" \/>\n<meta name=\"robots\" content=\"index, follow, max-snippet:-1, max-image-preview:large, max-video-preview:-1\" \/>\n<link rel=\"canonical\" href=\"https:\/\/www.africa-press.net\/cotedivoire\/politique\/gnangbo-kacou-marche-bouake-abidjan-pour-appeler-ouattara\" \/>\n<meta property=\"og:locale\" content=\"fr_FR\" \/>\n<meta property=\"og:type\" content=\"article\" \/>\n<meta property=\"og:title\" content=\"Gnangbo Kacou Marche Bouak\u00e9-Abidjan Pour Appeler Ouattara\" \/>\n<meta property=\"og:description\" content=\"Apre\u0300s plus de 300 kilome\u0300tres parcourus a\u0300 pied de Bouake\u0301 a\u0300 Abidjan, Gnangbo Kacou, pre\u0301sident du parti Les Centriste ...\" \/>\n<meta property=\"og:url\" content=\"https:\/\/www.africa-press.net\/cotedivoire\/politique\/gnangbo-kacou-marche-bouake-abidjan-pour-appeler-ouattara\" \/>\n<meta property=\"og:site_name\" content=\"C\u00f4te d&#039;Ivoire\" \/>\n<meta property=\"article:published_time\" content=\"2025-07-02T18:08:27+00:00\" \/>\n<meta property=\"article:modified_time\" content=\"2025-07-02T18:59:29+00:00\" \/>\n<meta property=\"og:image\" content=\"https:\/\/static.africa-press.net\/cote\/sites\/43\/2025\/07\/sm_1751470142.083634.jpg\" \/>\n\t<meta property=\"og:image:width\" content=\"720\" \/>\n\t<meta property=\"og:image:height\" content=\"373\" \/>\n\t<meta property=\"og:image:type\" content=\"image\/jpeg\" \/>\n<meta name=\"author\" content=\"cfeditorfr\" \/>\n<meta name=\"twitter:card\" content=\"summary_large_image\" \/>\n<meta name=\"twitter:label1\" content=\"\u00c9crit par\" \/>\n\t<meta name=\"twitter:data1\" content=\"cfeditorfr\" \/>\n\t<meta name=\"twitter:label2\" content=\"Dur\u00e9e de lecture estim\u00e9e\" \/>\n\t<meta name=\"twitter:data2\" content=\"3 minutes\" \/>\n<script type=\"application\/ld+json\" class=\"yoast-schema-graph\">{\"@context\":\"https:\/\/schema.org\",\"@graph\":[{\"@type\":\"Article\",\"@id\":\"https:\/\/www.africa-press.net\/cotedivoire\/politique\/gnangbo-kacou-marche-bouake-abidjan-pour-appeler-ouattara#article\",\"isPartOf\":{\"@id\":\"https:\/\/www.africa-press.net\/cotedivoire\/politique\/gnangbo-kacou-marche-bouake-abidjan-pour-appeler-ouattara\"},\"author\":{\"name\":\"cfeditorfr\",\"@id\":\"https:\/\/www.africa-press.net\/cotedivoire\/#\/schema\/person\/2b1cf3cd81a31e3cd26889ca66d677f1\"},\"headline\":\"Gnangbo Kacou Marche Bouak\u00e9-Abidjan Pour Appeler Ouattara\",\"datePublished\":\"2025-07-02T18:08:27+00:00\",\"dateModified\":\"2025-07-02T18:59:29+00:00\",\"mainEntityOfPage\":{\"@id\":\"https:\/\/www.africa-press.net\/cotedivoire\/politique\/gnangbo-kacou-marche-bouake-abidjan-pour-appeler-ouattara\"},\"wordCount\":629,\"commentCount\":0,\"image\":{\"@id\":\"https:\/\/www.africa-press.net\/cotedivoire\/politique\/gnangbo-kacou-marche-bouake-abidjan-pour-appeler-ouattara#primaryimage\"},\"thumbnailUrl\":\"https:\/\/static.africa-press.net\/cote\/sites\/43\/2025\/07\/sm_1751470142.083634.jpg\",\"keywords\":[\"appel\",\"C\u00d4TE D'IVOIRE\",\"Gnangbo\",\"historique\",\"Kacou\",\"nationale\",\"paix\",\"r\u00e9conciliation\",\"vibrant\"],\"articleSection\":[\"Politique\",\"Toutes les actualit\u00e9s\"],\"inLanguage\":\"fr-FR\",\"potentialAction\":[{\"@type\":\"CommentAction\",\"name\":\"Comment\",\"target\":[\"https:\/\/www.africa-press.net\/cotedivoire\/politique\/gnangbo-kacou-marche-bouake-abidjan-pour-appeler-ouattara#respond\"]}]},{\"@type\":\"WebPage\",\"@id\":\"https:\/\/www.africa-press.net\/cotedivoire\/politique\/gnangbo-kacou-marche-bouake-abidjan-pour-appeler-ouattara\",\"url\":\"https:\/\/www.africa-press.net\/cotedivoire\/politique\/gnangbo-kacou-marche-bouake-abidjan-pour-appeler-ouattara\",\"name\":\"Gnangbo Kacou Marche Bouak\u00e9-Abidjan Pour Appeler Ouattara - C\u00f4te d&#039;Ivoire\",\"isPartOf\":{\"@id\":\"https:\/\/www.africa-press.net\/cotedivoire\/#website\"},\"primaryImageOfPage\":{\"@id\":\"https:\/\/www.africa-press.net\/cotedivoire\/politique\/gnangbo-kacou-marche-bouake-abidjan-pour-appeler-ouattara#primaryimage\"},\"image\":{\"@id\":\"https:\/\/www.africa-press.net\/cotedivoire\/politique\/gnangbo-kacou-marche-bouake-abidjan-pour-appeler-ouattara#primaryimage\"},\"thumbnailUrl\":\"https:\/\/static.africa-press.net\/cote\/sites\/43\/2025\/07\/sm_1751470142.083634.jpg\",\"datePublished\":\"2025-07-02T18:08:27+00:00\",\"dateModified\":\"2025-07-02T18:59:29+00:00\",\"author\":{\"@id\":\"https:\/\/www.africa-press.net\/cotedivoire\/#\/schema\/person\/2b1cf3cd81a31e3cd26889ca66d677f1\"},\"description\":\"Apre\u0300s plus de 300 kilome\u0300tres parcourus a\u0300 pied de Bouake\u0301 a\u0300 Abidjan, Gnangbo Kacou, pre\u0301sident du parti Les Centriste ...\",\"breadcrumb\":{\"@id\":\"https:\/\/www.africa-press.net\/cotedivoire\/politique\/gnangbo-kacou-marche-bouake-abidjan-pour-appeler-ouattara#breadcrumb\"},\"inLanguage\":\"fr-FR\",\"potentialAction\":[{\"@type\":\"ReadAction\",\"target\":[\"https:\/\/www.africa-press.net\/cotedivoire\/politique\/gnangbo-kacou-marche-bouake-abidjan-pour-appeler-ouattara\"]}]},{\"@type\":\"ImageObject\",\"inLanguage\":\"fr-FR\",\"@id\":\"https:\/\/www.africa-press.net\/cotedivoire\/politique\/gnangbo-kacou-marche-bouake-abidjan-pour-appeler-ouattara#primaryimage\",\"url\":\"https:\/\/static.africa-press.net\/cote\/sites\/43\/2025\/07\/sm_1751470142.083634.jpg\",\"contentUrl\":\"https:\/\/static.africa-press.net\/cote\/sites\/43\/2025\/07\/sm_1751470142.083634.jpg\",\"width\":720,\"height\":373,\"caption\":\"Gnangbo Kacou Marche Bouak\u00e9-Abidjan Pour Appeler Ouattara\"},{\"@type\":\"BreadcrumbList\",\"@id\":\"https:\/\/www.africa-press.net\/cotedivoire\/politique\/gnangbo-kacou-marche-bouake-abidjan-pour-appeler-ouattara#breadcrumb\",\"itemListElement\":[{\"@type\":\"ListItem\",\"position\":1,\"name\":\"Accueil\",\"item\":\"https:\/\/www.africa-press.net\/cotedivoire\/\"},{\"@type\":\"ListItem\",\"position\":2,\"name\":\"Gnangbo Kacou Marche Bouak\u00e9-Abidjan Pour Appeler Ouattara\"}]},{\"@type\":\"WebSite\",\"@id\":\"https:\/\/www.africa-press.net\/cotedivoire\/#website\",\"url\":\"https:\/\/www.africa-press.net\/cotedivoire\/\",\"name\":\"C\u00f4te d&#039;Ivoire\",\"description\":\"Just another Africa News Agency Sites site\",\"potentialAction\":[{\"@type\":\"SearchAction\",\"target\":{\"@type\":\"EntryPoint\",\"urlTemplate\":\"https:\/\/www.africa-press.net\/cotedivoire\/?s={search_term_string}\"},\"query-input\":{\"@type\":\"PropertyValueSpecification\",\"valueRequired\":true,\"valueName\":\"search_term_string\"}}],\"inLanguage\":\"fr-FR\"},{\"@type\":\"Person\",\"@id\":\"https:\/\/www.africa-press.net\/cotedivoire\/#\/schema\/person\/2b1cf3cd81a31e3cd26889ca66d677f1\",\"name\":\"cfeditorfr\"}]}<\/script>\n<!-- \/ Yoast SEO Premium plugin. -->","yoast_head_json":{"title":"Gnangbo Kacou Marche Bouak\u00e9-Abidjan Pour Appeler Ouattara - C\u00f4te d&#039;Ivoire","description":"Apre\u0300s plus de 300 kilome\u0300tres parcourus a\u0300 pied de Bouake\u0301 a\u0300 Abidjan, Gnangbo Kacou, pre\u0301sident du parti Les Centriste ...","robots":{"index":"index","follow":"follow","max-snippet":"max-snippet:-1","max-image-preview":"max-image-preview:large","max-video-preview":"max-video-preview:-1"},"canonical":"https:\/\/www.africa-press.net\/cotedivoire\/politique\/gnangbo-kacou-marche-bouake-abidjan-pour-appeler-ouattara","og_locale":"fr_FR","og_type":"article","og_title":"Gnangbo Kacou Marche Bouak\u00e9-Abidjan Pour Appeler Ouattara","og_description":"Apre\u0300s plus de 300 kilome\u0300tres parcourus a\u0300 pied de Bouake\u0301 a\u0300 Abidjan, Gnangbo Kacou, pre\u0301sident du parti Les Centriste ...","og_url":"https:\/\/www.africa-press.net\/cotedivoire\/politique\/gnangbo-kacou-marche-bouake-abidjan-pour-appeler-ouattara","og_site_name":"C\u00f4te d&#039;Ivoire","article_published_time":"2025-07-02T18:08:27+00:00","article_modified_time":"2025-07-02T18:59:29+00:00","og_image":[{"width":720,"height":373,"url":"https:\/\/static.africa-press.net\/cote\/sites\/43\/2025\/07\/sm_1751470142.083634.jpg","type":"image\/jpeg"}],"author":"cfeditorfr","twitter_card":"summary_large_image","twitter_misc":{"\u00c9crit par":"cfeditorfr","Dur\u00e9e de lecture estim\u00e9e":"3 minutes"},"schema":{"@context":"https:\/\/schema.org","@graph":[{"@type":"Article","@id":"https:\/\/www.africa-press.net\/cotedivoire\/politique\/gnangbo-kacou-marche-bouake-abidjan-pour-appeler-ouattara#article","isPartOf":{"@id":"https:\/\/www.africa-press.net\/cotedivoire\/politique\/gnangbo-kacou-marche-bouake-abidjan-pour-appeler-ouattara"},"author":{"name":"cfeditorfr","@id":"https:\/\/www.africa-press.net\/cotedivoire\/#\/schema\/person\/2b1cf3cd81a31e3cd26889ca66d677f1"},"headline":"Gnangbo Kacou Marche Bouak\u00e9-Abidjan Pour Appeler Ouattara","datePublished":"2025-07-02T18:08:27+00:00","dateModified":"2025-07-02T18:59:29+00:00","mainEntityOfPage":{"@id":"https:\/\/www.africa-press.net\/cotedivoire\/politique\/gnangbo-kacou-marche-bouake-abidjan-pour-appeler-ouattara"},"wordCount":629,"commentCount":0,"image":{"@id":"https:\/\/www.africa-press.net\/cotedivoire\/politique\/gnangbo-kacou-marche-bouake-abidjan-pour-appeler-ouattara#primaryimage"},"thumbnailUrl":"https:\/\/static.africa-press.net\/cote\/sites\/43\/2025\/07\/sm_1751470142.083634.jpg","keywords":["appel","C\u00d4TE D'IVOIRE","Gnangbo","historique","Kacou","nationale","paix","r\u00e9conciliation","vibrant"],"articleSection":["Politique","Toutes les actualit\u00e9s"],"inLanguage":"fr-FR","potentialAction":[{"@type":"CommentAction","name":"Comment","target":["https:\/\/www.africa-press.net\/cotedivoire\/politique\/gnangbo-kacou-marche-bouake-abidjan-pour-appeler-ouattara#respond"]}]},{"@type":"WebPage","@id":"https:\/\/www.africa-press.net\/cotedivoire\/politique\/gnangbo-kacou-marche-bouake-abidjan-pour-appeler-ouattara","url":"https:\/\/www.africa-press.net\/cotedivoire\/politique\/gnangbo-kacou-marche-bouake-abidjan-pour-appeler-ouattara","name":"Gnangbo Kacou Marche Bouak\u00e9-Abidjan Pour Appeler Ouattara - C\u00f4te d&#039;Ivoire","isPartOf":{"@id":"https:\/\/www.africa-press.net\/cotedivoire\/#website"},"primaryImageOfPage":{"@id":"https:\/\/www.africa-press.net\/cotedivoire\/politique\/gnangbo-kacou-marche-bouake-abidjan-pour-appeler-ouattara#primaryimage"},"image":{"@id":"https:\/\/www.africa-press.net\/cotedivoire\/politique\/gnangbo-kacou-marche-bouake-abidjan-pour-appeler-ouattara#primaryimage"},"thumbnailUrl":"https:\/\/static.africa-press.net\/cote\/sites\/43\/2025\/07\/sm_1751470142.083634.jpg","datePublished":"2025-07-02T18:08:27+00:00","dateModified":"2025-07-02T18:59:29+00:00","author":{"@id":"https:\/\/www.africa-press.net\/cotedivoire\/#\/schema\/person\/2b1cf3cd81a31e3cd26889ca66d677f1"},"description":"Apre\u0300s plus de 300 kilome\u0300tres parcourus a\u0300 pied de Bouake\u0301 a\u0300 Abidjan, Gnangbo Kacou, pre\u0301sident du parti Les Centriste ...","breadcrumb":{"@id":"https:\/\/www.africa-press.net\/cotedivoire\/politique\/gnangbo-kacou-marche-bouake-abidjan-pour-appeler-ouattara#breadcrumb"},"inLanguage":"fr-FR","potentialAction":[{"@type":"ReadAction","target":["https:\/\/www.africa-press.net\/cotedivoire\/politique\/gnangbo-kacou-marche-bouake-abidjan-pour-appeler-ouattara"]}]},{"@type":"ImageObject","inLanguage":"fr-FR","@id":"https:\/\/www.africa-press.net\/cotedivoire\/politique\/gnangbo-kacou-marche-bouake-abidjan-pour-appeler-ouattara#primaryimage","url":"https:\/\/static.africa-press.net\/cote\/sites\/43\/2025\/07\/sm_1751470142.083634.jpg","contentUrl":"https:\/\/static.africa-press.net\/cote\/sites\/43\/2025\/07\/sm_1751470142.083634.jpg","width":720,"height":373,"caption":"Gnangbo Kacou Marche Bouak\u00e9-Abidjan Pour Appeler Ouattara"},{"@type":"BreadcrumbList","@id":"https:\/\/www.africa-press.net\/cotedivoire\/politique\/gnangbo-kacou-marche-bouake-abidjan-pour-appeler-ouattara#breadcrumb","itemListElement":[{"@type":"ListItem","position":1,"name":"Accueil","item":"https:\/\/www.africa-press.net\/cotedivoire\/"},{"@type":"ListItem","position":2,"name":"Gnangbo Kacou Marche Bouak\u00e9-Abidjan Pour Appeler Ouattara"}]},{"@type":"WebSite","@id":"https:\/\/www.africa-press.net\/cotedivoire\/#website","url":"https:\/\/www.africa-press.net\/cotedivoire\/","name":"C\u00f4te d&#039;Ivoire","description":"Just another Africa News Agency Sites site","potentialAction":[{"@type":"SearchAction","target":{"@type":"EntryPoint","urlTemplate":"https:\/\/www.africa-press.net\/cotedivoire\/?s={search_term_string}"},"query-input":{"@type":"PropertyValueSpecification","valueRequired":true,"valueName":"search_term_string"}}],"inLanguage":"fr-FR"},{"@type":"Person","@id":"https:\/\/www.africa-press.net\/cotedivoire\/#\/schema\/person\/2b1cf3cd81a31e3cd26889ca66d677f1","name":"cfeditorfr"}]}},"_links":{"self":[{"href":"https:\/\/www.africa-press.net\/cotedivoire\/wp-json\/wp\/v2\/posts\/101613","targetHints":{"allow":["GET"]}}],"collection":[{"href":"https:\/\/www.africa-press.net\/cotedivoire\/wp-json\/wp\/v2\/posts"}],"about":[{"href":"https:\/\/www.africa-press.net\/cotedivoire\/wp-json\/wp\/v2\/types\/post"}],"author":[{"embeddable":true,"href":"https:\/\/www.africa-press.net\/cotedivoire\/wp-json\/wp\/v2\/users\/82"}],"replies":[{"embeddable":true,"href":"https:\/\/www.africa-press.net\/cotedivoire\/wp-json\/wp\/v2\/comments?post=101613"}],"version-history":[{"count":0,"href":"https:\/\/www.africa-press.net\/cotedivoire\/wp-json\/wp\/v2\/posts\/101613\/revisions"}],"wp:featuredmedia":[{"embeddable":true,"href":"https:\/\/www.africa-press.net\/cotedivoire\/wp-json\/wp\/v2\/media\/101612"}],"wp:attachment":[{"href":"https:\/\/www.africa-press.net\/cotedivoire\/wp-json\/wp\/v2\/media?parent=101613"}],"wp:term":[{"taxonomy":"category","embeddable":true,"href":"https:\/\/www.africa-press.net\/cotedivoire\/wp-json\/wp\/v2\/categories?post=101613"},{"taxonomy":"post_tag","embeddable":true,"href":"https:\/\/www.africa-press.net\/cotedivoire\/wp-json\/wp\/v2\/tags?post=101613"}],"curies":[{"name":"wp","href":"https:\/\/api.w.org\/{rel}","templated":true}]}}