{"id":101618,"date":"2025-07-02T18:09:25","date_gmt":"2025-07-02T18:09:25","guid":{"rendered":"https:\/\/www.africa-press.net\/cotedivoire\/politique\/ouattara-nomme-adama-dosso-ministre-delegue-par-decret"},"modified":"2025-07-02T18:59:55","modified_gmt":"2025-07-02T18:59:55","slug":"ouattara-nomme-adama-dosso-ministre-delegue-par-decret","status":"publish","type":"post","link":"https:\/\/www.africa-press.net\/cotedivoire\/politique\/ouattara-nomme-adama-dosso-ministre-delegue-par-decret","title":{"rendered":"Ouattara Nomme Adama Dosso Ministre D\u00e9l\u00e9gu\u00e9 Par D\u00e9cret"},"content":{"rendered":"<p><span style=\"color: #ff6600\"><strong>Africa-Press &#8211; C\u00f4te d&rsquo;Ivoire. <\/strong><\/span>Adama Dosso a e\u0301te\u0301 nomme\u0301 ce 1er juillet 2025, Ministre de\u0301le\u0301gue\u0301 aupre\u0300s du Ministre des Affaires Etrange\u0300res, de l&rsquo;Inte\u0301gration Africaine et des Ivoiriens de l&rsquo;Exte\u0301rieur, charge\u0301 de l&rsquo;Inte\u0301gration Africaine et des Ivoiriens de l&rsquo;Exte\u0301rieur, apprend KOACI d&rsquo;un communique\u0301 de la pre\u0301sidence de la Re\u0301publique.<\/p>\n<p>Le Pre\u0301sident de la Re\u0301publique, Alassane Ouattara, a proce\u0301de\u0301, ce mardi 1er juillet 2025, a\u0300 la signature d&rsquo;un de\u0301cret de cette nomination au titre du Gouvernement.<\/p>\n<p>Nous apprenons e\u0301galement que cette nomination a e\u0301te\u0301 faite sur proposition de Robert Beugre\u0301 Mambe\u0301, Premier Ministre, Chef du Gouvernement.<\/p>\n<p>Avant cette nomination, Adama Dosso occupait le poste d\u2019Ambassadeur de Co\u0302te d\u2019Ivoire aupre\u0300s de la Re\u0301publique populaire de Chine, ou\u0300 il s\u2019est distingue\u0301 par son engagement dans le renforcement des relations bilate\u0301rales, en particulier dans les domaines e\u0301conomiques, diplomatiques et culturels.<\/p>\n<p>Cette nomination intervient dans un contexte sous-re\u0301gional complexe, marque\u0301 par des de\u0301fis migratoires, e\u0301conomiques et se\u0301curitaires. L\u2019inte\u0301gration africaine apparai\u0302t plus que jamais comme une priorite\u0301 strate\u0301gique pour la Co\u0302te d\u2019Ivoire.<\/p>\n<p>Le nouveau ministre de\u0301le\u0301gue\u0301 aura pour mission de consolider les relations entre la Co\u0302te d\u2019Ivoire et les autres pays africains, tout en veillant a\u0300 la protection, a\u0300 l\u2019accompagnement et a\u0300 la valorisation de la diaspora ivoirienne.<\/p>\n<p>Gra\u0302ce a\u0300 son expe\u0301rience dans la diplomatie internationale, Adama Dosso est appele\u0301 a\u0300 jouer un ro\u0302le cle\u0301 dans la mise en \u0153uvre de la politique e\u0301trange\u0300re ivoirienne en matie\u0300re d\u2019inte\u0301gration continentale, mais aussi dans l\u2019ame\u0301lioration des conditions de vie et de repre\u0301sentation des Ivoiriens de l\u2019exte\u0301rieur.<\/p>\n<p>La Co\u0302te d\u2019Ivoire, moteur e\u0301conomique de l\u2019Afrique de l\u2019Ouest, entretient une large communaute\u0301 expatrie\u0301e dont la contribution au de\u0301veloppement national est de plus en plus reconnue par les autorite\u0301s.<\/p>\n<p>Cette nomination traduit la volonte\u0301 du gouvernement de renforcer sa pre\u0301sence sur les enjeux panafricains et de mieux encadrer les dynamiques migratoires, en phase avec les ambitions de la Zone de libre-e\u0301change continentale africaine (ZLECAf).<\/p>\n<p><strong>Pour plus d&rsquo;informations et d&rsquo;analyses sur la <span style=\"color: #ff6600\">C\u00f4te d&rsquo;Ivoire<\/span>, suivez <span style=\"color: #ff6600\">Africa-Press<\/span><\/strong><\/p>\n","protected":false},"excerpt":{"rendered":"<p>Africa-Press &#8211; C\u00f4te d&rsquo;Ivoire. Adama Dosso a e\u0301te\u0301 nomme\u0301 ce 1er juillet 2025, Ministre de\u0301le\u0301gue\u0301 aupre\u0300s du Ministre des Affaires Etrange\u0300res, de l&rsquo;Inte\u0301gration Africaine et des Ivoiriens de l&rsquo;Exte\u0301rieur, charge\u0301 de l&rsquo;Inte\u0301gration Africaine et des Ivoiriens de l&rsquo;Exte\u0301rieur, apprend KOACI d&rsquo;un communique\u0301 de la pre\u0301sidence de la Re\u0301publique. Le Pre\u0301sident de la Re\u0301publique, Alassane Ouattara, [&hellip;]<\/p>\n","protected":false},"author":82,"featured_media":101617,"comment_status":"open","ping_status":"closed","sticky":false,"template":"","format":"standard","meta":{"footnotes":""},"categories":[2,10],"tags":[4379,38,268,29,1746,9980],"class_list":["post-101618","post","type-post","status-publish","format-standard","has-post-thumbnail","hentry","category-politique","category-toutes-les-actualites","tag-adama-dosso","tag-alassane-ouattara","tag-chine","tag-cote-divoire","tag-decret","tag-robert-beugre-mambe"],"yoast_head":"<!-- This site is optimized with the Yoast SEO Premium plugin v26.1 (Yoast SEO v27.0) - https:\/\/yoast.com\/product\/yoast-seo-premium-wordpress\/ -->\n<title>Ouattara Nomme Adama Dosso Ministre D\u00e9l\u00e9gu\u00e9 Par D\u00e9cret - C\u00f4te d&#039;Ivoire<\/title>\n<meta name=\"description\" content=\"Adama Dosso a e\u0301te\u0301 nomme\u0301 ce 1er juillet 2025, Ministre de\u0301le\u0301gue\u0301 aupre\u0300s du Ministre des Affaires Etrange\u0300res, de l&#039;I ...\" \/>\n<meta name=\"robots\" content=\"index, follow, max-snippet:-1, max-image-preview:large, max-video-preview:-1\" \/>\n<link rel=\"canonical\" href=\"https:\/\/www.africa-press.net\/cotedivoire\/politique\/ouattara-nomme-adama-dosso-ministre-delegue-par-decret\" \/>\n<meta property=\"og:locale\" content=\"fr_FR\" \/>\n<meta property=\"og:type\" content=\"article\" \/>\n<meta property=\"og:title\" content=\"Ouattara Nomme Adama Dosso Ministre D\u00e9l\u00e9gu\u00e9 Par D\u00e9cret\" \/>\n<meta property=\"og:description\" content=\"Adama Dosso a e\u0301te\u0301 nomme\u0301 ce 1er juillet 2025, Ministre de\u0301le\u0301gue\u0301 aupre\u0300s du Ministre des Affaires Etrange\u0300res, de l&#039;I ...\" \/>\n<meta property=\"og:url\" content=\"https:\/\/www.africa-press.net\/cotedivoire\/politique\/ouattara-nomme-adama-dosso-ministre-delegue-par-decret\" \/>\n<meta property=\"og:site_name\" content=\"C\u00f4te d&#039;Ivoire\" \/>\n<meta property=\"article:published_time\" content=\"2025-07-02T18:09:25+00:00\" \/>\n<meta property=\"article:modified_time\" content=\"2025-07-02T18:59:55+00:00\" \/>\n<meta property=\"og:image\" content=\"https:\/\/static.africa-press.net\/cote\/sites\/43\/2025\/07\/sm_1751470166.558193.jpg\" \/>\n\t<meta property=\"og:image:width\" content=\"720\" \/>\n\t<meta property=\"og:image:height\" content=\"394\" \/>\n\t<meta property=\"og:image:type\" content=\"image\/jpeg\" \/>\n<meta name=\"author\" content=\"cfeditorfr\" \/>\n<meta name=\"twitter:card\" content=\"summary_large_image\" \/>\n<meta name=\"twitter:label1\" content=\"\u00c9crit par\" \/>\n\t<meta name=\"twitter:data1\" content=\"cfeditorfr\" \/>\n\t<meta name=\"twitter:label2\" content=\"Dur\u00e9e de lecture estim\u00e9e\" \/>\n\t<meta name=\"twitter:data2\" content=\"2 minutes\" \/>\n<script type=\"application\/ld+json\" class=\"yoast-schema-graph\">{\"@context\":\"https:\/\/schema.org\",\"@graph\":[{\"@type\":\"Article\",\"@id\":\"https:\/\/www.africa-press.net\/cotedivoire\/politique\/ouattara-nomme-adama-dosso-ministre-delegue-par-decret#article\",\"isPartOf\":{\"@id\":\"https:\/\/www.africa-press.net\/cotedivoire\/politique\/ouattara-nomme-adama-dosso-ministre-delegue-par-decret\"},\"author\":{\"name\":\"cfeditorfr\",\"@id\":\"https:\/\/www.africa-press.net\/cotedivoire\/#\/schema\/person\/2b1cf3cd81a31e3cd26889ca66d677f1\"},\"headline\":\"Ouattara Nomme Adama Dosso Ministre D\u00e9l\u00e9gu\u00e9 Par D\u00e9cret\",\"datePublished\":\"2025-07-02T18:09:25+00:00\",\"dateModified\":\"2025-07-02T18:59:55+00:00\",\"mainEntityOfPage\":{\"@id\":\"https:\/\/www.africa-press.net\/cotedivoire\/politique\/ouattara-nomme-adama-dosso-ministre-delegue-par-decret\"},\"wordCount\":406,\"commentCount\":0,\"image\":{\"@id\":\"https:\/\/www.africa-press.net\/cotedivoire\/politique\/ouattara-nomme-adama-dosso-ministre-delegue-par-decret#primaryimage\"},\"thumbnailUrl\":\"https:\/\/static.africa-press.net\/cote\/sites\/43\/2025\/07\/sm_1751470166.558193.jpg\",\"keywords\":[\"Adama Dosso\",\"Alassane Ouattara\",\"chine\",\"C\u00d4TE D'IVOIRE\",\"d\u00e9cret\",\"Robert Beugr\u00e9 Mamb\u00e9\"],\"articleSection\":[\"Politique\",\"Toutes les actualit\u00e9s\"],\"inLanguage\":\"fr-FR\",\"potentialAction\":[{\"@type\":\"CommentAction\",\"name\":\"Comment\",\"target\":[\"https:\/\/www.africa-press.net\/cotedivoire\/politique\/ouattara-nomme-adama-dosso-ministre-delegue-par-decret#respond\"]}]},{\"@type\":\"WebPage\",\"@id\":\"https:\/\/www.africa-press.net\/cotedivoire\/politique\/ouattara-nomme-adama-dosso-ministre-delegue-par-decret\",\"url\":\"https:\/\/www.africa-press.net\/cotedivoire\/politique\/ouattara-nomme-adama-dosso-ministre-delegue-par-decret\",\"name\":\"Ouattara Nomme Adama Dosso Ministre D\u00e9l\u00e9gu\u00e9 Par D\u00e9cret - C\u00f4te d&#039;Ivoire\",\"isPartOf\":{\"@id\":\"https:\/\/www.africa-press.net\/cotedivoire\/#website\"},\"primaryImageOfPage\":{\"@id\":\"https:\/\/www.africa-press.net\/cotedivoire\/politique\/ouattara-nomme-adama-dosso-ministre-delegue-par-decret#primaryimage\"},\"image\":{\"@id\":\"https:\/\/www.africa-press.net\/cotedivoire\/politique\/ouattara-nomme-adama-dosso-ministre-delegue-par-decret#primaryimage\"},\"thumbnailUrl\":\"https:\/\/static.africa-press.net\/cote\/sites\/43\/2025\/07\/sm_1751470166.558193.jpg\",\"datePublished\":\"2025-07-02T18:09:25+00:00\",\"dateModified\":\"2025-07-02T18:59:55+00:00\",\"author\":{\"@id\":\"https:\/\/www.africa-press.net\/cotedivoire\/#\/schema\/person\/2b1cf3cd81a31e3cd26889ca66d677f1\"},\"description\":\"Adama Dosso a e\u0301te\u0301 nomme\u0301 ce 1er juillet 2025, Ministre de\u0301le\u0301gue\u0301 aupre\u0300s du Ministre des Affaires Etrange\u0300res, de l'I ...\",\"breadcrumb\":{\"@id\":\"https:\/\/www.africa-press.net\/cotedivoire\/politique\/ouattara-nomme-adama-dosso-ministre-delegue-par-decret#breadcrumb\"},\"inLanguage\":\"fr-FR\",\"potentialAction\":[{\"@type\":\"ReadAction\",\"target\":[\"https:\/\/www.africa-press.net\/cotedivoire\/politique\/ouattara-nomme-adama-dosso-ministre-delegue-par-decret\"]}]},{\"@type\":\"ImageObject\",\"inLanguage\":\"fr-FR\",\"@id\":\"https:\/\/www.africa-press.net\/cotedivoire\/politique\/ouattara-nomme-adama-dosso-ministre-delegue-par-decret#primaryimage\",\"url\":\"https:\/\/static.africa-press.net\/cote\/sites\/43\/2025\/07\/sm_1751470166.558193.jpg\",\"contentUrl\":\"https:\/\/static.africa-press.net\/cote\/sites\/43\/2025\/07\/sm_1751470166.558193.jpg\",\"width\":720,\"height\":394,\"caption\":\"Ouattara Nomme Adama Dosso Ministre D\u00e9l\u00e9gu\u00e9 Par D\u00e9cret\"},{\"@type\":\"BreadcrumbList\",\"@id\":\"https:\/\/www.africa-press.net\/cotedivoire\/politique\/ouattara-nomme-adama-dosso-ministre-delegue-par-decret#breadcrumb\",\"itemListElement\":[{\"@type\":\"ListItem\",\"position\":1,\"name\":\"Accueil\",\"item\":\"https:\/\/www.africa-press.net\/cotedivoire\/\"},{\"@type\":\"ListItem\",\"position\":2,\"name\":\"Ouattara Nomme Adama Dosso Ministre D\u00e9l\u00e9gu\u00e9 Par D\u00e9cret\"}]},{\"@type\":\"WebSite\",\"@id\":\"https:\/\/www.africa-press.net\/cotedivoire\/#website\",\"url\":\"https:\/\/www.africa-press.net\/cotedivoire\/\",\"name\":\"C\u00f4te d&#039;Ivoire\",\"description\":\"Just another Africa News Agency Sites site\",\"potentialAction\":[{\"@type\":\"SearchAction\",\"target\":{\"@type\":\"EntryPoint\",\"urlTemplate\":\"https:\/\/www.africa-press.net\/cotedivoire\/?s={search_term_string}\"},\"query-input\":{\"@type\":\"PropertyValueSpecification\",\"valueRequired\":true,\"valueName\":\"search_term_string\"}}],\"inLanguage\":\"fr-FR\"},{\"@type\":\"Person\",\"@id\":\"https:\/\/www.africa-press.net\/cotedivoire\/#\/schema\/person\/2b1cf3cd81a31e3cd26889ca66d677f1\",\"name\":\"cfeditorfr\"}]}<\/script>\n<!-- \/ Yoast SEO Premium plugin. -->","yoast_head_json":{"title":"Ouattara Nomme Adama Dosso Ministre D\u00e9l\u00e9gu\u00e9 Par D\u00e9cret - C\u00f4te d&#039;Ivoire","description":"Adama Dosso a e\u0301te\u0301 nomme\u0301 ce 1er juillet 2025, Ministre de\u0301le\u0301gue\u0301 aupre\u0300s du Ministre des Affaires Etrange\u0300res, de l'I ...","robots":{"index":"index","follow":"follow","max-snippet":"max-snippet:-1","max-image-preview":"max-image-preview:large","max-video-preview":"max-video-preview:-1"},"canonical":"https:\/\/www.africa-press.net\/cotedivoire\/politique\/ouattara-nomme-adama-dosso-ministre-delegue-par-decret","og_locale":"fr_FR","og_type":"article","og_title":"Ouattara Nomme Adama Dosso Ministre D\u00e9l\u00e9gu\u00e9 Par D\u00e9cret","og_description":"Adama Dosso a e\u0301te\u0301 nomme\u0301 ce 1er juillet 2025, Ministre de\u0301le\u0301gue\u0301 aupre\u0300s du Ministre des Affaires Etrange\u0300res, de l'I ...","og_url":"https:\/\/www.africa-press.net\/cotedivoire\/politique\/ouattara-nomme-adama-dosso-ministre-delegue-par-decret","og_site_name":"C\u00f4te d&#039;Ivoire","article_published_time":"2025-07-02T18:09:25+00:00","article_modified_time":"2025-07-02T18:59:55+00:00","og_image":[{"width":720,"height":394,"url":"https:\/\/static.africa-press.net\/cote\/sites\/43\/2025\/07\/sm_1751470166.558193.jpg","type":"image\/jpeg"}],"author":"cfeditorfr","twitter_card":"summary_large_image","twitter_misc":{"\u00c9crit par":"cfeditorfr","Dur\u00e9e de lecture estim\u00e9e":"2 minutes"},"schema":{"@context":"https:\/\/schema.org","@graph":[{"@type":"Article","@id":"https:\/\/www.africa-press.net\/cotedivoire\/politique\/ouattara-nomme-adama-dosso-ministre-delegue-par-decret#article","isPartOf":{"@id":"https:\/\/www.africa-press.net\/cotedivoire\/politique\/ouattara-nomme-adama-dosso-ministre-delegue-par-decret"},"author":{"name":"cfeditorfr","@id":"https:\/\/www.africa-press.net\/cotedivoire\/#\/schema\/person\/2b1cf3cd81a31e3cd26889ca66d677f1"},"headline":"Ouattara Nomme Adama Dosso Ministre D\u00e9l\u00e9gu\u00e9 Par D\u00e9cret","datePublished":"2025-07-02T18:09:25+00:00","dateModified":"2025-07-02T18:59:55+00:00","mainEntityOfPage":{"@id":"https:\/\/www.africa-press.net\/cotedivoire\/politique\/ouattara-nomme-adama-dosso-ministre-delegue-par-decret"},"wordCount":406,"commentCount":0,"image":{"@id":"https:\/\/www.africa-press.net\/cotedivoire\/politique\/ouattara-nomme-adama-dosso-ministre-delegue-par-decret#primaryimage"},"thumbnailUrl":"https:\/\/static.africa-press.net\/cote\/sites\/43\/2025\/07\/sm_1751470166.558193.jpg","keywords":["Adama Dosso","Alassane Ouattara","chine","C\u00d4TE D'IVOIRE","d\u00e9cret","Robert Beugr\u00e9 Mamb\u00e9"],"articleSection":["Politique","Toutes les actualit\u00e9s"],"inLanguage":"fr-FR","potentialAction":[{"@type":"CommentAction","name":"Comment","target":["https:\/\/www.africa-press.net\/cotedivoire\/politique\/ouattara-nomme-adama-dosso-ministre-delegue-par-decret#respond"]}]},{"@type":"WebPage","@id":"https:\/\/www.africa-press.net\/cotedivoire\/politique\/ouattara-nomme-adama-dosso-ministre-delegue-par-decret","url":"https:\/\/www.africa-press.net\/cotedivoire\/politique\/ouattara-nomme-adama-dosso-ministre-delegue-par-decret","name":"Ouattara Nomme Adama Dosso Ministre D\u00e9l\u00e9gu\u00e9 Par D\u00e9cret - C\u00f4te d&#039;Ivoire","isPartOf":{"@id":"https:\/\/www.africa-press.net\/cotedivoire\/#website"},"primaryImageOfPage":{"@id":"https:\/\/www.africa-press.net\/cotedivoire\/politique\/ouattara-nomme-adama-dosso-ministre-delegue-par-decret#primaryimage"},"image":{"@id":"https:\/\/www.africa-press.net\/cotedivoire\/politique\/ouattara-nomme-adama-dosso-ministre-delegue-par-decret#primaryimage"},"thumbnailUrl":"https:\/\/static.africa-press.net\/cote\/sites\/43\/2025\/07\/sm_1751470166.558193.jpg","datePublished":"2025-07-02T18:09:25+00:00","dateModified":"2025-07-02T18:59:55+00:00","author":{"@id":"https:\/\/www.africa-press.net\/cotedivoire\/#\/schema\/person\/2b1cf3cd81a31e3cd26889ca66d677f1"},"description":"Adama Dosso a e\u0301te\u0301 nomme\u0301 ce 1er juillet 2025, Ministre de\u0301le\u0301gue\u0301 aupre\u0300s du Ministre des Affaires Etrange\u0300res, de l'I ...","breadcrumb":{"@id":"https:\/\/www.africa-press.net\/cotedivoire\/politique\/ouattara-nomme-adama-dosso-ministre-delegue-par-decret#breadcrumb"},"inLanguage":"fr-FR","potentialAction":[{"@type":"ReadAction","target":["https:\/\/www.africa-press.net\/cotedivoire\/politique\/ouattara-nomme-adama-dosso-ministre-delegue-par-decret"]}]},{"@type":"ImageObject","inLanguage":"fr-FR","@id":"https:\/\/www.africa-press.net\/cotedivoire\/politique\/ouattara-nomme-adama-dosso-ministre-delegue-par-decret#primaryimage","url":"https:\/\/static.africa-press.net\/cote\/sites\/43\/2025\/07\/sm_1751470166.558193.jpg","contentUrl":"https:\/\/static.africa-press.net\/cote\/sites\/43\/2025\/07\/sm_1751470166.558193.jpg","width":720,"height":394,"caption":"Ouattara Nomme Adama Dosso Ministre D\u00e9l\u00e9gu\u00e9 Par D\u00e9cret"},{"@type":"BreadcrumbList","@id":"https:\/\/www.africa-press.net\/cotedivoire\/politique\/ouattara-nomme-adama-dosso-ministre-delegue-par-decret#breadcrumb","itemListElement":[{"@type":"ListItem","position":1,"name":"Accueil","item":"https:\/\/www.africa-press.net\/cotedivoire\/"},{"@type":"ListItem","position":2,"name":"Ouattara Nomme Adama Dosso Ministre D\u00e9l\u00e9gu\u00e9 Par D\u00e9cret"}]},{"@type":"WebSite","@id":"https:\/\/www.africa-press.net\/cotedivoire\/#website","url":"https:\/\/www.africa-press.net\/cotedivoire\/","name":"C\u00f4te d&#039;Ivoire","description":"Just another Africa News Agency Sites site","potentialAction":[{"@type":"SearchAction","target":{"@type":"EntryPoint","urlTemplate":"https:\/\/www.africa-press.net\/cotedivoire\/?s={search_term_string}"},"query-input":{"@type":"PropertyValueSpecification","valueRequired":true,"valueName":"search_term_string"}}],"inLanguage":"fr-FR"},{"@type":"Person","@id":"https:\/\/www.africa-press.net\/cotedivoire\/#\/schema\/person\/2b1cf3cd81a31e3cd26889ca66d677f1","name":"cfeditorfr"}]}},"_links":{"self":[{"href":"https:\/\/www.africa-press.net\/cotedivoire\/wp-json\/wp\/v2\/posts\/101618","targetHints":{"allow":["GET"]}}],"collection":[{"href":"https:\/\/www.africa-press.net\/cotedivoire\/wp-json\/wp\/v2\/posts"}],"about":[{"href":"https:\/\/www.africa-press.net\/cotedivoire\/wp-json\/wp\/v2\/types\/post"}],"author":[{"embeddable":true,"href":"https:\/\/www.africa-press.net\/cotedivoire\/wp-json\/wp\/v2\/users\/82"}],"replies":[{"embeddable":true,"href":"https:\/\/www.africa-press.net\/cotedivoire\/wp-json\/wp\/v2\/comments?post=101618"}],"version-history":[{"count":0,"href":"https:\/\/www.africa-press.net\/cotedivoire\/wp-json\/wp\/v2\/posts\/101618\/revisions"}],"wp:featuredmedia":[{"embeddable":true,"href":"https:\/\/www.africa-press.net\/cotedivoire\/wp-json\/wp\/v2\/media\/101617"}],"wp:attachment":[{"href":"https:\/\/www.africa-press.net\/cotedivoire\/wp-json\/wp\/v2\/media?parent=101618"}],"wp:term":[{"taxonomy":"category","embeddable":true,"href":"https:\/\/www.africa-press.net\/cotedivoire\/wp-json\/wp\/v2\/categories?post=101618"},{"taxonomy":"post_tag","embeddable":true,"href":"https:\/\/www.africa-press.net\/cotedivoire\/wp-json\/wp\/v2\/tags?post=101618"}],"curies":[{"name":"wp","href":"https:\/\/api.w.org\/{rel}","templated":true}]}}