{"id":101624,"date":"2025-07-02T18:10:47","date_gmt":"2025-07-02T18:10:47","guid":{"rendered":"https:\/\/www.africa-press.net\/cotedivoire\/politique\/celebration-des-10-ans-du-cojep-et-meeting-payant"},"modified":"2025-07-02T19:00:20","modified_gmt":"2025-07-02T19:00:20","slug":"celebration-des-10-ans-du-cojep-et-meeting-payant","status":"publish","type":"post","link":"https:\/\/www.africa-press.net\/cotedivoire\/politique\/celebration-des-10-ans-du-cojep-et-meeting-payant","title":{"rendered":"C\u00e9l\u00e9bration des 10 ans du COJEP et meeting payant"},"content":{"rendered":"<p><span style=\"color: #ff6600\"><strong>Africa-Press &#8211; C\u00f4te d&rsquo;Ivoire. <\/strong><\/span>En France ou\u0300 il se\u0301journe ces derniers jours, Charles Ble\u0301 Goude\u0301, annonce\u0301 la ce\u0301re\u0301monie marquant les 10 ans d\u2019existence du Congre\u0300s panafricain pour la justice et l\u2019e\u0301galite\u0301 des peuples (COJEP).<\/p>\n<p>Ladite ce\u0301re\u0301monie aura lieu le 15 Aou\u0302t 2025 a\u0300 la place Ficgayo dans la commune de Yopougon. Mais la particularite\u0301 de cette activite\u0301, Ble\u0301 Goude\u0301 veut opter avec la rupture en faisant l\u2019entre\u0301e payante au meeting. La somme est fixe\u0301e a\u0300 1000 FCFA.<\/p>\n<p>\u00ab Pour la premie\u0300re fois en Co\u0302te d\u2019Ivoire, nous allons organiser un meeting politique payant. Ce a\u0300 quoi on nous a habitue\u0301, c\u2019e\u0301tait les hommes politiques ou\u0300 les formations politiques, qui payaient les gens pour qu\u2019ils viennent \u00bb, a-t-il indique\u0301, avant de poursuivre.<\/p>\n<p>\u00ab Le COJEP va e\u0302tre le premier parti politique en Co\u0302te d\u2019Ivoire a organise\u0301 pour la premie\u0300re fois un meeting politique ou\u0300 ceux qui viennent vont devoir de\u0301bourser de l\u2019argent pour avoir acce\u0300s a\u0300 l\u2019espace (&#8230;) Cela va permettre de re\u0301gler la question de la guerre des chiffres apre\u0300s les rassemblements. La Cagnotte va donc permettre aux uns et aux autres de savoir combien nous sommes. L\u2019entre\u0301e c\u2019est 1000 FCFA \u00bb, a fait savoir Ble\u0301 Goude\u0301, avant de conclure.<\/p>\n<p>\u00ab Nous voulons permettre au petit peuple de participer a\u0300 ce que nous appelons le panier de l\u2019espoir pour financer les activite\u0301s du leader que je suis pour ne pas de\u0301pendre de qui que ce soit (&#8230;) \u00bb a justifie\u0301 Ble\u0301 Goude\u0301 sur le Plateau du journaliste Camerounais The\u0301ophile Kouamouo.<\/p>\n<p><strong>Pour plus d&rsquo;informations et d&rsquo;analyses sur la <span style=\"color: #ff6600\">C\u00f4te d&rsquo;Ivoire<\/span>, suivez <span style=\"color: #ff6600\">Africa-Press<\/span><\/strong><\/p>\n","protected":false},"excerpt":{"rendered":"<p>Africa-Press &#8211; C\u00f4te d&rsquo;Ivoire. En France ou\u0300 il se\u0301journe ces derniers jours, Charles Ble\u0301 Goude\u0301, annonce\u0301 la ce\u0301re\u0301monie marquant les 10 ans d\u2019existence du Congre\u0300s panafricain pour la justice et l\u2019e\u0301galite\u0301 des peuples (COJEP). Ladite ce\u0301re\u0301monie aura lieu le 15 Aou\u0302t 2025 a\u0300 la place Ficgayo dans la commune de Yopougon. Mais la particularite\u0301 de [&hellip;]<\/p>\n","protected":false},"author":82,"featured_media":101623,"comment_status":"open","ping_status":"closed","sticky":false,"template":"","format":"standard","meta":{"footnotes":""},"categories":[2,10],"tags":[495,493,29,8917,4804,18161,540],"class_list":["post-101624","post","type-post","status-publish","format-standard","has-post-thumbnail","hentry","category-politique","category-toutes-les-actualites","tag-ble-goude","tag-cojep","tag-cote-divoire","tag-ficgayo","tag-meeting","tag-payant","tag-yopougon"],"yoast_head":"<!-- This site is optimized with the Yoast SEO Premium plugin v26.1 (Yoast SEO v27.0) - https:\/\/yoast.com\/product\/yoast-seo-premium-wordpress\/ -->\n<title>C\u00e9l\u00e9bration des 10 ans du COJEP et meeting payant - C\u00f4te d&#039;Ivoire<\/title>\n<meta name=\"description\" content=\"En France ou\u0300 il se\u0301journe ces derniers jours, Charles Ble\u0301 Goude\u0301, annonce\u0301 la ce\u0301re\u0301monie marquant les 10 ans d\u2019existe ...\" \/>\n<meta name=\"robots\" content=\"index, follow, max-snippet:-1, max-image-preview:large, max-video-preview:-1\" \/>\n<link rel=\"canonical\" href=\"https:\/\/www.africa-press.net\/cotedivoire\/politique\/celebration-des-10-ans-du-cojep-et-meeting-payant\" \/>\n<meta property=\"og:locale\" content=\"fr_FR\" \/>\n<meta property=\"og:type\" content=\"article\" \/>\n<meta property=\"og:title\" content=\"C\u00e9l\u00e9bration des 10 ans du COJEP et meeting payant\" \/>\n<meta property=\"og:description\" content=\"En France ou\u0300 il se\u0301journe ces derniers jours, Charles Ble\u0301 Goude\u0301, annonce\u0301 la ce\u0301re\u0301monie marquant les 10 ans d\u2019existe ...\" \/>\n<meta property=\"og:url\" content=\"https:\/\/www.africa-press.net\/cotedivoire\/politique\/celebration-des-10-ans-du-cojep-et-meeting-payant\" \/>\n<meta property=\"og:site_name\" content=\"C\u00f4te d&#039;Ivoire\" \/>\n<meta property=\"article:published_time\" content=\"2025-07-02T18:10:47+00:00\" \/>\n<meta property=\"article:modified_time\" content=\"2025-07-02T19:00:20+00:00\" \/>\n<meta property=\"og:image\" content=\"https:\/\/static.africa-press.net\/cote\/sites\/43\/2025\/07\/sm_1751470190.07496.jpg\" \/>\n\t<meta property=\"og:image:width\" content=\"720\" \/>\n\t<meta property=\"og:image:height\" content=\"508\" \/>\n\t<meta property=\"og:image:type\" content=\"image\/jpeg\" \/>\n<meta name=\"author\" content=\"cfeditorfr\" \/>\n<meta name=\"twitter:card\" content=\"summary_large_image\" \/>\n<meta name=\"twitter:label1\" content=\"\u00c9crit par\" \/>\n\t<meta name=\"twitter:data1\" content=\"cfeditorfr\" \/>\n\t<meta name=\"twitter:label2\" content=\"Dur\u00e9e de lecture estim\u00e9e\" \/>\n\t<meta name=\"twitter:data2\" content=\"1 minute\" \/>\n<script type=\"application\/ld+json\" class=\"yoast-schema-graph\">{\"@context\":\"https:\/\/schema.org\",\"@graph\":[{\"@type\":\"Article\",\"@id\":\"https:\/\/www.africa-press.net\/cotedivoire\/politique\/celebration-des-10-ans-du-cojep-et-meeting-payant#article\",\"isPartOf\":{\"@id\":\"https:\/\/www.africa-press.net\/cotedivoire\/politique\/celebration-des-10-ans-du-cojep-et-meeting-payant\"},\"author\":{\"name\":\"cfeditorfr\",\"@id\":\"https:\/\/www.africa-press.net\/cotedivoire\/#\/schema\/person\/2b1cf3cd81a31e3cd26889ca66d677f1\"},\"headline\":\"C\u00e9l\u00e9bration des 10 ans du COJEP et meeting payant\",\"datePublished\":\"2025-07-02T18:10:47+00:00\",\"dateModified\":\"2025-07-02T19:00:20+00:00\",\"mainEntityOfPage\":{\"@id\":\"https:\/\/www.africa-press.net\/cotedivoire\/politique\/celebration-des-10-ans-du-cojep-et-meeting-payant\"},\"wordCount\":299,\"commentCount\":0,\"image\":{\"@id\":\"https:\/\/www.africa-press.net\/cotedivoire\/politique\/celebration-des-10-ans-du-cojep-et-meeting-payant#primaryimage\"},\"thumbnailUrl\":\"https:\/\/static.africa-press.net\/cote\/sites\/43\/2025\/07\/sm_1751470190.07496.jpg\",\"keywords\":[\"Bl\u00e9 Goud\u00e9\",\"Cojep\",\"C\u00d4TE D'IVOIRE\",\"Ficgayo\",\"meeting\",\"payant\",\"Yopougon\"],\"articleSection\":[\"Politique\",\"Toutes les actualit\u00e9s\"],\"inLanguage\":\"fr-FR\",\"potentialAction\":[{\"@type\":\"CommentAction\",\"name\":\"Comment\",\"target\":[\"https:\/\/www.africa-press.net\/cotedivoire\/politique\/celebration-des-10-ans-du-cojep-et-meeting-payant#respond\"]}]},{\"@type\":\"WebPage\",\"@id\":\"https:\/\/www.africa-press.net\/cotedivoire\/politique\/celebration-des-10-ans-du-cojep-et-meeting-payant\",\"url\":\"https:\/\/www.africa-press.net\/cotedivoire\/politique\/celebration-des-10-ans-du-cojep-et-meeting-payant\",\"name\":\"C\u00e9l\u00e9bration des 10 ans du COJEP et meeting payant - C\u00f4te d&#039;Ivoire\",\"isPartOf\":{\"@id\":\"https:\/\/www.africa-press.net\/cotedivoire\/#website\"},\"primaryImageOfPage\":{\"@id\":\"https:\/\/www.africa-press.net\/cotedivoire\/politique\/celebration-des-10-ans-du-cojep-et-meeting-payant#primaryimage\"},\"image\":{\"@id\":\"https:\/\/www.africa-press.net\/cotedivoire\/politique\/celebration-des-10-ans-du-cojep-et-meeting-payant#primaryimage\"},\"thumbnailUrl\":\"https:\/\/static.africa-press.net\/cote\/sites\/43\/2025\/07\/sm_1751470190.07496.jpg\",\"datePublished\":\"2025-07-02T18:10:47+00:00\",\"dateModified\":\"2025-07-02T19:00:20+00:00\",\"author\":{\"@id\":\"https:\/\/www.africa-press.net\/cotedivoire\/#\/schema\/person\/2b1cf3cd81a31e3cd26889ca66d677f1\"},\"description\":\"En France ou\u0300 il se\u0301journe ces derniers jours, Charles Ble\u0301 Goude\u0301, annonce\u0301 la ce\u0301re\u0301monie marquant les 10 ans d\u2019existe ...\",\"breadcrumb\":{\"@id\":\"https:\/\/www.africa-press.net\/cotedivoire\/politique\/celebration-des-10-ans-du-cojep-et-meeting-payant#breadcrumb\"},\"inLanguage\":\"fr-FR\",\"potentialAction\":[{\"@type\":\"ReadAction\",\"target\":[\"https:\/\/www.africa-press.net\/cotedivoire\/politique\/celebration-des-10-ans-du-cojep-et-meeting-payant\"]}]},{\"@type\":\"ImageObject\",\"inLanguage\":\"fr-FR\",\"@id\":\"https:\/\/www.africa-press.net\/cotedivoire\/politique\/celebration-des-10-ans-du-cojep-et-meeting-payant#primaryimage\",\"url\":\"https:\/\/static.africa-press.net\/cote\/sites\/43\/2025\/07\/sm_1751470190.07496.jpg\",\"contentUrl\":\"https:\/\/static.africa-press.net\/cote\/sites\/43\/2025\/07\/sm_1751470190.07496.jpg\",\"width\":720,\"height\":508,\"caption\":\"C\u00e9l\u00e9bration des 10 ans du COJEP et meeting payant\"},{\"@type\":\"BreadcrumbList\",\"@id\":\"https:\/\/www.africa-press.net\/cotedivoire\/politique\/celebration-des-10-ans-du-cojep-et-meeting-payant#breadcrumb\",\"itemListElement\":[{\"@type\":\"ListItem\",\"position\":1,\"name\":\"Accueil\",\"item\":\"https:\/\/www.africa-press.net\/cotedivoire\/\"},{\"@type\":\"ListItem\",\"position\":2,\"name\":\"C\u00e9l\u00e9bration des 10 ans du COJEP et meeting payant\"}]},{\"@type\":\"WebSite\",\"@id\":\"https:\/\/www.africa-press.net\/cotedivoire\/#website\",\"url\":\"https:\/\/www.africa-press.net\/cotedivoire\/\",\"name\":\"C\u00f4te d&#039;Ivoire\",\"description\":\"Just another Africa News Agency Sites site\",\"potentialAction\":[{\"@type\":\"SearchAction\",\"target\":{\"@type\":\"EntryPoint\",\"urlTemplate\":\"https:\/\/www.africa-press.net\/cotedivoire\/?s={search_term_string}\"},\"query-input\":{\"@type\":\"PropertyValueSpecification\",\"valueRequired\":true,\"valueName\":\"search_term_string\"}}],\"inLanguage\":\"fr-FR\"},{\"@type\":\"Person\",\"@id\":\"https:\/\/www.africa-press.net\/cotedivoire\/#\/schema\/person\/2b1cf3cd81a31e3cd26889ca66d677f1\",\"name\":\"cfeditorfr\"}]}<\/script>\n<!-- \/ Yoast SEO Premium plugin. -->","yoast_head_json":{"title":"C\u00e9l\u00e9bration des 10 ans du COJEP et meeting payant - C\u00f4te d&#039;Ivoire","description":"En France ou\u0300 il se\u0301journe ces derniers jours, Charles Ble\u0301 Goude\u0301, annonce\u0301 la ce\u0301re\u0301monie marquant les 10 ans d\u2019existe ...","robots":{"index":"index","follow":"follow","max-snippet":"max-snippet:-1","max-image-preview":"max-image-preview:large","max-video-preview":"max-video-preview:-1"},"canonical":"https:\/\/www.africa-press.net\/cotedivoire\/politique\/celebration-des-10-ans-du-cojep-et-meeting-payant","og_locale":"fr_FR","og_type":"article","og_title":"C\u00e9l\u00e9bration des 10 ans du COJEP et meeting payant","og_description":"En France ou\u0300 il se\u0301journe ces derniers jours, Charles Ble\u0301 Goude\u0301, annonce\u0301 la ce\u0301re\u0301monie marquant les 10 ans d\u2019existe ...","og_url":"https:\/\/www.africa-press.net\/cotedivoire\/politique\/celebration-des-10-ans-du-cojep-et-meeting-payant","og_site_name":"C\u00f4te d&#039;Ivoire","article_published_time":"2025-07-02T18:10:47+00:00","article_modified_time":"2025-07-02T19:00:20+00:00","og_image":[{"width":720,"height":508,"url":"https:\/\/static.africa-press.net\/cote\/sites\/43\/2025\/07\/sm_1751470190.07496.jpg","type":"image\/jpeg"}],"author":"cfeditorfr","twitter_card":"summary_large_image","twitter_misc":{"\u00c9crit par":"cfeditorfr","Dur\u00e9e de lecture estim\u00e9e":"1 minute"},"schema":{"@context":"https:\/\/schema.org","@graph":[{"@type":"Article","@id":"https:\/\/www.africa-press.net\/cotedivoire\/politique\/celebration-des-10-ans-du-cojep-et-meeting-payant#article","isPartOf":{"@id":"https:\/\/www.africa-press.net\/cotedivoire\/politique\/celebration-des-10-ans-du-cojep-et-meeting-payant"},"author":{"name":"cfeditorfr","@id":"https:\/\/www.africa-press.net\/cotedivoire\/#\/schema\/person\/2b1cf3cd81a31e3cd26889ca66d677f1"},"headline":"C\u00e9l\u00e9bration des 10 ans du COJEP et meeting payant","datePublished":"2025-07-02T18:10:47+00:00","dateModified":"2025-07-02T19:00:20+00:00","mainEntityOfPage":{"@id":"https:\/\/www.africa-press.net\/cotedivoire\/politique\/celebration-des-10-ans-du-cojep-et-meeting-payant"},"wordCount":299,"commentCount":0,"image":{"@id":"https:\/\/www.africa-press.net\/cotedivoire\/politique\/celebration-des-10-ans-du-cojep-et-meeting-payant#primaryimage"},"thumbnailUrl":"https:\/\/static.africa-press.net\/cote\/sites\/43\/2025\/07\/sm_1751470190.07496.jpg","keywords":["Bl\u00e9 Goud\u00e9","Cojep","C\u00d4TE D'IVOIRE","Ficgayo","meeting","payant","Yopougon"],"articleSection":["Politique","Toutes les actualit\u00e9s"],"inLanguage":"fr-FR","potentialAction":[{"@type":"CommentAction","name":"Comment","target":["https:\/\/www.africa-press.net\/cotedivoire\/politique\/celebration-des-10-ans-du-cojep-et-meeting-payant#respond"]}]},{"@type":"WebPage","@id":"https:\/\/www.africa-press.net\/cotedivoire\/politique\/celebration-des-10-ans-du-cojep-et-meeting-payant","url":"https:\/\/www.africa-press.net\/cotedivoire\/politique\/celebration-des-10-ans-du-cojep-et-meeting-payant","name":"C\u00e9l\u00e9bration des 10 ans du COJEP et meeting payant - C\u00f4te d&#039;Ivoire","isPartOf":{"@id":"https:\/\/www.africa-press.net\/cotedivoire\/#website"},"primaryImageOfPage":{"@id":"https:\/\/www.africa-press.net\/cotedivoire\/politique\/celebration-des-10-ans-du-cojep-et-meeting-payant#primaryimage"},"image":{"@id":"https:\/\/www.africa-press.net\/cotedivoire\/politique\/celebration-des-10-ans-du-cojep-et-meeting-payant#primaryimage"},"thumbnailUrl":"https:\/\/static.africa-press.net\/cote\/sites\/43\/2025\/07\/sm_1751470190.07496.jpg","datePublished":"2025-07-02T18:10:47+00:00","dateModified":"2025-07-02T19:00:20+00:00","author":{"@id":"https:\/\/www.africa-press.net\/cotedivoire\/#\/schema\/person\/2b1cf3cd81a31e3cd26889ca66d677f1"},"description":"En France ou\u0300 il se\u0301journe ces derniers jours, Charles Ble\u0301 Goude\u0301, annonce\u0301 la ce\u0301re\u0301monie marquant les 10 ans d\u2019existe ...","breadcrumb":{"@id":"https:\/\/www.africa-press.net\/cotedivoire\/politique\/celebration-des-10-ans-du-cojep-et-meeting-payant#breadcrumb"},"inLanguage":"fr-FR","potentialAction":[{"@type":"ReadAction","target":["https:\/\/www.africa-press.net\/cotedivoire\/politique\/celebration-des-10-ans-du-cojep-et-meeting-payant"]}]},{"@type":"ImageObject","inLanguage":"fr-FR","@id":"https:\/\/www.africa-press.net\/cotedivoire\/politique\/celebration-des-10-ans-du-cojep-et-meeting-payant#primaryimage","url":"https:\/\/static.africa-press.net\/cote\/sites\/43\/2025\/07\/sm_1751470190.07496.jpg","contentUrl":"https:\/\/static.africa-press.net\/cote\/sites\/43\/2025\/07\/sm_1751470190.07496.jpg","width":720,"height":508,"caption":"C\u00e9l\u00e9bration des 10 ans du COJEP et meeting payant"},{"@type":"BreadcrumbList","@id":"https:\/\/www.africa-press.net\/cotedivoire\/politique\/celebration-des-10-ans-du-cojep-et-meeting-payant#breadcrumb","itemListElement":[{"@type":"ListItem","position":1,"name":"Accueil","item":"https:\/\/www.africa-press.net\/cotedivoire\/"},{"@type":"ListItem","position":2,"name":"C\u00e9l\u00e9bration des 10 ans du COJEP et meeting payant"}]},{"@type":"WebSite","@id":"https:\/\/www.africa-press.net\/cotedivoire\/#website","url":"https:\/\/www.africa-press.net\/cotedivoire\/","name":"C\u00f4te d&#039;Ivoire","description":"Just another Africa News Agency Sites site","potentialAction":[{"@type":"SearchAction","target":{"@type":"EntryPoint","urlTemplate":"https:\/\/www.africa-press.net\/cotedivoire\/?s={search_term_string}"},"query-input":{"@type":"PropertyValueSpecification","valueRequired":true,"valueName":"search_term_string"}}],"inLanguage":"fr-FR"},{"@type":"Person","@id":"https:\/\/www.africa-press.net\/cotedivoire\/#\/schema\/person\/2b1cf3cd81a31e3cd26889ca66d677f1","name":"cfeditorfr"}]}},"_links":{"self":[{"href":"https:\/\/www.africa-press.net\/cotedivoire\/wp-json\/wp\/v2\/posts\/101624","targetHints":{"allow":["GET"]}}],"collection":[{"href":"https:\/\/www.africa-press.net\/cotedivoire\/wp-json\/wp\/v2\/posts"}],"about":[{"href":"https:\/\/www.africa-press.net\/cotedivoire\/wp-json\/wp\/v2\/types\/post"}],"author":[{"embeddable":true,"href":"https:\/\/www.africa-press.net\/cotedivoire\/wp-json\/wp\/v2\/users\/82"}],"replies":[{"embeddable":true,"href":"https:\/\/www.africa-press.net\/cotedivoire\/wp-json\/wp\/v2\/comments?post=101624"}],"version-history":[{"count":0,"href":"https:\/\/www.africa-press.net\/cotedivoire\/wp-json\/wp\/v2\/posts\/101624\/revisions"}],"wp:featuredmedia":[{"embeddable":true,"href":"https:\/\/www.africa-press.net\/cotedivoire\/wp-json\/wp\/v2\/media\/101623"}],"wp:attachment":[{"href":"https:\/\/www.africa-press.net\/cotedivoire\/wp-json\/wp\/v2\/media?parent=101624"}],"wp:term":[{"taxonomy":"category","embeddable":true,"href":"https:\/\/www.africa-press.net\/cotedivoire\/wp-json\/wp\/v2\/categories?post=101624"},{"taxonomy":"post_tag","embeddable":true,"href":"https:\/\/www.africa-press.net\/cotedivoire\/wp-json\/wp\/v2\/tags?post=101624"}],"curies":[{"name":"wp","href":"https:\/\/api.w.org\/{rel}","templated":true}]}}