{"id":10166,"date":"2021-07-20T09:45:29","date_gmt":"2021-07-20T09:45:29","guid":{"rendered":"https:\/\/www.africa-press.net\/cotedivoire\/?p=10166"},"modified":"2021-07-20T17:52:27","modified_gmt":"2021-07-20T17:52:27","slug":"politique-sanitaire-en-cote-divoire-lhopital-general-dadjame-a-un-nouveau-visage","status":"publish","type":"post","link":"https:\/\/www.africa-press.net\/cotedivoire\/toutes-les-actualites\/politique-sanitaire-en-cote-divoire-lhopital-general-dadjame-a-un-nouveau-visage","title":{"rendered":"Politique sanitaire en C\u00f4te-d\u2019Ivoire: L\u2019h\u00f4pital g\u00e9n\u00e9ral d\u2019Adjam\u00e9 a un nouveau visage"},"content":{"rendered":"<p><span style=\"color: #ff6600\"><strong><a href=\"https:\/\/www.africa-press.net\/\">Africa-Press<\/a> &#8211; <a href=\"https:\/\/www.africa-press.net\/cotedivoire\">C\u00f4te d&rsquo;Ivoire<\/a>. <\/strong><\/span>Med Afrique, la filiale du groupe Snedai a livr\u00e9 le 16 juillet 2021, les nouvelles infrastructures de l\u2019h\u00f4pital g\u00e9n\u00e9ral d\u2019Adjam\u00e9. C\u2019\u00e9tait en pr\u00e9sence du premier ministre Patrick Achi qui a proc\u00e9d\u00e9 \u00e0 la coupure du ruban symbolique.<\/p>\n<p>Le nouvel h\u00f4pital offre ainsi de bonnes commodit\u00e9s \u00e0 m\u00eame d\u2019accueillir dans de meilleures conditions les usagers.<\/p>\n<p>12 milliards de Fcfa ont \u00e9t\u00e9 n\u00e9cessaires pour la livraison de cette premi\u00e8re phase des travaux d\u00e9but\u00e9e en 2018.<\/p>\n<p>Selon les autorit\u00e9s sanitaires, cette r\u00e9habilitation a permis de mettre les services concern\u00e9s par cette phase aux normes internationales.<\/p>\n<p>Les lits d\u2019hospitalisation passent de 70 \u00e0 150 soit plus du double des anciennes capacit\u00e9s d\u2019accueil. De quoi r\u00e9jouir le personnel et le docteur Doumbia, directeur de cet h\u00f4pital.<\/p>\n<p>En quoi ont consist\u00e9 concr\u00e8tement les travaux de r\u00e9habilitation inaugur\u00e9s ?<\/p>\n<p>\u00ab Les travaux de r\u00e9habilitation ont d\u00e9but\u00e9 en F\u00e9vrier 2018 et comprennent :<\/p>\n<p>\u2022 La r\u00e9habilitation des infrastructures existantes :<\/p>\n<p>o le B\u00e2timent principal R+1<\/p>\n<p>o le B\u00e2timent des blocs op\u00e9ratoires ;<\/p>\n<p>o le B\u00e2timent cuisine et services techniques.<\/p>\n<p>\u2022 Les travaux neufs avec le rajout d\u2019un niveau compl\u00e9mentaire sur le b\u00e2timent \u00bb. Tel est le d\u00e9tail d\u2019une note de synth\u00e8se du constructeur MedAfrique.<\/p>\n<p>De nouveaux \u00e9quipements ont \u00e9t\u00e9 pr\u00e9sent\u00e9s \u00e0 la presse avec d\u00e9monstration \u00e0 l\u2019appui. Entre autres, des lits d\u2019accouchement pour la maternit\u00e9, des appareils gyn\u00e9cologiques, des couveuses, des lits d\u2019op\u00e9ration\u2026<\/p>\n<p>Le projet comprend \u00e9galement la formation du personnel \u00e0 l\u2019utilisation et \u00e0 la maintenance du mat\u00e9riel.<\/p>\n<p>\u00ab Le gouvernement est au travail \u00bb, s\u2019est r\u00e9joui le premier ministre Patrick Achi apr\u00e8s la coupure du ruban.<\/p>\n<p>Apr\u00e8s la phase d\u2019inauguration, il reste maintenant l\u2019homologation du Bureau national d\u2019\u00e9tudes techniques et de d\u00e9veloppement (Bnetd, partenaire technique) avant le d\u00e9marrage des activit\u00e9s dans les services r\u00e9habilit\u00e9s et cela ne devrait pas prendre beaucoup de temps, selon le directeur de MedAfrique, M. Soumahoro.<\/p>\n<p>Huit h\u00f4pitaux sont concern\u00e9s par ce projet de r\u00e9habilitation ou de r\u00e9novation des plateaux sanitaires \u00e0 Abidjan et \u00e0 l\u2019int\u00e9rieur du pays. Apr\u00e8s Adjam\u00e9 le Chr de Daloa va lui aussi \u00eatre inaugur\u00e9 le 24 juillet prochain, selon une source proche.<\/p>\n<p>&nbsp;<\/p>\n","protected":false},"excerpt":{"rendered":"<p>Africa-Press &#8211; C\u00f4te d&rsquo;Ivoire. Med Afrique, la filiale du groupe Snedai a livr\u00e9 le 16 juillet 2021, les nouvelles infrastructures de l\u2019h\u00f4pital g\u00e9n\u00e9ral d\u2019Adjam\u00e9. C\u2019\u00e9tait en pr\u00e9sence du premier ministre Patrick Achi qui a proc\u00e9d\u00e9 \u00e0 la coupure du ruban symbolique. Le nouvel h\u00f4pital offre ainsi de bonnes commodit\u00e9s \u00e0 m\u00eame d\u2019accueillir dans de meilleures [&hellip;]<\/p>\n","protected":false},"author":82,"featured_media":10165,"comment_status":"open","ping_status":"closed","sticky":false,"template":"","format":"standard","meta":{"footnotes":""},"categories":[21,11,10],"tags":[56,63,29],"class_list":["post-10166","post","type-post","status-publish","format-standard","has-post-thumbnail","hentry","category-communaute","category-homepage-french","category-toutes-les-actualites","tag-africa-press","tag-africa-press-cote-divoire","tag-cote-divoire"],"yoast_head":"<!-- This site is optimized with the Yoast SEO Premium plugin v26.1 (Yoast SEO v27.0) - https:\/\/yoast.com\/product\/yoast-seo-premium-wordpress\/ -->\n<title>Politique sanitaire en C\u00f4te-d\u2019Ivoire: L\u2019h\u00f4pital g\u00e9n\u00e9ral d\u2019Adjam\u00e9 a un nouveau visage - C\u00f4te d&#039;Ivoire<\/title>\n<meta name=\"description\" content=\"Med Afrique, la filiale du groupe Snedai a livr\u00e9 le 16 juillet 2021, les nouvelles infrastructures de l\u2019h\u00f4pital g\u00e9n\u00e9ral ...\" \/>\n<meta name=\"robots\" content=\"index, follow, max-snippet:-1, max-image-preview:large, max-video-preview:-1\" \/>\n<link rel=\"canonical\" href=\"https:\/\/www.africa-press.net\/cotedivoire\/toutes-les-actualites\/politique-sanitaire-en-cote-divoire-lhopital-general-dadjame-a-un-nouveau-visage\" \/>\n<meta property=\"og:locale\" content=\"fr_FR\" \/>\n<meta property=\"og:type\" content=\"article\" \/>\n<meta property=\"og:title\" content=\"Politique sanitaire en C\u00f4te-d\u2019Ivoire: L\u2019h\u00f4pital g\u00e9n\u00e9ral d\u2019Adjam\u00e9 a un nouveau visage\" \/>\n<meta property=\"og:description\" content=\"Med Afrique, la filiale du groupe Snedai a livr\u00e9 le 16 juillet 2021, les nouvelles infrastructures de l\u2019h\u00f4pital g\u00e9n\u00e9ral ...\" \/>\n<meta property=\"og:url\" content=\"https:\/\/www.africa-press.net\/cotedivoire\/toutes-les-actualites\/politique-sanitaire-en-cote-divoire-lhopital-general-dadjame-a-un-nouveau-visage\" \/>\n<meta property=\"og:site_name\" content=\"C\u00f4te d&#039;Ivoire\" \/>\n<meta property=\"article:published_time\" content=\"2021-07-20T09:45:29+00:00\" \/>\n<meta property=\"article:modified_time\" content=\"2021-07-20T17:52:27+00:00\" \/>\n<meta property=\"og:image\" content=\"https:\/\/static.africa-press.net\/cote\/sites\/43\/2021\/07\/img-60f6991158921.jpg\" \/>\n\t<meta property=\"og:image:width\" content=\"1080\" \/>\n\t<meta property=\"og:image:height\" content=\"720\" \/>\n\t<meta property=\"og:image:type\" content=\"image\/jpeg\" \/>\n<meta name=\"author\" content=\"cfeditorfr\" \/>\n<meta name=\"twitter:card\" content=\"summary_large_image\" \/>\n<meta name=\"twitter:label1\" content=\"\u00c9crit par\" \/>\n\t<meta name=\"twitter:data1\" content=\"cfeditorfr\" \/>\n\t<meta name=\"twitter:label2\" content=\"Dur\u00e9e de lecture estim\u00e9e\" \/>\n\t<meta name=\"twitter:data2\" content=\"2 minutes\" \/>\n<script type=\"application\/ld+json\" class=\"yoast-schema-graph\">{\"@context\":\"https:\/\/schema.org\",\"@graph\":[{\"@type\":\"Article\",\"@id\":\"https:\/\/www.africa-press.net\/cotedivoire\/toutes-les-actualites\/politique-sanitaire-en-cote-divoire-lhopital-general-dadjame-a-un-nouveau-visage#article\",\"isPartOf\":{\"@id\":\"https:\/\/www.africa-press.net\/cotedivoire\/toutes-les-actualites\/politique-sanitaire-en-cote-divoire-lhopital-general-dadjame-a-un-nouveau-visage\"},\"author\":{\"name\":\"cfeditorfr\",\"@id\":\"https:\/\/www.africa-press.net\/cotedivoire\/#\/schema\/person\/2b1cf3cd81a31e3cd26889ca66d677f1\"},\"headline\":\"Politique sanitaire en C\u00f4te-d\u2019Ivoire: L\u2019h\u00f4pital g\u00e9n\u00e9ral d\u2019Adjam\u00e9 a un nouveau visage\",\"datePublished\":\"2021-07-20T09:45:29+00:00\",\"dateModified\":\"2021-07-20T17:52:27+00:00\",\"mainEntityOfPage\":{\"@id\":\"https:\/\/www.africa-press.net\/cotedivoire\/toutes-les-actualites\/politique-sanitaire-en-cote-divoire-lhopital-general-dadjame-a-un-nouveau-visage\"},\"wordCount\":413,\"commentCount\":0,\"image\":{\"@id\":\"https:\/\/www.africa-press.net\/cotedivoire\/toutes-les-actualites\/politique-sanitaire-en-cote-divoire-lhopital-general-dadjame-a-un-nouveau-visage#primaryimage\"},\"thumbnailUrl\":\"https:\/\/static.africa-press.net\/cote\/sites\/43\/2021\/07\/img-60f6991158921.jpg\",\"keywords\":[\"Africa Press\",\"Africa Press-C\u00f4te d'Ivoire\",\"C\u00d4TE D'IVOIRE\"],\"articleSection\":[\"Communaut\u00e9\",\"homepage-french\",\"Toutes les actualit\u00e9s\"],\"inLanguage\":\"fr-FR\",\"potentialAction\":[{\"@type\":\"CommentAction\",\"name\":\"Comment\",\"target\":[\"https:\/\/www.africa-press.net\/cotedivoire\/toutes-les-actualites\/politique-sanitaire-en-cote-divoire-lhopital-general-dadjame-a-un-nouveau-visage#respond\"]}]},{\"@type\":\"WebPage\",\"@id\":\"https:\/\/www.africa-press.net\/cotedivoire\/toutes-les-actualites\/politique-sanitaire-en-cote-divoire-lhopital-general-dadjame-a-un-nouveau-visage\",\"url\":\"https:\/\/www.africa-press.net\/cotedivoire\/toutes-les-actualites\/politique-sanitaire-en-cote-divoire-lhopital-general-dadjame-a-un-nouveau-visage\",\"name\":\"Politique sanitaire en C\u00f4te-d\u2019Ivoire: L\u2019h\u00f4pital g\u00e9n\u00e9ral d\u2019Adjam\u00e9 a un nouveau visage - C\u00f4te d&#039;Ivoire\",\"isPartOf\":{\"@id\":\"https:\/\/www.africa-press.net\/cotedivoire\/#website\"},\"primaryImageOfPage\":{\"@id\":\"https:\/\/www.africa-press.net\/cotedivoire\/toutes-les-actualites\/politique-sanitaire-en-cote-divoire-lhopital-general-dadjame-a-un-nouveau-visage#primaryimage\"},\"image\":{\"@id\":\"https:\/\/www.africa-press.net\/cotedivoire\/toutes-les-actualites\/politique-sanitaire-en-cote-divoire-lhopital-general-dadjame-a-un-nouveau-visage#primaryimage\"},\"thumbnailUrl\":\"https:\/\/static.africa-press.net\/cote\/sites\/43\/2021\/07\/img-60f6991158921.jpg\",\"datePublished\":\"2021-07-20T09:45:29+00:00\",\"dateModified\":\"2021-07-20T17:52:27+00:00\",\"author\":{\"@id\":\"https:\/\/www.africa-press.net\/cotedivoire\/#\/schema\/person\/2b1cf3cd81a31e3cd26889ca66d677f1\"},\"description\":\"Med Afrique, la filiale du groupe Snedai a livr\u00e9 le 16 juillet 2021, les nouvelles infrastructures de l\u2019h\u00f4pital g\u00e9n\u00e9ral ...\",\"breadcrumb\":{\"@id\":\"https:\/\/www.africa-press.net\/cotedivoire\/toutes-les-actualites\/politique-sanitaire-en-cote-divoire-lhopital-general-dadjame-a-un-nouveau-visage#breadcrumb\"},\"inLanguage\":\"fr-FR\",\"potentialAction\":[{\"@type\":\"ReadAction\",\"target\":[\"https:\/\/www.africa-press.net\/cotedivoire\/toutes-les-actualites\/politique-sanitaire-en-cote-divoire-lhopital-general-dadjame-a-un-nouveau-visage\"]}]},{\"@type\":\"ImageObject\",\"inLanguage\":\"fr-FR\",\"@id\":\"https:\/\/www.africa-press.net\/cotedivoire\/toutes-les-actualites\/politique-sanitaire-en-cote-divoire-lhopital-general-dadjame-a-un-nouveau-visage#primaryimage\",\"url\":\"https:\/\/static.africa-press.net\/cote\/sites\/43\/2021\/07\/img-60f6991158921.jpg\",\"contentUrl\":\"https:\/\/static.africa-press.net\/cote\/sites\/43\/2021\/07\/img-60f6991158921.jpg\",\"width\":1080,\"height\":720,\"caption\":\"Politique sanitaire en C\u00f4te-d\u2019Ivoire: L\u2019h\u00f4pital g\u00e9n\u00e9ral d\u2019Adjam\u00e9 a un nouveau visage\"},{\"@type\":\"BreadcrumbList\",\"@id\":\"https:\/\/www.africa-press.net\/cotedivoire\/toutes-les-actualites\/politique-sanitaire-en-cote-divoire-lhopital-general-dadjame-a-un-nouveau-visage#breadcrumb\",\"itemListElement\":[{\"@type\":\"ListItem\",\"position\":1,\"name\":\"Accueil\",\"item\":\"https:\/\/www.africa-press.net\/cotedivoire\/\"},{\"@type\":\"ListItem\",\"position\":2,\"name\":\"Politique sanitaire en C\u00f4te-d\u2019Ivoire: L\u2019h\u00f4pital g\u00e9n\u00e9ral d\u2019Adjam\u00e9 a un nouveau visage\"}]},{\"@type\":\"WebSite\",\"@id\":\"https:\/\/www.africa-press.net\/cotedivoire\/#website\",\"url\":\"https:\/\/www.africa-press.net\/cotedivoire\/\",\"name\":\"C\u00f4te d&#039;Ivoire\",\"description\":\"Just another Africa News Agency Sites site\",\"potentialAction\":[{\"@type\":\"SearchAction\",\"target\":{\"@type\":\"EntryPoint\",\"urlTemplate\":\"https:\/\/www.africa-press.net\/cotedivoire\/?s={search_term_string}\"},\"query-input\":{\"@type\":\"PropertyValueSpecification\",\"valueRequired\":true,\"valueName\":\"search_term_string\"}}],\"inLanguage\":\"fr-FR\"},{\"@type\":\"Person\",\"@id\":\"https:\/\/www.africa-press.net\/cotedivoire\/#\/schema\/person\/2b1cf3cd81a31e3cd26889ca66d677f1\",\"name\":\"cfeditorfr\"}]}<\/script>\n<!-- \/ Yoast SEO Premium plugin. -->","yoast_head_json":{"title":"Politique sanitaire en C\u00f4te-d\u2019Ivoire: L\u2019h\u00f4pital g\u00e9n\u00e9ral d\u2019Adjam\u00e9 a un nouveau visage - C\u00f4te d&#039;Ivoire","description":"Med Afrique, la filiale du groupe Snedai a livr\u00e9 le 16 juillet 2021, les nouvelles infrastructures de l\u2019h\u00f4pital g\u00e9n\u00e9ral ...","robots":{"index":"index","follow":"follow","max-snippet":"max-snippet:-1","max-image-preview":"max-image-preview:large","max-video-preview":"max-video-preview:-1"},"canonical":"https:\/\/www.africa-press.net\/cotedivoire\/toutes-les-actualites\/politique-sanitaire-en-cote-divoire-lhopital-general-dadjame-a-un-nouveau-visage","og_locale":"fr_FR","og_type":"article","og_title":"Politique sanitaire en C\u00f4te-d\u2019Ivoire: L\u2019h\u00f4pital g\u00e9n\u00e9ral d\u2019Adjam\u00e9 a un nouveau visage","og_description":"Med Afrique, la filiale du groupe Snedai a livr\u00e9 le 16 juillet 2021, les nouvelles infrastructures de l\u2019h\u00f4pital g\u00e9n\u00e9ral ...","og_url":"https:\/\/www.africa-press.net\/cotedivoire\/toutes-les-actualites\/politique-sanitaire-en-cote-divoire-lhopital-general-dadjame-a-un-nouveau-visage","og_site_name":"C\u00f4te d&#039;Ivoire","article_published_time":"2021-07-20T09:45:29+00:00","article_modified_time":"2021-07-20T17:52:27+00:00","og_image":[{"width":1080,"height":720,"url":"https:\/\/static.africa-press.net\/cote\/sites\/43\/2021\/07\/img-60f6991158921.jpg","type":"image\/jpeg"}],"author":"cfeditorfr","twitter_card":"summary_large_image","twitter_misc":{"\u00c9crit par":"cfeditorfr","Dur\u00e9e de lecture estim\u00e9e":"2 minutes"},"schema":{"@context":"https:\/\/schema.org","@graph":[{"@type":"Article","@id":"https:\/\/www.africa-press.net\/cotedivoire\/toutes-les-actualites\/politique-sanitaire-en-cote-divoire-lhopital-general-dadjame-a-un-nouveau-visage#article","isPartOf":{"@id":"https:\/\/www.africa-press.net\/cotedivoire\/toutes-les-actualites\/politique-sanitaire-en-cote-divoire-lhopital-general-dadjame-a-un-nouveau-visage"},"author":{"name":"cfeditorfr","@id":"https:\/\/www.africa-press.net\/cotedivoire\/#\/schema\/person\/2b1cf3cd81a31e3cd26889ca66d677f1"},"headline":"Politique sanitaire en C\u00f4te-d\u2019Ivoire: L\u2019h\u00f4pital g\u00e9n\u00e9ral d\u2019Adjam\u00e9 a un nouveau visage","datePublished":"2021-07-20T09:45:29+00:00","dateModified":"2021-07-20T17:52:27+00:00","mainEntityOfPage":{"@id":"https:\/\/www.africa-press.net\/cotedivoire\/toutes-les-actualites\/politique-sanitaire-en-cote-divoire-lhopital-general-dadjame-a-un-nouveau-visage"},"wordCount":413,"commentCount":0,"image":{"@id":"https:\/\/www.africa-press.net\/cotedivoire\/toutes-les-actualites\/politique-sanitaire-en-cote-divoire-lhopital-general-dadjame-a-un-nouveau-visage#primaryimage"},"thumbnailUrl":"https:\/\/static.africa-press.net\/cote\/sites\/43\/2021\/07\/img-60f6991158921.jpg","keywords":["Africa Press","Africa Press-C\u00f4te d'Ivoire","C\u00d4TE D'IVOIRE"],"articleSection":["Communaut\u00e9","homepage-french","Toutes les actualit\u00e9s"],"inLanguage":"fr-FR","potentialAction":[{"@type":"CommentAction","name":"Comment","target":["https:\/\/www.africa-press.net\/cotedivoire\/toutes-les-actualites\/politique-sanitaire-en-cote-divoire-lhopital-general-dadjame-a-un-nouveau-visage#respond"]}]},{"@type":"WebPage","@id":"https:\/\/www.africa-press.net\/cotedivoire\/toutes-les-actualites\/politique-sanitaire-en-cote-divoire-lhopital-general-dadjame-a-un-nouveau-visage","url":"https:\/\/www.africa-press.net\/cotedivoire\/toutes-les-actualites\/politique-sanitaire-en-cote-divoire-lhopital-general-dadjame-a-un-nouveau-visage","name":"Politique sanitaire en C\u00f4te-d\u2019Ivoire: L\u2019h\u00f4pital g\u00e9n\u00e9ral d\u2019Adjam\u00e9 a un nouveau visage - C\u00f4te d&#039;Ivoire","isPartOf":{"@id":"https:\/\/www.africa-press.net\/cotedivoire\/#website"},"primaryImageOfPage":{"@id":"https:\/\/www.africa-press.net\/cotedivoire\/toutes-les-actualites\/politique-sanitaire-en-cote-divoire-lhopital-general-dadjame-a-un-nouveau-visage#primaryimage"},"image":{"@id":"https:\/\/www.africa-press.net\/cotedivoire\/toutes-les-actualites\/politique-sanitaire-en-cote-divoire-lhopital-general-dadjame-a-un-nouveau-visage#primaryimage"},"thumbnailUrl":"https:\/\/static.africa-press.net\/cote\/sites\/43\/2021\/07\/img-60f6991158921.jpg","datePublished":"2021-07-20T09:45:29+00:00","dateModified":"2021-07-20T17:52:27+00:00","author":{"@id":"https:\/\/www.africa-press.net\/cotedivoire\/#\/schema\/person\/2b1cf3cd81a31e3cd26889ca66d677f1"},"description":"Med Afrique, la filiale du groupe Snedai a livr\u00e9 le 16 juillet 2021, les nouvelles infrastructures de l\u2019h\u00f4pital g\u00e9n\u00e9ral ...","breadcrumb":{"@id":"https:\/\/www.africa-press.net\/cotedivoire\/toutes-les-actualites\/politique-sanitaire-en-cote-divoire-lhopital-general-dadjame-a-un-nouveau-visage#breadcrumb"},"inLanguage":"fr-FR","potentialAction":[{"@type":"ReadAction","target":["https:\/\/www.africa-press.net\/cotedivoire\/toutes-les-actualites\/politique-sanitaire-en-cote-divoire-lhopital-general-dadjame-a-un-nouveau-visage"]}]},{"@type":"ImageObject","inLanguage":"fr-FR","@id":"https:\/\/www.africa-press.net\/cotedivoire\/toutes-les-actualites\/politique-sanitaire-en-cote-divoire-lhopital-general-dadjame-a-un-nouveau-visage#primaryimage","url":"https:\/\/static.africa-press.net\/cote\/sites\/43\/2021\/07\/img-60f6991158921.jpg","contentUrl":"https:\/\/static.africa-press.net\/cote\/sites\/43\/2021\/07\/img-60f6991158921.jpg","width":1080,"height":720,"caption":"Politique sanitaire en C\u00f4te-d\u2019Ivoire: L\u2019h\u00f4pital g\u00e9n\u00e9ral d\u2019Adjam\u00e9 a un nouveau visage"},{"@type":"BreadcrumbList","@id":"https:\/\/www.africa-press.net\/cotedivoire\/toutes-les-actualites\/politique-sanitaire-en-cote-divoire-lhopital-general-dadjame-a-un-nouveau-visage#breadcrumb","itemListElement":[{"@type":"ListItem","position":1,"name":"Accueil","item":"https:\/\/www.africa-press.net\/cotedivoire\/"},{"@type":"ListItem","position":2,"name":"Politique sanitaire en C\u00f4te-d\u2019Ivoire: L\u2019h\u00f4pital g\u00e9n\u00e9ral d\u2019Adjam\u00e9 a un nouveau visage"}]},{"@type":"WebSite","@id":"https:\/\/www.africa-press.net\/cotedivoire\/#website","url":"https:\/\/www.africa-press.net\/cotedivoire\/","name":"C\u00f4te d&#039;Ivoire","description":"Just another Africa News Agency Sites site","potentialAction":[{"@type":"SearchAction","target":{"@type":"EntryPoint","urlTemplate":"https:\/\/www.africa-press.net\/cotedivoire\/?s={search_term_string}"},"query-input":{"@type":"PropertyValueSpecification","valueRequired":true,"valueName":"search_term_string"}}],"inLanguage":"fr-FR"},{"@type":"Person","@id":"https:\/\/www.africa-press.net\/cotedivoire\/#\/schema\/person\/2b1cf3cd81a31e3cd26889ca66d677f1","name":"cfeditorfr"}]}},"_links":{"self":[{"href":"https:\/\/www.africa-press.net\/cotedivoire\/wp-json\/wp\/v2\/posts\/10166","targetHints":{"allow":["GET"]}}],"collection":[{"href":"https:\/\/www.africa-press.net\/cotedivoire\/wp-json\/wp\/v2\/posts"}],"about":[{"href":"https:\/\/www.africa-press.net\/cotedivoire\/wp-json\/wp\/v2\/types\/post"}],"author":[{"embeddable":true,"href":"https:\/\/www.africa-press.net\/cotedivoire\/wp-json\/wp\/v2\/users\/82"}],"replies":[{"embeddable":true,"href":"https:\/\/www.africa-press.net\/cotedivoire\/wp-json\/wp\/v2\/comments?post=10166"}],"version-history":[{"count":0,"href":"https:\/\/www.africa-press.net\/cotedivoire\/wp-json\/wp\/v2\/posts\/10166\/revisions"}],"wp:featuredmedia":[{"embeddable":true,"href":"https:\/\/www.africa-press.net\/cotedivoire\/wp-json\/wp\/v2\/media\/10165"}],"wp:attachment":[{"href":"https:\/\/www.africa-press.net\/cotedivoire\/wp-json\/wp\/v2\/media?parent=10166"}],"wp:term":[{"taxonomy":"category","embeddable":true,"href":"https:\/\/www.africa-press.net\/cotedivoire\/wp-json\/wp\/v2\/categories?post=10166"},{"taxonomy":"post_tag","embeddable":true,"href":"https:\/\/www.africa-press.net\/cotedivoire\/wp-json\/wp\/v2\/tags?post=10166"}],"curies":[{"name":"wp","href":"https:\/\/api.w.org\/{rel}","templated":true}]}}