{"id":101680,"date":"2025-07-03T16:04:05","date_gmt":"2025-07-03T16:04:05","guid":{"rendered":"https:\/\/www.africa-press.net\/cotedivoire\/politique\/synafeci-annonce-sit-in-pour-factures-impayees"},"modified":"2025-07-03T16:32:35","modified_gmt":"2025-07-03T16:32:35","slug":"synafeci-annonce-sit-in-pour-factures-impayees","status":"publish","type":"post","link":"https:\/\/www.africa-press.net\/cotedivoire\/economie\/synafeci-annonce-sit-in-pour-factures-impayees","title":{"rendered":"SYNAFECI Annonce Sit-in Pour Factures Impay\u00e9es"},"content":{"rendered":"<p><span style=\"color: #ff6600\"><strong>Africa-Press &#8211; C\u00f4te d&rsquo;Ivoire. <\/strong><\/span>Le Syndicat National des Fournisseurs de l&rsquo;E\u0301tat de Co\u0302te d&rsquo;Ivoire (SYNAFECI) a tenu mardi une confe\u0301rence de presse pour de\u0301noncer ce qu\u2019il qualifie de \u00ab me\u0301pris \u00bb et de \u00ab mauvaise gouvernance \u00bb de la part de certains hauts fonctionnaires du ministe\u0300re des Finances et du Budget. Au c\u0153ur des tensions: le non-paiement de plus de 39 milliards de FCFA de factures en attente depuis janvier 2024, et la gestion juge\u0301e partiale de la Taxe Spe\u0301ciale d\u2019E\u0301quipement (TSE).<\/p>\n<p>Selon le Pre\u0301sident du SYNAFECI, Faustin Gre\u0301, malgre\u0301 plusieurs se\u0301ances de travail avec les services gouvernementaux &#8211; y compris le ministe\u0300re des Finances, la Direction Ge\u0301ne\u0301rale du Tre\u0301sor et la Direction Ge\u0301ne\u0301rale des Impo\u0302ts (DGI) &#8211; aucune avance\u0301e concre\u0300te n\u2019a e\u0301te\u0301 enregistre\u0301e.<\/p>\n<p>Les fournisseurs de\u0301noncent un blocage administratif \u00ab injustifie\u0301 \u00bb, et pointent du doigt le Directeur Ge\u0301ne\u0301ral du Tre\u0301sor, Ahoussi Arthur Augustin Pascal, qu\u2019ils accusent de faire obstruction a\u0300 l\u2019exe\u0301cution des directives pre\u0301sidentielles concernant le paiement des factures.<\/p>\n<p>Le pre\u0301sident du syndicat e\u0301voque e\u0301galement une \u00ab hostilite\u0301 ancienne \u00bb entre M. Ahoussi et le SYNAFECI remontant a\u0300 son passage a\u0300 Yamoussoukro, ainsi qu\u2019un conflit d\u2019inte\u0301re\u0302t familial impliquant un proche du Directeur du Tre\u0301sor, qui militerait en coulisse pour l\u2019exclusion du SYNAFECI des discussions officielles.<\/p>\n<p>Le SYNAFECI s\u2019interroge e\u0301galement sur la gestion exclusive des fonds issus de la TSE, e\u0301value\u0301e a\u0300 plus de 1000 milliards FCFA depuis 2008, dont 300 milliards FCFA entre 2019 et 2020, cense\u0301s be\u0301ne\u0301ficier a\u0300 l\u2019ensemble des organisations professionnelles du secteur prive\u0301. En pratique, ces ressources auraient e\u0301te\u0301 entie\u0300rement reverse\u0301es a\u0300 la Confe\u0301de\u0301ration Ge\u0301ne\u0301rale des Entreprises de Co\u0302te d\u2019Ivoire (CGECI), au de\u0301triment d&rsquo;autres structures repre\u0301sentatives comme le SYNAFECI.<\/p>\n<p>Pour Faustin Gre\u0301, cette situation constitue une injustice fiscale flagrante, contraire aux dispositions du Code Ge\u0301ne\u0301ral des Impo\u0302ts qui pre\u0301voit une re\u0301partition e\u0301quitable du tiers des recettes de la TSE a\u0300 toutes les organisations professionnelles.<\/p>\n<p>Face a\u0300 ce qu\u2019il qualifie de \u00ab de\u0301sobe\u0301issance flagrante \u00bb de certains hauts fonctionnaires aux instructions du Chef de l\u2019E\u0301tat, le SYNAFECI en appelle directement au Pre\u0301sident Alassane Ouattara, ainsi qu\u2019a\u0300 l\u2019ensemble des institutions exe\u0301cutives, le\u0301gislatives, judiciaires et se\u0301curitaires du pays. L\u2019objectif: re\u0301tablir un climat de dialogue, de justice et de transparence dans les rapports entre l\u2019E\u0301tat et ses fournisseurs.<\/p>\n<p>A\u0300 de\u0301faut d\u2019une re\u0301ponse favorable d\u2019ici la\u0300, le SYNAFECI annonce l\u2019organisation d\u2019un sit-in pacifique le mercredi 16 juillet 2025, a\u0300 partir de 7h30, devant l\u2019immeuble SCIAM au Plateau. Baptise\u0301e \u00ab Manifestation de la puissance de l\u2019E\u0301ternel Dieu vivant et vrai, de justice, de victoire, pour le bien, la paix et le bonheur de tous \u00bb, cette action entend mobiliser fournisseurs, collaborateurs, cre\u0301anciers et familles, dans une de\u0301monstration collective contre, le non-paiement des factures soumises depuis janvier 2024, l&rsquo;absence d\u2019audit des prestations estime\u0301es a\u0300 plus de 800 milliards FCFA, le monopole ille\u0301gal de la CGECI sur les fonds et infrastructures issus de la TSE, la violation du Code Fiscal, les pressions fiscales et sociales e\u0301touffant les entreprises ivoiriennes et les de\u0301tournements et la mauvaise gouvernance financie\u0300re.<\/p>\n<p>\u00ab Le SYNAFECI dit que c\u2019est assez. C\u2019est beaucoup trop. C\u0327a suffit ! \u00bb, a martele\u0301 Faustin Gre\u0301. Le syndicat demande re\u0301paration, justice, et surtout, une prise de conscience rapide des autorite\u0301s, sans quoi la mobilisation du 16 juillet pourrait marquer un tournant de\u0301cisif dans les relations entre les entreprises ivoiriennes et l\u2019E\u0301tat.<\/p>\n<p><strong>Pour plus d&rsquo;informations et d&rsquo;analyses sur la <span style=\"color: #ff6600\">C\u00f4te d&rsquo;Ivoire<\/span>, suivez <span style=\"color: #ff6600\">Africa-Press<\/span><\/strong><\/p>\n","protected":false},"excerpt":{"rendered":"<p>Africa-Press &#8211; C\u00f4te d&rsquo;Ivoire. Le Syndicat National des Fournisseurs de l&rsquo;E\u0301tat de Co\u0302te d&rsquo;Ivoire (SYNAFECI) a tenu mardi une confe\u0301rence de presse pour de\u0301noncer ce qu\u2019il qualifie de \u00ab me\u0301pris \u00bb et de \u00ab mauvaise gouvernance \u00bb de la part de certains hauts fonctionnaires du ministe\u0300re des Finances et du Budget. Au c\u0153ur des tensions: [&hellip;]<\/p>\n","protected":false},"author":82,"featured_media":101679,"comment_status":"open","ping_status":"closed","sticky":false,"template":"","format":"standard","meta":{"footnotes":""},"categories":[3,10],"tags":[81,29,1800,18174,585,1871,2066,17623,4584,4285],"class_list":["post-101680","post","type-post","status-publish","format-standard","has-post-thumbnail","hentry","category-economie","category-toutes-les-actualites","tag-alerte","tag-cote-divoire","tag-crise","tag-entre","tag-etat","tag-fournisseurs","tag-ivoiriens","tag-juillet","tag-sit-in","tag-synafeci"],"yoast_head":"<!-- This site is optimized with the Yoast SEO Premium plugin v26.1 (Yoast SEO v27.0) - https:\/\/yoast.com\/product\/yoast-seo-premium-wordpress\/ -->\n<title>SYNAFECI Annonce Sit-in Pour Factures Impay\u00e9es - C\u00f4te d&#039;Ivoire<\/title>\n<meta name=\"description\" content=\"Le Syndicat National des Fournisseurs de l&#039;E\u0301tat de Co\u0302te d&#039;Ivoire (SYNAFECI) a tenu mardi une confe\u0301rence de presse pou ...\" \/>\n<meta name=\"robots\" content=\"index, follow, max-snippet:-1, max-image-preview:large, max-video-preview:-1\" \/>\n<link rel=\"canonical\" href=\"https:\/\/www.africa-press.net\/cotedivoire\/economie\/synafeci-annonce-sit-in-pour-factures-impayees\" \/>\n<meta property=\"og:locale\" content=\"fr_FR\" \/>\n<meta property=\"og:type\" content=\"article\" \/>\n<meta property=\"og:title\" content=\"SYNAFECI Annonce Sit-in Pour Factures Impay\u00e9es\" \/>\n<meta property=\"og:description\" content=\"Le Syndicat National des Fournisseurs de l&#039;E\u0301tat de Co\u0302te d&#039;Ivoire (SYNAFECI) a tenu mardi une confe\u0301rence de presse pou ...\" \/>\n<meta property=\"og:url\" content=\"https:\/\/www.africa-press.net\/cotedivoire\/economie\/synafeci-annonce-sit-in-pour-factures-impayees\" \/>\n<meta property=\"og:site_name\" content=\"C\u00f4te d&#039;Ivoire\" \/>\n<meta property=\"article:published_time\" content=\"2025-07-03T16:04:05+00:00\" \/>\n<meta property=\"article:modified_time\" content=\"2025-07-03T16:32:35+00:00\" \/>\n<meta property=\"og:image\" content=\"https:\/\/static.africa-press.net\/cote\/sites\/43\/2025\/07\/sm_1751547545.628092.jpg\" \/>\n\t<meta property=\"og:image:width\" content=\"557\" \/>\n\t<meta property=\"og:image:height\" content=\"323\" \/>\n\t<meta property=\"og:image:type\" content=\"image\/jpeg\" \/>\n<meta name=\"author\" content=\"cfeditorfr\" \/>\n<meta name=\"twitter:card\" content=\"summary_large_image\" \/>\n<meta name=\"twitter:label1\" content=\"\u00c9crit par\" \/>\n\t<meta name=\"twitter:data1\" content=\"cfeditorfr\" \/>\n\t<meta name=\"twitter:label2\" content=\"Dur\u00e9e de lecture estim\u00e9e\" \/>\n\t<meta name=\"twitter:data2\" content=\"3 minutes\" \/>\n<script type=\"application\/ld+json\" class=\"yoast-schema-graph\">{\"@context\":\"https:\/\/schema.org\",\"@graph\":[{\"@type\":\"Article\",\"@id\":\"https:\/\/www.africa-press.net\/cotedivoire\/economie\/synafeci-annonce-sit-in-pour-factures-impayees#article\",\"isPartOf\":{\"@id\":\"https:\/\/www.africa-press.net\/cotedivoire\/economie\/synafeci-annonce-sit-in-pour-factures-impayees\"},\"author\":{\"name\":\"cfeditorfr\",\"@id\":\"https:\/\/www.africa-press.net\/cotedivoire\/#\/schema\/person\/2b1cf3cd81a31e3cd26889ca66d677f1\"},\"headline\":\"SYNAFECI Annonce Sit-in Pour Factures Impay\u00e9es\",\"datePublished\":\"2025-07-03T16:04:05+00:00\",\"dateModified\":\"2025-07-03T16:32:35+00:00\",\"mainEntityOfPage\":{\"@id\":\"https:\/\/www.africa-press.net\/cotedivoire\/economie\/synafeci-annonce-sit-in-pour-factures-impayees\"},\"wordCount\":657,\"commentCount\":0,\"image\":{\"@id\":\"https:\/\/www.africa-press.net\/cotedivoire\/economie\/synafeci-annonce-sit-in-pour-factures-impayees#primaryimage\"},\"thumbnailUrl\":\"https:\/\/static.africa-press.net\/cote\/sites\/43\/2025\/07\/sm_1751547545.628092.jpg\",\"keywords\":[\"alerte\",\"C\u00d4TE D'IVOIRE\",\"crise\",\"entre\",\"Etat\",\"fournisseurs\",\"Ivoiriens\",\"juillet\",\"sit-in\",\"SYNAFECI\"],\"articleSection\":[\"\u00c9conomie\",\"Toutes les actualit\u00e9s\"],\"inLanguage\":\"fr-FR\",\"potentialAction\":[{\"@type\":\"CommentAction\",\"name\":\"Comment\",\"target\":[\"https:\/\/www.africa-press.net\/cotedivoire\/economie\/synafeci-annonce-sit-in-pour-factures-impayees#respond\"]}]},{\"@type\":\"WebPage\",\"@id\":\"https:\/\/www.africa-press.net\/cotedivoire\/economie\/synafeci-annonce-sit-in-pour-factures-impayees\",\"url\":\"https:\/\/www.africa-press.net\/cotedivoire\/economie\/synafeci-annonce-sit-in-pour-factures-impayees\",\"name\":\"SYNAFECI Annonce Sit-in Pour Factures Impay\u00e9es - C\u00f4te d&#039;Ivoire\",\"isPartOf\":{\"@id\":\"https:\/\/www.africa-press.net\/cotedivoire\/#website\"},\"primaryImageOfPage\":{\"@id\":\"https:\/\/www.africa-press.net\/cotedivoire\/economie\/synafeci-annonce-sit-in-pour-factures-impayees#primaryimage\"},\"image\":{\"@id\":\"https:\/\/www.africa-press.net\/cotedivoire\/economie\/synafeci-annonce-sit-in-pour-factures-impayees#primaryimage\"},\"thumbnailUrl\":\"https:\/\/static.africa-press.net\/cote\/sites\/43\/2025\/07\/sm_1751547545.628092.jpg\",\"datePublished\":\"2025-07-03T16:04:05+00:00\",\"dateModified\":\"2025-07-03T16:32:35+00:00\",\"author\":{\"@id\":\"https:\/\/www.africa-press.net\/cotedivoire\/#\/schema\/person\/2b1cf3cd81a31e3cd26889ca66d677f1\"},\"description\":\"Le Syndicat National des Fournisseurs de l'E\u0301tat de Co\u0302te d'Ivoire (SYNAFECI) a tenu mardi une confe\u0301rence de presse pou ...\",\"breadcrumb\":{\"@id\":\"https:\/\/www.africa-press.net\/cotedivoire\/economie\/synafeci-annonce-sit-in-pour-factures-impayees#breadcrumb\"},\"inLanguage\":\"fr-FR\",\"potentialAction\":[{\"@type\":\"ReadAction\",\"target\":[\"https:\/\/www.africa-press.net\/cotedivoire\/economie\/synafeci-annonce-sit-in-pour-factures-impayees\"]}]},{\"@type\":\"ImageObject\",\"inLanguage\":\"fr-FR\",\"@id\":\"https:\/\/www.africa-press.net\/cotedivoire\/economie\/synafeci-annonce-sit-in-pour-factures-impayees#primaryimage\",\"url\":\"https:\/\/static.africa-press.net\/cote\/sites\/43\/2025\/07\/sm_1751547545.628092.jpg\",\"contentUrl\":\"https:\/\/static.africa-press.net\/cote\/sites\/43\/2025\/07\/sm_1751547545.628092.jpg\",\"width\":557,\"height\":323,\"caption\":\"SYNAFECI Annonce Sit-in Pour Factures Impay\u00e9es\"},{\"@type\":\"BreadcrumbList\",\"@id\":\"https:\/\/www.africa-press.net\/cotedivoire\/economie\/synafeci-annonce-sit-in-pour-factures-impayees#breadcrumb\",\"itemListElement\":[{\"@type\":\"ListItem\",\"position\":1,\"name\":\"Accueil\",\"item\":\"https:\/\/www.africa-press.net\/cotedivoire\/\"},{\"@type\":\"ListItem\",\"position\":2,\"name\":\"SYNAFECI Annonce Sit-in Pour Factures Impay\u00e9es\"}]},{\"@type\":\"WebSite\",\"@id\":\"https:\/\/www.africa-press.net\/cotedivoire\/#website\",\"url\":\"https:\/\/www.africa-press.net\/cotedivoire\/\",\"name\":\"C\u00f4te d&#039;Ivoire\",\"description\":\"Just another Africa News Agency Sites site\",\"potentialAction\":[{\"@type\":\"SearchAction\",\"target\":{\"@type\":\"EntryPoint\",\"urlTemplate\":\"https:\/\/www.africa-press.net\/cotedivoire\/?s={search_term_string}\"},\"query-input\":{\"@type\":\"PropertyValueSpecification\",\"valueRequired\":true,\"valueName\":\"search_term_string\"}}],\"inLanguage\":\"fr-FR\"},{\"@type\":\"Person\",\"@id\":\"https:\/\/www.africa-press.net\/cotedivoire\/#\/schema\/person\/2b1cf3cd81a31e3cd26889ca66d677f1\",\"name\":\"cfeditorfr\"}]}<\/script>\n<!-- \/ Yoast SEO Premium plugin. -->","yoast_head_json":{"title":"SYNAFECI Annonce Sit-in Pour Factures Impay\u00e9es - C\u00f4te d&#039;Ivoire","description":"Le Syndicat National des Fournisseurs de l'E\u0301tat de Co\u0302te d'Ivoire (SYNAFECI) a tenu mardi une confe\u0301rence de presse pou ...","robots":{"index":"index","follow":"follow","max-snippet":"max-snippet:-1","max-image-preview":"max-image-preview:large","max-video-preview":"max-video-preview:-1"},"canonical":"https:\/\/www.africa-press.net\/cotedivoire\/economie\/synafeci-annonce-sit-in-pour-factures-impayees","og_locale":"fr_FR","og_type":"article","og_title":"SYNAFECI Annonce Sit-in Pour Factures Impay\u00e9es","og_description":"Le Syndicat National des Fournisseurs de l'E\u0301tat de Co\u0302te d'Ivoire (SYNAFECI) a tenu mardi une confe\u0301rence de presse pou ...","og_url":"https:\/\/www.africa-press.net\/cotedivoire\/economie\/synafeci-annonce-sit-in-pour-factures-impayees","og_site_name":"C\u00f4te d&#039;Ivoire","article_published_time":"2025-07-03T16:04:05+00:00","article_modified_time":"2025-07-03T16:32:35+00:00","og_image":[{"width":557,"height":323,"url":"https:\/\/static.africa-press.net\/cote\/sites\/43\/2025\/07\/sm_1751547545.628092.jpg","type":"image\/jpeg"}],"author":"cfeditorfr","twitter_card":"summary_large_image","twitter_misc":{"\u00c9crit par":"cfeditorfr","Dur\u00e9e de lecture estim\u00e9e":"3 minutes"},"schema":{"@context":"https:\/\/schema.org","@graph":[{"@type":"Article","@id":"https:\/\/www.africa-press.net\/cotedivoire\/economie\/synafeci-annonce-sit-in-pour-factures-impayees#article","isPartOf":{"@id":"https:\/\/www.africa-press.net\/cotedivoire\/economie\/synafeci-annonce-sit-in-pour-factures-impayees"},"author":{"name":"cfeditorfr","@id":"https:\/\/www.africa-press.net\/cotedivoire\/#\/schema\/person\/2b1cf3cd81a31e3cd26889ca66d677f1"},"headline":"SYNAFECI Annonce Sit-in Pour Factures Impay\u00e9es","datePublished":"2025-07-03T16:04:05+00:00","dateModified":"2025-07-03T16:32:35+00:00","mainEntityOfPage":{"@id":"https:\/\/www.africa-press.net\/cotedivoire\/economie\/synafeci-annonce-sit-in-pour-factures-impayees"},"wordCount":657,"commentCount":0,"image":{"@id":"https:\/\/www.africa-press.net\/cotedivoire\/economie\/synafeci-annonce-sit-in-pour-factures-impayees#primaryimage"},"thumbnailUrl":"https:\/\/static.africa-press.net\/cote\/sites\/43\/2025\/07\/sm_1751547545.628092.jpg","keywords":["alerte","C\u00d4TE D'IVOIRE","crise","entre","Etat","fournisseurs","Ivoiriens","juillet","sit-in","SYNAFECI"],"articleSection":["\u00c9conomie","Toutes les actualit\u00e9s"],"inLanguage":"fr-FR","potentialAction":[{"@type":"CommentAction","name":"Comment","target":["https:\/\/www.africa-press.net\/cotedivoire\/economie\/synafeci-annonce-sit-in-pour-factures-impayees#respond"]}]},{"@type":"WebPage","@id":"https:\/\/www.africa-press.net\/cotedivoire\/economie\/synafeci-annonce-sit-in-pour-factures-impayees","url":"https:\/\/www.africa-press.net\/cotedivoire\/economie\/synafeci-annonce-sit-in-pour-factures-impayees","name":"SYNAFECI Annonce Sit-in Pour Factures Impay\u00e9es - C\u00f4te d&#039;Ivoire","isPartOf":{"@id":"https:\/\/www.africa-press.net\/cotedivoire\/#website"},"primaryImageOfPage":{"@id":"https:\/\/www.africa-press.net\/cotedivoire\/economie\/synafeci-annonce-sit-in-pour-factures-impayees#primaryimage"},"image":{"@id":"https:\/\/www.africa-press.net\/cotedivoire\/economie\/synafeci-annonce-sit-in-pour-factures-impayees#primaryimage"},"thumbnailUrl":"https:\/\/static.africa-press.net\/cote\/sites\/43\/2025\/07\/sm_1751547545.628092.jpg","datePublished":"2025-07-03T16:04:05+00:00","dateModified":"2025-07-03T16:32:35+00:00","author":{"@id":"https:\/\/www.africa-press.net\/cotedivoire\/#\/schema\/person\/2b1cf3cd81a31e3cd26889ca66d677f1"},"description":"Le Syndicat National des Fournisseurs de l'E\u0301tat de Co\u0302te d'Ivoire (SYNAFECI) a tenu mardi une confe\u0301rence de presse pou ...","breadcrumb":{"@id":"https:\/\/www.africa-press.net\/cotedivoire\/economie\/synafeci-annonce-sit-in-pour-factures-impayees#breadcrumb"},"inLanguage":"fr-FR","potentialAction":[{"@type":"ReadAction","target":["https:\/\/www.africa-press.net\/cotedivoire\/economie\/synafeci-annonce-sit-in-pour-factures-impayees"]}]},{"@type":"ImageObject","inLanguage":"fr-FR","@id":"https:\/\/www.africa-press.net\/cotedivoire\/economie\/synafeci-annonce-sit-in-pour-factures-impayees#primaryimage","url":"https:\/\/static.africa-press.net\/cote\/sites\/43\/2025\/07\/sm_1751547545.628092.jpg","contentUrl":"https:\/\/static.africa-press.net\/cote\/sites\/43\/2025\/07\/sm_1751547545.628092.jpg","width":557,"height":323,"caption":"SYNAFECI Annonce Sit-in Pour Factures Impay\u00e9es"},{"@type":"BreadcrumbList","@id":"https:\/\/www.africa-press.net\/cotedivoire\/economie\/synafeci-annonce-sit-in-pour-factures-impayees#breadcrumb","itemListElement":[{"@type":"ListItem","position":1,"name":"Accueil","item":"https:\/\/www.africa-press.net\/cotedivoire\/"},{"@type":"ListItem","position":2,"name":"SYNAFECI Annonce Sit-in Pour Factures Impay\u00e9es"}]},{"@type":"WebSite","@id":"https:\/\/www.africa-press.net\/cotedivoire\/#website","url":"https:\/\/www.africa-press.net\/cotedivoire\/","name":"C\u00f4te d&#039;Ivoire","description":"Just another Africa News Agency Sites site","potentialAction":[{"@type":"SearchAction","target":{"@type":"EntryPoint","urlTemplate":"https:\/\/www.africa-press.net\/cotedivoire\/?s={search_term_string}"},"query-input":{"@type":"PropertyValueSpecification","valueRequired":true,"valueName":"search_term_string"}}],"inLanguage":"fr-FR"},{"@type":"Person","@id":"https:\/\/www.africa-press.net\/cotedivoire\/#\/schema\/person\/2b1cf3cd81a31e3cd26889ca66d677f1","name":"cfeditorfr"}]}},"_links":{"self":[{"href":"https:\/\/www.africa-press.net\/cotedivoire\/wp-json\/wp\/v2\/posts\/101680","targetHints":{"allow":["GET"]}}],"collection":[{"href":"https:\/\/www.africa-press.net\/cotedivoire\/wp-json\/wp\/v2\/posts"}],"about":[{"href":"https:\/\/www.africa-press.net\/cotedivoire\/wp-json\/wp\/v2\/types\/post"}],"author":[{"embeddable":true,"href":"https:\/\/www.africa-press.net\/cotedivoire\/wp-json\/wp\/v2\/users\/82"}],"replies":[{"embeddable":true,"href":"https:\/\/www.africa-press.net\/cotedivoire\/wp-json\/wp\/v2\/comments?post=101680"}],"version-history":[{"count":0,"href":"https:\/\/www.africa-press.net\/cotedivoire\/wp-json\/wp\/v2\/posts\/101680\/revisions"}],"wp:featuredmedia":[{"embeddable":true,"href":"https:\/\/www.africa-press.net\/cotedivoire\/wp-json\/wp\/v2\/media\/101679"}],"wp:attachment":[{"href":"https:\/\/www.africa-press.net\/cotedivoire\/wp-json\/wp\/v2\/media?parent=101680"}],"wp:term":[{"taxonomy":"category","embeddable":true,"href":"https:\/\/www.africa-press.net\/cotedivoire\/wp-json\/wp\/v2\/categories?post=101680"},{"taxonomy":"post_tag","embeddable":true,"href":"https:\/\/www.africa-press.net\/cotedivoire\/wp-json\/wp\/v2\/tags?post=101680"}],"curies":[{"name":"wp","href":"https:\/\/api.w.org\/{rel}","templated":true}]}}