{"id":101688,"date":"2025-07-03T16:10:11","date_gmt":"2025-07-03T16:10:11","guid":{"rendered":"https:\/\/www.africa-press.net\/cotedivoire\/politique\/ajuci-accuse-trop-cest-trop-de-vouloir-semer-le-chaos"},"modified":"2025-07-03T16:33:35","modified_gmt":"2025-07-03T16:33:35","slug":"ajuci-accuse-trop-cest-trop-de-vouloir-semer-le-chaos","status":"publish","type":"post","link":"https:\/\/www.africa-press.net\/cotedivoire\/politique\/ajuci-accuse-trop-cest-trop-de-vouloir-semer-le-chaos","title":{"rendered":"AJUCI Accuse \u00ab Trop c&rsquo;est trop \u00bb de Vouloir Semer le Chaos"},"content":{"rendered":"<p><span style=\"color: #ff6600\"><strong>Africa-Press &#8211; C\u00f4te d&rsquo;Ivoire. <\/strong><\/span>A\u0300 trois mois de l\u2019e\u0301lection pre\u0301sidentielle, le climat politique ivoirien devient de plus en plus tendu. Le mouvement citoyen \u00ab Trop c\u2019est trop \u00bb, initie\u0301 par l\u2019ancien pre\u0301sident Laurent Gbagbo et soutenu par le PDCI de Tidjane Thiam, multiplie les appels a\u0300 la mobilisation. Une posture que de\u0301nonce vigoureusement l\u2019Alliance de la Jeunesse Unie de Co\u0302te d\u2019Ivoire (AJUCI), un mouvement proche du Rassemblement des houphoue\u0308tistes pour la de\u0301mocratie et la paix (RHDP).<\/p>\n<p>Re\u0301uni ce mardi a\u0300 Cocody Angre\u0301, le pre\u0301sident de l\u2019AJUCI, Zanga Coulibaly, a lance\u0301 un avertissement clair a\u0300 l\u2019endroit des initiateurs de ce qu\u2019il conside\u0300re comme une tentative de de\u0301stabilisation.<\/p>\n<p>\u00ab Alors que la Co\u0302te d\u2019Ivoire poursuit sereinement son chemin vers la stabilite\u0301 et le de\u0301veloppement, certains groupements se livrent a\u0300 une entreprise de provocation. Sous couvert d\u2019un mouvement citoyen, \u2018Trop c\u2019est trop\u2019 tente en re\u0301alite\u0301 d\u2019imposer une logique d\u2019agitation permanente \u00bb, a de\u0301clare\u0301 le leader de jeunesse.<\/p>\n<p>Selon lui, les discours tenus par le mouvement sont empreints d\u2019alarmisme et d\u2019esprit de confrontation, traduisant une volonte\u0301 a\u0300 peine voile\u0301e de saper l\u2019ordre re\u0301publicain.<\/p>\n<p>\u00ab La pre\u0301tendue mobilisation pacifique n\u2019est qu\u2019une fac\u0327ade. Ce que nous observons, c\u2019est une re\u0301cupe\u0301ration politique, une manipulation e\u0301motionnelle et une contestation syste\u0301matique \u00bb, a-t-il ajoute\u0301.<\/p>\n<p>Zanga Coulibaly accuse les initiateurs de ce mouvement de vouloir entraver les avance\u0301es enregistre\u0301es sous la pre\u0301sidence d\u2019Alassane Ouattara.<\/p>\n<p>\u00ab Pendant que certains attisent les tensions, le Chef de l\u2019E\u0301tat \u0153uvre pour le rayonnement de notre pays, de\u0301sormais reconnu comme un po\u0302le de stabilite\u0301 et un hub strate\u0301gique en Afrique de l\u2019Ouest \u00bb, a-t-il insiste\u0301.<\/p>\n<p>Dans une de\u0301claration ferme, il a affirme\u0301 que le peuple ivoirien avait de\u0301ja\u0300 fait le choix de la paix et de la stabilite\u0301.<\/p>\n<p>\u00ab La Re\u0301publique ne se ne\u0301gocie pas dans la rue. La de\u0301mocratie ne peut prospe\u0301rer dans l\u2019anarchie ni sous la menace des appels a\u0300 la de\u0301fiance. Nous appelons tous les Ivoiriens a\u0300 rester vigilants et a\u0300 rejeter toute tentative de manipulation \u00bb, a-t-il martele\u0301.<\/p>\n<p>En conclusion, l\u2019AJUCI exhorte la jeunesse et l\u2019ensemble des citoyens a\u0300 s\u2019unir autour du projet de de\u0301veloppement porte\u0301 par le RHDP, en soutenant le pre\u0301sident sortant pour une Co\u0302te d\u2019Ivoire \u00ab plus prospe\u0300re et solidaire \u00bb.<\/p>\n<p><strong>Pour plus d&rsquo;informations et d&rsquo;analyses sur la <span style=\"color: #ff6600\">C\u00f4te d&rsquo;Ivoire<\/span>, suivez <span style=\"color: #ff6600\">Africa-Press<\/span><\/strong><\/p>\n","protected":false},"excerpt":{"rendered":"<p>Africa-Press &#8211; C\u00f4te d&rsquo;Ivoire. A\u0300 trois mois de l\u2019e\u0301lection pre\u0301sidentielle, le climat politique ivoirien devient de plus en plus tendu. Le mouvement citoyen \u00ab Trop c\u2019est trop \u00bb, initie\u0301 par l\u2019ancien pre\u0301sident Laurent Gbagbo et soutenu par le PDCI de Tidjane Thiam, multiplie les appels a\u0300 la mobilisation. Une posture que de\u0301nonce vigoureusement l\u2019Alliance de [&hellip;]<\/p>\n","protected":false},"author":82,"featured_media":101687,"comment_status":"open","ping_status":"closed","sticky":false,"template":"","format":"standard","meta":{"footnotes":""},"categories":[2,10],"tags":[15747,29,320,1281,1543,17386],"class_list":["post-101688","post","type-post","status-publish","format-standard","has-post-thumbnail","hentry","category-politique","category-toutes-les-actualites","tag-ajuci","tag-cote-divoire","tag-gbagbo","tag-mouvement","tag-trop","tag-zanga"],"yoast_head":"<!-- This site is optimized with the Yoast SEO Premium plugin v26.1 (Yoast SEO v27.0) - https:\/\/yoast.com\/product\/yoast-seo-premium-wordpress\/ -->\n<title>AJUCI Accuse \u00ab Trop c&#039;est trop \u00bb de Vouloir Semer le Chaos - C\u00f4te d&#039;Ivoire<\/title>\n<meta name=\"description\" content=\"A\u0300 trois mois de l\u2019e\u0301lection pre\u0301sidentielle, le climat politique ivoirien devient de plus en plus tendu. Le mouvement c ...\" \/>\n<meta name=\"robots\" content=\"index, follow, max-snippet:-1, max-image-preview:large, max-video-preview:-1\" \/>\n<link rel=\"canonical\" href=\"https:\/\/www.africa-press.net\/cotedivoire\/politique\/ajuci-accuse-trop-cest-trop-de-vouloir-semer-le-chaos\" \/>\n<meta property=\"og:locale\" content=\"fr_FR\" \/>\n<meta property=\"og:type\" content=\"article\" \/>\n<meta property=\"og:title\" content=\"AJUCI Accuse \u00ab Trop c&#039;est trop \u00bb de Vouloir Semer le Chaos\" \/>\n<meta property=\"og:description\" content=\"A\u0300 trois mois de l\u2019e\u0301lection pre\u0301sidentielle, le climat politique ivoirien devient de plus en plus tendu. Le mouvement c ...\" \/>\n<meta property=\"og:url\" content=\"https:\/\/www.africa-press.net\/cotedivoire\/politique\/ajuci-accuse-trop-cest-trop-de-vouloir-semer-le-chaos\" \/>\n<meta property=\"og:site_name\" content=\"C\u00f4te d&#039;Ivoire\" \/>\n<meta property=\"article:published_time\" content=\"2025-07-03T16:10:11+00:00\" \/>\n<meta property=\"article:modified_time\" content=\"2025-07-03T16:33:35+00:00\" \/>\n<meta property=\"og:image\" content=\"https:\/\/static.africa-press.net\/cote\/sites\/43\/2025\/07\/sm_1751547619.196249.jpg\" \/>\n\t<meta property=\"og:image:width\" content=\"720\" \/>\n\t<meta property=\"og:image:height\" content=\"324\" \/>\n\t<meta property=\"og:image:type\" content=\"image\/jpeg\" \/>\n<meta name=\"author\" content=\"cfeditorfr\" \/>\n<meta name=\"twitter:card\" content=\"summary_large_image\" \/>\n<meta name=\"twitter:label1\" content=\"\u00c9crit par\" \/>\n\t<meta name=\"twitter:data1\" content=\"cfeditorfr\" \/>\n\t<meta name=\"twitter:label2\" content=\"Dur\u00e9e de lecture estim\u00e9e\" \/>\n\t<meta name=\"twitter:data2\" content=\"3 minutes\" \/>\n<script type=\"application\/ld+json\" class=\"yoast-schema-graph\">{\"@context\":\"https:\/\/schema.org\",\"@graph\":[{\"@type\":\"Article\",\"@id\":\"https:\/\/www.africa-press.net\/cotedivoire\/politique\/ajuci-accuse-trop-cest-trop-de-vouloir-semer-le-chaos#article\",\"isPartOf\":{\"@id\":\"https:\/\/www.africa-press.net\/cotedivoire\/politique\/ajuci-accuse-trop-cest-trop-de-vouloir-semer-le-chaos\"},\"author\":{\"name\":\"cfeditorfr\",\"@id\":\"https:\/\/www.africa-press.net\/cotedivoire\/#\/schema\/person\/2b1cf3cd81a31e3cd26889ca66d677f1\"},\"headline\":\"AJUCI Accuse \u00ab Trop c&rsquo;est trop \u00bb de Vouloir Semer le Chaos\",\"datePublished\":\"2025-07-03T16:10:11+00:00\",\"dateModified\":\"2025-07-03T16:33:35+00:00\",\"mainEntityOfPage\":{\"@id\":\"https:\/\/www.africa-press.net\/cotedivoire\/politique\/ajuci-accuse-trop-cest-trop-de-vouloir-semer-le-chaos\"},\"wordCount\":447,\"commentCount\":0,\"image\":{\"@id\":\"https:\/\/www.africa-press.net\/cotedivoire\/politique\/ajuci-accuse-trop-cest-trop-de-vouloir-semer-le-chaos#primaryimage\"},\"thumbnailUrl\":\"https:\/\/static.africa-press.net\/cote\/sites\/43\/2025\/07\/sm_1751547619.196249.jpg\",\"keywords\":[\"AJUCI\",\"C\u00d4TE D'IVOIRE\",\"Gbagbo\",\"mouvement\",\"trop\",\"Zanga\"],\"articleSection\":[\"Politique\",\"Toutes les actualit\u00e9s\"],\"inLanguage\":\"fr-FR\",\"potentialAction\":[{\"@type\":\"CommentAction\",\"name\":\"Comment\",\"target\":[\"https:\/\/www.africa-press.net\/cotedivoire\/politique\/ajuci-accuse-trop-cest-trop-de-vouloir-semer-le-chaos#respond\"]}]},{\"@type\":\"WebPage\",\"@id\":\"https:\/\/www.africa-press.net\/cotedivoire\/politique\/ajuci-accuse-trop-cest-trop-de-vouloir-semer-le-chaos\",\"url\":\"https:\/\/www.africa-press.net\/cotedivoire\/politique\/ajuci-accuse-trop-cest-trop-de-vouloir-semer-le-chaos\",\"name\":\"AJUCI Accuse \u00ab Trop c'est trop \u00bb de Vouloir Semer le Chaos - C\u00f4te d&#039;Ivoire\",\"isPartOf\":{\"@id\":\"https:\/\/www.africa-press.net\/cotedivoire\/#website\"},\"primaryImageOfPage\":{\"@id\":\"https:\/\/www.africa-press.net\/cotedivoire\/politique\/ajuci-accuse-trop-cest-trop-de-vouloir-semer-le-chaos#primaryimage\"},\"image\":{\"@id\":\"https:\/\/www.africa-press.net\/cotedivoire\/politique\/ajuci-accuse-trop-cest-trop-de-vouloir-semer-le-chaos#primaryimage\"},\"thumbnailUrl\":\"https:\/\/static.africa-press.net\/cote\/sites\/43\/2025\/07\/sm_1751547619.196249.jpg\",\"datePublished\":\"2025-07-03T16:10:11+00:00\",\"dateModified\":\"2025-07-03T16:33:35+00:00\",\"author\":{\"@id\":\"https:\/\/www.africa-press.net\/cotedivoire\/#\/schema\/person\/2b1cf3cd81a31e3cd26889ca66d677f1\"},\"description\":\"A\u0300 trois mois de l\u2019e\u0301lection pre\u0301sidentielle, le climat politique ivoirien devient de plus en plus tendu. Le mouvement c ...\",\"breadcrumb\":{\"@id\":\"https:\/\/www.africa-press.net\/cotedivoire\/politique\/ajuci-accuse-trop-cest-trop-de-vouloir-semer-le-chaos#breadcrumb\"},\"inLanguage\":\"fr-FR\",\"potentialAction\":[{\"@type\":\"ReadAction\",\"target\":[\"https:\/\/www.africa-press.net\/cotedivoire\/politique\/ajuci-accuse-trop-cest-trop-de-vouloir-semer-le-chaos\"]}]},{\"@type\":\"ImageObject\",\"inLanguage\":\"fr-FR\",\"@id\":\"https:\/\/www.africa-press.net\/cotedivoire\/politique\/ajuci-accuse-trop-cest-trop-de-vouloir-semer-le-chaos#primaryimage\",\"url\":\"https:\/\/static.africa-press.net\/cote\/sites\/43\/2025\/07\/sm_1751547619.196249.jpg\",\"contentUrl\":\"https:\/\/static.africa-press.net\/cote\/sites\/43\/2025\/07\/sm_1751547619.196249.jpg\",\"width\":720,\"height\":324,\"caption\":\"AJUCI Accuse \u00ab Trop c'est trop \u00bb de Vouloir Semer le Chaos\"},{\"@type\":\"BreadcrumbList\",\"@id\":\"https:\/\/www.africa-press.net\/cotedivoire\/politique\/ajuci-accuse-trop-cest-trop-de-vouloir-semer-le-chaos#breadcrumb\",\"itemListElement\":[{\"@type\":\"ListItem\",\"position\":1,\"name\":\"Accueil\",\"item\":\"https:\/\/www.africa-press.net\/cotedivoire\/\"},{\"@type\":\"ListItem\",\"position\":2,\"name\":\"AJUCI Accuse \u00ab Trop c&#8217;est trop \u00bb de Vouloir Semer le Chaos\"}]},{\"@type\":\"WebSite\",\"@id\":\"https:\/\/www.africa-press.net\/cotedivoire\/#website\",\"url\":\"https:\/\/www.africa-press.net\/cotedivoire\/\",\"name\":\"C\u00f4te d&#039;Ivoire\",\"description\":\"Just another Africa News Agency Sites site\",\"potentialAction\":[{\"@type\":\"SearchAction\",\"target\":{\"@type\":\"EntryPoint\",\"urlTemplate\":\"https:\/\/www.africa-press.net\/cotedivoire\/?s={search_term_string}\"},\"query-input\":{\"@type\":\"PropertyValueSpecification\",\"valueRequired\":true,\"valueName\":\"search_term_string\"}}],\"inLanguage\":\"fr-FR\"},{\"@type\":\"Person\",\"@id\":\"https:\/\/www.africa-press.net\/cotedivoire\/#\/schema\/person\/2b1cf3cd81a31e3cd26889ca66d677f1\",\"name\":\"cfeditorfr\"}]}<\/script>\n<!-- \/ Yoast SEO Premium plugin. -->","yoast_head_json":{"title":"AJUCI Accuse \u00ab Trop c'est trop \u00bb de Vouloir Semer le Chaos - C\u00f4te d&#039;Ivoire","description":"A\u0300 trois mois de l\u2019e\u0301lection pre\u0301sidentielle, le climat politique ivoirien devient de plus en plus tendu. Le mouvement c ...","robots":{"index":"index","follow":"follow","max-snippet":"max-snippet:-1","max-image-preview":"max-image-preview:large","max-video-preview":"max-video-preview:-1"},"canonical":"https:\/\/www.africa-press.net\/cotedivoire\/politique\/ajuci-accuse-trop-cest-trop-de-vouloir-semer-le-chaos","og_locale":"fr_FR","og_type":"article","og_title":"AJUCI Accuse \u00ab Trop c'est trop \u00bb de Vouloir Semer le Chaos","og_description":"A\u0300 trois mois de l\u2019e\u0301lection pre\u0301sidentielle, le climat politique ivoirien devient de plus en plus tendu. Le mouvement c ...","og_url":"https:\/\/www.africa-press.net\/cotedivoire\/politique\/ajuci-accuse-trop-cest-trop-de-vouloir-semer-le-chaos","og_site_name":"C\u00f4te d&#039;Ivoire","article_published_time":"2025-07-03T16:10:11+00:00","article_modified_time":"2025-07-03T16:33:35+00:00","og_image":[{"width":720,"height":324,"url":"https:\/\/static.africa-press.net\/cote\/sites\/43\/2025\/07\/sm_1751547619.196249.jpg","type":"image\/jpeg"}],"author":"cfeditorfr","twitter_card":"summary_large_image","twitter_misc":{"\u00c9crit par":"cfeditorfr","Dur\u00e9e de lecture estim\u00e9e":"3 minutes"},"schema":{"@context":"https:\/\/schema.org","@graph":[{"@type":"Article","@id":"https:\/\/www.africa-press.net\/cotedivoire\/politique\/ajuci-accuse-trop-cest-trop-de-vouloir-semer-le-chaos#article","isPartOf":{"@id":"https:\/\/www.africa-press.net\/cotedivoire\/politique\/ajuci-accuse-trop-cest-trop-de-vouloir-semer-le-chaos"},"author":{"name":"cfeditorfr","@id":"https:\/\/www.africa-press.net\/cotedivoire\/#\/schema\/person\/2b1cf3cd81a31e3cd26889ca66d677f1"},"headline":"AJUCI Accuse \u00ab Trop c&rsquo;est trop \u00bb de Vouloir Semer le Chaos","datePublished":"2025-07-03T16:10:11+00:00","dateModified":"2025-07-03T16:33:35+00:00","mainEntityOfPage":{"@id":"https:\/\/www.africa-press.net\/cotedivoire\/politique\/ajuci-accuse-trop-cest-trop-de-vouloir-semer-le-chaos"},"wordCount":447,"commentCount":0,"image":{"@id":"https:\/\/www.africa-press.net\/cotedivoire\/politique\/ajuci-accuse-trop-cest-trop-de-vouloir-semer-le-chaos#primaryimage"},"thumbnailUrl":"https:\/\/static.africa-press.net\/cote\/sites\/43\/2025\/07\/sm_1751547619.196249.jpg","keywords":["AJUCI","C\u00d4TE D'IVOIRE","Gbagbo","mouvement","trop","Zanga"],"articleSection":["Politique","Toutes les actualit\u00e9s"],"inLanguage":"fr-FR","potentialAction":[{"@type":"CommentAction","name":"Comment","target":["https:\/\/www.africa-press.net\/cotedivoire\/politique\/ajuci-accuse-trop-cest-trop-de-vouloir-semer-le-chaos#respond"]}]},{"@type":"WebPage","@id":"https:\/\/www.africa-press.net\/cotedivoire\/politique\/ajuci-accuse-trop-cest-trop-de-vouloir-semer-le-chaos","url":"https:\/\/www.africa-press.net\/cotedivoire\/politique\/ajuci-accuse-trop-cest-trop-de-vouloir-semer-le-chaos","name":"AJUCI Accuse \u00ab Trop c'est trop \u00bb de Vouloir Semer le Chaos - C\u00f4te d&#039;Ivoire","isPartOf":{"@id":"https:\/\/www.africa-press.net\/cotedivoire\/#website"},"primaryImageOfPage":{"@id":"https:\/\/www.africa-press.net\/cotedivoire\/politique\/ajuci-accuse-trop-cest-trop-de-vouloir-semer-le-chaos#primaryimage"},"image":{"@id":"https:\/\/www.africa-press.net\/cotedivoire\/politique\/ajuci-accuse-trop-cest-trop-de-vouloir-semer-le-chaos#primaryimage"},"thumbnailUrl":"https:\/\/static.africa-press.net\/cote\/sites\/43\/2025\/07\/sm_1751547619.196249.jpg","datePublished":"2025-07-03T16:10:11+00:00","dateModified":"2025-07-03T16:33:35+00:00","author":{"@id":"https:\/\/www.africa-press.net\/cotedivoire\/#\/schema\/person\/2b1cf3cd81a31e3cd26889ca66d677f1"},"description":"A\u0300 trois mois de l\u2019e\u0301lection pre\u0301sidentielle, le climat politique ivoirien devient de plus en plus tendu. Le mouvement c ...","breadcrumb":{"@id":"https:\/\/www.africa-press.net\/cotedivoire\/politique\/ajuci-accuse-trop-cest-trop-de-vouloir-semer-le-chaos#breadcrumb"},"inLanguage":"fr-FR","potentialAction":[{"@type":"ReadAction","target":["https:\/\/www.africa-press.net\/cotedivoire\/politique\/ajuci-accuse-trop-cest-trop-de-vouloir-semer-le-chaos"]}]},{"@type":"ImageObject","inLanguage":"fr-FR","@id":"https:\/\/www.africa-press.net\/cotedivoire\/politique\/ajuci-accuse-trop-cest-trop-de-vouloir-semer-le-chaos#primaryimage","url":"https:\/\/static.africa-press.net\/cote\/sites\/43\/2025\/07\/sm_1751547619.196249.jpg","contentUrl":"https:\/\/static.africa-press.net\/cote\/sites\/43\/2025\/07\/sm_1751547619.196249.jpg","width":720,"height":324,"caption":"AJUCI Accuse \u00ab Trop c'est trop \u00bb de Vouloir Semer le Chaos"},{"@type":"BreadcrumbList","@id":"https:\/\/www.africa-press.net\/cotedivoire\/politique\/ajuci-accuse-trop-cest-trop-de-vouloir-semer-le-chaos#breadcrumb","itemListElement":[{"@type":"ListItem","position":1,"name":"Accueil","item":"https:\/\/www.africa-press.net\/cotedivoire\/"},{"@type":"ListItem","position":2,"name":"AJUCI Accuse \u00ab Trop c&#8217;est trop \u00bb de Vouloir Semer le Chaos"}]},{"@type":"WebSite","@id":"https:\/\/www.africa-press.net\/cotedivoire\/#website","url":"https:\/\/www.africa-press.net\/cotedivoire\/","name":"C\u00f4te d&#039;Ivoire","description":"Just another Africa News Agency Sites site","potentialAction":[{"@type":"SearchAction","target":{"@type":"EntryPoint","urlTemplate":"https:\/\/www.africa-press.net\/cotedivoire\/?s={search_term_string}"},"query-input":{"@type":"PropertyValueSpecification","valueRequired":true,"valueName":"search_term_string"}}],"inLanguage":"fr-FR"},{"@type":"Person","@id":"https:\/\/www.africa-press.net\/cotedivoire\/#\/schema\/person\/2b1cf3cd81a31e3cd26889ca66d677f1","name":"cfeditorfr"}]}},"_links":{"self":[{"href":"https:\/\/www.africa-press.net\/cotedivoire\/wp-json\/wp\/v2\/posts\/101688","targetHints":{"allow":["GET"]}}],"collection":[{"href":"https:\/\/www.africa-press.net\/cotedivoire\/wp-json\/wp\/v2\/posts"}],"about":[{"href":"https:\/\/www.africa-press.net\/cotedivoire\/wp-json\/wp\/v2\/types\/post"}],"author":[{"embeddable":true,"href":"https:\/\/www.africa-press.net\/cotedivoire\/wp-json\/wp\/v2\/users\/82"}],"replies":[{"embeddable":true,"href":"https:\/\/www.africa-press.net\/cotedivoire\/wp-json\/wp\/v2\/comments?post=101688"}],"version-history":[{"count":0,"href":"https:\/\/www.africa-press.net\/cotedivoire\/wp-json\/wp\/v2\/posts\/101688\/revisions"}],"wp:featuredmedia":[{"embeddable":true,"href":"https:\/\/www.africa-press.net\/cotedivoire\/wp-json\/wp\/v2\/media\/101687"}],"wp:attachment":[{"href":"https:\/\/www.africa-press.net\/cotedivoire\/wp-json\/wp\/v2\/media?parent=101688"}],"wp:term":[{"taxonomy":"category","embeddable":true,"href":"https:\/\/www.africa-press.net\/cotedivoire\/wp-json\/wp\/v2\/categories?post=101688"},{"taxonomy":"post_tag","embeddable":true,"href":"https:\/\/www.africa-press.net\/cotedivoire\/wp-json\/wp\/v2\/tags?post=101688"}],"curies":[{"name":"wp","href":"https:\/\/api.w.org\/{rel}","templated":true}]}}