{"id":10169,"date":"2021-07-20T09:53:01","date_gmt":"2021-07-20T09:53:01","guid":{"rendered":"https:\/\/www.africa-press.net\/cotedivoire\/?p=10169"},"modified":"2021-07-20T17:52:38","modified_gmt":"2021-07-20T17:52:38","slug":"lunesco-apporte-son-soutien-aux-etats-generaux-de-leducation","status":"publish","type":"post","link":"https:\/\/www.africa-press.net\/cotedivoire\/culture-et-art\/lunesco-apporte-son-soutien-aux-etats-generaux-de-leducation","title":{"rendered":"L\u2019UNESCO apporte son soutien aux Etats G\u00e9n\u00e9raux de l\u2019Education"},"content":{"rendered":"<p><span style=\"color: #ff6600\"><strong><a href=\"https:\/\/www.africa-press.net\/\">Africa-Press<\/a> &#8211; <a href=\"https:\/\/www.africa-press.net\/cotedivoire\">C\u00f4te d&rsquo;Ivoire<\/a>. <\/strong><\/span>\u00a0La Directrice G\u00e9n\u00e9rale Adjointe de l\u2019UNESCO charg\u00e9e de l\u2019\u00e9ducation, Stefania Giannini, a exprim\u00e9 le 19 juillet 2021 \u00e0 Abidjan, le soutien de son institution \u00e0 la tenue des Etats G\u00e9n\u00e9raux de l\u2019Education et de l\u2019Alphab\u00e9tisation en C\u00f4te d\u2019Ivoire. C\u2019\u00e9tait au terme d\u2019une audience que lui a accord\u00e9e le Premier Ministre ivoirien, Patrick Achi.<\/p>\n<p>\u00ab Nous sommes ici pour marquer tout notre soutien au processus des Etats G\u00e9n\u00e9raux de l\u2019Education et de l\u2019Alphab\u00e9tisation. Ces assises vont permettre de repenser le syst\u00e8me \u00e9ducatif, d\u2019identifier les d\u00e9fis et de saisir les opportunit\u00e9s qui y sont li\u00e9es, afin de parvenir \u00e0 un syst\u00e8me \u00e9ducatif inclusif. Un syst\u00e8me qui donnera la chance \u00e0 tous les enfants de ce pays de jouir d\u2019une \u00e9ducation de qualit\u00e9 \u00bb, a dit Stefania Giannini.<\/p>\n<p>Et d\u2019ajouter qu\u2019il ne s\u2019agit pas d\u2019un changement radical. Selon elle, le syst\u00e8me \u00e9ducatif comporte beaucoup de points positifs. Il est plut\u00f4t question de recenser les points n\u00e9gatifs, de les exploiter et de les transformer en opportunit\u00e9s pour un syst\u00e8me \u00e9ducatif de qualit\u00e9.<\/p>\n<p>Lanc\u00e9s le 19 juillet 2021, les Etats G\u00e9n\u00e9raux de l\u2019Education dureront six mois.<\/p>\n<p>&nbsp;<\/p>\n","protected":false},"excerpt":{"rendered":"<p>Africa-Press &#8211; C\u00f4te d&rsquo;Ivoire. \u00a0La Directrice G\u00e9n\u00e9rale Adjointe de l\u2019UNESCO charg\u00e9e de l\u2019\u00e9ducation, Stefania Giannini, a exprim\u00e9 le 19 juillet 2021 \u00e0 Abidjan, le soutien de son institution \u00e0 la tenue des Etats G\u00e9n\u00e9raux de l\u2019Education et de l\u2019Alphab\u00e9tisation en C\u00f4te d\u2019Ivoire. C\u2019\u00e9tait au terme d\u2019une audience que lui a accord\u00e9e le Premier Ministre ivoirien, [&hellip;]<\/p>\n","protected":false},"author":82,"featured_media":10168,"comment_status":"open","ping_status":"closed","sticky":false,"template":"","format":"standard","meta":{"footnotes":""},"categories":[5,11,20,10],"tags":[56,63,29],"class_list":["post-10169","post","type-post","status-publish","format-standard","has-post-thumbnail","hentry","category-culture-et-art","category-homepage-french","category-top-nouvelles","category-toutes-les-actualites","tag-africa-press","tag-africa-press-cote-divoire","tag-cote-divoire"],"yoast_head":"<!-- This site is optimized with the Yoast SEO Premium plugin v26.1 (Yoast SEO v27.0) - https:\/\/yoast.com\/product\/yoast-seo-premium-wordpress\/ -->\n<title>L\u2019UNESCO apporte son soutien aux Etats G\u00e9n\u00e9raux de l\u2019Education - C\u00f4te d&#039;Ivoire<\/title>\n<meta name=\"description\" content=\"Abidjan, le 19 juillet 2021- La Directrice G\u00e9n\u00e9rale Adjointe de l\u2019UNESCO charg\u00e9e de l\u2019\u00e9ducation, Stefania Giannini, a ex ...\" \/>\n<meta name=\"robots\" content=\"index, follow, max-snippet:-1, max-image-preview:large, max-video-preview:-1\" \/>\n<link rel=\"canonical\" href=\"https:\/\/www.africa-press.net\/cotedivoire\/culture-et-art\/lunesco-apporte-son-soutien-aux-etats-generaux-de-leducation\" \/>\n<meta property=\"og:locale\" content=\"fr_FR\" \/>\n<meta property=\"og:type\" content=\"article\" \/>\n<meta property=\"og:title\" content=\"L\u2019UNESCO apporte son soutien aux Etats G\u00e9n\u00e9raux de l\u2019Education\" \/>\n<meta property=\"og:description\" content=\"Abidjan, le 19 juillet 2021- La Directrice G\u00e9n\u00e9rale Adjointe de l\u2019UNESCO charg\u00e9e de l\u2019\u00e9ducation, Stefania Giannini, a ex ...\" \/>\n<meta property=\"og:url\" content=\"https:\/\/www.africa-press.net\/cotedivoire\/culture-et-art\/lunesco-apporte-son-soutien-aux-etats-generaux-de-leducation\" \/>\n<meta property=\"og:site_name\" content=\"C\u00f4te d&#039;Ivoire\" \/>\n<meta property=\"article:published_time\" content=\"2021-07-20T09:53:01+00:00\" \/>\n<meta property=\"article:modified_time\" content=\"2021-07-20T17:52:38+00:00\" \/>\n<meta property=\"og:image\" content=\"https:\/\/static.africa-press.net\/cote\/sites\/43\/2021\/07\/img-60f69931a0d1a.jpg\" \/>\n\t<meta property=\"og:image:width\" content=\"1024\" \/>\n\t<meta property=\"og:image:height\" content=\"682\" \/>\n\t<meta property=\"og:image:type\" content=\"image\/jpeg\" \/>\n<meta name=\"author\" content=\"cfeditorfr\" \/>\n<meta name=\"twitter:card\" content=\"summary_large_image\" \/>\n<meta name=\"twitter:label1\" content=\"\u00c9crit par\" \/>\n\t<meta name=\"twitter:data1\" content=\"cfeditorfr\" \/>\n\t<meta name=\"twitter:label2\" content=\"Dur\u00e9e de lecture estim\u00e9e\" \/>\n\t<meta name=\"twitter:data2\" content=\"1 minute\" \/>\n<script type=\"application\/ld+json\" class=\"yoast-schema-graph\">{\"@context\":\"https:\/\/schema.org\",\"@graph\":[{\"@type\":\"Article\",\"@id\":\"https:\/\/www.africa-press.net\/cotedivoire\/culture-et-art\/lunesco-apporte-son-soutien-aux-etats-generaux-de-leducation#article\",\"isPartOf\":{\"@id\":\"https:\/\/www.africa-press.net\/cotedivoire\/culture-et-art\/lunesco-apporte-son-soutien-aux-etats-generaux-de-leducation\"},\"author\":{\"name\":\"cfeditorfr\",\"@id\":\"https:\/\/www.africa-press.net\/cotedivoire\/#\/schema\/person\/2b1cf3cd81a31e3cd26889ca66d677f1\"},\"headline\":\"L\u2019UNESCO apporte son soutien aux Etats G\u00e9n\u00e9raux de l\u2019Education\",\"datePublished\":\"2021-07-20T09:53:01+00:00\",\"dateModified\":\"2021-07-20T17:52:38+00:00\",\"mainEntityOfPage\":{\"@id\":\"https:\/\/www.africa-press.net\/cotedivoire\/culture-et-art\/lunesco-apporte-son-soutien-aux-etats-generaux-de-leducation\"},\"wordCount\":232,\"commentCount\":0,\"image\":{\"@id\":\"https:\/\/www.africa-press.net\/cotedivoire\/culture-et-art\/lunesco-apporte-son-soutien-aux-etats-generaux-de-leducation#primaryimage\"},\"thumbnailUrl\":\"https:\/\/static.africa-press.net\/cote\/sites\/43\/2021\/07\/img-60f69931a0d1a.jpg\",\"keywords\":[\"Africa Press\",\"Africa Press-C\u00f4te d'Ivoire\",\"C\u00d4TE D'IVOIRE\"],\"articleSection\":[\"Culture et Art\",\"homepage-french\",\"Top Nouvelles\",\"Toutes les actualit\u00e9s\"],\"inLanguage\":\"fr-FR\",\"potentialAction\":[{\"@type\":\"CommentAction\",\"name\":\"Comment\",\"target\":[\"https:\/\/www.africa-press.net\/cotedivoire\/culture-et-art\/lunesco-apporte-son-soutien-aux-etats-generaux-de-leducation#respond\"]}]},{\"@type\":\"WebPage\",\"@id\":\"https:\/\/www.africa-press.net\/cotedivoire\/culture-et-art\/lunesco-apporte-son-soutien-aux-etats-generaux-de-leducation\",\"url\":\"https:\/\/www.africa-press.net\/cotedivoire\/culture-et-art\/lunesco-apporte-son-soutien-aux-etats-generaux-de-leducation\",\"name\":\"L\u2019UNESCO apporte son soutien aux Etats G\u00e9n\u00e9raux de l\u2019Education - C\u00f4te d&#039;Ivoire\",\"isPartOf\":{\"@id\":\"https:\/\/www.africa-press.net\/cotedivoire\/#website\"},\"primaryImageOfPage\":{\"@id\":\"https:\/\/www.africa-press.net\/cotedivoire\/culture-et-art\/lunesco-apporte-son-soutien-aux-etats-generaux-de-leducation#primaryimage\"},\"image\":{\"@id\":\"https:\/\/www.africa-press.net\/cotedivoire\/culture-et-art\/lunesco-apporte-son-soutien-aux-etats-generaux-de-leducation#primaryimage\"},\"thumbnailUrl\":\"https:\/\/static.africa-press.net\/cote\/sites\/43\/2021\/07\/img-60f69931a0d1a.jpg\",\"datePublished\":\"2021-07-20T09:53:01+00:00\",\"dateModified\":\"2021-07-20T17:52:38+00:00\",\"author\":{\"@id\":\"https:\/\/www.africa-press.net\/cotedivoire\/#\/schema\/person\/2b1cf3cd81a31e3cd26889ca66d677f1\"},\"description\":\"Abidjan, le 19 juillet 2021- La Directrice G\u00e9n\u00e9rale Adjointe de l\u2019UNESCO charg\u00e9e de l\u2019\u00e9ducation, Stefania Giannini, a ex ...\",\"breadcrumb\":{\"@id\":\"https:\/\/www.africa-press.net\/cotedivoire\/culture-et-art\/lunesco-apporte-son-soutien-aux-etats-generaux-de-leducation#breadcrumb\"},\"inLanguage\":\"fr-FR\",\"potentialAction\":[{\"@type\":\"ReadAction\",\"target\":[\"https:\/\/www.africa-press.net\/cotedivoire\/culture-et-art\/lunesco-apporte-son-soutien-aux-etats-generaux-de-leducation\"]}]},{\"@type\":\"ImageObject\",\"inLanguage\":\"fr-FR\",\"@id\":\"https:\/\/www.africa-press.net\/cotedivoire\/culture-et-art\/lunesco-apporte-son-soutien-aux-etats-generaux-de-leducation#primaryimage\",\"url\":\"https:\/\/static.africa-press.net\/cote\/sites\/43\/2021\/07\/img-60f69931a0d1a.jpg\",\"contentUrl\":\"https:\/\/static.africa-press.net\/cote\/sites\/43\/2021\/07\/img-60f69931a0d1a.jpg\",\"width\":1024,\"height\":682,\"caption\":\"L\u2019UNESCO apporte son soutien aux Etats G\u00e9n\u00e9raux de l\u2019Education\"},{\"@type\":\"BreadcrumbList\",\"@id\":\"https:\/\/www.africa-press.net\/cotedivoire\/culture-et-art\/lunesco-apporte-son-soutien-aux-etats-generaux-de-leducation#breadcrumb\",\"itemListElement\":[{\"@type\":\"ListItem\",\"position\":1,\"name\":\"Accueil\",\"item\":\"https:\/\/www.africa-press.net\/cotedivoire\/\"},{\"@type\":\"ListItem\",\"position\":2,\"name\":\"L\u2019UNESCO apporte son soutien aux Etats G\u00e9n\u00e9raux de l\u2019Education\"}]},{\"@type\":\"WebSite\",\"@id\":\"https:\/\/www.africa-press.net\/cotedivoire\/#website\",\"url\":\"https:\/\/www.africa-press.net\/cotedivoire\/\",\"name\":\"C\u00f4te d&#039;Ivoire\",\"description\":\"Just another Africa News Agency Sites site\",\"potentialAction\":[{\"@type\":\"SearchAction\",\"target\":{\"@type\":\"EntryPoint\",\"urlTemplate\":\"https:\/\/www.africa-press.net\/cotedivoire\/?s={search_term_string}\"},\"query-input\":{\"@type\":\"PropertyValueSpecification\",\"valueRequired\":true,\"valueName\":\"search_term_string\"}}],\"inLanguage\":\"fr-FR\"},{\"@type\":\"Person\",\"@id\":\"https:\/\/www.africa-press.net\/cotedivoire\/#\/schema\/person\/2b1cf3cd81a31e3cd26889ca66d677f1\",\"name\":\"cfeditorfr\"}]}<\/script>\n<!-- \/ Yoast SEO Premium plugin. -->","yoast_head_json":{"title":"L\u2019UNESCO apporte son soutien aux Etats G\u00e9n\u00e9raux de l\u2019Education - C\u00f4te d&#039;Ivoire","description":"Abidjan, le 19 juillet 2021- La Directrice G\u00e9n\u00e9rale Adjointe de l\u2019UNESCO charg\u00e9e de l\u2019\u00e9ducation, Stefania Giannini, a ex ...","robots":{"index":"index","follow":"follow","max-snippet":"max-snippet:-1","max-image-preview":"max-image-preview:large","max-video-preview":"max-video-preview:-1"},"canonical":"https:\/\/www.africa-press.net\/cotedivoire\/culture-et-art\/lunesco-apporte-son-soutien-aux-etats-generaux-de-leducation","og_locale":"fr_FR","og_type":"article","og_title":"L\u2019UNESCO apporte son soutien aux Etats G\u00e9n\u00e9raux de l\u2019Education","og_description":"Abidjan, le 19 juillet 2021- La Directrice G\u00e9n\u00e9rale Adjointe de l\u2019UNESCO charg\u00e9e de l\u2019\u00e9ducation, Stefania Giannini, a ex ...","og_url":"https:\/\/www.africa-press.net\/cotedivoire\/culture-et-art\/lunesco-apporte-son-soutien-aux-etats-generaux-de-leducation","og_site_name":"C\u00f4te d&#039;Ivoire","article_published_time":"2021-07-20T09:53:01+00:00","article_modified_time":"2021-07-20T17:52:38+00:00","og_image":[{"width":1024,"height":682,"url":"https:\/\/static.africa-press.net\/cote\/sites\/43\/2021\/07\/img-60f69931a0d1a.jpg","type":"image\/jpeg"}],"author":"cfeditorfr","twitter_card":"summary_large_image","twitter_misc":{"\u00c9crit par":"cfeditorfr","Dur\u00e9e de lecture estim\u00e9e":"1 minute"},"schema":{"@context":"https:\/\/schema.org","@graph":[{"@type":"Article","@id":"https:\/\/www.africa-press.net\/cotedivoire\/culture-et-art\/lunesco-apporte-son-soutien-aux-etats-generaux-de-leducation#article","isPartOf":{"@id":"https:\/\/www.africa-press.net\/cotedivoire\/culture-et-art\/lunesco-apporte-son-soutien-aux-etats-generaux-de-leducation"},"author":{"name":"cfeditorfr","@id":"https:\/\/www.africa-press.net\/cotedivoire\/#\/schema\/person\/2b1cf3cd81a31e3cd26889ca66d677f1"},"headline":"L\u2019UNESCO apporte son soutien aux Etats G\u00e9n\u00e9raux de l\u2019Education","datePublished":"2021-07-20T09:53:01+00:00","dateModified":"2021-07-20T17:52:38+00:00","mainEntityOfPage":{"@id":"https:\/\/www.africa-press.net\/cotedivoire\/culture-et-art\/lunesco-apporte-son-soutien-aux-etats-generaux-de-leducation"},"wordCount":232,"commentCount":0,"image":{"@id":"https:\/\/www.africa-press.net\/cotedivoire\/culture-et-art\/lunesco-apporte-son-soutien-aux-etats-generaux-de-leducation#primaryimage"},"thumbnailUrl":"https:\/\/static.africa-press.net\/cote\/sites\/43\/2021\/07\/img-60f69931a0d1a.jpg","keywords":["Africa Press","Africa Press-C\u00f4te d'Ivoire","C\u00d4TE D'IVOIRE"],"articleSection":["Culture et Art","homepage-french","Top Nouvelles","Toutes les actualit\u00e9s"],"inLanguage":"fr-FR","potentialAction":[{"@type":"CommentAction","name":"Comment","target":["https:\/\/www.africa-press.net\/cotedivoire\/culture-et-art\/lunesco-apporte-son-soutien-aux-etats-generaux-de-leducation#respond"]}]},{"@type":"WebPage","@id":"https:\/\/www.africa-press.net\/cotedivoire\/culture-et-art\/lunesco-apporte-son-soutien-aux-etats-generaux-de-leducation","url":"https:\/\/www.africa-press.net\/cotedivoire\/culture-et-art\/lunesco-apporte-son-soutien-aux-etats-generaux-de-leducation","name":"L\u2019UNESCO apporte son soutien aux Etats G\u00e9n\u00e9raux de l\u2019Education - C\u00f4te d&#039;Ivoire","isPartOf":{"@id":"https:\/\/www.africa-press.net\/cotedivoire\/#website"},"primaryImageOfPage":{"@id":"https:\/\/www.africa-press.net\/cotedivoire\/culture-et-art\/lunesco-apporte-son-soutien-aux-etats-generaux-de-leducation#primaryimage"},"image":{"@id":"https:\/\/www.africa-press.net\/cotedivoire\/culture-et-art\/lunesco-apporte-son-soutien-aux-etats-generaux-de-leducation#primaryimage"},"thumbnailUrl":"https:\/\/static.africa-press.net\/cote\/sites\/43\/2021\/07\/img-60f69931a0d1a.jpg","datePublished":"2021-07-20T09:53:01+00:00","dateModified":"2021-07-20T17:52:38+00:00","author":{"@id":"https:\/\/www.africa-press.net\/cotedivoire\/#\/schema\/person\/2b1cf3cd81a31e3cd26889ca66d677f1"},"description":"Abidjan, le 19 juillet 2021- La Directrice G\u00e9n\u00e9rale Adjointe de l\u2019UNESCO charg\u00e9e de l\u2019\u00e9ducation, Stefania Giannini, a ex ...","breadcrumb":{"@id":"https:\/\/www.africa-press.net\/cotedivoire\/culture-et-art\/lunesco-apporte-son-soutien-aux-etats-generaux-de-leducation#breadcrumb"},"inLanguage":"fr-FR","potentialAction":[{"@type":"ReadAction","target":["https:\/\/www.africa-press.net\/cotedivoire\/culture-et-art\/lunesco-apporte-son-soutien-aux-etats-generaux-de-leducation"]}]},{"@type":"ImageObject","inLanguage":"fr-FR","@id":"https:\/\/www.africa-press.net\/cotedivoire\/culture-et-art\/lunesco-apporte-son-soutien-aux-etats-generaux-de-leducation#primaryimage","url":"https:\/\/static.africa-press.net\/cote\/sites\/43\/2021\/07\/img-60f69931a0d1a.jpg","contentUrl":"https:\/\/static.africa-press.net\/cote\/sites\/43\/2021\/07\/img-60f69931a0d1a.jpg","width":1024,"height":682,"caption":"L\u2019UNESCO apporte son soutien aux Etats G\u00e9n\u00e9raux de l\u2019Education"},{"@type":"BreadcrumbList","@id":"https:\/\/www.africa-press.net\/cotedivoire\/culture-et-art\/lunesco-apporte-son-soutien-aux-etats-generaux-de-leducation#breadcrumb","itemListElement":[{"@type":"ListItem","position":1,"name":"Accueil","item":"https:\/\/www.africa-press.net\/cotedivoire\/"},{"@type":"ListItem","position":2,"name":"L\u2019UNESCO apporte son soutien aux Etats G\u00e9n\u00e9raux de l\u2019Education"}]},{"@type":"WebSite","@id":"https:\/\/www.africa-press.net\/cotedivoire\/#website","url":"https:\/\/www.africa-press.net\/cotedivoire\/","name":"C\u00f4te d&#039;Ivoire","description":"Just another Africa News Agency Sites site","potentialAction":[{"@type":"SearchAction","target":{"@type":"EntryPoint","urlTemplate":"https:\/\/www.africa-press.net\/cotedivoire\/?s={search_term_string}"},"query-input":{"@type":"PropertyValueSpecification","valueRequired":true,"valueName":"search_term_string"}}],"inLanguage":"fr-FR"},{"@type":"Person","@id":"https:\/\/www.africa-press.net\/cotedivoire\/#\/schema\/person\/2b1cf3cd81a31e3cd26889ca66d677f1","name":"cfeditorfr"}]}},"_links":{"self":[{"href":"https:\/\/www.africa-press.net\/cotedivoire\/wp-json\/wp\/v2\/posts\/10169","targetHints":{"allow":["GET"]}}],"collection":[{"href":"https:\/\/www.africa-press.net\/cotedivoire\/wp-json\/wp\/v2\/posts"}],"about":[{"href":"https:\/\/www.africa-press.net\/cotedivoire\/wp-json\/wp\/v2\/types\/post"}],"author":[{"embeddable":true,"href":"https:\/\/www.africa-press.net\/cotedivoire\/wp-json\/wp\/v2\/users\/82"}],"replies":[{"embeddable":true,"href":"https:\/\/www.africa-press.net\/cotedivoire\/wp-json\/wp\/v2\/comments?post=10169"}],"version-history":[{"count":0,"href":"https:\/\/www.africa-press.net\/cotedivoire\/wp-json\/wp\/v2\/posts\/10169\/revisions"}],"wp:featuredmedia":[{"embeddable":true,"href":"https:\/\/www.africa-press.net\/cotedivoire\/wp-json\/wp\/v2\/media\/10168"}],"wp:attachment":[{"href":"https:\/\/www.africa-press.net\/cotedivoire\/wp-json\/wp\/v2\/media?parent=10169"}],"wp:term":[{"taxonomy":"category","embeddable":true,"href":"https:\/\/www.africa-press.net\/cotedivoire\/wp-json\/wp\/v2\/categories?post=10169"},{"taxonomy":"post_tag","embeddable":true,"href":"https:\/\/www.africa-press.net\/cotedivoire\/wp-json\/wp\/v2\/tags?post=10169"}],"curies":[{"name":"wp","href":"https:\/\/api.w.org\/{rel}","templated":true}]}}