{"id":101702,"date":"2025-07-03T16:14:12","date_gmt":"2025-07-03T16:14:12","guid":{"rendered":"https:\/\/www.africa-press.net\/cotedivoire\/politique\/execution-budgetaire-mars-2023-ressources-et-depenses"},"modified":"2025-07-03T16:35:00","modified_gmt":"2025-07-03T16:35:00","slug":"execution-budgetaire-mars-2023-ressources-et-depenses","status":"publish","type":"post","link":"https:\/\/www.africa-press.net\/cotedivoire\/economie\/execution-budgetaire-mars-2023-ressources-et-depenses","title":{"rendered":"Ex\u00e9cution Budg\u00e9taire Mars 2023 Ressources et D\u00e9penses"},"content":{"rendered":"<p><span style=\"color: #ff6600\"><strong>Africa-Press &#8211; C\u00f4te d&rsquo;Ivoire. <\/strong><\/span>Le ministe\u0300re des Finances et du Budget a pre\u0301sente\u0301 trois importantes communications concernant l&rsquo;exe\u0301cution du budget de l&rsquo;E\u0301tat a\u0300 fin mars 2025, lors de la re\u0301union du conseil des ministres tenue, ce mercredi 2 juillet, au palais pre\u0301sidentiel. Ces rapports mettent en lumie\u0300re une mobilisation satisfaisante des recettes et une gestion rigoureuse des de\u0301penses, tout en abordant les exone\u0301rations fiscales et douanie\u0300res.<\/p>\n<p>Au terme du premier trimestre de l&rsquo;anne\u0301e 2025, l&rsquo;exe\u0301cution du budget de l&rsquo;E\u0301tat a e\u0301te\u0301 marque\u0301e par une mobilisation des ressources s&rsquo;e\u0301levant a\u0300 3 707 milliards de francs CFA, de\u0301passant ainsi la pre\u0301vision de 3 207,7 milliards de francs CFA, avec un taux de re\u0301alisation de 115,8 %. Cette performance est attribue\u0301e a\u0300 une collecte efficace des recettes budge\u0301taires, qui se chiffrent a\u0300 1 647,8 milliards de francs CFA, ainsi qu&rsquo;a\u0300 des ressources de tre\u0301sorerie de 2 059,2 milliards de francs CFA.<\/p>\n<p>En ce qui concerne les de\u0301penses, celles-ci ont e\u0301te\u0301 exe\u0301cute\u0301es a\u0300 hauteur de 3 603 milliards de francs CFA, repre\u0301sentant un taux d&rsquo;exe\u0301cution de 111,1 % par rapport a\u0300 la pre\u0301vision de 3 241,6 milliards de francs CFA. Les de\u0301penses d&rsquo;investissement, bien que le\u0301ge\u0300rement en dec\u0327a\u0300 des pre\u0301visions, affichent un taux d&rsquo;exe\u0301cution de 82 %, avec 648 milliards de francs CFA engage\u0301s.<\/p>\n<p>Les efforts en matie\u0300re de lutte contre la pauvrete\u0301 et de re\u0301duction des disparite\u0301s sociales sont e\u0301galement notables, avec des de\u0301penses respectives de 898 milliards de francs CFA et 283,1 milliards de francs CFA, de\u0301passant les objectifs fixe\u0301s.<\/p>\n<p>La deuxie\u0300me communication a mis en lumie\u0300re le cou\u0302t des exone\u0301rations fiscales et douanie\u0300res, qui s&rsquo;e\u0301le\u0300ve a\u0300 129,2 milliards de francs CFA a\u0300 fin mars 2025, en baisse par rapport a\u0300 l&rsquo;anne\u0301e pre\u0301ce\u0301dente. Cette diminution de 7,7 milliards de francs CFA est principalement due a\u0300 la re\u0301duction des avantages accorde\u0301s aux projets de l&rsquo;E\u0301tat et aux entreprises minie\u0300res et pe\u0301trolie\u0300res. Les secteurs de l&rsquo;industrie et des services ont e\u0301te\u0301 les principaux be\u0301ne\u0301ficiaires de ces exone\u0301rations.<\/p>\n<p>Enfin, la troisie\u0300me communication a pre\u0301cise\u0301 les crite\u0300res et proce\u0301dures pour l&rsquo;octroi et l&rsquo;e\u0301limination des exone\u0301rations et des taux re\u0301duits de TVA. Quatre crite\u0300res ont e\u0301te\u0301 e\u0301tablis: les types de biens et services, le chiffre d&rsquo;affaires des entreprises, le caracte\u0300re distributif de l&rsquo;exone\u0301ration et la compatibilite\u0301 avec le plan de rationalisation des exone\u0301rations. Les ope\u0301rations non conformes a\u0300 ces crite\u0300res seront annule\u0301es, renforc\u0327ant ainsi la rigueur dans la gestion des exone\u0301rations fiscales.<\/p>\n<p>Le bilan de l&rsquo;exe\u0301cution budge\u0301taire a\u0300 fin mars 2025 est globalement positif, avec une mobilisation des ressources et une mai\u0302trise des de\u0301penses qui laissent entrevoir des perspectives encourageantes pour la suite de l&rsquo;anne\u0301e. Les efforts continus pour rationaliser les exone\u0301rations fiscales et douanie\u0300res te\u0301moignent d&rsquo;une volonte\u0301 d&rsquo;optimiser les finances publiques et de soutenir le de\u0301veloppement e\u0301conomique du pays.<\/p>\n<p><strong>Pour plus d&rsquo;informations et d&rsquo;analyses sur la <span style=\"color: #ff6600\">C\u00f4te d&rsquo;Ivoire<\/span>, suivez <span style=\"color: #ff6600\">Africa-Press<\/span><\/strong><\/p>\n","protected":false},"excerpt":{"rendered":"<p>Africa-Press &#8211; C\u00f4te d&rsquo;Ivoire. Le ministe\u0300re des Finances et du Budget a pre\u0301sente\u0301 trois importantes communications concernant l&rsquo;exe\u0301cution du budget de l&rsquo;E\u0301tat a\u0300 fin mars 2025, lors de la re\u0301union du conseil des ministres tenue, ce mercredi 2 juillet, au palais pre\u0301sidentiel. Ces rapports mettent en lumie\u0300re une mobilisation satisfaisante des recettes et une gestion [&hellip;]<\/p>\n","protected":false},"author":82,"featured_media":101701,"comment_status":"open","ping_status":"closed","sticky":false,"template":"","format":"standard","meta":{"footnotes":""},"categories":[3,10],"tags":[1182,11376,29,4378,10887,14278,7111,8935,4043,6257],"class_list":["post-101702","post","type-post","status-publish","format-standard","has-post-thumbnail","hentry","category-economie","category-toutes-les-actualites","tag-adama-coulibaly","tag-budgetaire","tag-cote-divoire","tag-depenses","tag-douanieres","tag-execution","tag-exonerations","tag-fiscales","tag-milliards","tag-ressources"],"yoast_head":"<!-- This site is optimized with the Yoast SEO Premium plugin v26.1 (Yoast SEO v27.0) - https:\/\/yoast.com\/product\/yoast-seo-premium-wordpress\/ -->\n<title>Ex\u00e9cution Budg\u00e9taire Mars 2023 Ressources et D\u00e9penses - C\u00f4te d&#039;Ivoire<\/title>\n<meta name=\"description\" content=\"Le ministe\u0300re des Finances et du Budget a pre\u0301sente\u0301 trois importantes communications concernant l&#039;exe\u0301cution du budget ...\" \/>\n<meta name=\"robots\" content=\"index, follow, max-snippet:-1, max-image-preview:large, max-video-preview:-1\" \/>\n<link rel=\"canonical\" href=\"https:\/\/www.africa-press.net\/cotedivoire\/economie\/execution-budgetaire-mars-2023-ressources-et-depenses\" \/>\n<meta property=\"og:locale\" content=\"fr_FR\" \/>\n<meta property=\"og:type\" content=\"article\" \/>\n<meta property=\"og:title\" content=\"Ex\u00e9cution Budg\u00e9taire Mars 2023 Ressources et D\u00e9penses\" \/>\n<meta property=\"og:description\" content=\"Le ministe\u0300re des Finances et du Budget a pre\u0301sente\u0301 trois importantes communications concernant l&#039;exe\u0301cution du budget ...\" \/>\n<meta property=\"og:url\" content=\"https:\/\/www.africa-press.net\/cotedivoire\/economie\/execution-budgetaire-mars-2023-ressources-et-depenses\" \/>\n<meta property=\"og:site_name\" content=\"C\u00f4te d&#039;Ivoire\" \/>\n<meta property=\"article:published_time\" content=\"2025-07-03T16:14:12+00:00\" \/>\n<meta property=\"article:modified_time\" content=\"2025-07-03T16:35:00+00:00\" \/>\n<meta property=\"og:image\" content=\"https:\/\/static.africa-press.net\/cote\/sites\/43\/2025\/07\/sm_1751547754.037805.jpg\" \/>\n\t<meta property=\"og:image:width\" content=\"720\" \/>\n\t<meta property=\"og:image:height\" content=\"355\" \/>\n\t<meta property=\"og:image:type\" content=\"image\/jpeg\" \/>\n<meta name=\"author\" content=\"cfeditorfr\" \/>\n<meta name=\"twitter:card\" content=\"summary_large_image\" \/>\n<meta name=\"twitter:label1\" content=\"\u00c9crit par\" \/>\n\t<meta name=\"twitter:data1\" content=\"cfeditorfr\" \/>\n\t<meta name=\"twitter:label2\" content=\"Dur\u00e9e de lecture estim\u00e9e\" \/>\n\t<meta name=\"twitter:data2\" content=\"3 minutes\" \/>\n<script type=\"application\/ld+json\" class=\"yoast-schema-graph\">{\"@context\":\"https:\/\/schema.org\",\"@graph\":[{\"@type\":\"Article\",\"@id\":\"https:\/\/www.africa-press.net\/cotedivoire\/economie\/execution-budgetaire-mars-2023-ressources-et-depenses#article\",\"isPartOf\":{\"@id\":\"https:\/\/www.africa-press.net\/cotedivoire\/economie\/execution-budgetaire-mars-2023-ressources-et-depenses\"},\"author\":{\"name\":\"cfeditorfr\",\"@id\":\"https:\/\/www.africa-press.net\/cotedivoire\/#\/schema\/person\/2b1cf3cd81a31e3cd26889ca66d677f1\"},\"headline\":\"Ex\u00e9cution Budg\u00e9taire Mars 2023 Ressources et D\u00e9penses\",\"datePublished\":\"2025-07-03T16:14:12+00:00\",\"dateModified\":\"2025-07-03T16:35:00+00:00\",\"mainEntityOfPage\":{\"@id\":\"https:\/\/www.africa-press.net\/cotedivoire\/economie\/execution-budgetaire-mars-2023-ressources-et-depenses\"},\"wordCount\":564,\"commentCount\":0,\"image\":{\"@id\":\"https:\/\/www.africa-press.net\/cotedivoire\/economie\/execution-budgetaire-mars-2023-ressources-et-depenses#primaryimage\"},\"thumbnailUrl\":\"https:\/\/static.africa-press.net\/cote\/sites\/43\/2025\/07\/sm_1751547754.037805.jpg\",\"keywords\":[\"Adama Coulibaly\",\"budg\u00e9taire\",\"C\u00d4TE D'IVOIRE\",\"d\u00e9penses\",\"douani\u00e8res\",\"Ex\u00e9cution\",\"Exon\u00e9rations\",\"Fiscales\",\"milliards\",\"ressources\"],\"articleSection\":[\"\u00c9conomie\",\"Toutes les actualit\u00e9s\"],\"inLanguage\":\"fr-FR\",\"potentialAction\":[{\"@type\":\"CommentAction\",\"name\":\"Comment\",\"target\":[\"https:\/\/www.africa-press.net\/cotedivoire\/economie\/execution-budgetaire-mars-2023-ressources-et-depenses#respond\"]}]},{\"@type\":\"WebPage\",\"@id\":\"https:\/\/www.africa-press.net\/cotedivoire\/economie\/execution-budgetaire-mars-2023-ressources-et-depenses\",\"url\":\"https:\/\/www.africa-press.net\/cotedivoire\/economie\/execution-budgetaire-mars-2023-ressources-et-depenses\",\"name\":\"Ex\u00e9cution Budg\u00e9taire Mars 2023 Ressources et D\u00e9penses - C\u00f4te d&#039;Ivoire\",\"isPartOf\":{\"@id\":\"https:\/\/www.africa-press.net\/cotedivoire\/#website\"},\"primaryImageOfPage\":{\"@id\":\"https:\/\/www.africa-press.net\/cotedivoire\/economie\/execution-budgetaire-mars-2023-ressources-et-depenses#primaryimage\"},\"image\":{\"@id\":\"https:\/\/www.africa-press.net\/cotedivoire\/economie\/execution-budgetaire-mars-2023-ressources-et-depenses#primaryimage\"},\"thumbnailUrl\":\"https:\/\/static.africa-press.net\/cote\/sites\/43\/2025\/07\/sm_1751547754.037805.jpg\",\"datePublished\":\"2025-07-03T16:14:12+00:00\",\"dateModified\":\"2025-07-03T16:35:00+00:00\",\"author\":{\"@id\":\"https:\/\/www.africa-press.net\/cotedivoire\/#\/schema\/person\/2b1cf3cd81a31e3cd26889ca66d677f1\"},\"description\":\"Le ministe\u0300re des Finances et du Budget a pre\u0301sente\u0301 trois importantes communications concernant l'exe\u0301cution du budget ...\",\"breadcrumb\":{\"@id\":\"https:\/\/www.africa-press.net\/cotedivoire\/economie\/execution-budgetaire-mars-2023-ressources-et-depenses#breadcrumb\"},\"inLanguage\":\"fr-FR\",\"potentialAction\":[{\"@type\":\"ReadAction\",\"target\":[\"https:\/\/www.africa-press.net\/cotedivoire\/economie\/execution-budgetaire-mars-2023-ressources-et-depenses\"]}]},{\"@type\":\"ImageObject\",\"inLanguage\":\"fr-FR\",\"@id\":\"https:\/\/www.africa-press.net\/cotedivoire\/economie\/execution-budgetaire-mars-2023-ressources-et-depenses#primaryimage\",\"url\":\"https:\/\/static.africa-press.net\/cote\/sites\/43\/2025\/07\/sm_1751547754.037805.jpg\",\"contentUrl\":\"https:\/\/static.africa-press.net\/cote\/sites\/43\/2025\/07\/sm_1751547754.037805.jpg\",\"width\":720,\"height\":355,\"caption\":\"Ex\u00e9cution Budg\u00e9taire Mars 2023 Ressources et D\u00e9penses\"},{\"@type\":\"BreadcrumbList\",\"@id\":\"https:\/\/www.africa-press.net\/cotedivoire\/economie\/execution-budgetaire-mars-2023-ressources-et-depenses#breadcrumb\",\"itemListElement\":[{\"@type\":\"ListItem\",\"position\":1,\"name\":\"Accueil\",\"item\":\"https:\/\/www.africa-press.net\/cotedivoire\/\"},{\"@type\":\"ListItem\",\"position\":2,\"name\":\"Ex\u00e9cution Budg\u00e9taire Mars 2023 Ressources et D\u00e9penses\"}]},{\"@type\":\"WebSite\",\"@id\":\"https:\/\/www.africa-press.net\/cotedivoire\/#website\",\"url\":\"https:\/\/www.africa-press.net\/cotedivoire\/\",\"name\":\"C\u00f4te d&#039;Ivoire\",\"description\":\"Just another Africa News Agency Sites site\",\"potentialAction\":[{\"@type\":\"SearchAction\",\"target\":{\"@type\":\"EntryPoint\",\"urlTemplate\":\"https:\/\/www.africa-press.net\/cotedivoire\/?s={search_term_string}\"},\"query-input\":{\"@type\":\"PropertyValueSpecification\",\"valueRequired\":true,\"valueName\":\"search_term_string\"}}],\"inLanguage\":\"fr-FR\"},{\"@type\":\"Person\",\"@id\":\"https:\/\/www.africa-press.net\/cotedivoire\/#\/schema\/person\/2b1cf3cd81a31e3cd26889ca66d677f1\",\"name\":\"cfeditorfr\"}]}<\/script>\n<!-- \/ Yoast SEO Premium plugin. -->","yoast_head_json":{"title":"Ex\u00e9cution Budg\u00e9taire Mars 2023 Ressources et D\u00e9penses - C\u00f4te d&#039;Ivoire","description":"Le ministe\u0300re des Finances et du Budget a pre\u0301sente\u0301 trois importantes communications concernant l'exe\u0301cution du budget ...","robots":{"index":"index","follow":"follow","max-snippet":"max-snippet:-1","max-image-preview":"max-image-preview:large","max-video-preview":"max-video-preview:-1"},"canonical":"https:\/\/www.africa-press.net\/cotedivoire\/economie\/execution-budgetaire-mars-2023-ressources-et-depenses","og_locale":"fr_FR","og_type":"article","og_title":"Ex\u00e9cution Budg\u00e9taire Mars 2023 Ressources et D\u00e9penses","og_description":"Le ministe\u0300re des Finances et du Budget a pre\u0301sente\u0301 trois importantes communications concernant l'exe\u0301cution du budget ...","og_url":"https:\/\/www.africa-press.net\/cotedivoire\/economie\/execution-budgetaire-mars-2023-ressources-et-depenses","og_site_name":"C\u00f4te d&#039;Ivoire","article_published_time":"2025-07-03T16:14:12+00:00","article_modified_time":"2025-07-03T16:35:00+00:00","og_image":[{"width":720,"height":355,"url":"https:\/\/static.africa-press.net\/cote\/sites\/43\/2025\/07\/sm_1751547754.037805.jpg","type":"image\/jpeg"}],"author":"cfeditorfr","twitter_card":"summary_large_image","twitter_misc":{"\u00c9crit par":"cfeditorfr","Dur\u00e9e de lecture estim\u00e9e":"3 minutes"},"schema":{"@context":"https:\/\/schema.org","@graph":[{"@type":"Article","@id":"https:\/\/www.africa-press.net\/cotedivoire\/economie\/execution-budgetaire-mars-2023-ressources-et-depenses#article","isPartOf":{"@id":"https:\/\/www.africa-press.net\/cotedivoire\/economie\/execution-budgetaire-mars-2023-ressources-et-depenses"},"author":{"name":"cfeditorfr","@id":"https:\/\/www.africa-press.net\/cotedivoire\/#\/schema\/person\/2b1cf3cd81a31e3cd26889ca66d677f1"},"headline":"Ex\u00e9cution Budg\u00e9taire Mars 2023 Ressources et D\u00e9penses","datePublished":"2025-07-03T16:14:12+00:00","dateModified":"2025-07-03T16:35:00+00:00","mainEntityOfPage":{"@id":"https:\/\/www.africa-press.net\/cotedivoire\/economie\/execution-budgetaire-mars-2023-ressources-et-depenses"},"wordCount":564,"commentCount":0,"image":{"@id":"https:\/\/www.africa-press.net\/cotedivoire\/economie\/execution-budgetaire-mars-2023-ressources-et-depenses#primaryimage"},"thumbnailUrl":"https:\/\/static.africa-press.net\/cote\/sites\/43\/2025\/07\/sm_1751547754.037805.jpg","keywords":["Adama Coulibaly","budg\u00e9taire","C\u00d4TE D'IVOIRE","d\u00e9penses","douani\u00e8res","Ex\u00e9cution","Exon\u00e9rations","Fiscales","milliards","ressources"],"articleSection":["\u00c9conomie","Toutes les actualit\u00e9s"],"inLanguage":"fr-FR","potentialAction":[{"@type":"CommentAction","name":"Comment","target":["https:\/\/www.africa-press.net\/cotedivoire\/economie\/execution-budgetaire-mars-2023-ressources-et-depenses#respond"]}]},{"@type":"WebPage","@id":"https:\/\/www.africa-press.net\/cotedivoire\/economie\/execution-budgetaire-mars-2023-ressources-et-depenses","url":"https:\/\/www.africa-press.net\/cotedivoire\/economie\/execution-budgetaire-mars-2023-ressources-et-depenses","name":"Ex\u00e9cution Budg\u00e9taire Mars 2023 Ressources et D\u00e9penses - C\u00f4te d&#039;Ivoire","isPartOf":{"@id":"https:\/\/www.africa-press.net\/cotedivoire\/#website"},"primaryImageOfPage":{"@id":"https:\/\/www.africa-press.net\/cotedivoire\/economie\/execution-budgetaire-mars-2023-ressources-et-depenses#primaryimage"},"image":{"@id":"https:\/\/www.africa-press.net\/cotedivoire\/economie\/execution-budgetaire-mars-2023-ressources-et-depenses#primaryimage"},"thumbnailUrl":"https:\/\/static.africa-press.net\/cote\/sites\/43\/2025\/07\/sm_1751547754.037805.jpg","datePublished":"2025-07-03T16:14:12+00:00","dateModified":"2025-07-03T16:35:00+00:00","author":{"@id":"https:\/\/www.africa-press.net\/cotedivoire\/#\/schema\/person\/2b1cf3cd81a31e3cd26889ca66d677f1"},"description":"Le ministe\u0300re des Finances et du Budget a pre\u0301sente\u0301 trois importantes communications concernant l'exe\u0301cution du budget ...","breadcrumb":{"@id":"https:\/\/www.africa-press.net\/cotedivoire\/economie\/execution-budgetaire-mars-2023-ressources-et-depenses#breadcrumb"},"inLanguage":"fr-FR","potentialAction":[{"@type":"ReadAction","target":["https:\/\/www.africa-press.net\/cotedivoire\/economie\/execution-budgetaire-mars-2023-ressources-et-depenses"]}]},{"@type":"ImageObject","inLanguage":"fr-FR","@id":"https:\/\/www.africa-press.net\/cotedivoire\/economie\/execution-budgetaire-mars-2023-ressources-et-depenses#primaryimage","url":"https:\/\/static.africa-press.net\/cote\/sites\/43\/2025\/07\/sm_1751547754.037805.jpg","contentUrl":"https:\/\/static.africa-press.net\/cote\/sites\/43\/2025\/07\/sm_1751547754.037805.jpg","width":720,"height":355,"caption":"Ex\u00e9cution Budg\u00e9taire Mars 2023 Ressources et D\u00e9penses"},{"@type":"BreadcrumbList","@id":"https:\/\/www.africa-press.net\/cotedivoire\/economie\/execution-budgetaire-mars-2023-ressources-et-depenses#breadcrumb","itemListElement":[{"@type":"ListItem","position":1,"name":"Accueil","item":"https:\/\/www.africa-press.net\/cotedivoire\/"},{"@type":"ListItem","position":2,"name":"Ex\u00e9cution Budg\u00e9taire Mars 2023 Ressources et D\u00e9penses"}]},{"@type":"WebSite","@id":"https:\/\/www.africa-press.net\/cotedivoire\/#website","url":"https:\/\/www.africa-press.net\/cotedivoire\/","name":"C\u00f4te d&#039;Ivoire","description":"Just another Africa News Agency Sites site","potentialAction":[{"@type":"SearchAction","target":{"@type":"EntryPoint","urlTemplate":"https:\/\/www.africa-press.net\/cotedivoire\/?s={search_term_string}"},"query-input":{"@type":"PropertyValueSpecification","valueRequired":true,"valueName":"search_term_string"}}],"inLanguage":"fr-FR"},{"@type":"Person","@id":"https:\/\/www.africa-press.net\/cotedivoire\/#\/schema\/person\/2b1cf3cd81a31e3cd26889ca66d677f1","name":"cfeditorfr"}]}},"_links":{"self":[{"href":"https:\/\/www.africa-press.net\/cotedivoire\/wp-json\/wp\/v2\/posts\/101702","targetHints":{"allow":["GET"]}}],"collection":[{"href":"https:\/\/www.africa-press.net\/cotedivoire\/wp-json\/wp\/v2\/posts"}],"about":[{"href":"https:\/\/www.africa-press.net\/cotedivoire\/wp-json\/wp\/v2\/types\/post"}],"author":[{"embeddable":true,"href":"https:\/\/www.africa-press.net\/cotedivoire\/wp-json\/wp\/v2\/users\/82"}],"replies":[{"embeddable":true,"href":"https:\/\/www.africa-press.net\/cotedivoire\/wp-json\/wp\/v2\/comments?post=101702"}],"version-history":[{"count":0,"href":"https:\/\/www.africa-press.net\/cotedivoire\/wp-json\/wp\/v2\/posts\/101702\/revisions"}],"wp:featuredmedia":[{"embeddable":true,"href":"https:\/\/www.africa-press.net\/cotedivoire\/wp-json\/wp\/v2\/media\/101701"}],"wp:attachment":[{"href":"https:\/\/www.africa-press.net\/cotedivoire\/wp-json\/wp\/v2\/media?parent=101702"}],"wp:term":[{"taxonomy":"category","embeddable":true,"href":"https:\/\/www.africa-press.net\/cotedivoire\/wp-json\/wp\/v2\/categories?post=101702"},{"taxonomy":"post_tag","embeddable":true,"href":"https:\/\/www.africa-press.net\/cotedivoire\/wp-json\/wp\/v2\/tags?post=101702"}],"curies":[{"name":"wp","href":"https:\/\/api.w.org\/{rel}","templated":true}]}}