{"id":10172,"date":"2021-07-20T17:18:59","date_gmt":"2021-07-20T17:18:59","guid":{"rendered":"https:\/\/www.africa-press.net\/cotedivoire\/?p=10172"},"modified":"2021-07-20T17:52:44","modified_gmt":"2021-07-20T17:52:44","slug":"exclusif-eurobond-pourquoi-la-cote-divoire-bouscule-son-calendrier","status":"publish","type":"post","link":"https:\/\/www.africa-press.net\/cotedivoire\/economie\/exclusif-eurobond-pourquoi-la-cote-divoire-bouscule-son-calendrier","title":{"rendered":"[Exclusif] Eurobond : pourquoi la C\u00f4te d\u2019Ivoire bouscule son calendrier"},"content":{"rendered":"<p><span style=\"color: #ff6600\"><strong><a href=\"https:\/\/www.africa-press.net\/\">Africa-Press<\/a> &#8211; <a href=\"https:\/\/www.africa-press.net\/cotedivoire\">C\u00f4te d&rsquo;Ivoire<\/a>. <\/strong><\/span>D\u2019abord pr\u00e9vue pour le 9 juillet puis pour la semaine derni\u00e8re, le troisi\u00e8me eurobond ivoirien en douze mois, destin\u00e9 \u00e0 financer le d\u00e9ficit budg\u00e9taire, ne sera finalement pas programm\u00e9 avant septembre. Explications.<\/p>\n<p>Le 7 juillet, en conseil des ministres, le pr\u00e9sident ivoirien Alassane Ouattara, a souhait\u00e9 programmer au 9 juillet une troisi\u00e8me sortie du pays sur les march\u00e9s internationaux en moins de douze mois.<\/p>\n<p>Objectif : lever un milliard de dollars, pour faire face aux fortes tensions de tr\u00e9sorerie que conna\u00eet le pays depuis quelques mois, notamment du fait des performances mitig\u00e9es de certaines r\u00e9gies financi\u00e8res, dans un contexte de double pression budg\u00e9taire, d\u2019une part sur les d\u00e9penses de s\u00e9curit\u00e9 li\u00e9e aux attaques terroristes dans le Nord et d\u2019autre part, en lien avec la riposte contre la pand\u00e9mie du coronavirus.<\/p>\n<p><b>\u00a0<\/b><\/p>\n","protected":false},"excerpt":{"rendered":"<p>Africa-Press &#8211; C\u00f4te d&rsquo;Ivoire. D\u2019abord pr\u00e9vue pour le 9 juillet puis pour la semaine derni\u00e8re, le troisi\u00e8me eurobond ivoirien en douze mois, destin\u00e9 \u00e0 financer le d\u00e9ficit budg\u00e9taire, ne sera finalement pas programm\u00e9 avant septembre. Explications. Le 7 juillet, en conseil des ministres, le pr\u00e9sident ivoirien Alassane Ouattara, a souhait\u00e9 programmer au 9 juillet une [&hellip;]<\/p>\n","protected":false},"author":82,"featured_media":10171,"comment_status":"open","ping_status":"closed","sticky":false,"template":"","format":"standard","meta":{"footnotes":""},"categories":[3,11,20,10],"tags":[56,63,29],"class_list":["post-10172","post","type-post","status-publish","format-standard","has-post-thumbnail","hentry","category-economie","category-homepage-french","category-top-nouvelles","category-toutes-les-actualites","tag-africa-press","tag-africa-press-cote-divoire","tag-cote-divoire"],"yoast_head":"<!-- This site is optimized with the Yoast SEO Premium plugin v26.1 (Yoast SEO v27.0) - https:\/\/yoast.com\/product\/yoast-seo-premium-wordpress\/ -->\n<title>[Exclusif] Eurobond : pourquoi la C\u00f4te d\u2019Ivoire bouscule son calendrier - C\u00f4te d&#039;Ivoire<\/title>\n<meta name=\"description\" content=\"D\u2019abord pr\u00e9vue pour le 9 juillet puis pour la semaine derni\u00e8re, le troisi\u00e8me eurobond ivoirien en douze mois, destin\u00e9 \u00e0 ...\" \/>\n<meta name=\"robots\" content=\"index, follow, max-snippet:-1, max-image-preview:large, max-video-preview:-1\" \/>\n<link rel=\"canonical\" href=\"https:\/\/www.africa-press.net\/cotedivoire\/economie\/exclusif-eurobond-pourquoi-la-cote-divoire-bouscule-son-calendrier\" \/>\n<meta property=\"og:locale\" content=\"fr_FR\" \/>\n<meta property=\"og:type\" content=\"article\" \/>\n<meta property=\"og:title\" content=\"[Exclusif] Eurobond : pourquoi la C\u00f4te d\u2019Ivoire bouscule son calendrier\" \/>\n<meta property=\"og:description\" content=\"D\u2019abord pr\u00e9vue pour le 9 juillet puis pour la semaine derni\u00e8re, le troisi\u00e8me eurobond ivoirien en douze mois, destin\u00e9 \u00e0 ...\" \/>\n<meta property=\"og:url\" content=\"https:\/\/www.africa-press.net\/cotedivoire\/economie\/exclusif-eurobond-pourquoi-la-cote-divoire-bouscule-son-calendrier\" \/>\n<meta property=\"og:site_name\" content=\"C\u00f4te d&#039;Ivoire\" \/>\n<meta property=\"article:published_time\" content=\"2021-07-20T17:18:59+00:00\" \/>\n<meta property=\"article:modified_time\" content=\"2021-07-20T17:52:44+00:00\" \/>\n<meta property=\"og:image\" content=\"https:\/\/static.africa-press.net\/cote\/sites\/43\/2021\/07\/img-60f704851f0f4.jpg\" \/>\n\t<meta property=\"og:image:width\" content=\"720\" \/>\n\t<meta property=\"og:image:height\" content=\"360\" \/>\n\t<meta property=\"og:image:type\" content=\"image\/jpeg\" \/>\n<meta name=\"author\" content=\"cfeditorfr\" \/>\n<meta name=\"twitter:card\" content=\"summary_large_image\" \/>\n<meta name=\"twitter:label1\" content=\"\u00c9crit par\" \/>\n\t<meta name=\"twitter:data1\" content=\"cfeditorfr\" \/>\n\t<meta name=\"twitter:label2\" content=\"Dur\u00e9e de lecture estim\u00e9e\" \/>\n\t<meta name=\"twitter:data2\" content=\"1 minute\" \/>\n<script type=\"application\/ld+json\" class=\"yoast-schema-graph\">{\"@context\":\"https:\/\/schema.org\",\"@graph\":[{\"@type\":\"Article\",\"@id\":\"https:\/\/www.africa-press.net\/cotedivoire\/economie\/exclusif-eurobond-pourquoi-la-cote-divoire-bouscule-son-calendrier#article\",\"isPartOf\":{\"@id\":\"https:\/\/www.africa-press.net\/cotedivoire\/economie\/exclusif-eurobond-pourquoi-la-cote-divoire-bouscule-son-calendrier\"},\"author\":{\"name\":\"cfeditorfr\",\"@id\":\"https:\/\/www.africa-press.net\/cotedivoire\/#\/schema\/person\/2b1cf3cd81a31e3cd26889ca66d677f1\"},\"headline\":\"[Exclusif] Eurobond : pourquoi la C\u00f4te d\u2019Ivoire bouscule son calendrier\",\"datePublished\":\"2021-07-20T17:18:59+00:00\",\"dateModified\":\"2021-07-20T17:52:44+00:00\",\"mainEntityOfPage\":{\"@id\":\"https:\/\/www.africa-press.net\/cotedivoire\/economie\/exclusif-eurobond-pourquoi-la-cote-divoire-bouscule-son-calendrier\"},\"wordCount\":163,\"commentCount\":0,\"image\":{\"@id\":\"https:\/\/www.africa-press.net\/cotedivoire\/economie\/exclusif-eurobond-pourquoi-la-cote-divoire-bouscule-son-calendrier#primaryimage\"},\"thumbnailUrl\":\"https:\/\/static.africa-press.net\/cote\/sites\/43\/2021\/07\/img-60f704851f0f4.jpg\",\"keywords\":[\"Africa Press\",\"Africa Press-C\u00f4te d'Ivoire\",\"C\u00d4TE D'IVOIRE\"],\"articleSection\":[\"\u00c9conomie\",\"homepage-french\",\"Top Nouvelles\",\"Toutes les actualit\u00e9s\"],\"inLanguage\":\"fr-FR\",\"potentialAction\":[{\"@type\":\"CommentAction\",\"name\":\"Comment\",\"target\":[\"https:\/\/www.africa-press.net\/cotedivoire\/economie\/exclusif-eurobond-pourquoi-la-cote-divoire-bouscule-son-calendrier#respond\"]}]},{\"@type\":\"WebPage\",\"@id\":\"https:\/\/www.africa-press.net\/cotedivoire\/economie\/exclusif-eurobond-pourquoi-la-cote-divoire-bouscule-son-calendrier\",\"url\":\"https:\/\/www.africa-press.net\/cotedivoire\/economie\/exclusif-eurobond-pourquoi-la-cote-divoire-bouscule-son-calendrier\",\"name\":\"[Exclusif] Eurobond : pourquoi la C\u00f4te d\u2019Ivoire bouscule son calendrier - C\u00f4te d&#039;Ivoire\",\"isPartOf\":{\"@id\":\"https:\/\/www.africa-press.net\/cotedivoire\/#website\"},\"primaryImageOfPage\":{\"@id\":\"https:\/\/www.africa-press.net\/cotedivoire\/economie\/exclusif-eurobond-pourquoi-la-cote-divoire-bouscule-son-calendrier#primaryimage\"},\"image\":{\"@id\":\"https:\/\/www.africa-press.net\/cotedivoire\/economie\/exclusif-eurobond-pourquoi-la-cote-divoire-bouscule-son-calendrier#primaryimage\"},\"thumbnailUrl\":\"https:\/\/static.africa-press.net\/cote\/sites\/43\/2021\/07\/img-60f704851f0f4.jpg\",\"datePublished\":\"2021-07-20T17:18:59+00:00\",\"dateModified\":\"2021-07-20T17:52:44+00:00\",\"author\":{\"@id\":\"https:\/\/www.africa-press.net\/cotedivoire\/#\/schema\/person\/2b1cf3cd81a31e3cd26889ca66d677f1\"},\"description\":\"D\u2019abord pr\u00e9vue pour le 9 juillet puis pour la semaine derni\u00e8re, le troisi\u00e8me eurobond ivoirien en douze mois, destin\u00e9 \u00e0 ...\",\"breadcrumb\":{\"@id\":\"https:\/\/www.africa-press.net\/cotedivoire\/economie\/exclusif-eurobond-pourquoi-la-cote-divoire-bouscule-son-calendrier#breadcrumb\"},\"inLanguage\":\"fr-FR\",\"potentialAction\":[{\"@type\":\"ReadAction\",\"target\":[\"https:\/\/www.africa-press.net\/cotedivoire\/economie\/exclusif-eurobond-pourquoi-la-cote-divoire-bouscule-son-calendrier\"]}]},{\"@type\":\"ImageObject\",\"inLanguage\":\"fr-FR\",\"@id\":\"https:\/\/www.africa-press.net\/cotedivoire\/economie\/exclusif-eurobond-pourquoi-la-cote-divoire-bouscule-son-calendrier#primaryimage\",\"url\":\"https:\/\/static.africa-press.net\/cote\/sites\/43\/2021\/07\/img-60f704851f0f4.jpg\",\"contentUrl\":\"https:\/\/static.africa-press.net\/cote\/sites\/43\/2021\/07\/img-60f704851f0f4.jpg\",\"width\":720,\"height\":360,\"caption\":\"[Exclusif] Eurobond : pourquoi la C\u00f4te d\u2019Ivoire bouscule son calendrier\"},{\"@type\":\"BreadcrumbList\",\"@id\":\"https:\/\/www.africa-press.net\/cotedivoire\/economie\/exclusif-eurobond-pourquoi-la-cote-divoire-bouscule-son-calendrier#breadcrumb\",\"itemListElement\":[{\"@type\":\"ListItem\",\"position\":1,\"name\":\"Accueil\",\"item\":\"https:\/\/www.africa-press.net\/cotedivoire\/\"},{\"@type\":\"ListItem\",\"position\":2,\"name\":\"[Exclusif] Eurobond : pourquoi la C\u00f4te d\u2019Ivoire bouscule son calendrier\"}]},{\"@type\":\"WebSite\",\"@id\":\"https:\/\/www.africa-press.net\/cotedivoire\/#website\",\"url\":\"https:\/\/www.africa-press.net\/cotedivoire\/\",\"name\":\"C\u00f4te d&#039;Ivoire\",\"description\":\"Just another Africa News Agency Sites site\",\"potentialAction\":[{\"@type\":\"SearchAction\",\"target\":{\"@type\":\"EntryPoint\",\"urlTemplate\":\"https:\/\/www.africa-press.net\/cotedivoire\/?s={search_term_string}\"},\"query-input\":{\"@type\":\"PropertyValueSpecification\",\"valueRequired\":true,\"valueName\":\"search_term_string\"}}],\"inLanguage\":\"fr-FR\"},{\"@type\":\"Person\",\"@id\":\"https:\/\/www.africa-press.net\/cotedivoire\/#\/schema\/person\/2b1cf3cd81a31e3cd26889ca66d677f1\",\"name\":\"cfeditorfr\"}]}<\/script>\n<!-- \/ Yoast SEO Premium plugin. -->","yoast_head_json":{"title":"[Exclusif] Eurobond : pourquoi la C\u00f4te d\u2019Ivoire bouscule son calendrier - C\u00f4te d&#039;Ivoire","description":"D\u2019abord pr\u00e9vue pour le 9 juillet puis pour la semaine derni\u00e8re, le troisi\u00e8me eurobond ivoirien en douze mois, destin\u00e9 \u00e0 ...","robots":{"index":"index","follow":"follow","max-snippet":"max-snippet:-1","max-image-preview":"max-image-preview:large","max-video-preview":"max-video-preview:-1"},"canonical":"https:\/\/www.africa-press.net\/cotedivoire\/economie\/exclusif-eurobond-pourquoi-la-cote-divoire-bouscule-son-calendrier","og_locale":"fr_FR","og_type":"article","og_title":"[Exclusif] Eurobond : pourquoi la C\u00f4te d\u2019Ivoire bouscule son calendrier","og_description":"D\u2019abord pr\u00e9vue pour le 9 juillet puis pour la semaine derni\u00e8re, le troisi\u00e8me eurobond ivoirien en douze mois, destin\u00e9 \u00e0 ...","og_url":"https:\/\/www.africa-press.net\/cotedivoire\/economie\/exclusif-eurobond-pourquoi-la-cote-divoire-bouscule-son-calendrier","og_site_name":"C\u00f4te d&#039;Ivoire","article_published_time":"2021-07-20T17:18:59+00:00","article_modified_time":"2021-07-20T17:52:44+00:00","og_image":[{"width":720,"height":360,"url":"https:\/\/static.africa-press.net\/cote\/sites\/43\/2021\/07\/img-60f704851f0f4.jpg","type":"image\/jpeg"}],"author":"cfeditorfr","twitter_card":"summary_large_image","twitter_misc":{"\u00c9crit par":"cfeditorfr","Dur\u00e9e de lecture estim\u00e9e":"1 minute"},"schema":{"@context":"https:\/\/schema.org","@graph":[{"@type":"Article","@id":"https:\/\/www.africa-press.net\/cotedivoire\/economie\/exclusif-eurobond-pourquoi-la-cote-divoire-bouscule-son-calendrier#article","isPartOf":{"@id":"https:\/\/www.africa-press.net\/cotedivoire\/economie\/exclusif-eurobond-pourquoi-la-cote-divoire-bouscule-son-calendrier"},"author":{"name":"cfeditorfr","@id":"https:\/\/www.africa-press.net\/cotedivoire\/#\/schema\/person\/2b1cf3cd81a31e3cd26889ca66d677f1"},"headline":"[Exclusif] Eurobond : pourquoi la C\u00f4te d\u2019Ivoire bouscule son calendrier","datePublished":"2021-07-20T17:18:59+00:00","dateModified":"2021-07-20T17:52:44+00:00","mainEntityOfPage":{"@id":"https:\/\/www.africa-press.net\/cotedivoire\/economie\/exclusif-eurobond-pourquoi-la-cote-divoire-bouscule-son-calendrier"},"wordCount":163,"commentCount":0,"image":{"@id":"https:\/\/www.africa-press.net\/cotedivoire\/economie\/exclusif-eurobond-pourquoi-la-cote-divoire-bouscule-son-calendrier#primaryimage"},"thumbnailUrl":"https:\/\/static.africa-press.net\/cote\/sites\/43\/2021\/07\/img-60f704851f0f4.jpg","keywords":["Africa Press","Africa Press-C\u00f4te d'Ivoire","C\u00d4TE D'IVOIRE"],"articleSection":["\u00c9conomie","homepage-french","Top Nouvelles","Toutes les actualit\u00e9s"],"inLanguage":"fr-FR","potentialAction":[{"@type":"CommentAction","name":"Comment","target":["https:\/\/www.africa-press.net\/cotedivoire\/economie\/exclusif-eurobond-pourquoi-la-cote-divoire-bouscule-son-calendrier#respond"]}]},{"@type":"WebPage","@id":"https:\/\/www.africa-press.net\/cotedivoire\/economie\/exclusif-eurobond-pourquoi-la-cote-divoire-bouscule-son-calendrier","url":"https:\/\/www.africa-press.net\/cotedivoire\/economie\/exclusif-eurobond-pourquoi-la-cote-divoire-bouscule-son-calendrier","name":"[Exclusif] Eurobond : pourquoi la C\u00f4te d\u2019Ivoire bouscule son calendrier - C\u00f4te d&#039;Ivoire","isPartOf":{"@id":"https:\/\/www.africa-press.net\/cotedivoire\/#website"},"primaryImageOfPage":{"@id":"https:\/\/www.africa-press.net\/cotedivoire\/economie\/exclusif-eurobond-pourquoi-la-cote-divoire-bouscule-son-calendrier#primaryimage"},"image":{"@id":"https:\/\/www.africa-press.net\/cotedivoire\/economie\/exclusif-eurobond-pourquoi-la-cote-divoire-bouscule-son-calendrier#primaryimage"},"thumbnailUrl":"https:\/\/static.africa-press.net\/cote\/sites\/43\/2021\/07\/img-60f704851f0f4.jpg","datePublished":"2021-07-20T17:18:59+00:00","dateModified":"2021-07-20T17:52:44+00:00","author":{"@id":"https:\/\/www.africa-press.net\/cotedivoire\/#\/schema\/person\/2b1cf3cd81a31e3cd26889ca66d677f1"},"description":"D\u2019abord pr\u00e9vue pour le 9 juillet puis pour la semaine derni\u00e8re, le troisi\u00e8me eurobond ivoirien en douze mois, destin\u00e9 \u00e0 ...","breadcrumb":{"@id":"https:\/\/www.africa-press.net\/cotedivoire\/economie\/exclusif-eurobond-pourquoi-la-cote-divoire-bouscule-son-calendrier#breadcrumb"},"inLanguage":"fr-FR","potentialAction":[{"@type":"ReadAction","target":["https:\/\/www.africa-press.net\/cotedivoire\/economie\/exclusif-eurobond-pourquoi-la-cote-divoire-bouscule-son-calendrier"]}]},{"@type":"ImageObject","inLanguage":"fr-FR","@id":"https:\/\/www.africa-press.net\/cotedivoire\/economie\/exclusif-eurobond-pourquoi-la-cote-divoire-bouscule-son-calendrier#primaryimage","url":"https:\/\/static.africa-press.net\/cote\/sites\/43\/2021\/07\/img-60f704851f0f4.jpg","contentUrl":"https:\/\/static.africa-press.net\/cote\/sites\/43\/2021\/07\/img-60f704851f0f4.jpg","width":720,"height":360,"caption":"[Exclusif] Eurobond : pourquoi la C\u00f4te d\u2019Ivoire bouscule son calendrier"},{"@type":"BreadcrumbList","@id":"https:\/\/www.africa-press.net\/cotedivoire\/economie\/exclusif-eurobond-pourquoi-la-cote-divoire-bouscule-son-calendrier#breadcrumb","itemListElement":[{"@type":"ListItem","position":1,"name":"Accueil","item":"https:\/\/www.africa-press.net\/cotedivoire\/"},{"@type":"ListItem","position":2,"name":"[Exclusif] Eurobond : pourquoi la C\u00f4te d\u2019Ivoire bouscule son calendrier"}]},{"@type":"WebSite","@id":"https:\/\/www.africa-press.net\/cotedivoire\/#website","url":"https:\/\/www.africa-press.net\/cotedivoire\/","name":"C\u00f4te d&#039;Ivoire","description":"Just another Africa News Agency Sites site","potentialAction":[{"@type":"SearchAction","target":{"@type":"EntryPoint","urlTemplate":"https:\/\/www.africa-press.net\/cotedivoire\/?s={search_term_string}"},"query-input":{"@type":"PropertyValueSpecification","valueRequired":true,"valueName":"search_term_string"}}],"inLanguage":"fr-FR"},{"@type":"Person","@id":"https:\/\/www.africa-press.net\/cotedivoire\/#\/schema\/person\/2b1cf3cd81a31e3cd26889ca66d677f1","name":"cfeditorfr"}]}},"_links":{"self":[{"href":"https:\/\/www.africa-press.net\/cotedivoire\/wp-json\/wp\/v2\/posts\/10172","targetHints":{"allow":["GET"]}}],"collection":[{"href":"https:\/\/www.africa-press.net\/cotedivoire\/wp-json\/wp\/v2\/posts"}],"about":[{"href":"https:\/\/www.africa-press.net\/cotedivoire\/wp-json\/wp\/v2\/types\/post"}],"author":[{"embeddable":true,"href":"https:\/\/www.africa-press.net\/cotedivoire\/wp-json\/wp\/v2\/users\/82"}],"replies":[{"embeddable":true,"href":"https:\/\/www.africa-press.net\/cotedivoire\/wp-json\/wp\/v2\/comments?post=10172"}],"version-history":[{"count":0,"href":"https:\/\/www.africa-press.net\/cotedivoire\/wp-json\/wp\/v2\/posts\/10172\/revisions"}],"wp:featuredmedia":[{"embeddable":true,"href":"https:\/\/www.africa-press.net\/cotedivoire\/wp-json\/wp\/v2\/media\/10171"}],"wp:attachment":[{"href":"https:\/\/www.africa-press.net\/cotedivoire\/wp-json\/wp\/v2\/media?parent=10172"}],"wp:term":[{"taxonomy":"category","embeddable":true,"href":"https:\/\/www.africa-press.net\/cotedivoire\/wp-json\/wp\/v2\/categories?post=10172"},{"taxonomy":"post_tag","embeddable":true,"href":"https:\/\/www.africa-press.net\/cotedivoire\/wp-json\/wp\/v2\/tags?post=10172"}],"curies":[{"name":"wp","href":"https:\/\/api.w.org\/{rel}","templated":true}]}}