{"id":10175,"date":"2021-07-20T17:25:00","date_gmt":"2021-07-20T17:25:00","guid":{"rendered":"https:\/\/www.africa-press.net\/cotedivoire\/?p=10175"},"modified":"2021-07-20T17:52:59","modified_gmt":"2021-07-20T17:52:59","slug":"ferocement-rejetee-par-luefa-la-super-league-verra-le-jour-en-afrique-avec-le-soutien-de-la-caf","status":"publish","type":"post","link":"https:\/\/www.africa-press.net\/cotedivoire\/toutes-les-actualites\/ferocement-rejetee-par-luefa-la-super-league-verra-le-jour-en-afrique-avec-le-soutien-de-la-caf","title":{"rendered":"F\u00e9rocement rejet\u00e9e par l\u2019UEFA, la Super League verra le jour en Afrique avec le soutien de la CAF"},"content":{"rendered":"<p><span style=\"color: #ff6600\"><strong><a href=\"https:\/\/www.africa-press.net\/\">Africa-Press<\/a> &#8211; <a href=\"https:\/\/www.africa-press.net\/cotedivoire\">C\u00f4te d&rsquo;Ivoire<\/a>.\u00a0 <\/strong><\/span>La Conf\u00e9d\u00e9ration africaine de football (CAF) par la voix de son nouveau pr\u00e9sident, le sudafricain Patrice Motsepe, a r\u00e9affirm\u00e9 l\u2019engagement de son instance \u00e0 accompagner une Super Ligue Africaine.<\/p>\n<p>Dans son format d\u00e9finitif il s\u2019agira d\u2019une ligue ferm\u00e9e r\u00e9unissant les meilleures \u00e9quipes de football du continent.<\/p>\n<p>Calqu\u00e9e sur le mod\u00e8le de la super league souhait\u00e9e par les grands clubs europ\u00e9ens, mais refus\u00e9e et combattue par l\u2019UEFA, la Super Ligue Africaine sera elle, l\u2019affaire de la CAF et des grands clubs du continent.<\/p>\n<p>Patrice Motsepe a aussi r\u00e9affirm\u00e9 son soutien \u00e0 l\u2019id\u00e9e d\u2019une Coupe du monde tous les deux ans.<\/p>\n<p>Mais avec d\u00e9j\u00e0 un Euro tous les 4 ans [que certains veulent ramener \u00e0 2 ans], une CAN tous les deux ans, une Copamerica tous les deux ans, etc. la grogne commence \u00e0 se faire s\u00e9rieusement sentir chez les joueurs, dont une bonne partie rejette l\u2019id\u00e9e d\u2019un mondial tous les ans, m\u00eame si le tout argent semble prendre le football de haut niveau en otage.<\/p>\n<p>\u00abSoit on \u00e9largit les effectifs en augmentant les budgets des clubs, peut-\u00eatre que \u00e7a sera possible, si non, \u00e7a commence par devenir humainement impossible m\u00eame pour des joueurs surpay\u00e9s. N\u2019oublions pas que nous avons en plus la Nation League et tout le reste, Am\u00e9rique centrale et nord, Coupe d\u2019Asie des Nations etc\u2026\u00bb, a confi\u00e9 un membre du syndicat des joueurs \u00e0 des journalistes en ce d\u00e9but de semaine.<\/p>\n<p>&nbsp;<\/p>\n","protected":false},"excerpt":{"rendered":"<p>Africa-Press &#8211; C\u00f4te d&rsquo;Ivoire.\u00a0 La Conf\u00e9d\u00e9ration africaine de football (CAF) par la voix de son nouveau pr\u00e9sident, le sudafricain Patrice Motsepe, a r\u00e9affirm\u00e9 l\u2019engagement de son instance \u00e0 accompagner une Super Ligue Africaine. Dans son format d\u00e9finitif il s\u2019agira d\u2019une ligue ferm\u00e9e r\u00e9unissant les meilleures \u00e9quipes de football du continent. Calqu\u00e9e sur le mod\u00e8le de [&hellip;]<\/p>\n","protected":false},"author":82,"featured_media":10174,"comment_status":"open","ping_status":"closed","sticky":false,"template":"","format":"standard","meta":{"footnotes":""},"categories":[22,11,10],"tags":[56,63,29],"class_list":["post-10175","post","type-post","status-publish","format-standard","has-post-thumbnail","hentry","category-divers","category-homepage-french","category-toutes-les-actualites","tag-africa-press","tag-africa-press-cote-divoire","tag-cote-divoire"],"yoast_head":"<!-- This site is optimized with the Yoast SEO Premium plugin v26.1 (Yoast SEO v27.0) - https:\/\/yoast.com\/product\/yoast-seo-premium-wordpress\/ -->\n<title>F\u00e9rocement rejet\u00e9e par l\u2019UEFA, la Super League verra le jour en Afrique avec le soutien de la CAF - C\u00f4te d&#039;Ivoire<\/title>\n<meta name=\"description\" content=\"Par GDA La Conf\u00e9d\u00e9ration africaine de football (CAF) par la voix de son nouveau pr\u00e9sident, le sudafricain Patrice Motse ...\" \/>\n<meta name=\"robots\" content=\"index, follow, max-snippet:-1, max-image-preview:large, max-video-preview:-1\" \/>\n<link rel=\"canonical\" href=\"https:\/\/www.africa-press.net\/cotedivoire\/toutes-les-actualites\/ferocement-rejetee-par-luefa-la-super-league-verra-le-jour-en-afrique-avec-le-soutien-de-la-caf\" \/>\n<meta property=\"og:locale\" content=\"fr_FR\" \/>\n<meta property=\"og:type\" content=\"article\" \/>\n<meta property=\"og:title\" content=\"F\u00e9rocement rejet\u00e9e par l\u2019UEFA, la Super League verra le jour en Afrique avec le soutien de la CAF\" \/>\n<meta property=\"og:description\" content=\"Par GDA La Conf\u00e9d\u00e9ration africaine de football (CAF) par la voix de son nouveau pr\u00e9sident, le sudafricain Patrice Motse ...\" \/>\n<meta property=\"og:url\" content=\"https:\/\/www.africa-press.net\/cotedivoire\/toutes-les-actualites\/ferocement-rejetee-par-luefa-la-super-league-verra-le-jour-en-afrique-avec-le-soutien-de-la-caf\" \/>\n<meta property=\"og:site_name\" content=\"C\u00f4te d&#039;Ivoire\" \/>\n<meta property=\"article:published_time\" content=\"2021-07-20T17:25:00+00:00\" \/>\n<meta property=\"article:modified_time\" content=\"2021-07-20T17:52:59+00:00\" \/>\n<meta property=\"og:image\" content=\"https:\/\/static.africa-press.net\/cote\/sites\/43\/2021\/07\/img-60f704be2b648.jpg\" \/>\n\t<meta property=\"og:image:width\" content=\"1079\" \/>\n\t<meta property=\"og:image:height\" content=\"829\" \/>\n\t<meta property=\"og:image:type\" content=\"image\/jpeg\" \/>\n<meta name=\"author\" content=\"cfeditorfr\" \/>\n<meta name=\"twitter:card\" content=\"summary_large_image\" \/>\n<meta name=\"twitter:label1\" content=\"\u00c9crit par\" \/>\n\t<meta name=\"twitter:data1\" content=\"cfeditorfr\" \/>\n\t<meta name=\"twitter:label2\" content=\"Dur\u00e9e de lecture estim\u00e9e\" \/>\n\t<meta name=\"twitter:data2\" content=\"2 minutes\" \/>\n<script type=\"application\/ld+json\" class=\"yoast-schema-graph\">{\"@context\":\"https:\/\/schema.org\",\"@graph\":[{\"@type\":\"Article\",\"@id\":\"https:\/\/www.africa-press.net\/cotedivoire\/toutes-les-actualites\/ferocement-rejetee-par-luefa-la-super-league-verra-le-jour-en-afrique-avec-le-soutien-de-la-caf#article\",\"isPartOf\":{\"@id\":\"https:\/\/www.africa-press.net\/cotedivoire\/toutes-les-actualites\/ferocement-rejetee-par-luefa-la-super-league-verra-le-jour-en-afrique-avec-le-soutien-de-la-caf\"},\"author\":{\"name\":\"cfeditorfr\",\"@id\":\"https:\/\/www.africa-press.net\/cotedivoire\/#\/schema\/person\/2b1cf3cd81a31e3cd26889ca66d677f1\"},\"headline\":\"F\u00e9rocement rejet\u00e9e par l\u2019UEFA, la Super League verra le jour en Afrique avec le soutien de la CAF\",\"datePublished\":\"2021-07-20T17:25:00+00:00\",\"dateModified\":\"2021-07-20T17:52:59+00:00\",\"mainEntityOfPage\":{\"@id\":\"https:\/\/www.africa-press.net\/cotedivoire\/toutes-les-actualites\/ferocement-rejetee-par-luefa-la-super-league-verra-le-jour-en-afrique-avec-le-soutien-de-la-caf\"},\"wordCount\":287,\"commentCount\":0,\"image\":{\"@id\":\"https:\/\/www.africa-press.net\/cotedivoire\/toutes-les-actualites\/ferocement-rejetee-par-luefa-la-super-league-verra-le-jour-en-afrique-avec-le-soutien-de-la-caf#primaryimage\"},\"thumbnailUrl\":\"https:\/\/static.africa-press.net\/cote\/sites\/43\/2021\/07\/img-60f704be2b648.jpg\",\"keywords\":[\"Africa Press\",\"Africa Press-C\u00f4te d'Ivoire\",\"C\u00d4TE D'IVOIRE\"],\"articleSection\":[\"Divers\",\"homepage-french\",\"Toutes les actualit\u00e9s\"],\"inLanguage\":\"fr-FR\",\"potentialAction\":[{\"@type\":\"CommentAction\",\"name\":\"Comment\",\"target\":[\"https:\/\/www.africa-press.net\/cotedivoire\/toutes-les-actualites\/ferocement-rejetee-par-luefa-la-super-league-verra-le-jour-en-afrique-avec-le-soutien-de-la-caf#respond\"]}]},{\"@type\":\"WebPage\",\"@id\":\"https:\/\/www.africa-press.net\/cotedivoire\/toutes-les-actualites\/ferocement-rejetee-par-luefa-la-super-league-verra-le-jour-en-afrique-avec-le-soutien-de-la-caf\",\"url\":\"https:\/\/www.africa-press.net\/cotedivoire\/toutes-les-actualites\/ferocement-rejetee-par-luefa-la-super-league-verra-le-jour-en-afrique-avec-le-soutien-de-la-caf\",\"name\":\"F\u00e9rocement rejet\u00e9e par l\u2019UEFA, la Super League verra le jour en Afrique avec le soutien de la CAF - C\u00f4te d&#039;Ivoire\",\"isPartOf\":{\"@id\":\"https:\/\/www.africa-press.net\/cotedivoire\/#website\"},\"primaryImageOfPage\":{\"@id\":\"https:\/\/www.africa-press.net\/cotedivoire\/toutes-les-actualites\/ferocement-rejetee-par-luefa-la-super-league-verra-le-jour-en-afrique-avec-le-soutien-de-la-caf#primaryimage\"},\"image\":{\"@id\":\"https:\/\/www.africa-press.net\/cotedivoire\/toutes-les-actualites\/ferocement-rejetee-par-luefa-la-super-league-verra-le-jour-en-afrique-avec-le-soutien-de-la-caf#primaryimage\"},\"thumbnailUrl\":\"https:\/\/static.africa-press.net\/cote\/sites\/43\/2021\/07\/img-60f704be2b648.jpg\",\"datePublished\":\"2021-07-20T17:25:00+00:00\",\"dateModified\":\"2021-07-20T17:52:59+00:00\",\"author\":{\"@id\":\"https:\/\/www.africa-press.net\/cotedivoire\/#\/schema\/person\/2b1cf3cd81a31e3cd26889ca66d677f1\"},\"description\":\"Par GDA La Conf\u00e9d\u00e9ration africaine de football (CAF) par la voix de son nouveau pr\u00e9sident, le sudafricain Patrice Motse ...\",\"breadcrumb\":{\"@id\":\"https:\/\/www.africa-press.net\/cotedivoire\/toutes-les-actualites\/ferocement-rejetee-par-luefa-la-super-league-verra-le-jour-en-afrique-avec-le-soutien-de-la-caf#breadcrumb\"},\"inLanguage\":\"fr-FR\",\"potentialAction\":[{\"@type\":\"ReadAction\",\"target\":[\"https:\/\/www.africa-press.net\/cotedivoire\/toutes-les-actualites\/ferocement-rejetee-par-luefa-la-super-league-verra-le-jour-en-afrique-avec-le-soutien-de-la-caf\"]}]},{\"@type\":\"ImageObject\",\"inLanguage\":\"fr-FR\",\"@id\":\"https:\/\/www.africa-press.net\/cotedivoire\/toutes-les-actualites\/ferocement-rejetee-par-luefa-la-super-league-verra-le-jour-en-afrique-avec-le-soutien-de-la-caf#primaryimage\",\"url\":\"https:\/\/static.africa-press.net\/cote\/sites\/43\/2021\/07\/img-60f704be2b648.jpg\",\"contentUrl\":\"https:\/\/static.africa-press.net\/cote\/sites\/43\/2021\/07\/img-60f704be2b648.jpg\",\"width\":1079,\"height\":829,\"caption\":\"F\u00e9rocement rejet\u00e9e par l\u2019UEFA, la Super League verra le jour en Afrique avec le soutien de la CAF\"},{\"@type\":\"BreadcrumbList\",\"@id\":\"https:\/\/www.africa-press.net\/cotedivoire\/toutes-les-actualites\/ferocement-rejetee-par-luefa-la-super-league-verra-le-jour-en-afrique-avec-le-soutien-de-la-caf#breadcrumb\",\"itemListElement\":[{\"@type\":\"ListItem\",\"position\":1,\"name\":\"Accueil\",\"item\":\"https:\/\/www.africa-press.net\/cotedivoire\/\"},{\"@type\":\"ListItem\",\"position\":2,\"name\":\"F\u00e9rocement rejet\u00e9e par l\u2019UEFA, la Super League verra le jour en Afrique avec le soutien de la CAF\"}]},{\"@type\":\"WebSite\",\"@id\":\"https:\/\/www.africa-press.net\/cotedivoire\/#website\",\"url\":\"https:\/\/www.africa-press.net\/cotedivoire\/\",\"name\":\"C\u00f4te d&#039;Ivoire\",\"description\":\"Just another Africa News Agency Sites site\",\"potentialAction\":[{\"@type\":\"SearchAction\",\"target\":{\"@type\":\"EntryPoint\",\"urlTemplate\":\"https:\/\/www.africa-press.net\/cotedivoire\/?s={search_term_string}\"},\"query-input\":{\"@type\":\"PropertyValueSpecification\",\"valueRequired\":true,\"valueName\":\"search_term_string\"}}],\"inLanguage\":\"fr-FR\"},{\"@type\":\"Person\",\"@id\":\"https:\/\/www.africa-press.net\/cotedivoire\/#\/schema\/person\/2b1cf3cd81a31e3cd26889ca66d677f1\",\"name\":\"cfeditorfr\"}]}<\/script>\n<!-- \/ Yoast SEO Premium plugin. -->","yoast_head_json":{"title":"F\u00e9rocement rejet\u00e9e par l\u2019UEFA, la Super League verra le jour en Afrique avec le soutien de la CAF - C\u00f4te d&#039;Ivoire","description":"Par GDA La Conf\u00e9d\u00e9ration africaine de football (CAF) par la voix de son nouveau pr\u00e9sident, le sudafricain Patrice Motse ...","robots":{"index":"index","follow":"follow","max-snippet":"max-snippet:-1","max-image-preview":"max-image-preview:large","max-video-preview":"max-video-preview:-1"},"canonical":"https:\/\/www.africa-press.net\/cotedivoire\/toutes-les-actualites\/ferocement-rejetee-par-luefa-la-super-league-verra-le-jour-en-afrique-avec-le-soutien-de-la-caf","og_locale":"fr_FR","og_type":"article","og_title":"F\u00e9rocement rejet\u00e9e par l\u2019UEFA, la Super League verra le jour en Afrique avec le soutien de la CAF","og_description":"Par GDA La Conf\u00e9d\u00e9ration africaine de football (CAF) par la voix de son nouveau pr\u00e9sident, le sudafricain Patrice Motse ...","og_url":"https:\/\/www.africa-press.net\/cotedivoire\/toutes-les-actualites\/ferocement-rejetee-par-luefa-la-super-league-verra-le-jour-en-afrique-avec-le-soutien-de-la-caf","og_site_name":"C\u00f4te d&#039;Ivoire","article_published_time":"2021-07-20T17:25:00+00:00","article_modified_time":"2021-07-20T17:52:59+00:00","og_image":[{"width":1079,"height":829,"url":"https:\/\/static.africa-press.net\/cote\/sites\/43\/2021\/07\/img-60f704be2b648.jpg","type":"image\/jpeg"}],"author":"cfeditorfr","twitter_card":"summary_large_image","twitter_misc":{"\u00c9crit par":"cfeditorfr","Dur\u00e9e de lecture estim\u00e9e":"2 minutes"},"schema":{"@context":"https:\/\/schema.org","@graph":[{"@type":"Article","@id":"https:\/\/www.africa-press.net\/cotedivoire\/toutes-les-actualites\/ferocement-rejetee-par-luefa-la-super-league-verra-le-jour-en-afrique-avec-le-soutien-de-la-caf#article","isPartOf":{"@id":"https:\/\/www.africa-press.net\/cotedivoire\/toutes-les-actualites\/ferocement-rejetee-par-luefa-la-super-league-verra-le-jour-en-afrique-avec-le-soutien-de-la-caf"},"author":{"name":"cfeditorfr","@id":"https:\/\/www.africa-press.net\/cotedivoire\/#\/schema\/person\/2b1cf3cd81a31e3cd26889ca66d677f1"},"headline":"F\u00e9rocement rejet\u00e9e par l\u2019UEFA, la Super League verra le jour en Afrique avec le soutien de la CAF","datePublished":"2021-07-20T17:25:00+00:00","dateModified":"2021-07-20T17:52:59+00:00","mainEntityOfPage":{"@id":"https:\/\/www.africa-press.net\/cotedivoire\/toutes-les-actualites\/ferocement-rejetee-par-luefa-la-super-league-verra-le-jour-en-afrique-avec-le-soutien-de-la-caf"},"wordCount":287,"commentCount":0,"image":{"@id":"https:\/\/www.africa-press.net\/cotedivoire\/toutes-les-actualites\/ferocement-rejetee-par-luefa-la-super-league-verra-le-jour-en-afrique-avec-le-soutien-de-la-caf#primaryimage"},"thumbnailUrl":"https:\/\/static.africa-press.net\/cote\/sites\/43\/2021\/07\/img-60f704be2b648.jpg","keywords":["Africa Press","Africa Press-C\u00f4te d'Ivoire","C\u00d4TE D'IVOIRE"],"articleSection":["Divers","homepage-french","Toutes les actualit\u00e9s"],"inLanguage":"fr-FR","potentialAction":[{"@type":"CommentAction","name":"Comment","target":["https:\/\/www.africa-press.net\/cotedivoire\/toutes-les-actualites\/ferocement-rejetee-par-luefa-la-super-league-verra-le-jour-en-afrique-avec-le-soutien-de-la-caf#respond"]}]},{"@type":"WebPage","@id":"https:\/\/www.africa-press.net\/cotedivoire\/toutes-les-actualites\/ferocement-rejetee-par-luefa-la-super-league-verra-le-jour-en-afrique-avec-le-soutien-de-la-caf","url":"https:\/\/www.africa-press.net\/cotedivoire\/toutes-les-actualites\/ferocement-rejetee-par-luefa-la-super-league-verra-le-jour-en-afrique-avec-le-soutien-de-la-caf","name":"F\u00e9rocement rejet\u00e9e par l\u2019UEFA, la Super League verra le jour en Afrique avec le soutien de la CAF - C\u00f4te d&#039;Ivoire","isPartOf":{"@id":"https:\/\/www.africa-press.net\/cotedivoire\/#website"},"primaryImageOfPage":{"@id":"https:\/\/www.africa-press.net\/cotedivoire\/toutes-les-actualites\/ferocement-rejetee-par-luefa-la-super-league-verra-le-jour-en-afrique-avec-le-soutien-de-la-caf#primaryimage"},"image":{"@id":"https:\/\/www.africa-press.net\/cotedivoire\/toutes-les-actualites\/ferocement-rejetee-par-luefa-la-super-league-verra-le-jour-en-afrique-avec-le-soutien-de-la-caf#primaryimage"},"thumbnailUrl":"https:\/\/static.africa-press.net\/cote\/sites\/43\/2021\/07\/img-60f704be2b648.jpg","datePublished":"2021-07-20T17:25:00+00:00","dateModified":"2021-07-20T17:52:59+00:00","author":{"@id":"https:\/\/www.africa-press.net\/cotedivoire\/#\/schema\/person\/2b1cf3cd81a31e3cd26889ca66d677f1"},"description":"Par GDA La Conf\u00e9d\u00e9ration africaine de football (CAF) par la voix de son nouveau pr\u00e9sident, le sudafricain Patrice Motse ...","breadcrumb":{"@id":"https:\/\/www.africa-press.net\/cotedivoire\/toutes-les-actualites\/ferocement-rejetee-par-luefa-la-super-league-verra-le-jour-en-afrique-avec-le-soutien-de-la-caf#breadcrumb"},"inLanguage":"fr-FR","potentialAction":[{"@type":"ReadAction","target":["https:\/\/www.africa-press.net\/cotedivoire\/toutes-les-actualites\/ferocement-rejetee-par-luefa-la-super-league-verra-le-jour-en-afrique-avec-le-soutien-de-la-caf"]}]},{"@type":"ImageObject","inLanguage":"fr-FR","@id":"https:\/\/www.africa-press.net\/cotedivoire\/toutes-les-actualites\/ferocement-rejetee-par-luefa-la-super-league-verra-le-jour-en-afrique-avec-le-soutien-de-la-caf#primaryimage","url":"https:\/\/static.africa-press.net\/cote\/sites\/43\/2021\/07\/img-60f704be2b648.jpg","contentUrl":"https:\/\/static.africa-press.net\/cote\/sites\/43\/2021\/07\/img-60f704be2b648.jpg","width":1079,"height":829,"caption":"F\u00e9rocement rejet\u00e9e par l\u2019UEFA, la Super League verra le jour en Afrique avec le soutien de la CAF"},{"@type":"BreadcrumbList","@id":"https:\/\/www.africa-press.net\/cotedivoire\/toutes-les-actualites\/ferocement-rejetee-par-luefa-la-super-league-verra-le-jour-en-afrique-avec-le-soutien-de-la-caf#breadcrumb","itemListElement":[{"@type":"ListItem","position":1,"name":"Accueil","item":"https:\/\/www.africa-press.net\/cotedivoire\/"},{"@type":"ListItem","position":2,"name":"F\u00e9rocement rejet\u00e9e par l\u2019UEFA, la Super League verra le jour en Afrique avec le soutien de la CAF"}]},{"@type":"WebSite","@id":"https:\/\/www.africa-press.net\/cotedivoire\/#website","url":"https:\/\/www.africa-press.net\/cotedivoire\/","name":"C\u00f4te d&#039;Ivoire","description":"Just another Africa News Agency Sites site","potentialAction":[{"@type":"SearchAction","target":{"@type":"EntryPoint","urlTemplate":"https:\/\/www.africa-press.net\/cotedivoire\/?s={search_term_string}"},"query-input":{"@type":"PropertyValueSpecification","valueRequired":true,"valueName":"search_term_string"}}],"inLanguage":"fr-FR"},{"@type":"Person","@id":"https:\/\/www.africa-press.net\/cotedivoire\/#\/schema\/person\/2b1cf3cd81a31e3cd26889ca66d677f1","name":"cfeditorfr"}]}},"_links":{"self":[{"href":"https:\/\/www.africa-press.net\/cotedivoire\/wp-json\/wp\/v2\/posts\/10175","targetHints":{"allow":["GET"]}}],"collection":[{"href":"https:\/\/www.africa-press.net\/cotedivoire\/wp-json\/wp\/v2\/posts"}],"about":[{"href":"https:\/\/www.africa-press.net\/cotedivoire\/wp-json\/wp\/v2\/types\/post"}],"author":[{"embeddable":true,"href":"https:\/\/www.africa-press.net\/cotedivoire\/wp-json\/wp\/v2\/users\/82"}],"replies":[{"embeddable":true,"href":"https:\/\/www.africa-press.net\/cotedivoire\/wp-json\/wp\/v2\/comments?post=10175"}],"version-history":[{"count":0,"href":"https:\/\/www.africa-press.net\/cotedivoire\/wp-json\/wp\/v2\/posts\/10175\/revisions"}],"wp:featuredmedia":[{"embeddable":true,"href":"https:\/\/www.africa-press.net\/cotedivoire\/wp-json\/wp\/v2\/media\/10174"}],"wp:attachment":[{"href":"https:\/\/www.africa-press.net\/cotedivoire\/wp-json\/wp\/v2\/media?parent=10175"}],"wp:term":[{"taxonomy":"category","embeddable":true,"href":"https:\/\/www.africa-press.net\/cotedivoire\/wp-json\/wp\/v2\/categories?post=10175"},{"taxonomy":"post_tag","embeddable":true,"href":"https:\/\/www.africa-press.net\/cotedivoire\/wp-json\/wp\/v2\/tags?post=10175"}],"curies":[{"name":"wp","href":"https:\/\/api.w.org\/{rel}","templated":true}]}}