{"id":101754,"date":"2025-07-04T16:47:52","date_gmt":"2025-07-04T16:47:52","guid":{"rendered":"https:\/\/www.africa-press.net\/cotedivoire\/politique\/nouveaux-magistrats-a-la-cour-dappel-dabidjan"},"modified":"2025-07-04T17:08:30","modified_gmt":"2025-07-04T17:08:30","slug":"nouveaux-magistrats-a-la-cour-dappel-dabidjan","status":"publish","type":"post","link":"https:\/\/www.africa-press.net\/cotedivoire\/politique\/nouveaux-magistrats-a-la-cour-dappel-dabidjan","title":{"rendered":"Nouveaux Magistrats \u00e0 la Cour d&rsquo;Appel d&rsquo;Abidjan"},"content":{"rendered":"<p><span style=\"color: #ff6600\"><strong>Africa-Press &#8211; C\u00f4te d&rsquo;Ivoire. <\/strong><\/span>Ce vendredi 4 juillet 2025, la salle d\u2019audience de la Cour d\u2019Appel d\u2019Abidjan-Plateau a vibre\u0301 d\u2019e\u0301motion lors de la prestation de serment de 21 nouveaux magistrats issus de la promotion 2022 de l\u2019Institut National de la Formation Judiciaire (INFJ). Levant la main droite, chacun d\u2019eux a re\u0301pondu d\u2019une voix claire et de\u0301termine\u0301e a\u0300 la formule consacre\u0301e: \u201cJe le jure !\u201d. Cette ce\u0301re\u0301monie, pre\u0301side\u0301e par Dembe\u0301le\u0301 Tahirou, premier pre\u0301sident de la Cour, a marque\u0301 leur entre\u0301e officielle dans la grande famille judiciaire ivoirienne.<\/p>\n<p>Entoure\u0301s de leurs colle\u0300gues magistrats, ainsi que de parents, amis et connaissances, les impe\u0301trants ont solennellement promis de \u201cbien et fide\u0300lement remplir leurs fonctions et de se conduire en tout comme de bons magistrats\u201d.<\/p>\n<p>Dans son discours, la procureure ge\u0301ne\u0301rale pre\u0300s la Cour d\u2019Appel d\u2019Abidjan, Sori Naye\u0301 Henriette, a exprime\u0301 sa satisfaction face a\u0300 l\u2019agrandissement de la famille judiciaire. Elle a souligne\u0301 que cette prestation de serment repre\u0301sente un tournant de\u0301cisif dans la carrie\u0300re de ces nouveaux magistrats. \u201cCet acte d\u2019engagement te\u0301moigne de la grandeur du me\u0301tier de magistrat\u201d, a-t-elle de\u0301clare\u0301.<\/p>\n<p>S\u2019adressant directement aux nouveaux magistrats, la procureure ge\u0301ne\u0301rale les a exhorte\u0301s a\u0300 embrasser les exigences de la justice avec de\u0301vouement. \u201cLa justice n\u2019est pas seulement un pouvoir, mais avant tout un service. Vos de\u0301cisions, vos re\u0301quisitoires et vos jugements doivent toujours refle\u0301ter cette exigence. Vous tenez le flambeau de la justice entre vos mains, et nous attendons de vous retenue, hauteur et humilite\u0301. La ve\u0301ritable inde\u0301pendance ne peut e\u0302tre garantie par aucun texte, elle re\u0301side en vous. Armez-vous de courage et de droiture dans l\u2019exercice de vos fonctions\u201d, a-t-elle ajoute\u0301.<\/p>\n<p>Au nom du barreau ivoirien, Arouna Ouattara, secre\u0301taire de l\u2019Ordre des Avocats, repre\u0301sentant le ba\u0302tonnier Loan Messan, actuellement en de\u0301placement, a e\u0301galement pris la parole. Il a salue\u0301 l\u2019arrive\u0301e des 21 nouveaux magistrats, qui viennent renforcer la famille judiciaire tant en nombre qu\u2019en qualite\u0301. \u201cCe renfort est crucial, surtout avec la cre\u0301ation de nouvelles juridictions\u201d, a-t-il souligne\u0301.<\/p>\n<p>Maitre Arouna Ouattara a encourage\u0301 les nouveaux magistrats a\u0300 axer leur travail sur la loyaute\u0301, la compe\u0301tence, l\u2019inte\u0301grite\u0301 et la dignite\u0301. \u201cE\u0302tre magistrat, c\u2019est se conformer a\u0300 la loi et aux re\u0300gles de l\u2019honneur. La loyaute\u0301 est essentielle pour travailler en toute confiance, sans se laisser influencer par la peur ou les pressions exte\u0301rieures. Un juge loyal ne se laisse pas distraire par les apparences. Soyez ceux qui agissent conforme\u0301ment a\u0300 leur serment, en respectant l\u2019e\u0301thique et la de\u0301ontologie\u201d, a-t-il pre\u0301cise\u0301.<\/p>\n<p>Il a e\u0301galement exhorte\u0301 les nouveaux magistrats a\u0300 faire preuve d\u2019efforts et de rigueur dans l\u2019exercice de leurs fonctions. \u201cNe laissez pas le complexe du nouveau juge vous freiner. Prenez le temps de vous construire. En agissant ainsi, vous contribuerez a\u0300 renforcer le pacte de confiance entre la justice et les justiciables. A\u0300 de\u0301faut, ne venez pas nous brandir l\u2019outrage a\u0300 magistrat, car vous serez responsables des de\u0301cisions ne\u0301fastes que vous pourriez rendre\u201d, a-t-il mis en garde.<\/p>\n<p>Le premier pre\u0301sident de la Cour d\u2019Appel d\u2019Abidjan, Dembe\u0301le\u0301 Tahirou, a e\u0301galement insiste\u0301 sur l\u2019importance du respect strict de l\u2019e\u0301thique et de la de\u0301ontologie. \u201cOn ne devient pas magistrat par hasard. Votre serment vous confe\u0300re l\u2019autorite\u0301 le\u0301gitime d\u2019exercer votre me\u0301tier avec inte\u0301grite\u0301, impartialite\u0301, loyaute\u0301 et dignite\u0301\u201d, a-t-il de\u0301clare\u0301.<\/p>\n<p>Il a encourage\u0301 les nouveaux magistrats a\u0300 ne pas dormir sur leurs lauriers. \u201cUn juge qui se complai\u0302t dans la routine est dangereux, tant pour lui-me\u0302me que pour ceux a\u0300 qui il rend justice. Vos de\u0301cisions doivent e\u0302tre le fruit d\u2019un travail rigoureux et re\u0301fle\u0301chi\u201d, a-t-il recommande\u0301.<\/p>\n<p>Pour conclure, il a souligne\u0301 l\u2019importance de la formation continue afin de mieux s\u2019adapter aux nouvelles exigences du me\u0301tier. Cette ce\u0301re\u0301monie a ainsi marque\u0301 le de\u0301but d\u2019un nouveau chapitre pour ces magistrats, appele\u0301s a\u0300 jouer un ro\u0302le cle\u0301 dans l\u2019e\u0301dification d\u2019une justice e\u0301quitable et efficace en Co\u0302te d\u2019Ivoire.<\/p>\n<p><strong>Pour plus d&rsquo;informations et d&rsquo;analyses sur la <span style=\"color: #ff6600\">C\u00f4te d&rsquo;Ivoire<\/span>, suivez <span style=\"color: #ff6600\">Africa-Press<\/span><\/strong><\/p>\n","protected":false},"excerpt":{"rendered":"<p>Africa-Press &#8211; C\u00f4te d&rsquo;Ivoire. Ce vendredi 4 juillet 2025, la salle d\u2019audience de la Cour d\u2019Appel d\u2019Abidjan-Plateau a vibre\u0301 d\u2019e\u0301motion lors de la prestation de serment de 21 nouveaux magistrats issus de la promotion 2022 de l\u2019Institut National de la Formation Judiciaire (INFJ). Levant la main droite, chacun d\u2019eux a re\u0301pondu d\u2019une voix claire et [&hellip;]<\/p>\n","protected":false},"author":82,"featured_media":101753,"comment_status":"open","ping_status":"closed","sticky":false,"template":"","format":"standard","meta":{"footnotes":""},"categories":[2,10],"tags":[30,2603,2607,29,2605,3740,3026,3225,7967,7966,16373],"class_list":["post-101754","post","type-post","status-publish","format-standard","has-post-thumbnail","hentry","category-politique","category-toutes-les-actualites","tag-abidjan","tag-appel","tag-audience","tag-cote-divoire","tag-cour","tag-juridictions","tag-magistrats","tag-nouveaux","tag-prestation","tag-serment","tag-solennelle"],"yoast_head":"<!-- This site is optimized with the Yoast SEO Premium plugin v26.1 (Yoast SEO v27.0) - https:\/\/yoast.com\/product\/yoast-seo-premium-wordpress\/ -->\n<title>Nouveaux Magistrats \u00e0 la Cour d&#039;Appel d&#039;Abidjan - C\u00f4te d&#039;Ivoire<\/title>\n<meta name=\"description\" content=\"Ce vendredi 4 juillet 2025, la salle d\u2019audience de la Cour d\u2019Appel d\u2019Abidjan-Plateau a vibre\u0301 d\u2019e\u0301motion lors de la pres ...\" \/>\n<meta name=\"robots\" content=\"index, follow, max-snippet:-1, max-image-preview:large, max-video-preview:-1\" \/>\n<link rel=\"canonical\" href=\"https:\/\/www.africa-press.net\/cotedivoire\/politique\/nouveaux-magistrats-a-la-cour-dappel-dabidjan\" \/>\n<meta property=\"og:locale\" content=\"fr_FR\" \/>\n<meta property=\"og:type\" content=\"article\" \/>\n<meta property=\"og:title\" content=\"Nouveaux Magistrats \u00e0 la Cour d&#039;Appel d&#039;Abidjan\" \/>\n<meta property=\"og:description\" content=\"Ce vendredi 4 juillet 2025, la salle d\u2019audience de la Cour d\u2019Appel d\u2019Abidjan-Plateau a vibre\u0301 d\u2019e\u0301motion lors de la pres ...\" \/>\n<meta property=\"og:url\" content=\"https:\/\/www.africa-press.net\/cotedivoire\/politique\/nouveaux-magistrats-a-la-cour-dappel-dabidjan\" \/>\n<meta property=\"og:site_name\" content=\"C\u00f4te d&#039;Ivoire\" \/>\n<meta property=\"article:published_time\" content=\"2025-07-04T16:47:52+00:00\" \/>\n<meta property=\"article:modified_time\" content=\"2025-07-04T17:08:30+00:00\" \/>\n<meta property=\"og:image\" content=\"https:\/\/static.africa-press.net\/cote\/sites\/43\/2025\/07\/sm_1751636288.889618.jpg\" \/>\n\t<meta property=\"og:image:width\" content=\"720\" \/>\n\t<meta property=\"og:image:height\" content=\"316\" \/>\n\t<meta property=\"og:image:type\" content=\"image\/jpeg\" \/>\n<meta name=\"author\" content=\"cfeditorfr\" \/>\n<meta name=\"twitter:card\" content=\"summary_large_image\" \/>\n<meta name=\"twitter:label1\" content=\"\u00c9crit par\" \/>\n\t<meta name=\"twitter:data1\" content=\"cfeditorfr\" \/>\n\t<meta name=\"twitter:label2\" content=\"Dur\u00e9e de lecture estim\u00e9e\" \/>\n\t<meta name=\"twitter:data2\" content=\"4 minutes\" \/>\n<script type=\"application\/ld+json\" class=\"yoast-schema-graph\">{\"@context\":\"https:\/\/schema.org\",\"@graph\":[{\"@type\":\"Article\",\"@id\":\"https:\/\/www.africa-press.net\/cotedivoire\/politique\/nouveaux-magistrats-a-la-cour-dappel-dabidjan#article\",\"isPartOf\":{\"@id\":\"https:\/\/www.africa-press.net\/cotedivoire\/politique\/nouveaux-magistrats-a-la-cour-dappel-dabidjan\"},\"author\":{\"name\":\"cfeditorfr\",\"@id\":\"https:\/\/www.africa-press.net\/cotedivoire\/#\/schema\/person\/2b1cf3cd81a31e3cd26889ca66d677f1\"},\"headline\":\"Nouveaux Magistrats \u00e0 la Cour d&rsquo;Appel d&rsquo;Abidjan\",\"datePublished\":\"2025-07-04T16:47:52+00:00\",\"dateModified\":\"2025-07-04T17:08:30+00:00\",\"mainEntityOfPage\":{\"@id\":\"https:\/\/www.africa-press.net\/cotedivoire\/politique\/nouveaux-magistrats-a-la-cour-dappel-dabidjan\"},\"wordCount\":762,\"commentCount\":0,\"image\":{\"@id\":\"https:\/\/www.africa-press.net\/cotedivoire\/politique\/nouveaux-magistrats-a-la-cour-dappel-dabidjan#primaryimage\"},\"thumbnailUrl\":\"https:\/\/static.africa-press.net\/cote\/sites\/43\/2025\/07\/sm_1751636288.889618.jpg\",\"keywords\":[\"Abidjan\",\"appel\",\"audience\",\"C\u00d4TE D'IVOIRE\",\"cour\",\"juridictions\",\"magistrats\",\"nouveaux\",\"prestation\",\"serment\",\"Solennelle\"],\"articleSection\":[\"Politique\",\"Toutes les actualit\u00e9s\"],\"inLanguage\":\"fr-FR\",\"potentialAction\":[{\"@type\":\"CommentAction\",\"name\":\"Comment\",\"target\":[\"https:\/\/www.africa-press.net\/cotedivoire\/politique\/nouveaux-magistrats-a-la-cour-dappel-dabidjan#respond\"]}]},{\"@type\":\"WebPage\",\"@id\":\"https:\/\/www.africa-press.net\/cotedivoire\/politique\/nouveaux-magistrats-a-la-cour-dappel-dabidjan\",\"url\":\"https:\/\/www.africa-press.net\/cotedivoire\/politique\/nouveaux-magistrats-a-la-cour-dappel-dabidjan\",\"name\":\"Nouveaux Magistrats \u00e0 la Cour d'Appel d'Abidjan - C\u00f4te d&#039;Ivoire\",\"isPartOf\":{\"@id\":\"https:\/\/www.africa-press.net\/cotedivoire\/#website\"},\"primaryImageOfPage\":{\"@id\":\"https:\/\/www.africa-press.net\/cotedivoire\/politique\/nouveaux-magistrats-a-la-cour-dappel-dabidjan#primaryimage\"},\"image\":{\"@id\":\"https:\/\/www.africa-press.net\/cotedivoire\/politique\/nouveaux-magistrats-a-la-cour-dappel-dabidjan#primaryimage\"},\"thumbnailUrl\":\"https:\/\/static.africa-press.net\/cote\/sites\/43\/2025\/07\/sm_1751636288.889618.jpg\",\"datePublished\":\"2025-07-04T16:47:52+00:00\",\"dateModified\":\"2025-07-04T17:08:30+00:00\",\"author\":{\"@id\":\"https:\/\/www.africa-press.net\/cotedivoire\/#\/schema\/person\/2b1cf3cd81a31e3cd26889ca66d677f1\"},\"description\":\"Ce vendredi 4 juillet 2025, la salle d\u2019audience de la Cour d\u2019Appel d\u2019Abidjan-Plateau a vibre\u0301 d\u2019e\u0301motion lors de la pres ...\",\"breadcrumb\":{\"@id\":\"https:\/\/www.africa-press.net\/cotedivoire\/politique\/nouveaux-magistrats-a-la-cour-dappel-dabidjan#breadcrumb\"},\"inLanguage\":\"fr-FR\",\"potentialAction\":[{\"@type\":\"ReadAction\",\"target\":[\"https:\/\/www.africa-press.net\/cotedivoire\/politique\/nouveaux-magistrats-a-la-cour-dappel-dabidjan\"]}]},{\"@type\":\"ImageObject\",\"inLanguage\":\"fr-FR\",\"@id\":\"https:\/\/www.africa-press.net\/cotedivoire\/politique\/nouveaux-magistrats-a-la-cour-dappel-dabidjan#primaryimage\",\"url\":\"https:\/\/static.africa-press.net\/cote\/sites\/43\/2025\/07\/sm_1751636288.889618.jpg\",\"contentUrl\":\"https:\/\/static.africa-press.net\/cote\/sites\/43\/2025\/07\/sm_1751636288.889618.jpg\",\"width\":720,\"height\":316,\"caption\":\"Nouveaux Magistrats \u00e0 la Cour d'Appel d'Abidjan\"},{\"@type\":\"BreadcrumbList\",\"@id\":\"https:\/\/www.africa-press.net\/cotedivoire\/politique\/nouveaux-magistrats-a-la-cour-dappel-dabidjan#breadcrumb\",\"itemListElement\":[{\"@type\":\"ListItem\",\"position\":1,\"name\":\"Accueil\",\"item\":\"https:\/\/www.africa-press.net\/cotedivoire\/\"},{\"@type\":\"ListItem\",\"position\":2,\"name\":\"Nouveaux Magistrats \u00e0 la Cour d&#8217;Appel d&#8217;Abidjan\"}]},{\"@type\":\"WebSite\",\"@id\":\"https:\/\/www.africa-press.net\/cotedivoire\/#website\",\"url\":\"https:\/\/www.africa-press.net\/cotedivoire\/\",\"name\":\"C\u00f4te d&#039;Ivoire\",\"description\":\"Just another Africa News Agency Sites site\",\"potentialAction\":[{\"@type\":\"SearchAction\",\"target\":{\"@type\":\"EntryPoint\",\"urlTemplate\":\"https:\/\/www.africa-press.net\/cotedivoire\/?s={search_term_string}\"},\"query-input\":{\"@type\":\"PropertyValueSpecification\",\"valueRequired\":true,\"valueName\":\"search_term_string\"}}],\"inLanguage\":\"fr-FR\"},{\"@type\":\"Person\",\"@id\":\"https:\/\/www.africa-press.net\/cotedivoire\/#\/schema\/person\/2b1cf3cd81a31e3cd26889ca66d677f1\",\"name\":\"cfeditorfr\"}]}<\/script>\n<!-- \/ Yoast SEO Premium plugin. -->","yoast_head_json":{"title":"Nouveaux Magistrats \u00e0 la Cour d'Appel d'Abidjan - C\u00f4te d&#039;Ivoire","description":"Ce vendredi 4 juillet 2025, la salle d\u2019audience de la Cour d\u2019Appel d\u2019Abidjan-Plateau a vibre\u0301 d\u2019e\u0301motion lors de la pres ...","robots":{"index":"index","follow":"follow","max-snippet":"max-snippet:-1","max-image-preview":"max-image-preview:large","max-video-preview":"max-video-preview:-1"},"canonical":"https:\/\/www.africa-press.net\/cotedivoire\/politique\/nouveaux-magistrats-a-la-cour-dappel-dabidjan","og_locale":"fr_FR","og_type":"article","og_title":"Nouveaux Magistrats \u00e0 la Cour d'Appel d'Abidjan","og_description":"Ce vendredi 4 juillet 2025, la salle d\u2019audience de la Cour d\u2019Appel d\u2019Abidjan-Plateau a vibre\u0301 d\u2019e\u0301motion lors de la pres ...","og_url":"https:\/\/www.africa-press.net\/cotedivoire\/politique\/nouveaux-magistrats-a-la-cour-dappel-dabidjan","og_site_name":"C\u00f4te d&#039;Ivoire","article_published_time":"2025-07-04T16:47:52+00:00","article_modified_time":"2025-07-04T17:08:30+00:00","og_image":[{"width":720,"height":316,"url":"https:\/\/static.africa-press.net\/cote\/sites\/43\/2025\/07\/sm_1751636288.889618.jpg","type":"image\/jpeg"}],"author":"cfeditorfr","twitter_card":"summary_large_image","twitter_misc":{"\u00c9crit par":"cfeditorfr","Dur\u00e9e de lecture estim\u00e9e":"4 minutes"},"schema":{"@context":"https:\/\/schema.org","@graph":[{"@type":"Article","@id":"https:\/\/www.africa-press.net\/cotedivoire\/politique\/nouveaux-magistrats-a-la-cour-dappel-dabidjan#article","isPartOf":{"@id":"https:\/\/www.africa-press.net\/cotedivoire\/politique\/nouveaux-magistrats-a-la-cour-dappel-dabidjan"},"author":{"name":"cfeditorfr","@id":"https:\/\/www.africa-press.net\/cotedivoire\/#\/schema\/person\/2b1cf3cd81a31e3cd26889ca66d677f1"},"headline":"Nouveaux Magistrats \u00e0 la Cour d&rsquo;Appel d&rsquo;Abidjan","datePublished":"2025-07-04T16:47:52+00:00","dateModified":"2025-07-04T17:08:30+00:00","mainEntityOfPage":{"@id":"https:\/\/www.africa-press.net\/cotedivoire\/politique\/nouveaux-magistrats-a-la-cour-dappel-dabidjan"},"wordCount":762,"commentCount":0,"image":{"@id":"https:\/\/www.africa-press.net\/cotedivoire\/politique\/nouveaux-magistrats-a-la-cour-dappel-dabidjan#primaryimage"},"thumbnailUrl":"https:\/\/static.africa-press.net\/cote\/sites\/43\/2025\/07\/sm_1751636288.889618.jpg","keywords":["Abidjan","appel","audience","C\u00d4TE D'IVOIRE","cour","juridictions","magistrats","nouveaux","prestation","serment","Solennelle"],"articleSection":["Politique","Toutes les actualit\u00e9s"],"inLanguage":"fr-FR","potentialAction":[{"@type":"CommentAction","name":"Comment","target":["https:\/\/www.africa-press.net\/cotedivoire\/politique\/nouveaux-magistrats-a-la-cour-dappel-dabidjan#respond"]}]},{"@type":"WebPage","@id":"https:\/\/www.africa-press.net\/cotedivoire\/politique\/nouveaux-magistrats-a-la-cour-dappel-dabidjan","url":"https:\/\/www.africa-press.net\/cotedivoire\/politique\/nouveaux-magistrats-a-la-cour-dappel-dabidjan","name":"Nouveaux Magistrats \u00e0 la Cour d'Appel d'Abidjan - C\u00f4te d&#039;Ivoire","isPartOf":{"@id":"https:\/\/www.africa-press.net\/cotedivoire\/#website"},"primaryImageOfPage":{"@id":"https:\/\/www.africa-press.net\/cotedivoire\/politique\/nouveaux-magistrats-a-la-cour-dappel-dabidjan#primaryimage"},"image":{"@id":"https:\/\/www.africa-press.net\/cotedivoire\/politique\/nouveaux-magistrats-a-la-cour-dappel-dabidjan#primaryimage"},"thumbnailUrl":"https:\/\/static.africa-press.net\/cote\/sites\/43\/2025\/07\/sm_1751636288.889618.jpg","datePublished":"2025-07-04T16:47:52+00:00","dateModified":"2025-07-04T17:08:30+00:00","author":{"@id":"https:\/\/www.africa-press.net\/cotedivoire\/#\/schema\/person\/2b1cf3cd81a31e3cd26889ca66d677f1"},"description":"Ce vendredi 4 juillet 2025, la salle d\u2019audience de la Cour d\u2019Appel d\u2019Abidjan-Plateau a vibre\u0301 d\u2019e\u0301motion lors de la pres ...","breadcrumb":{"@id":"https:\/\/www.africa-press.net\/cotedivoire\/politique\/nouveaux-magistrats-a-la-cour-dappel-dabidjan#breadcrumb"},"inLanguage":"fr-FR","potentialAction":[{"@type":"ReadAction","target":["https:\/\/www.africa-press.net\/cotedivoire\/politique\/nouveaux-magistrats-a-la-cour-dappel-dabidjan"]}]},{"@type":"ImageObject","inLanguage":"fr-FR","@id":"https:\/\/www.africa-press.net\/cotedivoire\/politique\/nouveaux-magistrats-a-la-cour-dappel-dabidjan#primaryimage","url":"https:\/\/static.africa-press.net\/cote\/sites\/43\/2025\/07\/sm_1751636288.889618.jpg","contentUrl":"https:\/\/static.africa-press.net\/cote\/sites\/43\/2025\/07\/sm_1751636288.889618.jpg","width":720,"height":316,"caption":"Nouveaux Magistrats \u00e0 la Cour d'Appel d'Abidjan"},{"@type":"BreadcrumbList","@id":"https:\/\/www.africa-press.net\/cotedivoire\/politique\/nouveaux-magistrats-a-la-cour-dappel-dabidjan#breadcrumb","itemListElement":[{"@type":"ListItem","position":1,"name":"Accueil","item":"https:\/\/www.africa-press.net\/cotedivoire\/"},{"@type":"ListItem","position":2,"name":"Nouveaux Magistrats \u00e0 la Cour d&#8217;Appel d&#8217;Abidjan"}]},{"@type":"WebSite","@id":"https:\/\/www.africa-press.net\/cotedivoire\/#website","url":"https:\/\/www.africa-press.net\/cotedivoire\/","name":"C\u00f4te d&#039;Ivoire","description":"Just another Africa News Agency Sites site","potentialAction":[{"@type":"SearchAction","target":{"@type":"EntryPoint","urlTemplate":"https:\/\/www.africa-press.net\/cotedivoire\/?s={search_term_string}"},"query-input":{"@type":"PropertyValueSpecification","valueRequired":true,"valueName":"search_term_string"}}],"inLanguage":"fr-FR"},{"@type":"Person","@id":"https:\/\/www.africa-press.net\/cotedivoire\/#\/schema\/person\/2b1cf3cd81a31e3cd26889ca66d677f1","name":"cfeditorfr"}]}},"_links":{"self":[{"href":"https:\/\/www.africa-press.net\/cotedivoire\/wp-json\/wp\/v2\/posts\/101754","targetHints":{"allow":["GET"]}}],"collection":[{"href":"https:\/\/www.africa-press.net\/cotedivoire\/wp-json\/wp\/v2\/posts"}],"about":[{"href":"https:\/\/www.africa-press.net\/cotedivoire\/wp-json\/wp\/v2\/types\/post"}],"author":[{"embeddable":true,"href":"https:\/\/www.africa-press.net\/cotedivoire\/wp-json\/wp\/v2\/users\/82"}],"replies":[{"embeddable":true,"href":"https:\/\/www.africa-press.net\/cotedivoire\/wp-json\/wp\/v2\/comments?post=101754"}],"version-history":[{"count":0,"href":"https:\/\/www.africa-press.net\/cotedivoire\/wp-json\/wp\/v2\/posts\/101754\/revisions"}],"wp:featuredmedia":[{"embeddable":true,"href":"https:\/\/www.africa-press.net\/cotedivoire\/wp-json\/wp\/v2\/media\/101753"}],"wp:attachment":[{"href":"https:\/\/www.africa-press.net\/cotedivoire\/wp-json\/wp\/v2\/media?parent=101754"}],"wp:term":[{"taxonomy":"category","embeddable":true,"href":"https:\/\/www.africa-press.net\/cotedivoire\/wp-json\/wp\/v2\/categories?post=101754"},{"taxonomy":"post_tag","embeddable":true,"href":"https:\/\/www.africa-press.net\/cotedivoire\/wp-json\/wp\/v2\/tags?post=101754"}],"curies":[{"name":"wp","href":"https:\/\/api.w.org\/{rel}","templated":true}]}}