{"id":101766,"date":"2025-07-04T16:50:11","date_gmt":"2025-07-04T16:50:11","guid":{"rendered":"https:\/\/www.africa-press.net\/cotedivoire\/politique\/kacou-adom-mobilise-pour-investissements-a-seville"},"modified":"2025-07-04T17:09:42","modified_gmt":"2025-07-04T17:09:42","slug":"kacou-adom-mobilise-pour-investissements-a-seville","status":"publish","type":"post","link":"https:\/\/www.africa-press.net\/cotedivoire\/politique\/kacou-adom-mobilise-pour-investissements-a-seville","title":{"rendered":"Kacou Adom Mobilise Pour Investissements \u00e0 S\u00e9ville"},"content":{"rendered":"<p><span style=\"color: #ff6600\"><strong>Africa-Press &#8211; C\u00f4te d&rsquo;Ivoire. <\/strong><\/span>La Co\u0302te d\u2019Ivoire a activement pris part a\u0300 la 4e Confe\u0301rence internationale sur le financement du de\u0301veloppement, tenue a\u0300 Se\u0301ville, en Espagne, du 30 juin au 4 juillet 2025. Cette rencontre de haut niveau a re\u0301uni des repre\u0301sentants de gouvernements, d\u2019institutions financie\u0300res internationales et d\u2019acteurs du secteur prive\u0301 autour des enjeux lie\u0301s au financement durable a\u0300 l\u2019e\u0301chelle mondiale.<\/p>\n<p>Apre\u0300s avoir repre\u0301sente\u0301 la Co\u0302te d\u2019Ivoire lors de la ce\u0301re\u0301monie d\u2019ouverture, le Vice-pre\u0301sident Tiemoko Meyliet Kone\u0301 a passe\u0301 le relais au Ministre des Affaires e\u0301trange\u0300res, Le\u0301on Kacou Adom, de\u0301sormais chef de la de\u0301le\u0301gation ivoirienne, charge\u0301 de conduire les travaux et de poursuivre les ne\u0301gociations bilate\u0301rales.<\/p>\n<p>Prenant part a\u0300 la table ronde multipartite n\u00b02, axe\u0301e sur le the\u0300me \u00ab Tirer parti des entreprises et des financements prive\u0301s \u00bb, le ministre Le\u0301on Kacou Adom est intervenu au nom du ministre du Budget pour pre\u0301senter la vision strate\u0301gique de la Co\u0302te d\u2019Ivoire en matie\u0300re de mobilisation des ressources prive\u0301es.<\/p>\n<p>\u00ab Le secteur prive\u0301 est un levier essentiel pour la croissance e\u0301conomique, la cre\u0301ation d\u2019emplois et l\u2019innovation. Sous l\u2019impulsion du Pre\u0301sident Alassane Ouattara, la Co\u0302te d\u2019Ivoire a fait du secteur prive\u0301 un pilier central de ses plans nationaux de de\u0301veloppement \u00bb, a-t-il de\u0301clare\u0301, pre\u0301cisant que la part des investissements prive\u0301s dans le financement du de\u0301veloppement est passe\u0301e de 60 % a\u0300 74 % au fil des trois Plans Nationaux de De\u0301veloppement (PND) successifs.<\/p>\n<p>Le ministre a e\u0301galement de\u0301taille\u0301 les re\u0301formes majeures entreprises par l\u2019E\u0301tat pour cre\u0301er un environnement plus favorable aux investissements: renforcement du cadre juridique et de la protection des investisseurs, cre\u0301ation de guichets uniques pour simplifier les de\u0301marches administratives (cre\u0301ation d\u2019entreprise, de\u0301livrance des permis de construire, etc.), ainsi que la re\u0301vision du Code ge\u0301ne\u0301ral des investissements et des codes sectoriels (mines, hydrocarbures, eau).<\/p>\n<p>Le\u0301on Kacou Adom a e\u0301galement insiste\u0301 sur l\u2019inte\u0301gration des crite\u0300res ESG (environnement, social et gouvernance) dans le processus de se\u0301lection des projets a\u0300 financer, et sur l\u2019adoption d\u2019une strate\u0301gie nationale de financement durable. Il a par ailleurs mis en avant l\u2019importance de la Responsabilite\u0301 Socie\u0301tale des Entreprises (RSE), notamment a\u0300 travers le renforcement des capacite\u0301s des PME et des startups.<\/p>\n<p>\u00ab L\u2019alignement des inte\u0301re\u0302ts e\u0301conomiques avec les objectifs de de\u0301veloppement durable est fondamental pour maximiser l\u2019impact des financements prive\u0301s \u00bb, a-t-il souligne\u0301.<\/p>\n<p>En marge des travaux, le ministre des Affaires e\u0301trange\u0300res a eu plusieurs rencontres bilate\u0301rales, notamment avec Mme Suzanne Wasum-Rainer, envoye\u0301e spe\u0301ciale du ministe\u0300re allemand des Affaires e\u0301trange\u0300res, et M. Enrique Javier Ochoa Martinez, Vice-ministre des Affaires multilate\u0301rales et des Droits de l\u2019Homme du Mexique.<\/p>\n<p>Ces e\u0301changes ont permis de renforcer les relations diplomatiques et e\u0301conomiques entre la Co\u0302te d\u2019Ivoire et ses partenaires, tout en explorant de nouvelles opportunite\u0301s de coope\u0301ration technique et financie\u0300re.<\/p>\n<p>La participation active de la Co\u0302te d\u2019Ivoire a\u0300 cette confe\u0301rence traduit sa volonte\u0301 affirme\u0301e de s\u2019inscrire dans la dynamique mondiale du financement du de\u0301veloppement durable, en misant sur un secteur prive\u0301 dynamique et un environnement attractif pour les investisseurs nationaux et internationaux.<\/p>\n<p><strong>Pour plus d&rsquo;informations et d&rsquo;analyses sur la <span style=\"color: #ff6600\">C\u00f4te d&rsquo;Ivoire<\/span>, suivez <span style=\"color: #ff6600\">Africa-Press<\/span><\/strong><\/p>\n","protected":false},"excerpt":{"rendered":"<p>Africa-Press &#8211; C\u00f4te d&rsquo;Ivoire. La Co\u0302te d\u2019Ivoire a activement pris part a\u0300 la 4e Confe\u0301rence internationale sur le financement du de\u0301veloppement, tenue a\u0300 Se\u0301ville, en Espagne, du 30 juin au 4 juillet 2025. Cette rencontre de haut niveau a re\u0301uni des repre\u0301sentants de gouvernements, d\u2019institutions financie\u0300res internationales et d\u2019acteurs du secteur prive\u0301 autour des enjeux [&hellip;]<\/p>\n","protected":false},"author":82,"featured_media":101765,"comment_status":"open","ping_status":"closed","sticky":false,"template":"","format":"standard","meta":{"footnotes":""},"categories":[2,10],"tags":[9853,1562,29,1583,3692,1366,14008,18187,18186],"class_list":["post-101766","post","type-post","status-publish","format-standard","has-post-thumbnail","hentry","category-politique","category-toutes-les-actualites","tag-adom","tag-conference","tag-cote-divoire","tag-developpement","tag-financement","tag-investissements","tag-kacou","tag-leon","tag-seville"],"yoast_head":"<!-- This site is optimized with the Yoast SEO Premium plugin v26.1 (Yoast SEO v27.0) - https:\/\/yoast.com\/product\/yoast-seo-premium-wordpress\/ -->\n<title>Kacou Adom Mobilise Pour Investissements \u00e0 S\u00e9ville - C\u00f4te d&#039;Ivoire<\/title>\n<meta name=\"description\" content=\"La Co\u0302te d\u2019Ivoire a activement pris part a\u0300 la 4e Confe\u0301rence internationale sur le financement du de\u0301veloppement, tenue ...\" \/>\n<meta name=\"robots\" content=\"index, follow, max-snippet:-1, max-image-preview:large, max-video-preview:-1\" \/>\n<link rel=\"canonical\" href=\"https:\/\/www.africa-press.net\/cotedivoire\/politique\/kacou-adom-mobilise-pour-investissements-a-seville\" \/>\n<meta property=\"og:locale\" content=\"fr_FR\" \/>\n<meta property=\"og:type\" content=\"article\" \/>\n<meta property=\"og:title\" content=\"Kacou Adom Mobilise Pour Investissements \u00e0 S\u00e9ville\" \/>\n<meta property=\"og:description\" content=\"La Co\u0302te d\u2019Ivoire a activement pris part a\u0300 la 4e Confe\u0301rence internationale sur le financement du de\u0301veloppement, tenue ...\" \/>\n<meta property=\"og:url\" content=\"https:\/\/www.africa-press.net\/cotedivoire\/politique\/kacou-adom-mobilise-pour-investissements-a-seville\" \/>\n<meta property=\"og:site_name\" content=\"C\u00f4te d&#039;Ivoire\" \/>\n<meta property=\"article:published_time\" content=\"2025-07-04T16:50:11+00:00\" \/>\n<meta property=\"article:modified_time\" content=\"2025-07-04T17:09:42+00:00\" \/>\n<meta property=\"og:image\" content=\"https:\/\/static.africa-press.net\/cote\/sites\/43\/2025\/07\/sm_1751636358.579181.jpg\" \/>\n\t<meta property=\"og:image:width\" content=\"720\" \/>\n\t<meta property=\"og:image:height\" content=\"426\" \/>\n\t<meta property=\"og:image:type\" content=\"image\/jpeg\" \/>\n<meta name=\"author\" content=\"cfeditorfr\" \/>\n<meta name=\"twitter:card\" content=\"summary_large_image\" \/>\n<meta name=\"twitter:label1\" content=\"\u00c9crit par\" \/>\n\t<meta name=\"twitter:data1\" content=\"cfeditorfr\" \/>\n\t<meta name=\"twitter:label2\" content=\"Dur\u00e9e de lecture estim\u00e9e\" \/>\n\t<meta name=\"twitter:data2\" content=\"3 minutes\" \/>\n<script type=\"application\/ld+json\" class=\"yoast-schema-graph\">{\"@context\":\"https:\/\/schema.org\",\"@graph\":[{\"@type\":\"Article\",\"@id\":\"https:\/\/www.africa-press.net\/cotedivoire\/politique\/kacou-adom-mobilise-pour-investissements-a-seville#article\",\"isPartOf\":{\"@id\":\"https:\/\/www.africa-press.net\/cotedivoire\/politique\/kacou-adom-mobilise-pour-investissements-a-seville\"},\"author\":{\"name\":\"cfeditorfr\",\"@id\":\"https:\/\/www.africa-press.net\/cotedivoire\/#\/schema\/person\/2b1cf3cd81a31e3cd26889ca66d677f1\"},\"headline\":\"Kacou Adom Mobilise Pour Investissements \u00e0 S\u00e9ville\",\"datePublished\":\"2025-07-04T16:50:11+00:00\",\"dateModified\":\"2025-07-04T17:09:42+00:00\",\"mainEntityOfPage\":{\"@id\":\"https:\/\/www.africa-press.net\/cotedivoire\/politique\/kacou-adom-mobilise-pour-investissements-a-seville\"},\"wordCount\":611,\"commentCount\":0,\"image\":{\"@id\":\"https:\/\/www.africa-press.net\/cotedivoire\/politique\/kacou-adom-mobilise-pour-investissements-a-seville#primaryimage\"},\"thumbnailUrl\":\"https:\/\/static.africa-press.net\/cote\/sites\/43\/2025\/07\/sm_1751636358.579181.jpg\",\"keywords\":[\"Adom\",\"Conf\u00e9rence\",\"C\u00d4TE D'IVOIRE\",\"d\u00e9veloppement\",\"Financement\",\"investissements\",\"Kacou\",\"L\u00e9on\",\"S\u00e9ville\"],\"articleSection\":[\"Politique\",\"Toutes les actualit\u00e9s\"],\"inLanguage\":\"fr-FR\",\"potentialAction\":[{\"@type\":\"CommentAction\",\"name\":\"Comment\",\"target\":[\"https:\/\/www.africa-press.net\/cotedivoire\/politique\/kacou-adom-mobilise-pour-investissements-a-seville#respond\"]}]},{\"@type\":\"WebPage\",\"@id\":\"https:\/\/www.africa-press.net\/cotedivoire\/politique\/kacou-adom-mobilise-pour-investissements-a-seville\",\"url\":\"https:\/\/www.africa-press.net\/cotedivoire\/politique\/kacou-adom-mobilise-pour-investissements-a-seville\",\"name\":\"Kacou Adom Mobilise Pour Investissements \u00e0 S\u00e9ville - C\u00f4te d&#039;Ivoire\",\"isPartOf\":{\"@id\":\"https:\/\/www.africa-press.net\/cotedivoire\/#website\"},\"primaryImageOfPage\":{\"@id\":\"https:\/\/www.africa-press.net\/cotedivoire\/politique\/kacou-adom-mobilise-pour-investissements-a-seville#primaryimage\"},\"image\":{\"@id\":\"https:\/\/www.africa-press.net\/cotedivoire\/politique\/kacou-adom-mobilise-pour-investissements-a-seville#primaryimage\"},\"thumbnailUrl\":\"https:\/\/static.africa-press.net\/cote\/sites\/43\/2025\/07\/sm_1751636358.579181.jpg\",\"datePublished\":\"2025-07-04T16:50:11+00:00\",\"dateModified\":\"2025-07-04T17:09:42+00:00\",\"author\":{\"@id\":\"https:\/\/www.africa-press.net\/cotedivoire\/#\/schema\/person\/2b1cf3cd81a31e3cd26889ca66d677f1\"},\"description\":\"La Co\u0302te d\u2019Ivoire a activement pris part a\u0300 la 4e Confe\u0301rence internationale sur le financement du de\u0301veloppement, tenue ...\",\"breadcrumb\":{\"@id\":\"https:\/\/www.africa-press.net\/cotedivoire\/politique\/kacou-adom-mobilise-pour-investissements-a-seville#breadcrumb\"},\"inLanguage\":\"fr-FR\",\"potentialAction\":[{\"@type\":\"ReadAction\",\"target\":[\"https:\/\/www.africa-press.net\/cotedivoire\/politique\/kacou-adom-mobilise-pour-investissements-a-seville\"]}]},{\"@type\":\"ImageObject\",\"inLanguage\":\"fr-FR\",\"@id\":\"https:\/\/www.africa-press.net\/cotedivoire\/politique\/kacou-adom-mobilise-pour-investissements-a-seville#primaryimage\",\"url\":\"https:\/\/static.africa-press.net\/cote\/sites\/43\/2025\/07\/sm_1751636358.579181.jpg\",\"contentUrl\":\"https:\/\/static.africa-press.net\/cote\/sites\/43\/2025\/07\/sm_1751636358.579181.jpg\",\"width\":720,\"height\":426,\"caption\":\"Kacou Adom Mobilise Pour Investissements \u00e0 S\u00e9ville\"},{\"@type\":\"BreadcrumbList\",\"@id\":\"https:\/\/www.africa-press.net\/cotedivoire\/politique\/kacou-adom-mobilise-pour-investissements-a-seville#breadcrumb\",\"itemListElement\":[{\"@type\":\"ListItem\",\"position\":1,\"name\":\"Accueil\",\"item\":\"https:\/\/www.africa-press.net\/cotedivoire\/\"},{\"@type\":\"ListItem\",\"position\":2,\"name\":\"Kacou Adom Mobilise Pour Investissements \u00e0 S\u00e9ville\"}]},{\"@type\":\"WebSite\",\"@id\":\"https:\/\/www.africa-press.net\/cotedivoire\/#website\",\"url\":\"https:\/\/www.africa-press.net\/cotedivoire\/\",\"name\":\"C\u00f4te d&#039;Ivoire\",\"description\":\"Just another Africa News Agency Sites site\",\"potentialAction\":[{\"@type\":\"SearchAction\",\"target\":{\"@type\":\"EntryPoint\",\"urlTemplate\":\"https:\/\/www.africa-press.net\/cotedivoire\/?s={search_term_string}\"},\"query-input\":{\"@type\":\"PropertyValueSpecification\",\"valueRequired\":true,\"valueName\":\"search_term_string\"}}],\"inLanguage\":\"fr-FR\"},{\"@type\":\"Person\",\"@id\":\"https:\/\/www.africa-press.net\/cotedivoire\/#\/schema\/person\/2b1cf3cd81a31e3cd26889ca66d677f1\",\"name\":\"cfeditorfr\"}]}<\/script>\n<!-- \/ Yoast SEO Premium plugin. -->","yoast_head_json":{"title":"Kacou Adom Mobilise Pour Investissements \u00e0 S\u00e9ville - C\u00f4te d&#039;Ivoire","description":"La Co\u0302te d\u2019Ivoire a activement pris part a\u0300 la 4e Confe\u0301rence internationale sur le financement du de\u0301veloppement, tenue ...","robots":{"index":"index","follow":"follow","max-snippet":"max-snippet:-1","max-image-preview":"max-image-preview:large","max-video-preview":"max-video-preview:-1"},"canonical":"https:\/\/www.africa-press.net\/cotedivoire\/politique\/kacou-adom-mobilise-pour-investissements-a-seville","og_locale":"fr_FR","og_type":"article","og_title":"Kacou Adom Mobilise Pour Investissements \u00e0 S\u00e9ville","og_description":"La Co\u0302te d\u2019Ivoire a activement pris part a\u0300 la 4e Confe\u0301rence internationale sur le financement du de\u0301veloppement, tenue ...","og_url":"https:\/\/www.africa-press.net\/cotedivoire\/politique\/kacou-adom-mobilise-pour-investissements-a-seville","og_site_name":"C\u00f4te d&#039;Ivoire","article_published_time":"2025-07-04T16:50:11+00:00","article_modified_time":"2025-07-04T17:09:42+00:00","og_image":[{"width":720,"height":426,"url":"https:\/\/static.africa-press.net\/cote\/sites\/43\/2025\/07\/sm_1751636358.579181.jpg","type":"image\/jpeg"}],"author":"cfeditorfr","twitter_card":"summary_large_image","twitter_misc":{"\u00c9crit par":"cfeditorfr","Dur\u00e9e de lecture estim\u00e9e":"3 minutes"},"schema":{"@context":"https:\/\/schema.org","@graph":[{"@type":"Article","@id":"https:\/\/www.africa-press.net\/cotedivoire\/politique\/kacou-adom-mobilise-pour-investissements-a-seville#article","isPartOf":{"@id":"https:\/\/www.africa-press.net\/cotedivoire\/politique\/kacou-adom-mobilise-pour-investissements-a-seville"},"author":{"name":"cfeditorfr","@id":"https:\/\/www.africa-press.net\/cotedivoire\/#\/schema\/person\/2b1cf3cd81a31e3cd26889ca66d677f1"},"headline":"Kacou Adom Mobilise Pour Investissements \u00e0 S\u00e9ville","datePublished":"2025-07-04T16:50:11+00:00","dateModified":"2025-07-04T17:09:42+00:00","mainEntityOfPage":{"@id":"https:\/\/www.africa-press.net\/cotedivoire\/politique\/kacou-adom-mobilise-pour-investissements-a-seville"},"wordCount":611,"commentCount":0,"image":{"@id":"https:\/\/www.africa-press.net\/cotedivoire\/politique\/kacou-adom-mobilise-pour-investissements-a-seville#primaryimage"},"thumbnailUrl":"https:\/\/static.africa-press.net\/cote\/sites\/43\/2025\/07\/sm_1751636358.579181.jpg","keywords":["Adom","Conf\u00e9rence","C\u00d4TE D'IVOIRE","d\u00e9veloppement","Financement","investissements","Kacou","L\u00e9on","S\u00e9ville"],"articleSection":["Politique","Toutes les actualit\u00e9s"],"inLanguage":"fr-FR","potentialAction":[{"@type":"CommentAction","name":"Comment","target":["https:\/\/www.africa-press.net\/cotedivoire\/politique\/kacou-adom-mobilise-pour-investissements-a-seville#respond"]}]},{"@type":"WebPage","@id":"https:\/\/www.africa-press.net\/cotedivoire\/politique\/kacou-adom-mobilise-pour-investissements-a-seville","url":"https:\/\/www.africa-press.net\/cotedivoire\/politique\/kacou-adom-mobilise-pour-investissements-a-seville","name":"Kacou Adom Mobilise Pour Investissements \u00e0 S\u00e9ville - C\u00f4te d&#039;Ivoire","isPartOf":{"@id":"https:\/\/www.africa-press.net\/cotedivoire\/#website"},"primaryImageOfPage":{"@id":"https:\/\/www.africa-press.net\/cotedivoire\/politique\/kacou-adom-mobilise-pour-investissements-a-seville#primaryimage"},"image":{"@id":"https:\/\/www.africa-press.net\/cotedivoire\/politique\/kacou-adom-mobilise-pour-investissements-a-seville#primaryimage"},"thumbnailUrl":"https:\/\/static.africa-press.net\/cote\/sites\/43\/2025\/07\/sm_1751636358.579181.jpg","datePublished":"2025-07-04T16:50:11+00:00","dateModified":"2025-07-04T17:09:42+00:00","author":{"@id":"https:\/\/www.africa-press.net\/cotedivoire\/#\/schema\/person\/2b1cf3cd81a31e3cd26889ca66d677f1"},"description":"La Co\u0302te d\u2019Ivoire a activement pris part a\u0300 la 4e Confe\u0301rence internationale sur le financement du de\u0301veloppement, tenue ...","breadcrumb":{"@id":"https:\/\/www.africa-press.net\/cotedivoire\/politique\/kacou-adom-mobilise-pour-investissements-a-seville#breadcrumb"},"inLanguage":"fr-FR","potentialAction":[{"@type":"ReadAction","target":["https:\/\/www.africa-press.net\/cotedivoire\/politique\/kacou-adom-mobilise-pour-investissements-a-seville"]}]},{"@type":"ImageObject","inLanguage":"fr-FR","@id":"https:\/\/www.africa-press.net\/cotedivoire\/politique\/kacou-adom-mobilise-pour-investissements-a-seville#primaryimage","url":"https:\/\/static.africa-press.net\/cote\/sites\/43\/2025\/07\/sm_1751636358.579181.jpg","contentUrl":"https:\/\/static.africa-press.net\/cote\/sites\/43\/2025\/07\/sm_1751636358.579181.jpg","width":720,"height":426,"caption":"Kacou Adom Mobilise Pour Investissements \u00e0 S\u00e9ville"},{"@type":"BreadcrumbList","@id":"https:\/\/www.africa-press.net\/cotedivoire\/politique\/kacou-adom-mobilise-pour-investissements-a-seville#breadcrumb","itemListElement":[{"@type":"ListItem","position":1,"name":"Accueil","item":"https:\/\/www.africa-press.net\/cotedivoire\/"},{"@type":"ListItem","position":2,"name":"Kacou Adom Mobilise Pour Investissements \u00e0 S\u00e9ville"}]},{"@type":"WebSite","@id":"https:\/\/www.africa-press.net\/cotedivoire\/#website","url":"https:\/\/www.africa-press.net\/cotedivoire\/","name":"C\u00f4te d&#039;Ivoire","description":"Just another Africa News Agency Sites site","potentialAction":[{"@type":"SearchAction","target":{"@type":"EntryPoint","urlTemplate":"https:\/\/www.africa-press.net\/cotedivoire\/?s={search_term_string}"},"query-input":{"@type":"PropertyValueSpecification","valueRequired":true,"valueName":"search_term_string"}}],"inLanguage":"fr-FR"},{"@type":"Person","@id":"https:\/\/www.africa-press.net\/cotedivoire\/#\/schema\/person\/2b1cf3cd81a31e3cd26889ca66d677f1","name":"cfeditorfr"}]}},"_links":{"self":[{"href":"https:\/\/www.africa-press.net\/cotedivoire\/wp-json\/wp\/v2\/posts\/101766","targetHints":{"allow":["GET"]}}],"collection":[{"href":"https:\/\/www.africa-press.net\/cotedivoire\/wp-json\/wp\/v2\/posts"}],"about":[{"href":"https:\/\/www.africa-press.net\/cotedivoire\/wp-json\/wp\/v2\/types\/post"}],"author":[{"embeddable":true,"href":"https:\/\/www.africa-press.net\/cotedivoire\/wp-json\/wp\/v2\/users\/82"}],"replies":[{"embeddable":true,"href":"https:\/\/www.africa-press.net\/cotedivoire\/wp-json\/wp\/v2\/comments?post=101766"}],"version-history":[{"count":0,"href":"https:\/\/www.africa-press.net\/cotedivoire\/wp-json\/wp\/v2\/posts\/101766\/revisions"}],"wp:featuredmedia":[{"embeddable":true,"href":"https:\/\/www.africa-press.net\/cotedivoire\/wp-json\/wp\/v2\/media\/101765"}],"wp:attachment":[{"href":"https:\/\/www.africa-press.net\/cotedivoire\/wp-json\/wp\/v2\/media?parent=101766"}],"wp:term":[{"taxonomy":"category","embeddable":true,"href":"https:\/\/www.africa-press.net\/cotedivoire\/wp-json\/wp\/v2\/categories?post=101766"},{"taxonomy":"post_tag","embeddable":true,"href":"https:\/\/www.africa-press.net\/cotedivoire\/wp-json\/wp\/v2\/tags?post=101766"}],"curies":[{"name":"wp","href":"https:\/\/api.w.org\/{rel}","templated":true}]}}