{"id":10178,"date":"2021-07-20T17:34:45","date_gmt":"2021-07-20T17:34:45","guid":{"rendered":"https:\/\/www.africa-press.net\/cotedivoire\/?p=10178"},"modified":"2021-07-20T17:53:05","modified_gmt":"2021-07-20T17:53:05","slug":"vie-chere-cote-divoire-le-ministere-du-commerce-denonce-de-faux-propos-attribues-au-ministre-sur-facebook","status":"publish","type":"post","link":"https:\/\/www.africa-press.net\/cotedivoire\/politique\/vie-chere-cote-divoire-le-ministere-du-commerce-denonce-de-faux-propos-attribues-au-ministre-sur-facebook","title":{"rendered":"Vie ch\u00e8re\/ C\u00f4te-d\u2019Ivoire: Le minist\u00e8re du commerce d\u00e9nonce de faux propos attribu\u00e9s au ministre sur Facebook"},"content":{"rendered":"<p><span style=\"color: #ff6600\"><strong><a href=\"https:\/\/www.africa-press.net\/\">Africa-Press<\/a> &#8211; <a href=\"https:\/\/www.africa-press.net\/cotedivoire\">C\u00f4te d&rsquo;Ivoire<\/a>. <\/strong><\/span>Vie ch\u00e8re\/Apr\u00e8s sa conf\u00e9rence de presse : Le minist\u00e8re du Commerce et de l\u2019Industrie s\u2019attaque au Fakenews<\/p>\n<p><b>Communiqu\u00e9<\/b><\/p>\n<p>Il nous a \u00e9t\u00e9 donn\u00e9 de noter qu\u2019apr\u00e8s la conf\u00e9rence de Presse du Ministre du Commerce et de l\u2019Industrie, diff\u00e9rents canaux sur les r\u00e9seaux sociaux \u00e0 l\u2019instar de la page d\u00e9nomm\u00e9e \u00ab First Mag le Vrai \u00bb ont d\u00e9form\u00e9 certains propos du Ministre Souleymane Diarrassouba.<\/p>\n<p>Pour exemple, la page ci-dessus cit\u00e9e pr\u00eate au Ministre les propos suivants : \u00ab \u2026il n\u2019y a aucune chert\u00e9 de la vie en C\u00f4te d\u2019Ivoire, ce sont les r\u00e9seaux sociaux qui le disent sinon rien n\u2019a augment\u00e9 sur nos march\u00e9s \u00bb.<\/p>\n<p>Le Minist\u00e8re du Commerce et de l\u2019Industrie d\u00e9ment ces propos qui ont \u00e9t\u00e9 attribu\u00e9s au Ministre Souleymane Diarrassouba et condamne de telles all\u00e9gations qui visent clairement \u00e0 jeter le discr\u00e9dit sur tous les efforts que le gouvernement fait pour r\u00e9guler le co\u00fbt de la vie. Il invite les administrateurs de cette page et de tout autre plateforme d\u2019information digitale \u00e0 s\u2019inscrire dans le vrai en allant \u00e0 la source de l\u2019information.<\/p>\n<p>Il invite par ailleurs les internautes \u00e0 revisiter la diffusion en direct de la conf\u00e9rence de presse encore disponible sur la page Facebook du Minist\u00e8re du Commerce et de l\u2019Industrie, ainsi que le mot introductif du Ministre Souleymane Diarrassouba \u00e9galement disponible sur la m\u00eame page, afin de cerner au mieux la r\u00e9alit\u00e9 de ses propos.<\/p>\n<p>&nbsp;<\/p>\n","protected":false},"excerpt":{"rendered":"<p>Africa-Press &#8211; C\u00f4te d&rsquo;Ivoire. Vie ch\u00e8re\/Apr\u00e8s sa conf\u00e9rence de presse : Le minist\u00e8re du Commerce et de l\u2019Industrie s\u2019attaque au Fakenews Communiqu\u00e9 Il nous a \u00e9t\u00e9 donn\u00e9 de noter qu\u2019apr\u00e8s la conf\u00e9rence de Presse du Ministre du Commerce et de l\u2019Industrie, diff\u00e9rents canaux sur les r\u00e9seaux sociaux \u00e0 l\u2019instar de la page d\u00e9nomm\u00e9e \u00ab First [&hellip;]<\/p>\n","protected":false},"author":82,"featured_media":10177,"comment_status":"open","ping_status":"closed","sticky":false,"template":"","format":"standard","meta":{"footnotes":""},"categories":[11,2,20,10],"tags":[56,63,29],"class_list":["post-10178","post","type-post","status-publish","format-standard","has-post-thumbnail","hentry","category-homepage-french","category-politique","category-top-nouvelles","category-toutes-les-actualites","tag-africa-press","tag-africa-press-cote-divoire","tag-cote-divoire"],"yoast_head":"<!-- This site is optimized with the Yoast SEO Premium plugin v26.1 (Yoast SEO v27.0) - https:\/\/yoast.com\/product\/yoast-seo-premium-wordpress\/ -->\n<title>Vie ch\u00e8re\/ C\u00f4te-d\u2019Ivoire: Le minist\u00e8re du commerce d\u00e9nonce de faux propos attribu\u00e9s au ministre sur Facebook - C\u00f4te d&#039;Ivoire<\/title>\n<meta name=\"description\" content=\"Vie ch\u00e8re\/Apr\u00e8s sa conf\u00e9rence de presse : Le minist\u00e8re du Commerce et de l\u2019Industrie s\u2019attaque au Fakenews Communiqu ...\" \/>\n<meta name=\"robots\" content=\"index, follow, max-snippet:-1, max-image-preview:large, max-video-preview:-1\" \/>\n<link rel=\"canonical\" href=\"https:\/\/www.africa-press.net\/cotedivoire\/politique\/vie-chere-cote-divoire-le-ministere-du-commerce-denonce-de-faux-propos-attribues-au-ministre-sur-facebook\" \/>\n<meta property=\"og:locale\" content=\"fr_FR\" \/>\n<meta property=\"og:type\" content=\"article\" \/>\n<meta property=\"og:title\" content=\"Vie ch\u00e8re\/ C\u00f4te-d\u2019Ivoire: Le minist\u00e8re du commerce d\u00e9nonce de faux propos attribu\u00e9s au ministre sur Facebook\" \/>\n<meta property=\"og:description\" content=\"Vie ch\u00e8re\/Apr\u00e8s sa conf\u00e9rence de presse : Le minist\u00e8re du Commerce et de l\u2019Industrie s\u2019attaque au Fakenews Communiqu ...\" \/>\n<meta property=\"og:url\" content=\"https:\/\/www.africa-press.net\/cotedivoire\/politique\/vie-chere-cote-divoire-le-ministere-du-commerce-denonce-de-faux-propos-attribues-au-ministre-sur-facebook\" \/>\n<meta property=\"og:site_name\" content=\"C\u00f4te d&#039;Ivoire\" \/>\n<meta property=\"article:published_time\" content=\"2021-07-20T17:34:45+00:00\" \/>\n<meta property=\"article:modified_time\" content=\"2021-07-20T17:53:05+00:00\" \/>\n<meta property=\"og:image\" content=\"https:\/\/static.africa-press.net\/cote\/sites\/43\/2021\/07\/img-60f704ee23581.jpg\" \/>\n\t<meta property=\"og:image:width\" content=\"720\" \/>\n\t<meta property=\"og:image:height\" content=\"404\" \/>\n\t<meta property=\"og:image:type\" content=\"image\/jpeg\" \/>\n<meta name=\"author\" content=\"cfeditorfr\" \/>\n<meta name=\"twitter:card\" content=\"summary_large_image\" \/>\n<meta name=\"twitter:label1\" content=\"\u00c9crit par\" \/>\n\t<meta name=\"twitter:data1\" content=\"cfeditorfr\" \/>\n\t<meta name=\"twitter:label2\" content=\"Dur\u00e9e de lecture estim\u00e9e\" \/>\n\t<meta name=\"twitter:data2\" content=\"1 minute\" \/>\n<script type=\"application\/ld+json\" class=\"yoast-schema-graph\">{\"@context\":\"https:\/\/schema.org\",\"@graph\":[{\"@type\":\"Article\",\"@id\":\"https:\/\/www.africa-press.net\/cotedivoire\/politique\/vie-chere-cote-divoire-le-ministere-du-commerce-denonce-de-faux-propos-attribues-au-ministre-sur-facebook#article\",\"isPartOf\":{\"@id\":\"https:\/\/www.africa-press.net\/cotedivoire\/politique\/vie-chere-cote-divoire-le-ministere-du-commerce-denonce-de-faux-propos-attribues-au-ministre-sur-facebook\"},\"author\":{\"name\":\"cfeditorfr\",\"@id\":\"https:\/\/www.africa-press.net\/cotedivoire\/#\/schema\/person\/2b1cf3cd81a31e3cd26889ca66d677f1\"},\"headline\":\"Vie ch\u00e8re\/ C\u00f4te-d\u2019Ivoire: Le minist\u00e8re du commerce d\u00e9nonce de faux propos attribu\u00e9s au ministre sur Facebook\",\"datePublished\":\"2021-07-20T17:34:45+00:00\",\"dateModified\":\"2021-07-20T17:53:05+00:00\",\"mainEntityOfPage\":{\"@id\":\"https:\/\/www.africa-press.net\/cotedivoire\/politique\/vie-chere-cote-divoire-le-ministere-du-commerce-denonce-de-faux-propos-attribues-au-ministre-sur-facebook\"},\"wordCount\":289,\"commentCount\":0,\"image\":{\"@id\":\"https:\/\/www.africa-press.net\/cotedivoire\/politique\/vie-chere-cote-divoire-le-ministere-du-commerce-denonce-de-faux-propos-attribues-au-ministre-sur-facebook#primaryimage\"},\"thumbnailUrl\":\"https:\/\/static.africa-press.net\/cote\/sites\/43\/2021\/07\/img-60f704ee23581.jpg\",\"keywords\":[\"Africa Press\",\"Africa Press-C\u00f4te d'Ivoire\",\"C\u00d4TE D'IVOIRE\"],\"articleSection\":[\"homepage-french\",\"Politique\",\"Top Nouvelles\",\"Toutes les actualit\u00e9s\"],\"inLanguage\":\"fr-FR\",\"potentialAction\":[{\"@type\":\"CommentAction\",\"name\":\"Comment\",\"target\":[\"https:\/\/www.africa-press.net\/cotedivoire\/politique\/vie-chere-cote-divoire-le-ministere-du-commerce-denonce-de-faux-propos-attribues-au-ministre-sur-facebook#respond\"]}]},{\"@type\":\"WebPage\",\"@id\":\"https:\/\/www.africa-press.net\/cotedivoire\/politique\/vie-chere-cote-divoire-le-ministere-du-commerce-denonce-de-faux-propos-attribues-au-ministre-sur-facebook\",\"url\":\"https:\/\/www.africa-press.net\/cotedivoire\/politique\/vie-chere-cote-divoire-le-ministere-du-commerce-denonce-de-faux-propos-attribues-au-ministre-sur-facebook\",\"name\":\"Vie ch\u00e8re\/ C\u00f4te-d\u2019Ivoire: Le minist\u00e8re du commerce d\u00e9nonce de faux propos attribu\u00e9s au ministre sur Facebook - C\u00f4te d&#039;Ivoire\",\"isPartOf\":{\"@id\":\"https:\/\/www.africa-press.net\/cotedivoire\/#website\"},\"primaryImageOfPage\":{\"@id\":\"https:\/\/www.africa-press.net\/cotedivoire\/politique\/vie-chere-cote-divoire-le-ministere-du-commerce-denonce-de-faux-propos-attribues-au-ministre-sur-facebook#primaryimage\"},\"image\":{\"@id\":\"https:\/\/www.africa-press.net\/cotedivoire\/politique\/vie-chere-cote-divoire-le-ministere-du-commerce-denonce-de-faux-propos-attribues-au-ministre-sur-facebook#primaryimage\"},\"thumbnailUrl\":\"https:\/\/static.africa-press.net\/cote\/sites\/43\/2021\/07\/img-60f704ee23581.jpg\",\"datePublished\":\"2021-07-20T17:34:45+00:00\",\"dateModified\":\"2021-07-20T17:53:05+00:00\",\"author\":{\"@id\":\"https:\/\/www.africa-press.net\/cotedivoire\/#\/schema\/person\/2b1cf3cd81a31e3cd26889ca66d677f1\"},\"description\":\"Vie ch\u00e8re\/Apr\u00e8s sa conf\u00e9rence de presse : Le minist\u00e8re du Commerce et de l\u2019Industrie s\u2019attaque au Fakenews Communiqu ...\",\"breadcrumb\":{\"@id\":\"https:\/\/www.africa-press.net\/cotedivoire\/politique\/vie-chere-cote-divoire-le-ministere-du-commerce-denonce-de-faux-propos-attribues-au-ministre-sur-facebook#breadcrumb\"},\"inLanguage\":\"fr-FR\",\"potentialAction\":[{\"@type\":\"ReadAction\",\"target\":[\"https:\/\/www.africa-press.net\/cotedivoire\/politique\/vie-chere-cote-divoire-le-ministere-du-commerce-denonce-de-faux-propos-attribues-au-ministre-sur-facebook\"]}]},{\"@type\":\"ImageObject\",\"inLanguage\":\"fr-FR\",\"@id\":\"https:\/\/www.africa-press.net\/cotedivoire\/politique\/vie-chere-cote-divoire-le-ministere-du-commerce-denonce-de-faux-propos-attribues-au-ministre-sur-facebook#primaryimage\",\"url\":\"https:\/\/static.africa-press.net\/cote\/sites\/43\/2021\/07\/img-60f704ee23581.jpg\",\"contentUrl\":\"https:\/\/static.africa-press.net\/cote\/sites\/43\/2021\/07\/img-60f704ee23581.jpg\",\"width\":720,\"height\":404,\"caption\":\"Vie ch\u00e8re\/ C\u00f4te-d\u2019Ivoire: Le minist\u00e8re du commerce d\u00e9nonce de faux propos attribu\u00e9s au ministre sur Facebook\"},{\"@type\":\"BreadcrumbList\",\"@id\":\"https:\/\/www.africa-press.net\/cotedivoire\/politique\/vie-chere-cote-divoire-le-ministere-du-commerce-denonce-de-faux-propos-attribues-au-ministre-sur-facebook#breadcrumb\",\"itemListElement\":[{\"@type\":\"ListItem\",\"position\":1,\"name\":\"Accueil\",\"item\":\"https:\/\/www.africa-press.net\/cotedivoire\/\"},{\"@type\":\"ListItem\",\"position\":2,\"name\":\"Vie ch\u00e8re\/ C\u00f4te-d\u2019Ivoire: Le minist\u00e8re du commerce d\u00e9nonce de faux propos attribu\u00e9s au ministre sur Facebook\"}]},{\"@type\":\"WebSite\",\"@id\":\"https:\/\/www.africa-press.net\/cotedivoire\/#website\",\"url\":\"https:\/\/www.africa-press.net\/cotedivoire\/\",\"name\":\"C\u00f4te d&#039;Ivoire\",\"description\":\"Just another Africa News Agency Sites site\",\"potentialAction\":[{\"@type\":\"SearchAction\",\"target\":{\"@type\":\"EntryPoint\",\"urlTemplate\":\"https:\/\/www.africa-press.net\/cotedivoire\/?s={search_term_string}\"},\"query-input\":{\"@type\":\"PropertyValueSpecification\",\"valueRequired\":true,\"valueName\":\"search_term_string\"}}],\"inLanguage\":\"fr-FR\"},{\"@type\":\"Person\",\"@id\":\"https:\/\/www.africa-press.net\/cotedivoire\/#\/schema\/person\/2b1cf3cd81a31e3cd26889ca66d677f1\",\"name\":\"cfeditorfr\"}]}<\/script>\n<!-- \/ Yoast SEO Premium plugin. -->","yoast_head_json":{"title":"Vie ch\u00e8re\/ C\u00f4te-d\u2019Ivoire: Le minist\u00e8re du commerce d\u00e9nonce de faux propos attribu\u00e9s au ministre sur Facebook - C\u00f4te d&#039;Ivoire","description":"Vie ch\u00e8re\/Apr\u00e8s sa conf\u00e9rence de presse : Le minist\u00e8re du Commerce et de l\u2019Industrie s\u2019attaque au Fakenews Communiqu ...","robots":{"index":"index","follow":"follow","max-snippet":"max-snippet:-1","max-image-preview":"max-image-preview:large","max-video-preview":"max-video-preview:-1"},"canonical":"https:\/\/www.africa-press.net\/cotedivoire\/politique\/vie-chere-cote-divoire-le-ministere-du-commerce-denonce-de-faux-propos-attribues-au-ministre-sur-facebook","og_locale":"fr_FR","og_type":"article","og_title":"Vie ch\u00e8re\/ C\u00f4te-d\u2019Ivoire: Le minist\u00e8re du commerce d\u00e9nonce de faux propos attribu\u00e9s au ministre sur Facebook","og_description":"Vie ch\u00e8re\/Apr\u00e8s sa conf\u00e9rence de presse : Le minist\u00e8re du Commerce et de l\u2019Industrie s\u2019attaque au Fakenews Communiqu ...","og_url":"https:\/\/www.africa-press.net\/cotedivoire\/politique\/vie-chere-cote-divoire-le-ministere-du-commerce-denonce-de-faux-propos-attribues-au-ministre-sur-facebook","og_site_name":"C\u00f4te d&#039;Ivoire","article_published_time":"2021-07-20T17:34:45+00:00","article_modified_time":"2021-07-20T17:53:05+00:00","og_image":[{"width":720,"height":404,"url":"https:\/\/static.africa-press.net\/cote\/sites\/43\/2021\/07\/img-60f704ee23581.jpg","type":"image\/jpeg"}],"author":"cfeditorfr","twitter_card":"summary_large_image","twitter_misc":{"\u00c9crit par":"cfeditorfr","Dur\u00e9e de lecture estim\u00e9e":"1 minute"},"schema":{"@context":"https:\/\/schema.org","@graph":[{"@type":"Article","@id":"https:\/\/www.africa-press.net\/cotedivoire\/politique\/vie-chere-cote-divoire-le-ministere-du-commerce-denonce-de-faux-propos-attribues-au-ministre-sur-facebook#article","isPartOf":{"@id":"https:\/\/www.africa-press.net\/cotedivoire\/politique\/vie-chere-cote-divoire-le-ministere-du-commerce-denonce-de-faux-propos-attribues-au-ministre-sur-facebook"},"author":{"name":"cfeditorfr","@id":"https:\/\/www.africa-press.net\/cotedivoire\/#\/schema\/person\/2b1cf3cd81a31e3cd26889ca66d677f1"},"headline":"Vie ch\u00e8re\/ C\u00f4te-d\u2019Ivoire: Le minist\u00e8re du commerce d\u00e9nonce de faux propos attribu\u00e9s au ministre sur Facebook","datePublished":"2021-07-20T17:34:45+00:00","dateModified":"2021-07-20T17:53:05+00:00","mainEntityOfPage":{"@id":"https:\/\/www.africa-press.net\/cotedivoire\/politique\/vie-chere-cote-divoire-le-ministere-du-commerce-denonce-de-faux-propos-attribues-au-ministre-sur-facebook"},"wordCount":289,"commentCount":0,"image":{"@id":"https:\/\/www.africa-press.net\/cotedivoire\/politique\/vie-chere-cote-divoire-le-ministere-du-commerce-denonce-de-faux-propos-attribues-au-ministre-sur-facebook#primaryimage"},"thumbnailUrl":"https:\/\/static.africa-press.net\/cote\/sites\/43\/2021\/07\/img-60f704ee23581.jpg","keywords":["Africa Press","Africa Press-C\u00f4te d'Ivoire","C\u00d4TE D'IVOIRE"],"articleSection":["homepage-french","Politique","Top Nouvelles","Toutes les actualit\u00e9s"],"inLanguage":"fr-FR","potentialAction":[{"@type":"CommentAction","name":"Comment","target":["https:\/\/www.africa-press.net\/cotedivoire\/politique\/vie-chere-cote-divoire-le-ministere-du-commerce-denonce-de-faux-propos-attribues-au-ministre-sur-facebook#respond"]}]},{"@type":"WebPage","@id":"https:\/\/www.africa-press.net\/cotedivoire\/politique\/vie-chere-cote-divoire-le-ministere-du-commerce-denonce-de-faux-propos-attribues-au-ministre-sur-facebook","url":"https:\/\/www.africa-press.net\/cotedivoire\/politique\/vie-chere-cote-divoire-le-ministere-du-commerce-denonce-de-faux-propos-attribues-au-ministre-sur-facebook","name":"Vie ch\u00e8re\/ C\u00f4te-d\u2019Ivoire: Le minist\u00e8re du commerce d\u00e9nonce de faux propos attribu\u00e9s au ministre sur Facebook - C\u00f4te d&#039;Ivoire","isPartOf":{"@id":"https:\/\/www.africa-press.net\/cotedivoire\/#website"},"primaryImageOfPage":{"@id":"https:\/\/www.africa-press.net\/cotedivoire\/politique\/vie-chere-cote-divoire-le-ministere-du-commerce-denonce-de-faux-propos-attribues-au-ministre-sur-facebook#primaryimage"},"image":{"@id":"https:\/\/www.africa-press.net\/cotedivoire\/politique\/vie-chere-cote-divoire-le-ministere-du-commerce-denonce-de-faux-propos-attribues-au-ministre-sur-facebook#primaryimage"},"thumbnailUrl":"https:\/\/static.africa-press.net\/cote\/sites\/43\/2021\/07\/img-60f704ee23581.jpg","datePublished":"2021-07-20T17:34:45+00:00","dateModified":"2021-07-20T17:53:05+00:00","author":{"@id":"https:\/\/www.africa-press.net\/cotedivoire\/#\/schema\/person\/2b1cf3cd81a31e3cd26889ca66d677f1"},"description":"Vie ch\u00e8re\/Apr\u00e8s sa conf\u00e9rence de presse : Le minist\u00e8re du Commerce et de l\u2019Industrie s\u2019attaque au Fakenews Communiqu ...","breadcrumb":{"@id":"https:\/\/www.africa-press.net\/cotedivoire\/politique\/vie-chere-cote-divoire-le-ministere-du-commerce-denonce-de-faux-propos-attribues-au-ministre-sur-facebook#breadcrumb"},"inLanguage":"fr-FR","potentialAction":[{"@type":"ReadAction","target":["https:\/\/www.africa-press.net\/cotedivoire\/politique\/vie-chere-cote-divoire-le-ministere-du-commerce-denonce-de-faux-propos-attribues-au-ministre-sur-facebook"]}]},{"@type":"ImageObject","inLanguage":"fr-FR","@id":"https:\/\/www.africa-press.net\/cotedivoire\/politique\/vie-chere-cote-divoire-le-ministere-du-commerce-denonce-de-faux-propos-attribues-au-ministre-sur-facebook#primaryimage","url":"https:\/\/static.africa-press.net\/cote\/sites\/43\/2021\/07\/img-60f704ee23581.jpg","contentUrl":"https:\/\/static.africa-press.net\/cote\/sites\/43\/2021\/07\/img-60f704ee23581.jpg","width":720,"height":404,"caption":"Vie ch\u00e8re\/ C\u00f4te-d\u2019Ivoire: Le minist\u00e8re du commerce d\u00e9nonce de faux propos attribu\u00e9s au ministre sur Facebook"},{"@type":"BreadcrumbList","@id":"https:\/\/www.africa-press.net\/cotedivoire\/politique\/vie-chere-cote-divoire-le-ministere-du-commerce-denonce-de-faux-propos-attribues-au-ministre-sur-facebook#breadcrumb","itemListElement":[{"@type":"ListItem","position":1,"name":"Accueil","item":"https:\/\/www.africa-press.net\/cotedivoire\/"},{"@type":"ListItem","position":2,"name":"Vie ch\u00e8re\/ C\u00f4te-d\u2019Ivoire: Le minist\u00e8re du commerce d\u00e9nonce de faux propos attribu\u00e9s au ministre sur Facebook"}]},{"@type":"WebSite","@id":"https:\/\/www.africa-press.net\/cotedivoire\/#website","url":"https:\/\/www.africa-press.net\/cotedivoire\/","name":"C\u00f4te d&#039;Ivoire","description":"Just another Africa News Agency Sites site","potentialAction":[{"@type":"SearchAction","target":{"@type":"EntryPoint","urlTemplate":"https:\/\/www.africa-press.net\/cotedivoire\/?s={search_term_string}"},"query-input":{"@type":"PropertyValueSpecification","valueRequired":true,"valueName":"search_term_string"}}],"inLanguage":"fr-FR"},{"@type":"Person","@id":"https:\/\/www.africa-press.net\/cotedivoire\/#\/schema\/person\/2b1cf3cd81a31e3cd26889ca66d677f1","name":"cfeditorfr"}]}},"_links":{"self":[{"href":"https:\/\/www.africa-press.net\/cotedivoire\/wp-json\/wp\/v2\/posts\/10178","targetHints":{"allow":["GET"]}}],"collection":[{"href":"https:\/\/www.africa-press.net\/cotedivoire\/wp-json\/wp\/v2\/posts"}],"about":[{"href":"https:\/\/www.africa-press.net\/cotedivoire\/wp-json\/wp\/v2\/types\/post"}],"author":[{"embeddable":true,"href":"https:\/\/www.africa-press.net\/cotedivoire\/wp-json\/wp\/v2\/users\/82"}],"replies":[{"embeddable":true,"href":"https:\/\/www.africa-press.net\/cotedivoire\/wp-json\/wp\/v2\/comments?post=10178"}],"version-history":[{"count":0,"href":"https:\/\/www.africa-press.net\/cotedivoire\/wp-json\/wp\/v2\/posts\/10178\/revisions"}],"wp:featuredmedia":[{"embeddable":true,"href":"https:\/\/www.africa-press.net\/cotedivoire\/wp-json\/wp\/v2\/media\/10177"}],"wp:attachment":[{"href":"https:\/\/www.africa-press.net\/cotedivoire\/wp-json\/wp\/v2\/media?parent=10178"}],"wp:term":[{"taxonomy":"category","embeddable":true,"href":"https:\/\/www.africa-press.net\/cotedivoire\/wp-json\/wp\/v2\/categories?post=10178"},{"taxonomy":"post_tag","embeddable":true,"href":"https:\/\/www.africa-press.net\/cotedivoire\/wp-json\/wp\/v2\/tags?post=10178"}],"curies":[{"name":"wp","href":"https:\/\/api.w.org\/{rel}","templated":true}]}}