{"id":101915,"date":"2025-07-07T15:02:26","date_gmt":"2025-07-07T15:02:26","guid":{"rendered":"https:\/\/www.africa-press.net\/cotedivoire\/politique\/joel-kouadio-nguessan-sexcuse-apres-son-arrestation"},"modified":"2025-07-07T15:14:57","modified_gmt":"2025-07-07T15:14:57","slug":"joel-kouadio-nguessan-sexcuse-apres-son-arrestation","status":"publish","type":"post","link":"https:\/\/www.africa-press.net\/cotedivoire\/politique\/joel-kouadio-nguessan-sexcuse-apres-son-arrestation","title":{"rendered":"Joel Kouadio N&rsquo;Guessan S&rsquo;excuse Apr\u00e8s Son Arrestation"},"content":{"rendered":"<p><span style=\"color: #ff6600\"><strong>Africa-Press &#8211; C\u00f4te d&rsquo;Ivoire. <\/strong><\/span>Place\u0301 en de\u0301tention pre\u0301ventive depuis le 19 juin 2025 a\u0300 la suite de propos tenus lors d&rsquo;une interview accorde\u0301e a\u0300 un me\u0301dia en ligne, Joe\u0308l Kouadio N\u2019Guessan a tenu a\u0300 faire une mise au point publique. Dans une de\u0301claration rendue samedi 5 juillet 2025, il est revenu sur les circonstances de son interpellation, sa comparution devant les autorite\u0301s judiciaires et l\u2019interpre\u0301tation qui a e\u0301te\u0301 faite de ses de\u0301clarations.<\/p>\n<p>L\u2019ancien PCA du FDFP a e\u0301te\u0301 arre\u0302te\u0301 le 18 juin et conduit a\u0300 la Pre\u0301fecture de Police d\u2019Abidjan, avant d\u2019e\u0302tre pre\u0301sente\u0301 au parquet puis a\u0300 une juge d\u2019instruction. Il a e\u0301te\u0301 inculpe\u0301 pour avoir, selon l&rsquo;accusation, tenu des propos de nature a\u0300 discre\u0301diter l\u2019institution judiciaire et a\u0300 porter atteinte a\u0300 une de\u0301cision de justice. Depuis, il est incarce\u0301re\u0301 au Po\u0302le Pe\u0301nitentiaire d\u2019Abidjan.<\/p>\n<p>Suite a\u0300 une audition hier vendredi 4 juillet, en pre\u0301sence de son avocat Mai\u0302tre Rodrigue Dadje\u0301, M. N\u2019Guessan a reconnu que certains propos tenus lors de son interview ont pu heurter des membres de la justice, en particulier les magistrats. Il a tenu a\u0300 exprimer publiquement ses regrets, affirmant qu\u2019il n\u2019avait jamais eu l\u2019intention de remettre en cause l\u2019autorite\u0301 judiciaire ni d\u2019attenter a\u0300 l\u2019honneur de ceux qui la servent.<\/p>\n<p>\u00ab\u00a0Je pre\u0301sente mes since\u0300res excuses a\u0300 l\u2019Institution judiciaire et aux magistrats pour mes propos\u00a0\u00bb, a-t-il de\u0301clare\u0301, insistant sur le fait qu\u2019il ne recherchait aucune forme de confrontation ou de de\u0301sapprobation publique envers la justice ivoirienne.<\/p>\n<p>Cette sortie vise a\u0300 apaiser les tensions suscite\u0301es par cette affaire, dans un contexte ou\u0300 la relation entre justice et acteurs publics reste sensible.<\/p>\n<p><strong>Pour plus d&rsquo;informations et d&rsquo;analyses sur la <span style=\"color: #ff6600\">C\u00f4te d&rsquo;Ivoire<\/span>, suivez <span style=\"color: #ff6600\">Africa-Press<\/span><\/strong><\/p>\n","protected":false},"excerpt":{"rendered":"<p>Africa-Press &#8211; C\u00f4te d&rsquo;Ivoire. Place\u0301 en de\u0301tention pre\u0301ventive depuis le 19 juin 2025 a\u0300 la suite de propos tenus lors d&rsquo;une interview accorde\u0301e a\u0300 un me\u0301dia en ligne, Joe\u0308l Kouadio N\u2019Guessan a tenu a\u0300 faire une mise au point publique. Dans une de\u0301claration rendue samedi 5 juillet 2025, il est revenu sur les circonstances de [&hellip;]<\/p>\n","protected":false},"author":82,"featured_media":101913,"comment_status":"open","ping_status":"closed","sticky":false,"template":"","format":"standard","meta":{"footnotes":""},"categories":[2,10],"tags":[30,29,714,18221,55,8729,10276],"class_list":["post-101915","post","type-post","status-publish","format-standard","has-post-thumbnail","hentry","category-politique","category-toutes-les-actualites","tag-abidjan","tag-cote-divoire","tag-fdfp","tag-joel","tag-justice","tag-nguessan","tag-pole"],"yoast_head":"<!-- This site is optimized with the Yoast SEO Premium plugin v26.1 (Yoast SEO v27.0) - https:\/\/yoast.com\/product\/yoast-seo-premium-wordpress\/ -->\n<title>Joel Kouadio N&#039;Guessan S&#039;excuse Apr\u00e8s Son Arrestation - C\u00f4te d&#039;Ivoire<\/title>\n<meta name=\"description\" content=\"Place\u0301 en de\u0301tention pre\u0301ventive depuis le 19 juin 2025 a\u0300 la suite de propos tenus lors d&#039;une interview accorde\u0301e a\u0300 un ...\" \/>\n<meta name=\"robots\" content=\"index, follow, max-snippet:-1, max-image-preview:large, max-video-preview:-1\" \/>\n<link rel=\"canonical\" href=\"https:\/\/www.africa-press.net\/cotedivoire\/politique\/joel-kouadio-nguessan-sexcuse-apres-son-arrestation\" \/>\n<meta property=\"og:locale\" content=\"fr_FR\" \/>\n<meta property=\"og:type\" content=\"article\" \/>\n<meta property=\"og:title\" content=\"Joel Kouadio N&#039;Guessan S&#039;excuse Apr\u00e8s Son Arrestation\" \/>\n<meta property=\"og:description\" content=\"Place\u0301 en de\u0301tention pre\u0301ventive depuis le 19 juin 2025 a\u0300 la suite de propos tenus lors d&#039;une interview accorde\u0301e a\u0300 un ...\" \/>\n<meta property=\"og:url\" content=\"https:\/\/www.africa-press.net\/cotedivoire\/politique\/joel-kouadio-nguessan-sexcuse-apres-son-arrestation\" \/>\n<meta property=\"og:site_name\" content=\"C\u00f4te d&#039;Ivoire\" \/>\n<meta property=\"article:published_time\" content=\"2025-07-07T15:02:26+00:00\" \/>\n<meta property=\"article:modified_time\" content=\"2025-07-07T15:14:57+00:00\" \/>\n<meta property=\"og:image\" content=\"https:\/\/static.africa-press.net\/cote\/sites\/43\/2025\/07\/sm_1751888645.430852.jpg\" \/>\n\t<meta property=\"og:image:width\" content=\"720\" \/>\n\t<meta property=\"og:image:height\" content=\"480\" \/>\n\t<meta property=\"og:image:type\" content=\"image\/jpeg\" \/>\n<meta name=\"author\" content=\"cfeditorfr\" \/>\n<meta name=\"twitter:card\" content=\"summary_large_image\" \/>\n<meta name=\"twitter:label1\" content=\"\u00c9crit par\" \/>\n\t<meta name=\"twitter:data1\" content=\"cfeditorfr\" \/>\n\t<meta name=\"twitter:label2\" content=\"Dur\u00e9e de lecture estim\u00e9e\" \/>\n\t<meta name=\"twitter:data2\" content=\"2 minutes\" \/>\n<script type=\"application\/ld+json\" class=\"yoast-schema-graph\">{\"@context\":\"https:\/\/schema.org\",\"@graph\":[{\"@type\":\"Article\",\"@id\":\"https:\/\/www.africa-press.net\/cotedivoire\/politique\/joel-kouadio-nguessan-sexcuse-apres-son-arrestation#article\",\"isPartOf\":{\"@id\":\"https:\/\/www.africa-press.net\/cotedivoire\/politique\/joel-kouadio-nguessan-sexcuse-apres-son-arrestation\"},\"author\":{\"name\":\"cfeditorfr\",\"@id\":\"https:\/\/www.africa-press.net\/cotedivoire\/#\/schema\/person\/2b1cf3cd81a31e3cd26889ca66d677f1\"},\"headline\":\"Joel Kouadio N&rsquo;Guessan S&rsquo;excuse Apr\u00e8s Son Arrestation\",\"datePublished\":\"2025-07-07T15:02:26+00:00\",\"dateModified\":\"2025-07-07T15:14:57+00:00\",\"mainEntityOfPage\":{\"@id\":\"https:\/\/www.africa-press.net\/cotedivoire\/politique\/joel-kouadio-nguessan-sexcuse-apres-son-arrestation\"},\"wordCount\":330,\"commentCount\":0,\"image\":{\"@id\":\"https:\/\/www.africa-press.net\/cotedivoire\/politique\/joel-kouadio-nguessan-sexcuse-apres-son-arrestation#primaryimage\"},\"thumbnailUrl\":\"https:\/\/static.africa-press.net\/cote\/sites\/43\/2025\/07\/sm_1751888645.430852.jpg\",\"keywords\":[\"Abidjan\",\"C\u00d4TE D'IVOIRE\",\"FDFP\",\"Jo\u00ebl\",\"Justice\",\"N'guessan\",\"p\u00f4le\"],\"articleSection\":[\"Politique\",\"Toutes les actualit\u00e9s\"],\"inLanguage\":\"fr-FR\",\"potentialAction\":[{\"@type\":\"CommentAction\",\"name\":\"Comment\",\"target\":[\"https:\/\/www.africa-press.net\/cotedivoire\/politique\/joel-kouadio-nguessan-sexcuse-apres-son-arrestation#respond\"]}]},{\"@type\":\"WebPage\",\"@id\":\"https:\/\/www.africa-press.net\/cotedivoire\/politique\/joel-kouadio-nguessan-sexcuse-apres-son-arrestation\",\"url\":\"https:\/\/www.africa-press.net\/cotedivoire\/politique\/joel-kouadio-nguessan-sexcuse-apres-son-arrestation\",\"name\":\"Joel Kouadio N'Guessan S'excuse Apr\u00e8s Son Arrestation - C\u00f4te d&#039;Ivoire\",\"isPartOf\":{\"@id\":\"https:\/\/www.africa-press.net\/cotedivoire\/#website\"},\"primaryImageOfPage\":{\"@id\":\"https:\/\/www.africa-press.net\/cotedivoire\/politique\/joel-kouadio-nguessan-sexcuse-apres-son-arrestation#primaryimage\"},\"image\":{\"@id\":\"https:\/\/www.africa-press.net\/cotedivoire\/politique\/joel-kouadio-nguessan-sexcuse-apres-son-arrestation#primaryimage\"},\"thumbnailUrl\":\"https:\/\/static.africa-press.net\/cote\/sites\/43\/2025\/07\/sm_1751888645.430852.jpg\",\"datePublished\":\"2025-07-07T15:02:26+00:00\",\"dateModified\":\"2025-07-07T15:14:57+00:00\",\"author\":{\"@id\":\"https:\/\/www.africa-press.net\/cotedivoire\/#\/schema\/person\/2b1cf3cd81a31e3cd26889ca66d677f1\"},\"description\":\"Place\u0301 en de\u0301tention pre\u0301ventive depuis le 19 juin 2025 a\u0300 la suite de propos tenus lors d'une interview accorde\u0301e a\u0300 un ...\",\"breadcrumb\":{\"@id\":\"https:\/\/www.africa-press.net\/cotedivoire\/politique\/joel-kouadio-nguessan-sexcuse-apres-son-arrestation#breadcrumb\"},\"inLanguage\":\"fr-FR\",\"potentialAction\":[{\"@type\":\"ReadAction\",\"target\":[\"https:\/\/www.africa-press.net\/cotedivoire\/politique\/joel-kouadio-nguessan-sexcuse-apres-son-arrestation\"]}]},{\"@type\":\"ImageObject\",\"inLanguage\":\"fr-FR\",\"@id\":\"https:\/\/www.africa-press.net\/cotedivoire\/politique\/joel-kouadio-nguessan-sexcuse-apres-son-arrestation#primaryimage\",\"url\":\"https:\/\/static.africa-press.net\/cote\/sites\/43\/2025\/07\/sm_1751888645.430852.jpg\",\"contentUrl\":\"https:\/\/static.africa-press.net\/cote\/sites\/43\/2025\/07\/sm_1751888645.430852.jpg\",\"width\":720,\"height\":480,\"caption\":\"Joel Kouadio N'Guessan S'excuse Apr\u00e8s Son Arrestation\"},{\"@type\":\"BreadcrumbList\",\"@id\":\"https:\/\/www.africa-press.net\/cotedivoire\/politique\/joel-kouadio-nguessan-sexcuse-apres-son-arrestation#breadcrumb\",\"itemListElement\":[{\"@type\":\"ListItem\",\"position\":1,\"name\":\"Accueil\",\"item\":\"https:\/\/www.africa-press.net\/cotedivoire\/\"},{\"@type\":\"ListItem\",\"position\":2,\"name\":\"Joel Kouadio N&#8217;Guessan S&#8217;excuse Apr\u00e8s Son Arrestation\"}]},{\"@type\":\"WebSite\",\"@id\":\"https:\/\/www.africa-press.net\/cotedivoire\/#website\",\"url\":\"https:\/\/www.africa-press.net\/cotedivoire\/\",\"name\":\"C\u00f4te d&#039;Ivoire\",\"description\":\"Just another Africa News Agency Sites site\",\"potentialAction\":[{\"@type\":\"SearchAction\",\"target\":{\"@type\":\"EntryPoint\",\"urlTemplate\":\"https:\/\/www.africa-press.net\/cotedivoire\/?s={search_term_string}\"},\"query-input\":{\"@type\":\"PropertyValueSpecification\",\"valueRequired\":true,\"valueName\":\"search_term_string\"}}],\"inLanguage\":\"fr-FR\"},{\"@type\":\"Person\",\"@id\":\"https:\/\/www.africa-press.net\/cotedivoire\/#\/schema\/person\/2b1cf3cd81a31e3cd26889ca66d677f1\",\"name\":\"cfeditorfr\"}]}<\/script>\n<!-- \/ Yoast SEO Premium plugin. -->","yoast_head_json":{"title":"Joel Kouadio N'Guessan S'excuse Apr\u00e8s Son Arrestation - C\u00f4te d&#039;Ivoire","description":"Place\u0301 en de\u0301tention pre\u0301ventive depuis le 19 juin 2025 a\u0300 la suite de propos tenus lors d'une interview accorde\u0301e a\u0300 un ...","robots":{"index":"index","follow":"follow","max-snippet":"max-snippet:-1","max-image-preview":"max-image-preview:large","max-video-preview":"max-video-preview:-1"},"canonical":"https:\/\/www.africa-press.net\/cotedivoire\/politique\/joel-kouadio-nguessan-sexcuse-apres-son-arrestation","og_locale":"fr_FR","og_type":"article","og_title":"Joel Kouadio N'Guessan S'excuse Apr\u00e8s Son Arrestation","og_description":"Place\u0301 en de\u0301tention pre\u0301ventive depuis le 19 juin 2025 a\u0300 la suite de propos tenus lors d'une interview accorde\u0301e a\u0300 un ...","og_url":"https:\/\/www.africa-press.net\/cotedivoire\/politique\/joel-kouadio-nguessan-sexcuse-apres-son-arrestation","og_site_name":"C\u00f4te d&#039;Ivoire","article_published_time":"2025-07-07T15:02:26+00:00","article_modified_time":"2025-07-07T15:14:57+00:00","og_image":[{"width":720,"height":480,"url":"https:\/\/static.africa-press.net\/cote\/sites\/43\/2025\/07\/sm_1751888645.430852.jpg","type":"image\/jpeg"}],"author":"cfeditorfr","twitter_card":"summary_large_image","twitter_misc":{"\u00c9crit par":"cfeditorfr","Dur\u00e9e de lecture estim\u00e9e":"2 minutes"},"schema":{"@context":"https:\/\/schema.org","@graph":[{"@type":"Article","@id":"https:\/\/www.africa-press.net\/cotedivoire\/politique\/joel-kouadio-nguessan-sexcuse-apres-son-arrestation#article","isPartOf":{"@id":"https:\/\/www.africa-press.net\/cotedivoire\/politique\/joel-kouadio-nguessan-sexcuse-apres-son-arrestation"},"author":{"name":"cfeditorfr","@id":"https:\/\/www.africa-press.net\/cotedivoire\/#\/schema\/person\/2b1cf3cd81a31e3cd26889ca66d677f1"},"headline":"Joel Kouadio N&rsquo;Guessan S&rsquo;excuse Apr\u00e8s Son Arrestation","datePublished":"2025-07-07T15:02:26+00:00","dateModified":"2025-07-07T15:14:57+00:00","mainEntityOfPage":{"@id":"https:\/\/www.africa-press.net\/cotedivoire\/politique\/joel-kouadio-nguessan-sexcuse-apres-son-arrestation"},"wordCount":330,"commentCount":0,"image":{"@id":"https:\/\/www.africa-press.net\/cotedivoire\/politique\/joel-kouadio-nguessan-sexcuse-apres-son-arrestation#primaryimage"},"thumbnailUrl":"https:\/\/static.africa-press.net\/cote\/sites\/43\/2025\/07\/sm_1751888645.430852.jpg","keywords":["Abidjan","C\u00d4TE D'IVOIRE","FDFP","Jo\u00ebl","Justice","N'guessan","p\u00f4le"],"articleSection":["Politique","Toutes les actualit\u00e9s"],"inLanguage":"fr-FR","potentialAction":[{"@type":"CommentAction","name":"Comment","target":["https:\/\/www.africa-press.net\/cotedivoire\/politique\/joel-kouadio-nguessan-sexcuse-apres-son-arrestation#respond"]}]},{"@type":"WebPage","@id":"https:\/\/www.africa-press.net\/cotedivoire\/politique\/joel-kouadio-nguessan-sexcuse-apres-son-arrestation","url":"https:\/\/www.africa-press.net\/cotedivoire\/politique\/joel-kouadio-nguessan-sexcuse-apres-son-arrestation","name":"Joel Kouadio N'Guessan S'excuse Apr\u00e8s Son Arrestation - C\u00f4te d&#039;Ivoire","isPartOf":{"@id":"https:\/\/www.africa-press.net\/cotedivoire\/#website"},"primaryImageOfPage":{"@id":"https:\/\/www.africa-press.net\/cotedivoire\/politique\/joel-kouadio-nguessan-sexcuse-apres-son-arrestation#primaryimage"},"image":{"@id":"https:\/\/www.africa-press.net\/cotedivoire\/politique\/joel-kouadio-nguessan-sexcuse-apres-son-arrestation#primaryimage"},"thumbnailUrl":"https:\/\/static.africa-press.net\/cote\/sites\/43\/2025\/07\/sm_1751888645.430852.jpg","datePublished":"2025-07-07T15:02:26+00:00","dateModified":"2025-07-07T15:14:57+00:00","author":{"@id":"https:\/\/www.africa-press.net\/cotedivoire\/#\/schema\/person\/2b1cf3cd81a31e3cd26889ca66d677f1"},"description":"Place\u0301 en de\u0301tention pre\u0301ventive depuis le 19 juin 2025 a\u0300 la suite de propos tenus lors d'une interview accorde\u0301e a\u0300 un ...","breadcrumb":{"@id":"https:\/\/www.africa-press.net\/cotedivoire\/politique\/joel-kouadio-nguessan-sexcuse-apres-son-arrestation#breadcrumb"},"inLanguage":"fr-FR","potentialAction":[{"@type":"ReadAction","target":["https:\/\/www.africa-press.net\/cotedivoire\/politique\/joel-kouadio-nguessan-sexcuse-apres-son-arrestation"]}]},{"@type":"ImageObject","inLanguage":"fr-FR","@id":"https:\/\/www.africa-press.net\/cotedivoire\/politique\/joel-kouadio-nguessan-sexcuse-apres-son-arrestation#primaryimage","url":"https:\/\/static.africa-press.net\/cote\/sites\/43\/2025\/07\/sm_1751888645.430852.jpg","contentUrl":"https:\/\/static.africa-press.net\/cote\/sites\/43\/2025\/07\/sm_1751888645.430852.jpg","width":720,"height":480,"caption":"Joel Kouadio N'Guessan S'excuse Apr\u00e8s Son Arrestation"},{"@type":"BreadcrumbList","@id":"https:\/\/www.africa-press.net\/cotedivoire\/politique\/joel-kouadio-nguessan-sexcuse-apres-son-arrestation#breadcrumb","itemListElement":[{"@type":"ListItem","position":1,"name":"Accueil","item":"https:\/\/www.africa-press.net\/cotedivoire\/"},{"@type":"ListItem","position":2,"name":"Joel Kouadio N&#8217;Guessan S&#8217;excuse Apr\u00e8s Son Arrestation"}]},{"@type":"WebSite","@id":"https:\/\/www.africa-press.net\/cotedivoire\/#website","url":"https:\/\/www.africa-press.net\/cotedivoire\/","name":"C\u00f4te d&#039;Ivoire","description":"Just another Africa News Agency Sites site","potentialAction":[{"@type":"SearchAction","target":{"@type":"EntryPoint","urlTemplate":"https:\/\/www.africa-press.net\/cotedivoire\/?s={search_term_string}"},"query-input":{"@type":"PropertyValueSpecification","valueRequired":true,"valueName":"search_term_string"}}],"inLanguage":"fr-FR"},{"@type":"Person","@id":"https:\/\/www.africa-press.net\/cotedivoire\/#\/schema\/person\/2b1cf3cd81a31e3cd26889ca66d677f1","name":"cfeditorfr"}]}},"_links":{"self":[{"href":"https:\/\/www.africa-press.net\/cotedivoire\/wp-json\/wp\/v2\/posts\/101915","targetHints":{"allow":["GET"]}}],"collection":[{"href":"https:\/\/www.africa-press.net\/cotedivoire\/wp-json\/wp\/v2\/posts"}],"about":[{"href":"https:\/\/www.africa-press.net\/cotedivoire\/wp-json\/wp\/v2\/types\/post"}],"author":[{"embeddable":true,"href":"https:\/\/www.africa-press.net\/cotedivoire\/wp-json\/wp\/v2\/users\/82"}],"replies":[{"embeddable":true,"href":"https:\/\/www.africa-press.net\/cotedivoire\/wp-json\/wp\/v2\/comments?post=101915"}],"version-history":[{"count":0,"href":"https:\/\/www.africa-press.net\/cotedivoire\/wp-json\/wp\/v2\/posts\/101915\/revisions"}],"wp:featuredmedia":[{"embeddable":true,"href":"https:\/\/www.africa-press.net\/cotedivoire\/wp-json\/wp\/v2\/media\/101913"}],"wp:attachment":[{"href":"https:\/\/www.africa-press.net\/cotedivoire\/wp-json\/wp\/v2\/media?parent=101915"}],"wp:term":[{"taxonomy":"category","embeddable":true,"href":"https:\/\/www.africa-press.net\/cotedivoire\/wp-json\/wp\/v2\/categories?post=101915"},{"taxonomy":"post_tag","embeddable":true,"href":"https:\/\/www.africa-press.net\/cotedivoire\/wp-json\/wp\/v2\/tags?post=101915"}],"curies":[{"name":"wp","href":"https:\/\/api.w.org\/{rel}","templated":true}]}}