{"id":101923,"date":"2025-07-07T14:54:35","date_gmt":"2025-07-07T14:54:35","guid":{"rendered":"https:\/\/www.africa-press.net\/cotedivoire\/politique\/50e-session-de-lapf-bictogo-et-kandia-a-paris"},"modified":"2025-07-07T15:19:42","modified_gmt":"2025-07-07T15:19:42","slug":"50e-session-de-lapf-bictogo-et-kandia-a-paris","status":"publish","type":"post","link":"https:\/\/www.africa-press.net\/cotedivoire\/politique\/50e-session-de-lapf-bictogo-et-kandia-a-paris","title":{"rendered":"50e Session de l&rsquo;APF Bictogo et Kandia \u00e0 Paris"},"content":{"rendered":"<p><span style=\"color: #ff6600\"><strong>Africa-Press &#8211; C\u00f4te d&rsquo;Ivoire. <\/strong><\/span>La Co\u0302te d\u2019Ivoire prendra part a\u0300 la 50e session de l\u2019Assemble\u0301e parlementaire de la Francophonie (APF), qui se tiendra a\u0300 Paris, en Re\u0301publique franc\u0327aise. A\u0300 cette occasion, le Pre\u0301sident de l\u2019Assemble\u0301e nationale, Son Excellence Adama Bictogo, e\u0301galement Pre\u0301sident de la section ivoirienne de l\u2019APF, et la Pre\u0301sidente du Se\u0301nat, Son Excellence Kandia Camara, conduiront une importante de\u0301le\u0301gation parlementaire ivoirienne.<\/p>\n<p>Cette session anniversaire de l\u2019APF reve\u0302t une dimension hautement strate\u0301gique pour la diplomatie parlementaire francophone. Elle permettra aux repre\u0301sentants des parlements membres de la Francophonie de se retrouver pour e\u0301changer sur des enjeux communs, autour des valeurs cardinales que sont la de\u0301mocratie, la solidarite\u0301, le de\u0301veloppement durable, la coope\u0301ration entre les peuples et la promotion de la langue franc\u0327aise.<\/p>\n<p>Les travaux s\u2019ouvriront le mercredi 9 juillet au Se\u0301nat franc\u0327ais avec une re\u0301union du Bureau de l\u2019APF. Dans la me\u0302me journe\u0301e, de nombreuses rencontres bilate\u0301rales sont pre\u0301vues. Le Pre\u0301sident Adama Bictogo e\u0301changera notamment avec la Pre\u0301sidente de l\u2019Assemble\u0301e nationale de Maurice, le Pre\u0301sident de la Chambre des repre\u0301sentants du Maroc et la Pre\u0301sidente de l\u2019Assemble\u0301e nationale franc\u0327aise. De son co\u0302te\u0301, la Pre\u0301sidente Kandia Camara s\u2019entretiendra avec le Pre\u0301sident du Se\u0301nat franc\u0327ais ainsi que d\u2019autres hauts responsables parlementaires.<\/p>\n<p>Ces e\u0301changes permettront de renforcer les liens interparlementaires et de discuter de grandes the\u0301matiques telles que la gouvernance de\u0301mocratique, la se\u0301curite\u0301 re\u0301gionale, l\u2019e\u0301ducation et la participation des jeunes a\u0300 la vie publique.<\/p>\n<p>Le jeudi 10 juillet sera marque\u0301 par la re\u0301union du Re\u0301seau des femmes parlementaires de l\u2019APF, tandis que le vendredi 11 juillet, les parlementaires ivoiriens prendront une part active aux travaux des quatre commissions the\u0301matiques. Ces commissions permettront d\u2019approfondir les re\u0301flexions sur des sujets d\u2019inte\u0301re\u0302t commun et de pre\u0301parer les re\u0301solutions qui seront soumises a\u0300 la session ple\u0301nie\u0300re.<\/p>\n<p>Les travaux culmineront les samedi 12 et dimanche 13 juillet avec la tenue de la session ple\u0301nie\u0300re de l\u2019APF. Celle-ci sera consacre\u0301e a\u0300 l\u2019adoption des re\u0301solutions finales et a\u0300 la pre\u0301sentation des de\u0301clarations communes, marquant ainsi la clo\u0302ture officielle de cette 50e e\u0301dition.<\/p>\n<p>Le lundi 14 juillet, les Pre\u0301sidents Adama Bictogo et Kandia Camara assisteront au traditionnel de\u0301file\u0301 du 14 juillet a\u0300 Paris, a\u0300 l\u2019invitation des autorite\u0301s franc\u0327aises. Leur pre\u0301sence a\u0300 cet e\u0301ve\u0301nement emble\u0301matique te\u0301moigne de la solidite\u0301 des relations entre la Co\u0302te d\u2019Ivoire et la Re\u0301publique franc\u0327aise, ainsi que de l\u2019engagement ivoirien au sein de la communaute\u0301 francophone.<\/p>\n<p>La de\u0301le\u0301gation ivoirienne, compose\u0301e e\u0301galement de de\u0301pute\u0301s, de se\u0301nateurs et de membres de l\u2019administration parlementaire, entend ainsi porter haut la voix de la Co\u0302te d\u2019Ivoire sur la sce\u0300ne parlementaire internationale.<\/p>\n<p>Par leur participation a\u0300 cette session historique, les Pre\u0301sidents des deux chambres re\u0301affirment la volonte\u0301 de la Co\u0302te d\u2019Ivoire de de\u0301fendre les ide\u0301aux de la Francophonie parlementaire. Elle traduit l\u2019engagement constant du pays a\u0300 promouvoir la de\u0301mocratie, la solidarite\u0301, le dialogue et la coope\u0301ration entre les peuples francophones.<\/p>\n<p><strong>Pour plus d&rsquo;informations et d&rsquo;analyses sur la <span style=\"color: #ff6600\">C\u00f4te d&rsquo;Ivoire<\/span>, suivez <span style=\"color: #ff6600\">Africa-Press<\/span><\/strong><\/p>\n","protected":false},"excerpt":{"rendered":"<p>Africa-Press &#8211; C\u00f4te d&rsquo;Ivoire. La Co\u0302te d\u2019Ivoire prendra part a\u0300 la 50e session de l\u2019Assemble\u0301e parlementaire de la Francophonie (APF), qui se tiendra a\u0300 Paris, en Re\u0301publique franc\u0327aise. A\u0300 cette occasion, le Pre\u0301sident de l\u2019Assemble\u0301e nationale, Son Excellence Adama Bictogo, e\u0301galement Pre\u0301sident de la section ivoirienne de l\u2019APF, et la Pre\u0301sidente du Se\u0301nat, Son Excellence [&hellip;]<\/p>\n","protected":false},"author":82,"featured_media":101922,"comment_status":"open","ping_status":"closed","sticky":false,"template":"","format":"standard","meta":{"footnotes":""},"categories":[2,20,10],"tags":[2188,1930,29,8167,10457,1448,1348,3784],"class_list":["post-101923","post","type-post","status-publish","format-standard","has-post-thumbnail","hentry","category-politique","category-top-nouvelles","category-toutes-les-actualites","tag-assemblee","tag-bictogo","tag-cote-divoire","tag-francophonie","tag-kandia","tag-paris","tag-parlementaire","tag-session"],"yoast_head":"<!-- This site is optimized with the Yoast SEO Premium plugin v26.1 (Yoast SEO v27.0) - https:\/\/yoast.com\/product\/yoast-seo-premium-wordpress\/ -->\n<title>50e Session de l&#039;APF Bictogo et Kandia \u00e0 Paris - C\u00f4te d&#039;Ivoire<\/title>\n<meta name=\"description\" content=\"La Co\u0302te d\u2019Ivoire prendra part a\u0300 la 50e session de l\u2019Assemble\u0301e parlementaire de la Francophonie (APF), qui se tiendra ...\" \/>\n<meta name=\"robots\" content=\"index, follow, max-snippet:-1, max-image-preview:large, max-video-preview:-1\" \/>\n<link rel=\"canonical\" href=\"https:\/\/www.africa-press.net\/cotedivoire\/politique\/50e-session-de-lapf-bictogo-et-kandia-a-paris\" \/>\n<meta property=\"og:locale\" content=\"fr_FR\" \/>\n<meta property=\"og:type\" content=\"article\" \/>\n<meta property=\"og:title\" content=\"50e Session de l&#039;APF Bictogo et Kandia \u00e0 Paris\" \/>\n<meta property=\"og:description\" content=\"La Co\u0302te d\u2019Ivoire prendra part a\u0300 la 50e session de l\u2019Assemble\u0301e parlementaire de la Francophonie (APF), qui se tiendra ...\" \/>\n<meta property=\"og:url\" content=\"https:\/\/www.africa-press.net\/cotedivoire\/politique\/50e-session-de-lapf-bictogo-et-kandia-a-paris\" \/>\n<meta property=\"og:site_name\" content=\"C\u00f4te d&#039;Ivoire\" \/>\n<meta property=\"article:published_time\" content=\"2025-07-07T14:54:35+00:00\" \/>\n<meta property=\"article:modified_time\" content=\"2025-07-07T15:19:42+00:00\" \/>\n<meta property=\"og:image\" content=\"https:\/\/static.africa-press.net\/cote\/sites\/43\/2025\/07\/sm_1751888966.992681.jpg\" \/>\n\t<meta property=\"og:image:width\" content=\"720\" \/>\n\t<meta property=\"og:image:height\" content=\"482\" \/>\n\t<meta property=\"og:image:type\" content=\"image\/jpeg\" \/>\n<meta name=\"author\" content=\"cfeditorfr\" \/>\n<meta name=\"twitter:card\" content=\"summary_large_image\" \/>\n<meta name=\"twitter:label1\" content=\"\u00c9crit par\" \/>\n\t<meta name=\"twitter:data1\" content=\"cfeditorfr\" \/>\n\t<meta name=\"twitter:label2\" content=\"Dur\u00e9e de lecture estim\u00e9e\" \/>\n\t<meta name=\"twitter:data2\" content=\"3 minutes\" \/>\n<script type=\"application\/ld+json\" class=\"yoast-schema-graph\">{\"@context\":\"https:\/\/schema.org\",\"@graph\":[{\"@type\":\"Article\",\"@id\":\"https:\/\/www.africa-press.net\/cotedivoire\/politique\/50e-session-de-lapf-bictogo-et-kandia-a-paris#article\",\"isPartOf\":{\"@id\":\"https:\/\/www.africa-press.net\/cotedivoire\/politique\/50e-session-de-lapf-bictogo-et-kandia-a-paris\"},\"author\":{\"name\":\"cfeditorfr\",\"@id\":\"https:\/\/www.africa-press.net\/cotedivoire\/#\/schema\/person\/2b1cf3cd81a31e3cd26889ca66d677f1\"},\"headline\":\"50e Session de l&rsquo;APF Bictogo et Kandia \u00e0 Paris\",\"datePublished\":\"2025-07-07T14:54:35+00:00\",\"dateModified\":\"2025-07-07T15:19:42+00:00\",\"mainEntityOfPage\":{\"@id\":\"https:\/\/www.africa-press.net\/cotedivoire\/politique\/50e-session-de-lapf-bictogo-et-kandia-a-paris\"},\"wordCount\":602,\"commentCount\":0,\"image\":{\"@id\":\"https:\/\/www.africa-press.net\/cotedivoire\/politique\/50e-session-de-lapf-bictogo-et-kandia-a-paris#primaryimage\"},\"thumbnailUrl\":\"https:\/\/static.africa-press.net\/cote\/sites\/43\/2025\/07\/sm_1751888966.992681.jpg\",\"keywords\":[\"Assembl\u00e9e\",\"Bictogo\",\"C\u00d4TE D'IVOIRE\",\"Francophonie\",\"Kandia\",\"Paris\",\"parlementaire\",\"session\"],\"articleSection\":[\"Politique\",\"Top Nouvelles\",\"Toutes les actualit\u00e9s\"],\"inLanguage\":\"fr-FR\",\"potentialAction\":[{\"@type\":\"CommentAction\",\"name\":\"Comment\",\"target\":[\"https:\/\/www.africa-press.net\/cotedivoire\/politique\/50e-session-de-lapf-bictogo-et-kandia-a-paris#respond\"]}]},{\"@type\":\"WebPage\",\"@id\":\"https:\/\/www.africa-press.net\/cotedivoire\/politique\/50e-session-de-lapf-bictogo-et-kandia-a-paris\",\"url\":\"https:\/\/www.africa-press.net\/cotedivoire\/politique\/50e-session-de-lapf-bictogo-et-kandia-a-paris\",\"name\":\"50e Session de l'APF Bictogo et Kandia \u00e0 Paris - C\u00f4te d&#039;Ivoire\",\"isPartOf\":{\"@id\":\"https:\/\/www.africa-press.net\/cotedivoire\/#website\"},\"primaryImageOfPage\":{\"@id\":\"https:\/\/www.africa-press.net\/cotedivoire\/politique\/50e-session-de-lapf-bictogo-et-kandia-a-paris#primaryimage\"},\"image\":{\"@id\":\"https:\/\/www.africa-press.net\/cotedivoire\/politique\/50e-session-de-lapf-bictogo-et-kandia-a-paris#primaryimage\"},\"thumbnailUrl\":\"https:\/\/static.africa-press.net\/cote\/sites\/43\/2025\/07\/sm_1751888966.992681.jpg\",\"datePublished\":\"2025-07-07T14:54:35+00:00\",\"dateModified\":\"2025-07-07T15:19:42+00:00\",\"author\":{\"@id\":\"https:\/\/www.africa-press.net\/cotedivoire\/#\/schema\/person\/2b1cf3cd81a31e3cd26889ca66d677f1\"},\"description\":\"La Co\u0302te d\u2019Ivoire prendra part a\u0300 la 50e session de l\u2019Assemble\u0301e parlementaire de la Francophonie (APF), qui se tiendra ...\",\"breadcrumb\":{\"@id\":\"https:\/\/www.africa-press.net\/cotedivoire\/politique\/50e-session-de-lapf-bictogo-et-kandia-a-paris#breadcrumb\"},\"inLanguage\":\"fr-FR\",\"potentialAction\":[{\"@type\":\"ReadAction\",\"target\":[\"https:\/\/www.africa-press.net\/cotedivoire\/politique\/50e-session-de-lapf-bictogo-et-kandia-a-paris\"]}]},{\"@type\":\"ImageObject\",\"inLanguage\":\"fr-FR\",\"@id\":\"https:\/\/www.africa-press.net\/cotedivoire\/politique\/50e-session-de-lapf-bictogo-et-kandia-a-paris#primaryimage\",\"url\":\"https:\/\/static.africa-press.net\/cote\/sites\/43\/2025\/07\/sm_1751888966.992681.jpg\",\"contentUrl\":\"https:\/\/static.africa-press.net\/cote\/sites\/43\/2025\/07\/sm_1751888966.992681.jpg\",\"width\":720,\"height\":482,\"caption\":\"50e Session de l'APF Bictogo et Kandia \u00e0 Paris\"},{\"@type\":\"BreadcrumbList\",\"@id\":\"https:\/\/www.africa-press.net\/cotedivoire\/politique\/50e-session-de-lapf-bictogo-et-kandia-a-paris#breadcrumb\",\"itemListElement\":[{\"@type\":\"ListItem\",\"position\":1,\"name\":\"Accueil\",\"item\":\"https:\/\/www.africa-press.net\/cotedivoire\/\"},{\"@type\":\"ListItem\",\"position\":2,\"name\":\"50e Session de l&#8217;APF Bictogo et Kandia \u00e0 Paris\"}]},{\"@type\":\"WebSite\",\"@id\":\"https:\/\/www.africa-press.net\/cotedivoire\/#website\",\"url\":\"https:\/\/www.africa-press.net\/cotedivoire\/\",\"name\":\"C\u00f4te d&#039;Ivoire\",\"description\":\"Just another Africa News Agency Sites site\",\"potentialAction\":[{\"@type\":\"SearchAction\",\"target\":{\"@type\":\"EntryPoint\",\"urlTemplate\":\"https:\/\/www.africa-press.net\/cotedivoire\/?s={search_term_string}\"},\"query-input\":{\"@type\":\"PropertyValueSpecification\",\"valueRequired\":true,\"valueName\":\"search_term_string\"}}],\"inLanguage\":\"fr-FR\"},{\"@type\":\"Person\",\"@id\":\"https:\/\/www.africa-press.net\/cotedivoire\/#\/schema\/person\/2b1cf3cd81a31e3cd26889ca66d677f1\",\"name\":\"cfeditorfr\"}]}<\/script>\n<!-- \/ Yoast SEO Premium plugin. -->","yoast_head_json":{"title":"50e Session de l'APF Bictogo et Kandia \u00e0 Paris - C\u00f4te d&#039;Ivoire","description":"La Co\u0302te d\u2019Ivoire prendra part a\u0300 la 50e session de l\u2019Assemble\u0301e parlementaire de la Francophonie (APF), qui se tiendra ...","robots":{"index":"index","follow":"follow","max-snippet":"max-snippet:-1","max-image-preview":"max-image-preview:large","max-video-preview":"max-video-preview:-1"},"canonical":"https:\/\/www.africa-press.net\/cotedivoire\/politique\/50e-session-de-lapf-bictogo-et-kandia-a-paris","og_locale":"fr_FR","og_type":"article","og_title":"50e Session de l'APF Bictogo et Kandia \u00e0 Paris","og_description":"La Co\u0302te d\u2019Ivoire prendra part a\u0300 la 50e session de l\u2019Assemble\u0301e parlementaire de la Francophonie (APF), qui se tiendra ...","og_url":"https:\/\/www.africa-press.net\/cotedivoire\/politique\/50e-session-de-lapf-bictogo-et-kandia-a-paris","og_site_name":"C\u00f4te d&#039;Ivoire","article_published_time":"2025-07-07T14:54:35+00:00","article_modified_time":"2025-07-07T15:19:42+00:00","og_image":[{"width":720,"height":482,"url":"https:\/\/static.africa-press.net\/cote\/sites\/43\/2025\/07\/sm_1751888966.992681.jpg","type":"image\/jpeg"}],"author":"cfeditorfr","twitter_card":"summary_large_image","twitter_misc":{"\u00c9crit par":"cfeditorfr","Dur\u00e9e de lecture estim\u00e9e":"3 minutes"},"schema":{"@context":"https:\/\/schema.org","@graph":[{"@type":"Article","@id":"https:\/\/www.africa-press.net\/cotedivoire\/politique\/50e-session-de-lapf-bictogo-et-kandia-a-paris#article","isPartOf":{"@id":"https:\/\/www.africa-press.net\/cotedivoire\/politique\/50e-session-de-lapf-bictogo-et-kandia-a-paris"},"author":{"name":"cfeditorfr","@id":"https:\/\/www.africa-press.net\/cotedivoire\/#\/schema\/person\/2b1cf3cd81a31e3cd26889ca66d677f1"},"headline":"50e Session de l&rsquo;APF Bictogo et Kandia \u00e0 Paris","datePublished":"2025-07-07T14:54:35+00:00","dateModified":"2025-07-07T15:19:42+00:00","mainEntityOfPage":{"@id":"https:\/\/www.africa-press.net\/cotedivoire\/politique\/50e-session-de-lapf-bictogo-et-kandia-a-paris"},"wordCount":602,"commentCount":0,"image":{"@id":"https:\/\/www.africa-press.net\/cotedivoire\/politique\/50e-session-de-lapf-bictogo-et-kandia-a-paris#primaryimage"},"thumbnailUrl":"https:\/\/static.africa-press.net\/cote\/sites\/43\/2025\/07\/sm_1751888966.992681.jpg","keywords":["Assembl\u00e9e","Bictogo","C\u00d4TE D'IVOIRE","Francophonie","Kandia","Paris","parlementaire","session"],"articleSection":["Politique","Top Nouvelles","Toutes les actualit\u00e9s"],"inLanguage":"fr-FR","potentialAction":[{"@type":"CommentAction","name":"Comment","target":["https:\/\/www.africa-press.net\/cotedivoire\/politique\/50e-session-de-lapf-bictogo-et-kandia-a-paris#respond"]}]},{"@type":"WebPage","@id":"https:\/\/www.africa-press.net\/cotedivoire\/politique\/50e-session-de-lapf-bictogo-et-kandia-a-paris","url":"https:\/\/www.africa-press.net\/cotedivoire\/politique\/50e-session-de-lapf-bictogo-et-kandia-a-paris","name":"50e Session de l'APF Bictogo et Kandia \u00e0 Paris - C\u00f4te d&#039;Ivoire","isPartOf":{"@id":"https:\/\/www.africa-press.net\/cotedivoire\/#website"},"primaryImageOfPage":{"@id":"https:\/\/www.africa-press.net\/cotedivoire\/politique\/50e-session-de-lapf-bictogo-et-kandia-a-paris#primaryimage"},"image":{"@id":"https:\/\/www.africa-press.net\/cotedivoire\/politique\/50e-session-de-lapf-bictogo-et-kandia-a-paris#primaryimage"},"thumbnailUrl":"https:\/\/static.africa-press.net\/cote\/sites\/43\/2025\/07\/sm_1751888966.992681.jpg","datePublished":"2025-07-07T14:54:35+00:00","dateModified":"2025-07-07T15:19:42+00:00","author":{"@id":"https:\/\/www.africa-press.net\/cotedivoire\/#\/schema\/person\/2b1cf3cd81a31e3cd26889ca66d677f1"},"description":"La Co\u0302te d\u2019Ivoire prendra part a\u0300 la 50e session de l\u2019Assemble\u0301e parlementaire de la Francophonie (APF), qui se tiendra ...","breadcrumb":{"@id":"https:\/\/www.africa-press.net\/cotedivoire\/politique\/50e-session-de-lapf-bictogo-et-kandia-a-paris#breadcrumb"},"inLanguage":"fr-FR","potentialAction":[{"@type":"ReadAction","target":["https:\/\/www.africa-press.net\/cotedivoire\/politique\/50e-session-de-lapf-bictogo-et-kandia-a-paris"]}]},{"@type":"ImageObject","inLanguage":"fr-FR","@id":"https:\/\/www.africa-press.net\/cotedivoire\/politique\/50e-session-de-lapf-bictogo-et-kandia-a-paris#primaryimage","url":"https:\/\/static.africa-press.net\/cote\/sites\/43\/2025\/07\/sm_1751888966.992681.jpg","contentUrl":"https:\/\/static.africa-press.net\/cote\/sites\/43\/2025\/07\/sm_1751888966.992681.jpg","width":720,"height":482,"caption":"50e Session de l'APF Bictogo et Kandia \u00e0 Paris"},{"@type":"BreadcrumbList","@id":"https:\/\/www.africa-press.net\/cotedivoire\/politique\/50e-session-de-lapf-bictogo-et-kandia-a-paris#breadcrumb","itemListElement":[{"@type":"ListItem","position":1,"name":"Accueil","item":"https:\/\/www.africa-press.net\/cotedivoire\/"},{"@type":"ListItem","position":2,"name":"50e Session de l&#8217;APF Bictogo et Kandia \u00e0 Paris"}]},{"@type":"WebSite","@id":"https:\/\/www.africa-press.net\/cotedivoire\/#website","url":"https:\/\/www.africa-press.net\/cotedivoire\/","name":"C\u00f4te d&#039;Ivoire","description":"Just another Africa News Agency Sites site","potentialAction":[{"@type":"SearchAction","target":{"@type":"EntryPoint","urlTemplate":"https:\/\/www.africa-press.net\/cotedivoire\/?s={search_term_string}"},"query-input":{"@type":"PropertyValueSpecification","valueRequired":true,"valueName":"search_term_string"}}],"inLanguage":"fr-FR"},{"@type":"Person","@id":"https:\/\/www.africa-press.net\/cotedivoire\/#\/schema\/person\/2b1cf3cd81a31e3cd26889ca66d677f1","name":"cfeditorfr"}]}},"_links":{"self":[{"href":"https:\/\/www.africa-press.net\/cotedivoire\/wp-json\/wp\/v2\/posts\/101923","targetHints":{"allow":["GET"]}}],"collection":[{"href":"https:\/\/www.africa-press.net\/cotedivoire\/wp-json\/wp\/v2\/posts"}],"about":[{"href":"https:\/\/www.africa-press.net\/cotedivoire\/wp-json\/wp\/v2\/types\/post"}],"author":[{"embeddable":true,"href":"https:\/\/www.africa-press.net\/cotedivoire\/wp-json\/wp\/v2\/users\/82"}],"replies":[{"embeddable":true,"href":"https:\/\/www.africa-press.net\/cotedivoire\/wp-json\/wp\/v2\/comments?post=101923"}],"version-history":[{"count":0,"href":"https:\/\/www.africa-press.net\/cotedivoire\/wp-json\/wp\/v2\/posts\/101923\/revisions"}],"wp:featuredmedia":[{"embeddable":true,"href":"https:\/\/www.africa-press.net\/cotedivoire\/wp-json\/wp\/v2\/media\/101922"}],"wp:attachment":[{"href":"https:\/\/www.africa-press.net\/cotedivoire\/wp-json\/wp\/v2\/media?parent=101923"}],"wp:term":[{"taxonomy":"category","embeddable":true,"href":"https:\/\/www.africa-press.net\/cotedivoire\/wp-json\/wp\/v2\/categories?post=101923"},{"taxonomy":"post_tag","embeddable":true,"href":"https:\/\/www.africa-press.net\/cotedivoire\/wp-json\/wp\/v2\/tags?post=101923"}],"curies":[{"name":"wp","href":"https:\/\/api.w.org\/{rel}","templated":true}]}}