{"id":101952,"date":"2025-07-08T17:51:59","date_gmt":"2025-07-08T17:51:59","guid":{"rendered":"https:\/\/www.africa-press.net\/cotedivoire\/politique\/joel-nguessan-libere-apres-trois-semaines-de-detention"},"modified":"2025-07-08T18:38:56","modified_gmt":"2025-07-08T18:38:56","slug":"joel-nguessan-libere-apres-trois-semaines-de-detention","status":"publish","type":"post","link":"https:\/\/www.africa-press.net\/cotedivoire\/politique\/joel-nguessan-libere-apres-trois-semaines-de-detention","title":{"rendered":"Jo\u00ebl N&rsquo;Guessan Lib\u00e9r\u00e9 Apr\u00e8s Trois Semaines De D\u00e9tention"},"content":{"rendered":"<p><span style=\"color: #ff6600\"><strong>Africa-Press &#8211; C\u00f4te d&rsquo;Ivoire. <\/strong><\/span>Ce lundi 7 juillet 2025, l\u2019ancien ministre des Droits de l\u2019Homme, Joe\u0308l Kouadio N\u2019Guessan, a recouvre\u0301 la liberte\u0301 apre\u0300s avoir obtenu une mise en liberte\u0301 provisoire accorde\u0301e par la Juridiction d\u2019Instruction d\u2019Abidjan-Plateau. Selon les pre\u0301cisions de son avocat, Me Ange Rodrigue Dadje\u0301, son client a quitte\u0301 le Po\u0302le pe\u0301nitentiaire d\u2019Abidjan dans la journe\u0301e pour regagner son domicile.<\/p>\n<p>Arre\u0302te\u0301 le 18 juin dernier, Joe\u0308l N\u2019Guessan avait e\u0301te\u0301 incarce\u0301re\u0301 a\u0300 la suite de propos tenus lors d\u2019une sortie publique, au cours de laquelle il avait critique\u0301 avec ve\u0301he\u0301mence certaines pratiques qu\u2019il conside\u0301rait comme contraires a\u0300 l\u2019e\u0301thique judiciaire. Des de\u0301clarations qui lui ont valu une proce\u0301dure judiciaire rapide et une incarce\u0301ration remarque\u0301e, dans un contexte national de\u0301ja\u0300 sensible aux questions de liberte\u0301 d\u2019expression et de respect des institutions.<\/p>\n<p>A\u0300 sa sortie, M. N\u2019Guessan a exprime\u0301 ses excuses a\u0300 l\u2019endroit de l\u2019ensemble de l\u2019institution judiciaire ivoirienne, tout en saluant l\u2019acte de cle\u0301mence dont il a be\u0301ne\u0301ficie\u0301. Un geste d\u2019apaisement qui marque sans doute une volonte\u0301 de tourner la page de cet e\u0301pisode judiciaire, sans renier pour autant les convictions ayant motive\u0301 son intervention initiale.<\/p>\n<p>Sa libe\u0301ration suscite de nombreuses re\u0301actions au sein de l\u2019opinion publique, certaines saluant une de\u0301sescalade bienvenue, d\u2019autres y voyant un signal politique a\u0300 interpre\u0301ter avec prudence a\u0300 quelques mois d\u2019e\u0301che\u0301ances e\u0301lectorales importantes.<\/p>\n<p><strong>Pour plus d&rsquo;informations et d&rsquo;analyses sur la <span style=\"color: #ff6600\">C\u00f4te d&rsquo;Ivoire<\/span>, suivez <span style=\"color: #ff6600\">Africa-Press<\/span><\/strong><\/p>\n","protected":false},"excerpt":{"rendered":"<p>Africa-Press &#8211; C\u00f4te d&rsquo;Ivoire. Ce lundi 7 juillet 2025, l\u2019ancien ministre des Droits de l\u2019Homme, Joe\u0308l Kouadio N\u2019Guessan, a recouvre\u0301 la liberte\u0301 apre\u0300s avoir obtenu une mise en liberte\u0301 provisoire accorde\u0301e par la Juridiction d\u2019Instruction d\u2019Abidjan-Plateau. Selon les pre\u0301cisions de son avocat, Me Ange Rodrigue Dadje\u0301, son client a quitte\u0301 le Po\u0302le pe\u0301nitentiaire d\u2019Abidjan dans [&hellip;]<\/p>\n","protected":false},"author":82,"featured_media":101950,"comment_status":"open","ping_status":"closed","sticky":false,"template":"","format":"standard","meta":{"footnotes":""},"categories":[2,10],"tags":[30,29,18221,449,8729,527],"class_list":["post-101952","post","type-post","status-publish","format-standard","has-post-thumbnail","hentry","category-politique","category-toutes-les-actualites","tag-abidjan","tag-cote-divoire","tag-joel","tag-judiciaire","tag-nguessan","tag-plateau"],"yoast_head":"<!-- This site is optimized with the Yoast SEO Premium plugin v26.1 (Yoast SEO v27.0) - https:\/\/yoast.com\/product\/yoast-seo-premium-wordpress\/ -->\n<title>Jo\u00ebl N&#039;Guessan Lib\u00e9r\u00e9 Apr\u00e8s Trois Semaines De D\u00e9tention - C\u00f4te d&#039;Ivoire<\/title>\n<meta name=\"description\" content=\"Ce lundi 7 juillet 2025, l\u2019ancien ministre des Droits de l\u2019Homme, Joe\u0308l Kouadio N\u2019Guessan, a recouvre\u0301 la liberte\u0301 apre\u0300 ...\" \/>\n<meta name=\"robots\" content=\"index, follow, max-snippet:-1, max-image-preview:large, max-video-preview:-1\" \/>\n<link rel=\"canonical\" href=\"https:\/\/www.africa-press.net\/cotedivoire\/politique\/joel-nguessan-libere-apres-trois-semaines-de-detention\" \/>\n<meta property=\"og:locale\" content=\"fr_FR\" \/>\n<meta property=\"og:type\" content=\"article\" \/>\n<meta property=\"og:title\" content=\"Jo\u00ebl N&#039;Guessan Lib\u00e9r\u00e9 Apr\u00e8s Trois Semaines De D\u00e9tention\" \/>\n<meta property=\"og:description\" content=\"Ce lundi 7 juillet 2025, l\u2019ancien ministre des Droits de l\u2019Homme, Joe\u0308l Kouadio N\u2019Guessan, a recouvre\u0301 la liberte\u0301 apre\u0300 ...\" \/>\n<meta property=\"og:url\" content=\"https:\/\/www.africa-press.net\/cotedivoire\/politique\/joel-nguessan-libere-apres-trois-semaines-de-detention\" \/>\n<meta property=\"og:site_name\" content=\"C\u00f4te d&#039;Ivoire\" \/>\n<meta property=\"article:published_time\" content=\"2025-07-08T17:51:59+00:00\" \/>\n<meta property=\"article:modified_time\" content=\"2025-07-08T18:38:56+00:00\" \/>\n<meta property=\"og:image\" content=\"https:\/\/static.africa-press.net\/cote\/sites\/43\/2025\/07\/sm_1751987310.947483.jpg\" \/>\n\t<meta property=\"og:image:width\" content=\"720\" \/>\n\t<meta property=\"og:image:height\" content=\"480\" \/>\n\t<meta property=\"og:image:type\" content=\"image\/jpeg\" \/>\n<meta name=\"author\" content=\"cfeditorfr\" \/>\n<meta name=\"twitter:card\" content=\"summary_large_image\" \/>\n<meta name=\"twitter:label1\" content=\"\u00c9crit par\" \/>\n\t<meta name=\"twitter:data1\" content=\"cfeditorfr\" \/>\n\t<meta name=\"twitter:label2\" content=\"Dur\u00e9e de lecture estim\u00e9e\" \/>\n\t<meta name=\"twitter:data2\" content=\"1 minute\" \/>\n<script type=\"application\/ld+json\" class=\"yoast-schema-graph\">{\"@context\":\"https:\/\/schema.org\",\"@graph\":[{\"@type\":\"Article\",\"@id\":\"https:\/\/www.africa-press.net\/cotedivoire\/politique\/joel-nguessan-libere-apres-trois-semaines-de-detention#article\",\"isPartOf\":{\"@id\":\"https:\/\/www.africa-press.net\/cotedivoire\/politique\/joel-nguessan-libere-apres-trois-semaines-de-detention\"},\"author\":{\"name\":\"cfeditorfr\",\"@id\":\"https:\/\/www.africa-press.net\/cotedivoire\/#\/schema\/person\/2b1cf3cd81a31e3cd26889ca66d677f1\"},\"headline\":\"Jo\u00ebl N&rsquo;Guessan Lib\u00e9r\u00e9 Apr\u00e8s Trois Semaines De D\u00e9tention\",\"datePublished\":\"2025-07-08T17:51:59+00:00\",\"dateModified\":\"2025-07-08T18:38:56+00:00\",\"mainEntityOfPage\":{\"@id\":\"https:\/\/www.africa-press.net\/cotedivoire\/politique\/joel-nguessan-libere-apres-trois-semaines-de-detention\"},\"wordCount\":294,\"commentCount\":0,\"image\":{\"@id\":\"https:\/\/www.africa-press.net\/cotedivoire\/politique\/joel-nguessan-libere-apres-trois-semaines-de-detention#primaryimage\"},\"thumbnailUrl\":\"https:\/\/static.africa-press.net\/cote\/sites\/43\/2025\/07\/sm_1751987310.947483.jpg\",\"keywords\":[\"Abidjan\",\"C\u00d4TE D'IVOIRE\",\"Jo\u00ebl\",\"judiciaire\",\"N'guessan\",\"Plateau\"],\"articleSection\":[\"Politique\",\"Toutes les actualit\u00e9s\"],\"inLanguage\":\"fr-FR\",\"potentialAction\":[{\"@type\":\"CommentAction\",\"name\":\"Comment\",\"target\":[\"https:\/\/www.africa-press.net\/cotedivoire\/politique\/joel-nguessan-libere-apres-trois-semaines-de-detention#respond\"]}]},{\"@type\":\"WebPage\",\"@id\":\"https:\/\/www.africa-press.net\/cotedivoire\/politique\/joel-nguessan-libere-apres-trois-semaines-de-detention\",\"url\":\"https:\/\/www.africa-press.net\/cotedivoire\/politique\/joel-nguessan-libere-apres-trois-semaines-de-detention\",\"name\":\"Jo\u00ebl N'Guessan Lib\u00e9r\u00e9 Apr\u00e8s Trois Semaines De D\u00e9tention - C\u00f4te d&#039;Ivoire\",\"isPartOf\":{\"@id\":\"https:\/\/www.africa-press.net\/cotedivoire\/#website\"},\"primaryImageOfPage\":{\"@id\":\"https:\/\/www.africa-press.net\/cotedivoire\/politique\/joel-nguessan-libere-apres-trois-semaines-de-detention#primaryimage\"},\"image\":{\"@id\":\"https:\/\/www.africa-press.net\/cotedivoire\/politique\/joel-nguessan-libere-apres-trois-semaines-de-detention#primaryimage\"},\"thumbnailUrl\":\"https:\/\/static.africa-press.net\/cote\/sites\/43\/2025\/07\/sm_1751987310.947483.jpg\",\"datePublished\":\"2025-07-08T17:51:59+00:00\",\"dateModified\":\"2025-07-08T18:38:56+00:00\",\"author\":{\"@id\":\"https:\/\/www.africa-press.net\/cotedivoire\/#\/schema\/person\/2b1cf3cd81a31e3cd26889ca66d677f1\"},\"description\":\"Ce lundi 7 juillet 2025, l\u2019ancien ministre des Droits de l\u2019Homme, Joe\u0308l Kouadio N\u2019Guessan, a recouvre\u0301 la liberte\u0301 apre\u0300 ...\",\"breadcrumb\":{\"@id\":\"https:\/\/www.africa-press.net\/cotedivoire\/politique\/joel-nguessan-libere-apres-trois-semaines-de-detention#breadcrumb\"},\"inLanguage\":\"fr-FR\",\"potentialAction\":[{\"@type\":\"ReadAction\",\"target\":[\"https:\/\/www.africa-press.net\/cotedivoire\/politique\/joel-nguessan-libere-apres-trois-semaines-de-detention\"]}]},{\"@type\":\"ImageObject\",\"inLanguage\":\"fr-FR\",\"@id\":\"https:\/\/www.africa-press.net\/cotedivoire\/politique\/joel-nguessan-libere-apres-trois-semaines-de-detention#primaryimage\",\"url\":\"https:\/\/static.africa-press.net\/cote\/sites\/43\/2025\/07\/sm_1751987310.947483.jpg\",\"contentUrl\":\"https:\/\/static.africa-press.net\/cote\/sites\/43\/2025\/07\/sm_1751987310.947483.jpg\",\"width\":720,\"height\":480,\"caption\":\"Jo\u00ebl N'Guessan Lib\u00e9r\u00e9 Apr\u00e8s Trois Semaines De D\u00e9tention\"},{\"@type\":\"BreadcrumbList\",\"@id\":\"https:\/\/www.africa-press.net\/cotedivoire\/politique\/joel-nguessan-libere-apres-trois-semaines-de-detention#breadcrumb\",\"itemListElement\":[{\"@type\":\"ListItem\",\"position\":1,\"name\":\"Accueil\",\"item\":\"https:\/\/www.africa-press.net\/cotedivoire\/\"},{\"@type\":\"ListItem\",\"position\":2,\"name\":\"Jo\u00ebl N&#8217;Guessan Lib\u00e9r\u00e9 Apr\u00e8s Trois Semaines De D\u00e9tention\"}]},{\"@type\":\"WebSite\",\"@id\":\"https:\/\/www.africa-press.net\/cotedivoire\/#website\",\"url\":\"https:\/\/www.africa-press.net\/cotedivoire\/\",\"name\":\"C\u00f4te d&#039;Ivoire\",\"description\":\"Just another Africa News Agency Sites site\",\"potentialAction\":[{\"@type\":\"SearchAction\",\"target\":{\"@type\":\"EntryPoint\",\"urlTemplate\":\"https:\/\/www.africa-press.net\/cotedivoire\/?s={search_term_string}\"},\"query-input\":{\"@type\":\"PropertyValueSpecification\",\"valueRequired\":true,\"valueName\":\"search_term_string\"}}],\"inLanguage\":\"fr-FR\"},{\"@type\":\"Person\",\"@id\":\"https:\/\/www.africa-press.net\/cotedivoire\/#\/schema\/person\/2b1cf3cd81a31e3cd26889ca66d677f1\",\"name\":\"cfeditorfr\"}]}<\/script>\n<!-- \/ Yoast SEO Premium plugin. -->","yoast_head_json":{"title":"Jo\u00ebl N'Guessan Lib\u00e9r\u00e9 Apr\u00e8s Trois Semaines De D\u00e9tention - C\u00f4te d&#039;Ivoire","description":"Ce lundi 7 juillet 2025, l\u2019ancien ministre des Droits de l\u2019Homme, Joe\u0308l Kouadio N\u2019Guessan, a recouvre\u0301 la liberte\u0301 apre\u0300 ...","robots":{"index":"index","follow":"follow","max-snippet":"max-snippet:-1","max-image-preview":"max-image-preview:large","max-video-preview":"max-video-preview:-1"},"canonical":"https:\/\/www.africa-press.net\/cotedivoire\/politique\/joel-nguessan-libere-apres-trois-semaines-de-detention","og_locale":"fr_FR","og_type":"article","og_title":"Jo\u00ebl N'Guessan Lib\u00e9r\u00e9 Apr\u00e8s Trois Semaines De D\u00e9tention","og_description":"Ce lundi 7 juillet 2025, l\u2019ancien ministre des Droits de l\u2019Homme, Joe\u0308l Kouadio N\u2019Guessan, a recouvre\u0301 la liberte\u0301 apre\u0300 ...","og_url":"https:\/\/www.africa-press.net\/cotedivoire\/politique\/joel-nguessan-libere-apres-trois-semaines-de-detention","og_site_name":"C\u00f4te d&#039;Ivoire","article_published_time":"2025-07-08T17:51:59+00:00","article_modified_time":"2025-07-08T18:38:56+00:00","og_image":[{"width":720,"height":480,"url":"https:\/\/static.africa-press.net\/cote\/sites\/43\/2025\/07\/sm_1751987310.947483.jpg","type":"image\/jpeg"}],"author":"cfeditorfr","twitter_card":"summary_large_image","twitter_misc":{"\u00c9crit par":"cfeditorfr","Dur\u00e9e de lecture estim\u00e9e":"1 minute"},"schema":{"@context":"https:\/\/schema.org","@graph":[{"@type":"Article","@id":"https:\/\/www.africa-press.net\/cotedivoire\/politique\/joel-nguessan-libere-apres-trois-semaines-de-detention#article","isPartOf":{"@id":"https:\/\/www.africa-press.net\/cotedivoire\/politique\/joel-nguessan-libere-apres-trois-semaines-de-detention"},"author":{"name":"cfeditorfr","@id":"https:\/\/www.africa-press.net\/cotedivoire\/#\/schema\/person\/2b1cf3cd81a31e3cd26889ca66d677f1"},"headline":"Jo\u00ebl N&rsquo;Guessan Lib\u00e9r\u00e9 Apr\u00e8s Trois Semaines De D\u00e9tention","datePublished":"2025-07-08T17:51:59+00:00","dateModified":"2025-07-08T18:38:56+00:00","mainEntityOfPage":{"@id":"https:\/\/www.africa-press.net\/cotedivoire\/politique\/joel-nguessan-libere-apres-trois-semaines-de-detention"},"wordCount":294,"commentCount":0,"image":{"@id":"https:\/\/www.africa-press.net\/cotedivoire\/politique\/joel-nguessan-libere-apres-trois-semaines-de-detention#primaryimage"},"thumbnailUrl":"https:\/\/static.africa-press.net\/cote\/sites\/43\/2025\/07\/sm_1751987310.947483.jpg","keywords":["Abidjan","C\u00d4TE D'IVOIRE","Jo\u00ebl","judiciaire","N'guessan","Plateau"],"articleSection":["Politique","Toutes les actualit\u00e9s"],"inLanguage":"fr-FR","potentialAction":[{"@type":"CommentAction","name":"Comment","target":["https:\/\/www.africa-press.net\/cotedivoire\/politique\/joel-nguessan-libere-apres-trois-semaines-de-detention#respond"]}]},{"@type":"WebPage","@id":"https:\/\/www.africa-press.net\/cotedivoire\/politique\/joel-nguessan-libere-apres-trois-semaines-de-detention","url":"https:\/\/www.africa-press.net\/cotedivoire\/politique\/joel-nguessan-libere-apres-trois-semaines-de-detention","name":"Jo\u00ebl N'Guessan Lib\u00e9r\u00e9 Apr\u00e8s Trois Semaines De D\u00e9tention - C\u00f4te d&#039;Ivoire","isPartOf":{"@id":"https:\/\/www.africa-press.net\/cotedivoire\/#website"},"primaryImageOfPage":{"@id":"https:\/\/www.africa-press.net\/cotedivoire\/politique\/joel-nguessan-libere-apres-trois-semaines-de-detention#primaryimage"},"image":{"@id":"https:\/\/www.africa-press.net\/cotedivoire\/politique\/joel-nguessan-libere-apres-trois-semaines-de-detention#primaryimage"},"thumbnailUrl":"https:\/\/static.africa-press.net\/cote\/sites\/43\/2025\/07\/sm_1751987310.947483.jpg","datePublished":"2025-07-08T17:51:59+00:00","dateModified":"2025-07-08T18:38:56+00:00","author":{"@id":"https:\/\/www.africa-press.net\/cotedivoire\/#\/schema\/person\/2b1cf3cd81a31e3cd26889ca66d677f1"},"description":"Ce lundi 7 juillet 2025, l\u2019ancien ministre des Droits de l\u2019Homme, Joe\u0308l Kouadio N\u2019Guessan, a recouvre\u0301 la liberte\u0301 apre\u0300 ...","breadcrumb":{"@id":"https:\/\/www.africa-press.net\/cotedivoire\/politique\/joel-nguessan-libere-apres-trois-semaines-de-detention#breadcrumb"},"inLanguage":"fr-FR","potentialAction":[{"@type":"ReadAction","target":["https:\/\/www.africa-press.net\/cotedivoire\/politique\/joel-nguessan-libere-apres-trois-semaines-de-detention"]}]},{"@type":"ImageObject","inLanguage":"fr-FR","@id":"https:\/\/www.africa-press.net\/cotedivoire\/politique\/joel-nguessan-libere-apres-trois-semaines-de-detention#primaryimage","url":"https:\/\/static.africa-press.net\/cote\/sites\/43\/2025\/07\/sm_1751987310.947483.jpg","contentUrl":"https:\/\/static.africa-press.net\/cote\/sites\/43\/2025\/07\/sm_1751987310.947483.jpg","width":720,"height":480,"caption":"Jo\u00ebl N'Guessan Lib\u00e9r\u00e9 Apr\u00e8s Trois Semaines De D\u00e9tention"},{"@type":"BreadcrumbList","@id":"https:\/\/www.africa-press.net\/cotedivoire\/politique\/joel-nguessan-libere-apres-trois-semaines-de-detention#breadcrumb","itemListElement":[{"@type":"ListItem","position":1,"name":"Accueil","item":"https:\/\/www.africa-press.net\/cotedivoire\/"},{"@type":"ListItem","position":2,"name":"Jo\u00ebl N&#8217;Guessan Lib\u00e9r\u00e9 Apr\u00e8s Trois Semaines De D\u00e9tention"}]},{"@type":"WebSite","@id":"https:\/\/www.africa-press.net\/cotedivoire\/#website","url":"https:\/\/www.africa-press.net\/cotedivoire\/","name":"C\u00f4te d&#039;Ivoire","description":"Just another Africa News Agency Sites site","potentialAction":[{"@type":"SearchAction","target":{"@type":"EntryPoint","urlTemplate":"https:\/\/www.africa-press.net\/cotedivoire\/?s={search_term_string}"},"query-input":{"@type":"PropertyValueSpecification","valueRequired":true,"valueName":"search_term_string"}}],"inLanguage":"fr-FR"},{"@type":"Person","@id":"https:\/\/www.africa-press.net\/cotedivoire\/#\/schema\/person\/2b1cf3cd81a31e3cd26889ca66d677f1","name":"cfeditorfr"}]}},"_links":{"self":[{"href":"https:\/\/www.africa-press.net\/cotedivoire\/wp-json\/wp\/v2\/posts\/101952","targetHints":{"allow":["GET"]}}],"collection":[{"href":"https:\/\/www.africa-press.net\/cotedivoire\/wp-json\/wp\/v2\/posts"}],"about":[{"href":"https:\/\/www.africa-press.net\/cotedivoire\/wp-json\/wp\/v2\/types\/post"}],"author":[{"embeddable":true,"href":"https:\/\/www.africa-press.net\/cotedivoire\/wp-json\/wp\/v2\/users\/82"}],"replies":[{"embeddable":true,"href":"https:\/\/www.africa-press.net\/cotedivoire\/wp-json\/wp\/v2\/comments?post=101952"}],"version-history":[{"count":0,"href":"https:\/\/www.africa-press.net\/cotedivoire\/wp-json\/wp\/v2\/posts\/101952\/revisions"}],"wp:featuredmedia":[{"embeddable":true,"href":"https:\/\/www.africa-press.net\/cotedivoire\/wp-json\/wp\/v2\/media\/101950"}],"wp:attachment":[{"href":"https:\/\/www.africa-press.net\/cotedivoire\/wp-json\/wp\/v2\/media?parent=101952"}],"wp:term":[{"taxonomy":"category","embeddable":true,"href":"https:\/\/www.africa-press.net\/cotedivoire\/wp-json\/wp\/v2\/categories?post=101952"},{"taxonomy":"post_tag","embeddable":true,"href":"https:\/\/www.africa-press.net\/cotedivoire\/wp-json\/wp\/v2\/tags?post=101952"}],"curies":[{"name":"wp","href":"https:\/\/api.w.org\/{rel}","templated":true}]}}