{"id":10200,"date":"2021-07-21T10:17:06","date_gmt":"2021-07-21T10:17:06","guid":{"rendered":"https:\/\/www.africa-press.net\/cotedivoire\/?p=10200"},"modified":"2021-07-21T12:12:33","modified_gmt":"2021-07-21T12:12:33","slug":"cote-divoire-que-fait-le-gouvernement-face-a-la-vie-chere","status":"publish","type":"post","link":"https:\/\/www.africa-press.net\/cotedivoire\/toutes-les-actualites\/cote-divoire-que-fait-le-gouvernement-face-a-la-vie-chere","title":{"rendered":"que fait le gouvernement face \u00e0 la vie ch\u00e8re ?"},"content":{"rendered":"<p><span style=\"color: #ff6600\"><strong><a href=\"https:\/\/www.africa-press.net\/\">Africa-Press<\/a> &#8211; <a href=\"https:\/\/www.africa-press.net\/cotedivoire\">C\u00f4te d&rsquo;Ivoire<\/a>. <\/strong><\/span>Alors que le pays fait face \u00e0 une augmentation du prix de certains produits, les Ivoiriens attendent des autorit\u00e9s le renforcement des contr\u00f4les. \u00c0 la veille de la Tabaski, commer\u00e7ants comme clients \u00e9taient unanimes : les prix de certains produits ne font qu\u2019augmenter depuis quelques mois. Pour un mouton qui se vendait \u00e0 80 000 F CFA l\u2019ann\u00e9e derni\u00e8re, il faut d\u00e9bourser au moins 100 000 F CFA cette ann\u00e9e. Il faudra donc se serrer la ceinture.<\/p>\n<p>\u00ab C\u2019est le Burkina Faso, le Mali et le Niger qui nous approvisionnent en b\u00e9tail. Mais de 645 b\u0153ufs abattus tous les jours, nous sommes pass\u00e9s \u00e0 environ 300. Cela fait que le prix de la viande a augment\u00e9. La crise s\u00e9curitaire que vivent ces pays affecte \u00e9galement le march\u00e9 du b\u00e9tail \u00bb, explique Mansa Ben N\u2019Fally, pr\u00e9sident de la coalition nationale des organisations de consommation de C\u00f4te d\u2019Ivoire. Le ph\u00e9nom\u00e8ne touche plusieurs secteurs. \u00ab Le co\u00fbt de la tonne de ciment est pass\u00e9 de 70 000 F CFA \u00e0 130 000 F CFA \u00e0 certains endroits. Nous avons saisi les autorit\u00e9s qui ont pris des mesures pour plafonner les prix. Mais cela n\u2019est pas respect\u00e9 partout \u00bb, ajoute-t-il.<\/p>\n<p>Pour Gohou Danon, sous-directeur de Bloomfield Intelligence, \u00ab l\u2019augmentation que l\u2019on constate n\u2019est pas sp\u00e9cifique \u00e0 la C\u00f4te d\u2019Ivoire. Elle a lieu dans un contexte o\u00f9 le monde entier commence \u00e0 sortir du Covid-19 et o\u00f9 il y a une hausse des prix \u00e0 l\u2019international, \u00e0 cause notamment d\u2019une forte demande des pays d\u2019Asie. En ce qui concerne la C\u00f4te d\u2019Ivoire, l\u2019inflation s\u2019\u00e9levait \u00e0 2,9 % en moyenne en juin, dont 4,2,% d\u2019augmentation pour les prix des loyers. \u00bb<\/p>\n","protected":false},"excerpt":{"rendered":"<p>Africa-Press &#8211; C\u00f4te d&rsquo;Ivoire. Alors que le pays fait face \u00e0 une augmentation du prix de certains produits, les Ivoiriens attendent des autorit\u00e9s le renforcement des contr\u00f4les. \u00c0 la veille de la Tabaski, commer\u00e7ants comme clients \u00e9taient unanimes : les prix de certains produits ne font qu\u2019augmenter depuis quelques mois. Pour un mouton qui se [&hellip;]<\/p>\n","protected":false},"author":82,"featured_media":10199,"comment_status":"open","ping_status":"closed","sticky":false,"template":"","format":"standard","meta":{"footnotes":""},"categories":[21,11,20,10],"tags":[56,63,29],"class_list":["post-10200","post","type-post","status-publish","format-standard","has-post-thumbnail","hentry","category-communaute","category-homepage-french","category-top-nouvelles","category-toutes-les-actualites","tag-africa-press","tag-africa-press-cote-divoire","tag-cote-divoire"],"yoast_head":"<!-- This site is optimized with the Yoast SEO Premium plugin v26.1 (Yoast SEO v27.0) - https:\/\/yoast.com\/product\/yoast-seo-premium-wordpress\/ -->\n<title>que fait le gouvernement face \u00e0 la vie ch\u00e8re ? - C\u00f4te d&#039;Ivoire<\/title>\n<meta name=\"description\" content=\"Alors que le pays fait face \u00e0 une augmentation du prix de certains produits, les Ivoiriens attendent des autorit\u00e9s le re ...\" \/>\n<meta name=\"robots\" content=\"index, follow, max-snippet:-1, max-image-preview:large, max-video-preview:-1\" \/>\n<link rel=\"canonical\" href=\"https:\/\/www.africa-press.net\/cotedivoire\/toutes-les-actualites\/cote-divoire-que-fait-le-gouvernement-face-a-la-vie-chere\" \/>\n<meta property=\"og:locale\" content=\"fr_FR\" \/>\n<meta property=\"og:type\" content=\"article\" \/>\n<meta property=\"og:title\" content=\"que fait le gouvernement face \u00e0 la vie ch\u00e8re ?\" \/>\n<meta property=\"og:description\" content=\"Alors que le pays fait face \u00e0 une augmentation du prix de certains produits, les Ivoiriens attendent des autorit\u00e9s le re ...\" \/>\n<meta property=\"og:url\" content=\"https:\/\/www.africa-press.net\/cotedivoire\/toutes-les-actualites\/cote-divoire-que-fait-le-gouvernement-face-a-la-vie-chere\" \/>\n<meta property=\"og:site_name\" content=\"C\u00f4te d&#039;Ivoire\" \/>\n<meta property=\"article:published_time\" content=\"2021-07-21T10:17:06+00:00\" \/>\n<meta property=\"article:modified_time\" content=\"2021-07-21T12:12:33+00:00\" \/>\n<meta property=\"og:image\" content=\"https:\/\/static.africa-press.net\/cote\/sites\/43\/2021\/07\/img-60f7f32392805.jpg\" \/>\n\t<meta property=\"og:image:width\" content=\"720\" \/>\n\t<meta property=\"og:image:height\" content=\"360\" \/>\n\t<meta property=\"og:image:type\" content=\"image\/jpeg\" \/>\n<meta name=\"author\" content=\"cfeditorfr\" \/>\n<meta name=\"twitter:card\" content=\"summary_large_image\" \/>\n<meta name=\"twitter:label1\" content=\"\u00c9crit par\" \/>\n\t<meta name=\"twitter:data1\" content=\"cfeditorfr\" \/>\n\t<meta name=\"twitter:label2\" content=\"Dur\u00e9e de lecture estim\u00e9e\" \/>\n\t<meta name=\"twitter:data2\" content=\"1 minute\" \/>\n<script type=\"application\/ld+json\" class=\"yoast-schema-graph\">{\"@context\":\"https:\/\/schema.org\",\"@graph\":[{\"@type\":\"Article\",\"@id\":\"https:\/\/www.africa-press.net\/cotedivoire\/toutes-les-actualites\/cote-divoire-que-fait-le-gouvernement-face-a-la-vie-chere#article\",\"isPartOf\":{\"@id\":\"https:\/\/www.africa-press.net\/cotedivoire\/toutes-les-actualites\/cote-divoire-que-fait-le-gouvernement-face-a-la-vie-chere\"},\"author\":{\"name\":\"cfeditorfr\",\"@id\":\"https:\/\/www.africa-press.net\/cotedivoire\/#\/schema\/person\/2b1cf3cd81a31e3cd26889ca66d677f1\"},\"headline\":\"que fait le gouvernement face \u00e0 la vie ch\u00e8re ?\",\"datePublished\":\"2021-07-21T10:17:06+00:00\",\"dateModified\":\"2021-07-21T12:12:33+00:00\",\"mainEntityOfPage\":{\"@id\":\"https:\/\/www.africa-press.net\/cotedivoire\/toutes-les-actualites\/cote-divoire-que-fait-le-gouvernement-face-a-la-vie-chere\"},\"wordCount\":297,\"commentCount\":0,\"image\":{\"@id\":\"https:\/\/www.africa-press.net\/cotedivoire\/toutes-les-actualites\/cote-divoire-que-fait-le-gouvernement-face-a-la-vie-chere#primaryimage\"},\"thumbnailUrl\":\"https:\/\/static.africa-press.net\/cote\/sites\/43\/2021\/07\/img-60f7f32392805.jpg\",\"keywords\":[\"Africa Press\",\"Africa Press-C\u00f4te d'Ivoire\",\"C\u00d4TE D'IVOIRE\"],\"articleSection\":[\"Communaut\u00e9\",\"homepage-french\",\"Top Nouvelles\",\"Toutes les actualit\u00e9s\"],\"inLanguage\":\"fr-FR\",\"potentialAction\":[{\"@type\":\"CommentAction\",\"name\":\"Comment\",\"target\":[\"https:\/\/www.africa-press.net\/cotedivoire\/toutes-les-actualites\/cote-divoire-que-fait-le-gouvernement-face-a-la-vie-chere#respond\"]}]},{\"@type\":\"WebPage\",\"@id\":\"https:\/\/www.africa-press.net\/cotedivoire\/toutes-les-actualites\/cote-divoire-que-fait-le-gouvernement-face-a-la-vie-chere\",\"url\":\"https:\/\/www.africa-press.net\/cotedivoire\/toutes-les-actualites\/cote-divoire-que-fait-le-gouvernement-face-a-la-vie-chere\",\"name\":\"que fait le gouvernement face \u00e0 la vie ch\u00e8re ? - C\u00f4te d&#039;Ivoire\",\"isPartOf\":{\"@id\":\"https:\/\/www.africa-press.net\/cotedivoire\/#website\"},\"primaryImageOfPage\":{\"@id\":\"https:\/\/www.africa-press.net\/cotedivoire\/toutes-les-actualites\/cote-divoire-que-fait-le-gouvernement-face-a-la-vie-chere#primaryimage\"},\"image\":{\"@id\":\"https:\/\/www.africa-press.net\/cotedivoire\/toutes-les-actualites\/cote-divoire-que-fait-le-gouvernement-face-a-la-vie-chere#primaryimage\"},\"thumbnailUrl\":\"https:\/\/static.africa-press.net\/cote\/sites\/43\/2021\/07\/img-60f7f32392805.jpg\",\"datePublished\":\"2021-07-21T10:17:06+00:00\",\"dateModified\":\"2021-07-21T12:12:33+00:00\",\"author\":{\"@id\":\"https:\/\/www.africa-press.net\/cotedivoire\/#\/schema\/person\/2b1cf3cd81a31e3cd26889ca66d677f1\"},\"description\":\"Alors que le pays fait face \u00e0 une augmentation du prix de certains produits, les Ivoiriens attendent des autorit\u00e9s le re ...\",\"breadcrumb\":{\"@id\":\"https:\/\/www.africa-press.net\/cotedivoire\/toutes-les-actualites\/cote-divoire-que-fait-le-gouvernement-face-a-la-vie-chere#breadcrumb\"},\"inLanguage\":\"fr-FR\",\"potentialAction\":[{\"@type\":\"ReadAction\",\"target\":[\"https:\/\/www.africa-press.net\/cotedivoire\/toutes-les-actualites\/cote-divoire-que-fait-le-gouvernement-face-a-la-vie-chere\"]}]},{\"@type\":\"ImageObject\",\"inLanguage\":\"fr-FR\",\"@id\":\"https:\/\/www.africa-press.net\/cotedivoire\/toutes-les-actualites\/cote-divoire-que-fait-le-gouvernement-face-a-la-vie-chere#primaryimage\",\"url\":\"https:\/\/static.africa-press.net\/cote\/sites\/43\/2021\/07\/img-60f7f32392805.jpg\",\"contentUrl\":\"https:\/\/static.africa-press.net\/cote\/sites\/43\/2021\/07\/img-60f7f32392805.jpg\",\"width\":720,\"height\":360,\"caption\":\"C\u00f4te d\u2019Ivoire : que fait le gouvernement face \u00e0 la vie ch\u00e8re ?\"},{\"@type\":\"BreadcrumbList\",\"@id\":\"https:\/\/www.africa-press.net\/cotedivoire\/toutes-les-actualites\/cote-divoire-que-fait-le-gouvernement-face-a-la-vie-chere#breadcrumb\",\"itemListElement\":[{\"@type\":\"ListItem\",\"position\":1,\"name\":\"Accueil\",\"item\":\"https:\/\/www.africa-press.net\/cotedivoire\/\"},{\"@type\":\"ListItem\",\"position\":2,\"name\":\"que fait le gouvernement face \u00e0 la vie ch\u00e8re ?\"}]},{\"@type\":\"WebSite\",\"@id\":\"https:\/\/www.africa-press.net\/cotedivoire\/#website\",\"url\":\"https:\/\/www.africa-press.net\/cotedivoire\/\",\"name\":\"C\u00f4te d&#039;Ivoire\",\"description\":\"Just another Africa News Agency Sites site\",\"potentialAction\":[{\"@type\":\"SearchAction\",\"target\":{\"@type\":\"EntryPoint\",\"urlTemplate\":\"https:\/\/www.africa-press.net\/cotedivoire\/?s={search_term_string}\"},\"query-input\":{\"@type\":\"PropertyValueSpecification\",\"valueRequired\":true,\"valueName\":\"search_term_string\"}}],\"inLanguage\":\"fr-FR\"},{\"@type\":\"Person\",\"@id\":\"https:\/\/www.africa-press.net\/cotedivoire\/#\/schema\/person\/2b1cf3cd81a31e3cd26889ca66d677f1\",\"name\":\"cfeditorfr\"}]}<\/script>\n<!-- \/ Yoast SEO Premium plugin. -->","yoast_head_json":{"title":"que fait le gouvernement face \u00e0 la vie ch\u00e8re ? - C\u00f4te d&#039;Ivoire","description":"Alors que le pays fait face \u00e0 une augmentation du prix de certains produits, les Ivoiriens attendent des autorit\u00e9s le re ...","robots":{"index":"index","follow":"follow","max-snippet":"max-snippet:-1","max-image-preview":"max-image-preview:large","max-video-preview":"max-video-preview:-1"},"canonical":"https:\/\/www.africa-press.net\/cotedivoire\/toutes-les-actualites\/cote-divoire-que-fait-le-gouvernement-face-a-la-vie-chere","og_locale":"fr_FR","og_type":"article","og_title":"que fait le gouvernement face \u00e0 la vie ch\u00e8re ?","og_description":"Alors que le pays fait face \u00e0 une augmentation du prix de certains produits, les Ivoiriens attendent des autorit\u00e9s le re ...","og_url":"https:\/\/www.africa-press.net\/cotedivoire\/toutes-les-actualites\/cote-divoire-que-fait-le-gouvernement-face-a-la-vie-chere","og_site_name":"C\u00f4te d&#039;Ivoire","article_published_time":"2021-07-21T10:17:06+00:00","article_modified_time":"2021-07-21T12:12:33+00:00","og_image":[{"width":720,"height":360,"url":"https:\/\/static.africa-press.net\/cote\/sites\/43\/2021\/07\/img-60f7f32392805.jpg","type":"image\/jpeg"}],"author":"cfeditorfr","twitter_card":"summary_large_image","twitter_misc":{"\u00c9crit par":"cfeditorfr","Dur\u00e9e de lecture estim\u00e9e":"1 minute"},"schema":{"@context":"https:\/\/schema.org","@graph":[{"@type":"Article","@id":"https:\/\/www.africa-press.net\/cotedivoire\/toutes-les-actualites\/cote-divoire-que-fait-le-gouvernement-face-a-la-vie-chere#article","isPartOf":{"@id":"https:\/\/www.africa-press.net\/cotedivoire\/toutes-les-actualites\/cote-divoire-que-fait-le-gouvernement-face-a-la-vie-chere"},"author":{"name":"cfeditorfr","@id":"https:\/\/www.africa-press.net\/cotedivoire\/#\/schema\/person\/2b1cf3cd81a31e3cd26889ca66d677f1"},"headline":"que fait le gouvernement face \u00e0 la vie ch\u00e8re ?","datePublished":"2021-07-21T10:17:06+00:00","dateModified":"2021-07-21T12:12:33+00:00","mainEntityOfPage":{"@id":"https:\/\/www.africa-press.net\/cotedivoire\/toutes-les-actualites\/cote-divoire-que-fait-le-gouvernement-face-a-la-vie-chere"},"wordCount":297,"commentCount":0,"image":{"@id":"https:\/\/www.africa-press.net\/cotedivoire\/toutes-les-actualites\/cote-divoire-que-fait-le-gouvernement-face-a-la-vie-chere#primaryimage"},"thumbnailUrl":"https:\/\/static.africa-press.net\/cote\/sites\/43\/2021\/07\/img-60f7f32392805.jpg","keywords":["Africa Press","Africa Press-C\u00f4te d'Ivoire","C\u00d4TE D'IVOIRE"],"articleSection":["Communaut\u00e9","homepage-french","Top Nouvelles","Toutes les actualit\u00e9s"],"inLanguage":"fr-FR","potentialAction":[{"@type":"CommentAction","name":"Comment","target":["https:\/\/www.africa-press.net\/cotedivoire\/toutes-les-actualites\/cote-divoire-que-fait-le-gouvernement-face-a-la-vie-chere#respond"]}]},{"@type":"WebPage","@id":"https:\/\/www.africa-press.net\/cotedivoire\/toutes-les-actualites\/cote-divoire-que-fait-le-gouvernement-face-a-la-vie-chere","url":"https:\/\/www.africa-press.net\/cotedivoire\/toutes-les-actualites\/cote-divoire-que-fait-le-gouvernement-face-a-la-vie-chere","name":"que fait le gouvernement face \u00e0 la vie ch\u00e8re ? - C\u00f4te d&#039;Ivoire","isPartOf":{"@id":"https:\/\/www.africa-press.net\/cotedivoire\/#website"},"primaryImageOfPage":{"@id":"https:\/\/www.africa-press.net\/cotedivoire\/toutes-les-actualites\/cote-divoire-que-fait-le-gouvernement-face-a-la-vie-chere#primaryimage"},"image":{"@id":"https:\/\/www.africa-press.net\/cotedivoire\/toutes-les-actualites\/cote-divoire-que-fait-le-gouvernement-face-a-la-vie-chere#primaryimage"},"thumbnailUrl":"https:\/\/static.africa-press.net\/cote\/sites\/43\/2021\/07\/img-60f7f32392805.jpg","datePublished":"2021-07-21T10:17:06+00:00","dateModified":"2021-07-21T12:12:33+00:00","author":{"@id":"https:\/\/www.africa-press.net\/cotedivoire\/#\/schema\/person\/2b1cf3cd81a31e3cd26889ca66d677f1"},"description":"Alors que le pays fait face \u00e0 une augmentation du prix de certains produits, les Ivoiriens attendent des autorit\u00e9s le re ...","breadcrumb":{"@id":"https:\/\/www.africa-press.net\/cotedivoire\/toutes-les-actualites\/cote-divoire-que-fait-le-gouvernement-face-a-la-vie-chere#breadcrumb"},"inLanguage":"fr-FR","potentialAction":[{"@type":"ReadAction","target":["https:\/\/www.africa-press.net\/cotedivoire\/toutes-les-actualites\/cote-divoire-que-fait-le-gouvernement-face-a-la-vie-chere"]}]},{"@type":"ImageObject","inLanguage":"fr-FR","@id":"https:\/\/www.africa-press.net\/cotedivoire\/toutes-les-actualites\/cote-divoire-que-fait-le-gouvernement-face-a-la-vie-chere#primaryimage","url":"https:\/\/static.africa-press.net\/cote\/sites\/43\/2021\/07\/img-60f7f32392805.jpg","contentUrl":"https:\/\/static.africa-press.net\/cote\/sites\/43\/2021\/07\/img-60f7f32392805.jpg","width":720,"height":360,"caption":"C\u00f4te d\u2019Ivoire : que fait le gouvernement face \u00e0 la vie ch\u00e8re ?"},{"@type":"BreadcrumbList","@id":"https:\/\/www.africa-press.net\/cotedivoire\/toutes-les-actualites\/cote-divoire-que-fait-le-gouvernement-face-a-la-vie-chere#breadcrumb","itemListElement":[{"@type":"ListItem","position":1,"name":"Accueil","item":"https:\/\/www.africa-press.net\/cotedivoire\/"},{"@type":"ListItem","position":2,"name":"que fait le gouvernement face \u00e0 la vie ch\u00e8re ?"}]},{"@type":"WebSite","@id":"https:\/\/www.africa-press.net\/cotedivoire\/#website","url":"https:\/\/www.africa-press.net\/cotedivoire\/","name":"C\u00f4te d&#039;Ivoire","description":"Just another Africa News Agency Sites site","potentialAction":[{"@type":"SearchAction","target":{"@type":"EntryPoint","urlTemplate":"https:\/\/www.africa-press.net\/cotedivoire\/?s={search_term_string}"},"query-input":{"@type":"PropertyValueSpecification","valueRequired":true,"valueName":"search_term_string"}}],"inLanguage":"fr-FR"},{"@type":"Person","@id":"https:\/\/www.africa-press.net\/cotedivoire\/#\/schema\/person\/2b1cf3cd81a31e3cd26889ca66d677f1","name":"cfeditorfr"}]}},"_links":{"self":[{"href":"https:\/\/www.africa-press.net\/cotedivoire\/wp-json\/wp\/v2\/posts\/10200","targetHints":{"allow":["GET"]}}],"collection":[{"href":"https:\/\/www.africa-press.net\/cotedivoire\/wp-json\/wp\/v2\/posts"}],"about":[{"href":"https:\/\/www.africa-press.net\/cotedivoire\/wp-json\/wp\/v2\/types\/post"}],"author":[{"embeddable":true,"href":"https:\/\/www.africa-press.net\/cotedivoire\/wp-json\/wp\/v2\/users\/82"}],"replies":[{"embeddable":true,"href":"https:\/\/www.africa-press.net\/cotedivoire\/wp-json\/wp\/v2\/comments?post=10200"}],"version-history":[{"count":0,"href":"https:\/\/www.africa-press.net\/cotedivoire\/wp-json\/wp\/v2\/posts\/10200\/revisions"}],"wp:featuredmedia":[{"embeddable":true,"href":"https:\/\/www.africa-press.net\/cotedivoire\/wp-json\/wp\/v2\/media\/10199"}],"wp:attachment":[{"href":"https:\/\/www.africa-press.net\/cotedivoire\/wp-json\/wp\/v2\/media?parent=10200"}],"wp:term":[{"taxonomy":"category","embeddable":true,"href":"https:\/\/www.africa-press.net\/cotedivoire\/wp-json\/wp\/v2\/categories?post=10200"},{"taxonomy":"post_tag","embeddable":true,"href":"https:\/\/www.africa-press.net\/cotedivoire\/wp-json\/wp\/v2\/tags?post=10200"}],"curies":[{"name":"wp","href":"https:\/\/api.w.org\/{rel}","templated":true}]}}