{"id":10206,"date":"2021-07-21T10:33:28","date_gmt":"2021-07-21T10:33:28","guid":{"rendered":"https:\/\/www.africa-press.net\/cotedivoire\/?p=10206"},"modified":"2021-07-21T12:12:52","modified_gmt":"2021-07-21T12:12:52","slug":"cote-divoire-recus-par-kkb-les-anciens-de-la-fesci-demandent-pardon-au-president-ouattara-pour-les-retours-de-soro-et-ble-goude-2","status":"publish","type":"post","link":"https:\/\/www.africa-press.net\/cotedivoire\/politique\/cote-divoire-recus-par-kkb-les-anciens-de-la-fesci-demandent-pardon-au-president-ouattara-pour-les-retours-de-soro-et-ble-goude-2","title":{"rendered":"Re\u00e7us par KKB, les anciens de la FESCI demandent \u00ab\u00a0pardon\u00a0\u00bb au Pr\u00e9sident Ouattara pour les retours de Soro et Bl\u00e9 Goud\u00e9"},"content":{"rendered":"<p><span style=\"color: #ff6600\"><strong><a href=\"https:\/\/www.africa-press.net\/\">Africa-Press<\/a> &#8211; <a href=\"https:\/\/www.africa-press.net\/cotedivoire\">C\u00f4te d&rsquo;Ivoire<\/a>. <\/strong><\/span>Le lundi 19 juillet 2021, une d\u00e9l\u00e9gation de L\u2019Unafesci, conduite par son Pr\u00e9sident Dr Ahipeaud Martial Joseph, est all\u00e9e rendre visite au Ministre KKB.<\/p>\n<p>Ci-dessous, sa d\u00e9claration liminaire :<\/p>\n<p>\u00ab Nous sommes venus vous dire merci parce que premi\u00e8rement vous avez choisi notre camarade DJUE Eug\u00e8ne 2\u00e8me ex SG de la FESCI, en tant que votre conseiller technique. Cette nomination nous a fait plaisir car elle a remis l\u2019Histoire \u00e0 l\u2019endroit.<\/p>\n<p>Ensuite, lors de votre visite \u00e0 notre si\u00e8ge, vous nous avez confi\u00e9 la r\u00e9ussite de votre mission parce qu\u2019elle serait une victoire de notre g\u00e9n\u00e9ration. Nous avons accept\u00e9 de vous soutenir parce que nous souhaitons arriver au port de la r\u00e9conciliation et de la coh\u00e9sion nationale.<\/p>\n<p>En effet, Monsieur le Ministre, l\u2019Una-fesci est compos\u00e9e de toutes les couches ethniques, r\u00e9gionales et politiques de notre pays. De ce fait, l\u2019Una-fesci risque d\u2019\u00eatre un dommage collat\u00e9ral de toute nouvelle crise . Qui plus est, les anciens fescistes ont trop souffert de toutes les crises pass\u00e9es. C\u2019est pour cela que depuis 2018, nous avons inscrit la r\u00e9conciliation comme notre but ultime.Monsieur le Ministre ! Nous avons beaucoup de r\u00e9ticences et d\u2019inqui\u00e9tudes en d\u00e9pit des grands acquis. Nous pouvons citer, par exemple, le retour des nombreux exil\u00e9s et celui le 17 juin du Pr\u00e9sident Laurent GBAGBO.<\/p>\n<p>Monsieur le Ministre, nous savons tr\u00e8s bien le r\u00f4le que vous avez jou\u00e9 avant m\u00eame que vous ne soyez Ministre, hier comme aujourd\u2019hui. Nous savons que tout ce que vous avez fait le fut qu\u2019avec la b\u00e9n\u00e9diction du Pr\u00e9sident de la R\u00e9publique. Nous voudrons en profiter pour lui dire merci au travers de vous pour avoir permis au camarade Charles BLE GOUDE de s\u2019enr\u00f4ler pour l\u2019obtention de son passeport.Monsieur le Ministre !<\/p>\n<p>Nombre d\u2019ivoiriens doutaient de la r\u00e9ussite de votre mission mais en tant que combattant vous avez r\u00e9ussi \u00e0 prouver que vous \u00eates sur la bonne voie.Cependant, Monsieur le Ministre, nos inqui\u00e9tudes viennent de ce qu\u2019une dynamique de bellig\u00e9rance se met en place. Et c\u2019est notre position qu\u2019aucun ivoirien ne veut retourner en arri\u00e8re.<\/p>\n<p>Les Baoul\u00e9s disent que c\u2019est la route de derri\u00e8re qui est courte mais que la route de devant est longue. En d\u2019autres termes, laissons le pass\u00e9 au pass\u00e9 et cherchons \u00e0 construire un nouveau pacte politique et social et \u00e0 repenser la cote d\u2019ivoire des trente prochaines ann\u00e9es comme nous venons de le faire pour l\u2019\u00e9cole avec le lancement des \u00e9tats g\u00e9n\u00e9raux de l\u2019\u00e9cole ce matin.Les d\u00e9fis sont grands et complexes. Nous sommes \u00e0 la fin de l \u00e9conomie de plantation dans nos pays. Si la pluviom\u00e9trie descend en dessous de 1500 millim\u00e8tres de pluie par an, il n\u2019aura plus d\u2019\u00e9conomie de plantation en C\u00f4te d\u2019ivoire.<\/p>\n<p>Monsieur le ministre ! L\u2019heure est donc grave et \u00e0 la mobilisation citoyenne populaire. Nous savons d\u00e9j\u00e0 les menaces s\u00e9curitaires au Nord. Si nous y ajoutons la question de l\u2019emploi de la jeunesse et la chert\u00e9 de la vie sans oublier les effets d\u00e9vastateurs du covid 19.<\/p>\n<p>Notre pays n\u2019est pas \u00e0 l\u2019abri d\u2019un d\u00e9sastre, Aussi, c\u2019est pour \u00e7a Monsieur le Ministre, l\u2019unafesci souhaite un dialogue \u00e9largi \u00e0 l\u2019ensemble des couches de la soci\u00e9t\u00e9 ivoirienne. Pour trouver des solutions \u00e0 ces probl\u00e9matiques, il nous faut rester concentr\u00e9 et uni. C\u2019est pour \u00e7ela que, Monsieur le Ministre, sous votre parrainage, l\u2019unafesci voudrait mener le combat de la mobilisation citoyenne pour la r\u00e9conciliation.<\/p>\n<p>L\u2018unafesci en appelle \u00e0 la compassion du Pr\u00e9sident de la R\u00e9publique en rapport avec le dossier de notre camarade Guillaume SORO. C\u2019est notre r\u00f4le en tant qu\u2019a\u00een\u00e9s de demander pardon au Pr\u00e9sident pour qu\u2019ils permettent le retour de notre camarade SORO Guillaume.<\/p>\n<p>Monsieur Le Ministre, l\u2019ultime enjeu pour l\u2019unafesci c\u2019est repenser la cote d\u2019ivoire des trente prochaines ann\u00e9es dans l\u2019unit\u00e9 de ses filles et de ses fils.<\/p>\n<p>&nbsp;<\/p>\n","protected":false},"excerpt":{"rendered":"<p>Africa-Press &#8211; C\u00f4te d&rsquo;Ivoire. Le lundi 19 juillet 2021, une d\u00e9l\u00e9gation de L\u2019Unafesci, conduite par son Pr\u00e9sident Dr Ahipeaud Martial Joseph, est all\u00e9e rendre visite au Ministre KKB. Ci-dessous, sa d\u00e9claration liminaire : \u00ab Nous sommes venus vous dire merci parce que premi\u00e8rement vous avez choisi notre camarade DJUE Eug\u00e8ne 2\u00e8me ex SG de la [&hellip;]<\/p>\n","protected":false},"author":82,"featured_media":10205,"comment_status":"open","ping_status":"closed","sticky":false,"template":"","format":"standard","meta":{"footnotes":""},"categories":[11,2,10],"tags":[56,63,29],"class_list":["post-10206","post","type-post","status-publish","format-standard","has-post-thumbnail","hentry","category-homepage-french","category-politique","category-toutes-les-actualites","tag-africa-press","tag-africa-press-cote-divoire","tag-cote-divoire"],"yoast_head":"<!-- This site is optimized with the Yoast SEO Premium plugin v26.1 (Yoast SEO v27.0) - https:\/\/yoast.com\/product\/yoast-seo-premium-wordpress\/ -->\n<title>Re\u00e7us par KKB, les anciens de la FESCI demandent \u00ab\u00a0pardon\u00a0\u00bb au Pr\u00e9sident Ouattara pour les retours de Soro et Bl\u00e9 Goud\u00e9 - C\u00f4te d&#039;Ivoire<\/title>\n<meta name=\"description\" content=\"Le lundi 19 juillet 2021, une d\u00e9l\u00e9gation de L\u2019Unafesci, conduite par son Pr\u00e9sident Dr Ahipeaud Martial Joseph, est all\u00e9e ...\" \/>\n<meta name=\"robots\" content=\"index, follow, max-snippet:-1, max-image-preview:large, max-video-preview:-1\" \/>\n<link rel=\"canonical\" href=\"https:\/\/www.africa-press.net\/cotedivoire\/politique\/cote-divoire-recus-par-kkb-les-anciens-de-la-fesci-demandent-pardon-au-president-ouattara-pour-les-retours-de-soro-et-ble-goude-2\" \/>\n<meta property=\"og:locale\" content=\"fr_FR\" \/>\n<meta property=\"og:type\" content=\"article\" \/>\n<meta property=\"og:title\" content=\"Re\u00e7us par KKB, les anciens de la FESCI demandent \u00ab\u00a0pardon\u00a0\u00bb au Pr\u00e9sident Ouattara pour les retours de Soro et Bl\u00e9 Goud\u00e9\" \/>\n<meta property=\"og:description\" content=\"Le lundi 19 juillet 2021, une d\u00e9l\u00e9gation de L\u2019Unafesci, conduite par son Pr\u00e9sident Dr Ahipeaud Martial Joseph, est all\u00e9e ...\" \/>\n<meta property=\"og:url\" content=\"https:\/\/www.africa-press.net\/cotedivoire\/politique\/cote-divoire-recus-par-kkb-les-anciens-de-la-fesci-demandent-pardon-au-president-ouattara-pour-les-retours-de-soro-et-ble-goude-2\" \/>\n<meta property=\"og:site_name\" content=\"C\u00f4te d&#039;Ivoire\" \/>\n<meta property=\"article:published_time\" content=\"2021-07-21T10:33:28+00:00\" \/>\n<meta property=\"article:modified_time\" content=\"2021-07-21T12:12:52+00:00\" \/>\n<meta property=\"og:image\" content=\"https:\/\/static.africa-press.net\/cote\/sites\/43\/2021\/07\/img-60f7f37499935.jpg\" \/>\n\t<meta property=\"og:image:width\" content=\"1440\" \/>\n\t<meta property=\"og:image:height\" content=\"960\" \/>\n\t<meta property=\"og:image:type\" content=\"image\/jpeg\" \/>\n<meta name=\"author\" content=\"cfeditorfr\" \/>\n<meta name=\"twitter:card\" content=\"summary_large_image\" \/>\n<meta name=\"twitter:label1\" content=\"\u00c9crit par\" \/>\n\t<meta name=\"twitter:data1\" content=\"cfeditorfr\" \/>\n\t<meta name=\"twitter:label2\" content=\"Dur\u00e9e de lecture estim\u00e9e\" \/>\n\t<meta name=\"twitter:data2\" content=\"4 minutes\" \/>\n<script type=\"application\/ld+json\" class=\"yoast-schema-graph\">{\"@context\":\"https:\/\/schema.org\",\"@graph\":[{\"@type\":\"Article\",\"@id\":\"https:\/\/www.africa-press.net\/cotedivoire\/politique\/cote-divoire-recus-par-kkb-les-anciens-de-la-fesci-demandent-pardon-au-president-ouattara-pour-les-retours-de-soro-et-ble-goude-2#article\",\"isPartOf\":{\"@id\":\"https:\/\/www.africa-press.net\/cotedivoire\/politique\/cote-divoire-recus-par-kkb-les-anciens-de-la-fesci-demandent-pardon-au-president-ouattara-pour-les-retours-de-soro-et-ble-goude-2\"},\"author\":{\"name\":\"cfeditorfr\",\"@id\":\"https:\/\/www.africa-press.net\/cotedivoire\/#\/schema\/person\/2b1cf3cd81a31e3cd26889ca66d677f1\"},\"headline\":\"Re\u00e7us par KKB, les anciens de la FESCI demandent \u00ab\u00a0pardon\u00a0\u00bb au Pr\u00e9sident Ouattara pour les retours de Soro et Bl\u00e9 Goud\u00e9\",\"datePublished\":\"2021-07-21T10:33:28+00:00\",\"dateModified\":\"2021-07-21T12:12:52+00:00\",\"mainEntityOfPage\":{\"@id\":\"https:\/\/www.africa-press.net\/cotedivoire\/politique\/cote-divoire-recus-par-kkb-les-anciens-de-la-fesci-demandent-pardon-au-president-ouattara-pour-les-retours-de-soro-et-ble-goude-2\"},\"wordCount\":736,\"commentCount\":0,\"image\":{\"@id\":\"https:\/\/www.africa-press.net\/cotedivoire\/politique\/cote-divoire-recus-par-kkb-les-anciens-de-la-fesci-demandent-pardon-au-president-ouattara-pour-les-retours-de-soro-et-ble-goude-2#primaryimage\"},\"thumbnailUrl\":\"https:\/\/static.africa-press.net\/cote\/sites\/43\/2021\/07\/img-60f7f37499935.jpg\",\"keywords\":[\"Africa Press\",\"Africa Press-C\u00f4te d'Ivoire\",\"C\u00d4TE D'IVOIRE\"],\"articleSection\":[\"homepage-french\",\"Politique\",\"Toutes les actualit\u00e9s\"],\"inLanguage\":\"fr-FR\",\"potentialAction\":[{\"@type\":\"CommentAction\",\"name\":\"Comment\",\"target\":[\"https:\/\/www.africa-press.net\/cotedivoire\/politique\/cote-divoire-recus-par-kkb-les-anciens-de-la-fesci-demandent-pardon-au-president-ouattara-pour-les-retours-de-soro-et-ble-goude-2#respond\"]}]},{\"@type\":\"WebPage\",\"@id\":\"https:\/\/www.africa-press.net\/cotedivoire\/politique\/cote-divoire-recus-par-kkb-les-anciens-de-la-fesci-demandent-pardon-au-president-ouattara-pour-les-retours-de-soro-et-ble-goude-2\",\"url\":\"https:\/\/www.africa-press.net\/cotedivoire\/politique\/cote-divoire-recus-par-kkb-les-anciens-de-la-fesci-demandent-pardon-au-president-ouattara-pour-les-retours-de-soro-et-ble-goude-2\",\"name\":\"Re\u00e7us par KKB, les anciens de la FESCI demandent \u00ab\u00a0pardon\u00a0\u00bb au Pr\u00e9sident Ouattara pour les retours de Soro et Bl\u00e9 Goud\u00e9 - C\u00f4te d&#039;Ivoire\",\"isPartOf\":{\"@id\":\"https:\/\/www.africa-press.net\/cotedivoire\/#website\"},\"primaryImageOfPage\":{\"@id\":\"https:\/\/www.africa-press.net\/cotedivoire\/politique\/cote-divoire-recus-par-kkb-les-anciens-de-la-fesci-demandent-pardon-au-president-ouattara-pour-les-retours-de-soro-et-ble-goude-2#primaryimage\"},\"image\":{\"@id\":\"https:\/\/www.africa-press.net\/cotedivoire\/politique\/cote-divoire-recus-par-kkb-les-anciens-de-la-fesci-demandent-pardon-au-president-ouattara-pour-les-retours-de-soro-et-ble-goude-2#primaryimage\"},\"thumbnailUrl\":\"https:\/\/static.africa-press.net\/cote\/sites\/43\/2021\/07\/img-60f7f37499935.jpg\",\"datePublished\":\"2021-07-21T10:33:28+00:00\",\"dateModified\":\"2021-07-21T12:12:52+00:00\",\"author\":{\"@id\":\"https:\/\/www.africa-press.net\/cotedivoire\/#\/schema\/person\/2b1cf3cd81a31e3cd26889ca66d677f1\"},\"description\":\"Le lundi 19 juillet 2021, une d\u00e9l\u00e9gation de L\u2019Unafesci, conduite par son Pr\u00e9sident Dr Ahipeaud Martial Joseph, est all\u00e9e ...\",\"breadcrumb\":{\"@id\":\"https:\/\/www.africa-press.net\/cotedivoire\/politique\/cote-divoire-recus-par-kkb-les-anciens-de-la-fesci-demandent-pardon-au-president-ouattara-pour-les-retours-de-soro-et-ble-goude-2#breadcrumb\"},\"inLanguage\":\"fr-FR\",\"potentialAction\":[{\"@type\":\"ReadAction\",\"target\":[\"https:\/\/www.africa-press.net\/cotedivoire\/politique\/cote-divoire-recus-par-kkb-les-anciens-de-la-fesci-demandent-pardon-au-president-ouattara-pour-les-retours-de-soro-et-ble-goude-2\"]}]},{\"@type\":\"ImageObject\",\"inLanguage\":\"fr-FR\",\"@id\":\"https:\/\/www.africa-press.net\/cotedivoire\/politique\/cote-divoire-recus-par-kkb-les-anciens-de-la-fesci-demandent-pardon-au-president-ouattara-pour-les-retours-de-soro-et-ble-goude-2#primaryimage\",\"url\":\"https:\/\/static.africa-press.net\/cote\/sites\/43\/2021\/07\/img-60f7f37499935.jpg\",\"contentUrl\":\"https:\/\/static.africa-press.net\/cote\/sites\/43\/2021\/07\/img-60f7f37499935.jpg\",\"width\":1440,\"height\":960,\"caption\":\"C\u00f4te-d\u2019Ivoire: Re\u00e7us par KKB, les anciens de la FESCI demandent \u00ab\u00a0pardon\u00a0\u00bb au Pr\u00e9sident Ouattara pour les retours de Soro et Bl\u00e9 Goud\u00e9\"},{\"@type\":\"BreadcrumbList\",\"@id\":\"https:\/\/www.africa-press.net\/cotedivoire\/politique\/cote-divoire-recus-par-kkb-les-anciens-de-la-fesci-demandent-pardon-au-president-ouattara-pour-les-retours-de-soro-et-ble-goude-2#breadcrumb\",\"itemListElement\":[{\"@type\":\"ListItem\",\"position\":1,\"name\":\"Accueil\",\"item\":\"https:\/\/www.africa-press.net\/cotedivoire\/\"},{\"@type\":\"ListItem\",\"position\":2,\"name\":\"Re\u00e7us par KKB, les anciens de la FESCI demandent \u00ab\u00a0pardon\u00a0\u00bb au Pr\u00e9sident Ouattara pour les retours de Soro et Bl\u00e9 Goud\u00e9\"}]},{\"@type\":\"WebSite\",\"@id\":\"https:\/\/www.africa-press.net\/cotedivoire\/#website\",\"url\":\"https:\/\/www.africa-press.net\/cotedivoire\/\",\"name\":\"C\u00f4te d&#039;Ivoire\",\"description\":\"Just another Africa News Agency Sites site\",\"potentialAction\":[{\"@type\":\"SearchAction\",\"target\":{\"@type\":\"EntryPoint\",\"urlTemplate\":\"https:\/\/www.africa-press.net\/cotedivoire\/?s={search_term_string}\"},\"query-input\":{\"@type\":\"PropertyValueSpecification\",\"valueRequired\":true,\"valueName\":\"search_term_string\"}}],\"inLanguage\":\"fr-FR\"},{\"@type\":\"Person\",\"@id\":\"https:\/\/www.africa-press.net\/cotedivoire\/#\/schema\/person\/2b1cf3cd81a31e3cd26889ca66d677f1\",\"name\":\"cfeditorfr\"}]}<\/script>\n<!-- \/ Yoast SEO Premium plugin. -->","yoast_head_json":{"title":"Re\u00e7us par KKB, les anciens de la FESCI demandent \u00ab\u00a0pardon\u00a0\u00bb au Pr\u00e9sident Ouattara pour les retours de Soro et Bl\u00e9 Goud\u00e9 - C\u00f4te d&#039;Ivoire","description":"Le lundi 19 juillet 2021, une d\u00e9l\u00e9gation de L\u2019Unafesci, conduite par son Pr\u00e9sident Dr Ahipeaud Martial Joseph, est all\u00e9e ...","robots":{"index":"index","follow":"follow","max-snippet":"max-snippet:-1","max-image-preview":"max-image-preview:large","max-video-preview":"max-video-preview:-1"},"canonical":"https:\/\/www.africa-press.net\/cotedivoire\/politique\/cote-divoire-recus-par-kkb-les-anciens-de-la-fesci-demandent-pardon-au-president-ouattara-pour-les-retours-de-soro-et-ble-goude-2","og_locale":"fr_FR","og_type":"article","og_title":"Re\u00e7us par KKB, les anciens de la FESCI demandent \u00ab\u00a0pardon\u00a0\u00bb au Pr\u00e9sident Ouattara pour les retours de Soro et Bl\u00e9 Goud\u00e9","og_description":"Le lundi 19 juillet 2021, une d\u00e9l\u00e9gation de L\u2019Unafesci, conduite par son Pr\u00e9sident Dr Ahipeaud Martial Joseph, est all\u00e9e ...","og_url":"https:\/\/www.africa-press.net\/cotedivoire\/politique\/cote-divoire-recus-par-kkb-les-anciens-de-la-fesci-demandent-pardon-au-president-ouattara-pour-les-retours-de-soro-et-ble-goude-2","og_site_name":"C\u00f4te d&#039;Ivoire","article_published_time":"2021-07-21T10:33:28+00:00","article_modified_time":"2021-07-21T12:12:52+00:00","og_image":[{"width":1440,"height":960,"url":"https:\/\/static.africa-press.net\/cote\/sites\/43\/2021\/07\/img-60f7f37499935.jpg","type":"image\/jpeg"}],"author":"cfeditorfr","twitter_card":"summary_large_image","twitter_misc":{"\u00c9crit par":"cfeditorfr","Dur\u00e9e de lecture estim\u00e9e":"4 minutes"},"schema":{"@context":"https:\/\/schema.org","@graph":[{"@type":"Article","@id":"https:\/\/www.africa-press.net\/cotedivoire\/politique\/cote-divoire-recus-par-kkb-les-anciens-de-la-fesci-demandent-pardon-au-president-ouattara-pour-les-retours-de-soro-et-ble-goude-2#article","isPartOf":{"@id":"https:\/\/www.africa-press.net\/cotedivoire\/politique\/cote-divoire-recus-par-kkb-les-anciens-de-la-fesci-demandent-pardon-au-president-ouattara-pour-les-retours-de-soro-et-ble-goude-2"},"author":{"name":"cfeditorfr","@id":"https:\/\/www.africa-press.net\/cotedivoire\/#\/schema\/person\/2b1cf3cd81a31e3cd26889ca66d677f1"},"headline":"Re\u00e7us par KKB, les anciens de la FESCI demandent \u00ab\u00a0pardon\u00a0\u00bb au Pr\u00e9sident Ouattara pour les retours de Soro et Bl\u00e9 Goud\u00e9","datePublished":"2021-07-21T10:33:28+00:00","dateModified":"2021-07-21T12:12:52+00:00","mainEntityOfPage":{"@id":"https:\/\/www.africa-press.net\/cotedivoire\/politique\/cote-divoire-recus-par-kkb-les-anciens-de-la-fesci-demandent-pardon-au-president-ouattara-pour-les-retours-de-soro-et-ble-goude-2"},"wordCount":736,"commentCount":0,"image":{"@id":"https:\/\/www.africa-press.net\/cotedivoire\/politique\/cote-divoire-recus-par-kkb-les-anciens-de-la-fesci-demandent-pardon-au-president-ouattara-pour-les-retours-de-soro-et-ble-goude-2#primaryimage"},"thumbnailUrl":"https:\/\/static.africa-press.net\/cote\/sites\/43\/2021\/07\/img-60f7f37499935.jpg","keywords":["Africa Press","Africa Press-C\u00f4te d'Ivoire","C\u00d4TE D'IVOIRE"],"articleSection":["homepage-french","Politique","Toutes les actualit\u00e9s"],"inLanguage":"fr-FR","potentialAction":[{"@type":"CommentAction","name":"Comment","target":["https:\/\/www.africa-press.net\/cotedivoire\/politique\/cote-divoire-recus-par-kkb-les-anciens-de-la-fesci-demandent-pardon-au-president-ouattara-pour-les-retours-de-soro-et-ble-goude-2#respond"]}]},{"@type":"WebPage","@id":"https:\/\/www.africa-press.net\/cotedivoire\/politique\/cote-divoire-recus-par-kkb-les-anciens-de-la-fesci-demandent-pardon-au-president-ouattara-pour-les-retours-de-soro-et-ble-goude-2","url":"https:\/\/www.africa-press.net\/cotedivoire\/politique\/cote-divoire-recus-par-kkb-les-anciens-de-la-fesci-demandent-pardon-au-president-ouattara-pour-les-retours-de-soro-et-ble-goude-2","name":"Re\u00e7us par KKB, les anciens de la FESCI demandent \u00ab\u00a0pardon\u00a0\u00bb au Pr\u00e9sident Ouattara pour les retours de Soro et Bl\u00e9 Goud\u00e9 - C\u00f4te d&#039;Ivoire","isPartOf":{"@id":"https:\/\/www.africa-press.net\/cotedivoire\/#website"},"primaryImageOfPage":{"@id":"https:\/\/www.africa-press.net\/cotedivoire\/politique\/cote-divoire-recus-par-kkb-les-anciens-de-la-fesci-demandent-pardon-au-president-ouattara-pour-les-retours-de-soro-et-ble-goude-2#primaryimage"},"image":{"@id":"https:\/\/www.africa-press.net\/cotedivoire\/politique\/cote-divoire-recus-par-kkb-les-anciens-de-la-fesci-demandent-pardon-au-president-ouattara-pour-les-retours-de-soro-et-ble-goude-2#primaryimage"},"thumbnailUrl":"https:\/\/static.africa-press.net\/cote\/sites\/43\/2021\/07\/img-60f7f37499935.jpg","datePublished":"2021-07-21T10:33:28+00:00","dateModified":"2021-07-21T12:12:52+00:00","author":{"@id":"https:\/\/www.africa-press.net\/cotedivoire\/#\/schema\/person\/2b1cf3cd81a31e3cd26889ca66d677f1"},"description":"Le lundi 19 juillet 2021, une d\u00e9l\u00e9gation de L\u2019Unafesci, conduite par son Pr\u00e9sident Dr Ahipeaud Martial Joseph, est all\u00e9e ...","breadcrumb":{"@id":"https:\/\/www.africa-press.net\/cotedivoire\/politique\/cote-divoire-recus-par-kkb-les-anciens-de-la-fesci-demandent-pardon-au-president-ouattara-pour-les-retours-de-soro-et-ble-goude-2#breadcrumb"},"inLanguage":"fr-FR","potentialAction":[{"@type":"ReadAction","target":["https:\/\/www.africa-press.net\/cotedivoire\/politique\/cote-divoire-recus-par-kkb-les-anciens-de-la-fesci-demandent-pardon-au-president-ouattara-pour-les-retours-de-soro-et-ble-goude-2"]}]},{"@type":"ImageObject","inLanguage":"fr-FR","@id":"https:\/\/www.africa-press.net\/cotedivoire\/politique\/cote-divoire-recus-par-kkb-les-anciens-de-la-fesci-demandent-pardon-au-president-ouattara-pour-les-retours-de-soro-et-ble-goude-2#primaryimage","url":"https:\/\/static.africa-press.net\/cote\/sites\/43\/2021\/07\/img-60f7f37499935.jpg","contentUrl":"https:\/\/static.africa-press.net\/cote\/sites\/43\/2021\/07\/img-60f7f37499935.jpg","width":1440,"height":960,"caption":"C\u00f4te-d\u2019Ivoire: Re\u00e7us par KKB, les anciens de la FESCI demandent \u00ab\u00a0pardon\u00a0\u00bb au Pr\u00e9sident Ouattara pour les retours de Soro et Bl\u00e9 Goud\u00e9"},{"@type":"BreadcrumbList","@id":"https:\/\/www.africa-press.net\/cotedivoire\/politique\/cote-divoire-recus-par-kkb-les-anciens-de-la-fesci-demandent-pardon-au-president-ouattara-pour-les-retours-de-soro-et-ble-goude-2#breadcrumb","itemListElement":[{"@type":"ListItem","position":1,"name":"Accueil","item":"https:\/\/www.africa-press.net\/cotedivoire\/"},{"@type":"ListItem","position":2,"name":"Re\u00e7us par KKB, les anciens de la FESCI demandent \u00ab\u00a0pardon\u00a0\u00bb au Pr\u00e9sident Ouattara pour les retours de Soro et Bl\u00e9 Goud\u00e9"}]},{"@type":"WebSite","@id":"https:\/\/www.africa-press.net\/cotedivoire\/#website","url":"https:\/\/www.africa-press.net\/cotedivoire\/","name":"C\u00f4te d&#039;Ivoire","description":"Just another Africa News Agency Sites site","potentialAction":[{"@type":"SearchAction","target":{"@type":"EntryPoint","urlTemplate":"https:\/\/www.africa-press.net\/cotedivoire\/?s={search_term_string}"},"query-input":{"@type":"PropertyValueSpecification","valueRequired":true,"valueName":"search_term_string"}}],"inLanguage":"fr-FR"},{"@type":"Person","@id":"https:\/\/www.africa-press.net\/cotedivoire\/#\/schema\/person\/2b1cf3cd81a31e3cd26889ca66d677f1","name":"cfeditorfr"}]}},"_links":{"self":[{"href":"https:\/\/www.africa-press.net\/cotedivoire\/wp-json\/wp\/v2\/posts\/10206","targetHints":{"allow":["GET"]}}],"collection":[{"href":"https:\/\/www.africa-press.net\/cotedivoire\/wp-json\/wp\/v2\/posts"}],"about":[{"href":"https:\/\/www.africa-press.net\/cotedivoire\/wp-json\/wp\/v2\/types\/post"}],"author":[{"embeddable":true,"href":"https:\/\/www.africa-press.net\/cotedivoire\/wp-json\/wp\/v2\/users\/82"}],"replies":[{"embeddable":true,"href":"https:\/\/www.africa-press.net\/cotedivoire\/wp-json\/wp\/v2\/comments?post=10206"}],"version-history":[{"count":0,"href":"https:\/\/www.africa-press.net\/cotedivoire\/wp-json\/wp\/v2\/posts\/10206\/revisions"}],"wp:featuredmedia":[{"embeddable":true,"href":"https:\/\/www.africa-press.net\/cotedivoire\/wp-json\/wp\/v2\/media\/10205"}],"wp:attachment":[{"href":"https:\/\/www.africa-press.net\/cotedivoire\/wp-json\/wp\/v2\/media?parent=10206"}],"wp:term":[{"taxonomy":"category","embeddable":true,"href":"https:\/\/www.africa-press.net\/cotedivoire\/wp-json\/wp\/v2\/categories?post=10206"},{"taxonomy":"post_tag","embeddable":true,"href":"https:\/\/www.africa-press.net\/cotedivoire\/wp-json\/wp\/v2\/tags?post=10206"}],"curies":[{"name":"wp","href":"https:\/\/api.w.org\/{rel}","templated":true}]}}