{"id":102114,"date":"2025-07-11T17:51:12","date_gmt":"2025-07-11T17:51:12","guid":{"rendered":"https:\/\/www.africa-press.net\/cotedivoire\/politique\/succession-douattara-bictogo-pret-a-relever-le-defi"},"modified":"2025-07-11T19:07:02","modified_gmt":"2025-07-11T19:07:02","slug":"succession-douattara-bictogo-pret-a-relever-le-defi","status":"publish","type":"post","link":"https:\/\/www.africa-press.net\/cotedivoire\/politique\/succession-douattara-bictogo-pret-a-relever-le-defi","title":{"rendered":"Succession d&rsquo;Ouattara Bictogo pr\u00eat \u00e0 relever le d\u00e9fi"},"content":{"rendered":"<p><span style=\"color: #ff6600\"><strong>Africa-Press &#8211; C\u00f4te d&rsquo;Ivoire. <\/strong><\/span>Sur le plateau de France 24, Adama Bictogo, pre\u0301sident de l\u2019Assemble\u0301e nationale de Co\u0302te d\u2019Ivoire, a laisse\u0301 entrevoir sa disponibilite\u0301 a\u0300 se porter candidat a\u0300 la pre\u0301sidentielle de 2025, dans l\u2019hypothe\u0300se ou\u0300 le pre\u0301sident Alassane Ouattara ne briguerait pas un nouveau mandat. Une de\u0301claration mesure\u0301e mais lourde de sens, qui re\u0301ve\u0300le les ambitions d\u2019un fide\u0300le parmi les fide\u0300les du chef de l\u2019E\u0301tat.<\/p>\n<p>Pluto\u0302t que de s\u2019afficher comme un pre\u0301tendant presse\u0301 ou un dauphin autoproclame\u0301, Adama Bictogo pre\u0301fe\u0300re s\u2019inscrire dans une dynamique d\u2019engagement au service du parti et de son leader. \u00ab Depuis plus de 30 ans, je suis un homme de mission \u00bb, a-t-il rappele\u0301, soulignant que toutes les grandes responsabilite\u0301s qu\u2019il a assume\u0301es l\u2019ont e\u0301te\u0301 sur instruction ou par confiance du pre\u0301sident Ouattara.<\/p>\n<p>Revenant sur ses re\u0301centes victoires politiques, il a e\u0301voque\u0301 notamment son e\u0301lection a\u0300 la te\u0302te de la mairie de Yopougon, fief historique de l\u2019opposition, ou\u0300 il n\u2019avait pourtant jamais re\u0301side\u0301. \u00ab Le pre\u0301sident m\u2019a envoye\u0301 en mission dans une commune ou\u0300 le RHDP n\u2019avait pas d\u2019ancrage fort, et j\u2019ai gagne\u0301 \u00bb, a-t-il explique\u0301. Me\u0302me logique lorsqu\u2019il parle de son e\u0301lection a\u0300 la pre\u0301sidence de l\u2019Assemble\u0301e nationale, ou\u0300 il affirme avoir obtenu \u00ab 99% des voix \u00bb.<\/p>\n<p>Pour Adama Bictogo, le leadership politique ne se de\u0301cre\u0300te pas, il s\u2019inscrit dans une dynamique de confiance, de loyaute\u0301 et de service. Il n\u2019a ainsi pas explicitement de\u0301clare\u0301 sa candidature, mais a laisse\u0301 entendre que, si les circonstances l\u2019imposaient et que le pre\u0301sident Ouattara estimait que son profil re\u0301pond aux exigences du moment, il se tiendrait pre\u0302t: \u00ab Si le contexte et l\u2019enjeu fondent que le choix du pre\u0301sident doit e\u0302tre ma personne, je re\u0301pondrai a\u0300 son appel \u00bb.<\/p>\n<p>En somme, l\u2019homme fort de Yopougon ne ferme aucune porte et se positionne dans l\u2019ombre du chef de l\u2019E\u0301tat, pre\u0302t a\u0300 re\u0301pondre une fois de plus a\u0300 l\u2019appel du devoir.<\/p>\n<p><strong>Pour plus d&rsquo;informations et d&rsquo;analyses sur la <span style=\"color: #ff6600\">C\u00f4te d&rsquo;Ivoire<\/span>, suivez <span style=\"color: #ff6600\">Africa-Press<\/span><\/strong><\/p>\n","protected":false},"excerpt":{"rendered":"<p>Africa-Press &#8211; C\u00f4te d&rsquo;Ivoire. Sur le plateau de France 24, Adama Bictogo, pre\u0301sident de l\u2019Assemble\u0301e nationale de Co\u0302te d\u2019Ivoire, a laisse\u0301 entrevoir sa disponibilite\u0301 a\u0300 se porter candidat a\u0300 la pre\u0301sidentielle de 2025, dans l\u2019hypothe\u0300se ou\u0300 le pre\u0301sident Alassane Ouattara ne briguerait pas un nouveau mandat. Une de\u0301claration mesure\u0301e mais lourde de sens, qui re\u0301ve\u0300le [&hellip;]<\/p>\n","protected":false},"author":82,"featured_media":102113,"comment_status":"open","ping_status":"closed","sticky":false,"template":"","format":"standard","meta":{"footnotes":""},"categories":[2,20,10],"tags":[1930,29,3634,727,371],"class_list":["post-102114","post","type-post","status-publish","format-standard","has-post-thumbnail","hentry","category-politique","category-top-nouvelles","category-toutes-les-actualites","tag-bictogo","tag-cote-divoire","tag-mandat","tag-ouattara","tag-rhdp"],"yoast_head":"<!-- This site is optimized with the Yoast SEO Premium plugin v26.1 (Yoast SEO v27.0) - https:\/\/yoast.com\/product\/yoast-seo-premium-wordpress\/ -->\n<title>Succession d&#039;Ouattara Bictogo pr\u00eat \u00e0 relever le d\u00e9fi - C\u00f4te d&#039;Ivoire<\/title>\n<meta name=\"description\" content=\"Sur le plateau de France 24, Adama Bictogo, pre\u0301sident de l\u2019Assemble\u0301e nationale de Co\u0302te d\u2019Ivoire, a laisse\u0301 entrevoir ...\" \/>\n<meta name=\"robots\" content=\"index, follow, max-snippet:-1, max-image-preview:large, max-video-preview:-1\" \/>\n<link rel=\"canonical\" href=\"https:\/\/www.africa-press.net\/cotedivoire\/politique\/succession-douattara-bictogo-pret-a-relever-le-defi\" \/>\n<meta property=\"og:locale\" content=\"fr_FR\" \/>\n<meta property=\"og:type\" content=\"article\" \/>\n<meta property=\"og:title\" content=\"Succession d&#039;Ouattara Bictogo pr\u00eat \u00e0 relever le d\u00e9fi\" \/>\n<meta property=\"og:description\" content=\"Sur le plateau de France 24, Adama Bictogo, pre\u0301sident de l\u2019Assemble\u0301e nationale de Co\u0302te d\u2019Ivoire, a laisse\u0301 entrevoir ...\" \/>\n<meta property=\"og:url\" content=\"https:\/\/www.africa-press.net\/cotedivoire\/politique\/succession-douattara-bictogo-pret-a-relever-le-defi\" \/>\n<meta property=\"og:site_name\" content=\"C\u00f4te d&#039;Ivoire\" \/>\n<meta property=\"article:published_time\" content=\"2025-07-11T17:51:12+00:00\" \/>\n<meta property=\"article:modified_time\" content=\"2025-07-11T19:07:02+00:00\" \/>\n<meta property=\"og:image\" content=\"https:\/\/static.africa-press.net\/cote\/sites\/43\/2025\/07\/sm_1752248091.360235.jpg\" \/>\n\t<meta property=\"og:image:width\" content=\"1000\" \/>\n\t<meta property=\"og:image:height\" content=\"644\" \/>\n\t<meta property=\"og:image:type\" content=\"image\/jpeg\" \/>\n<meta name=\"author\" content=\"cfeditorfr\" \/>\n<meta name=\"twitter:card\" content=\"summary_large_image\" \/>\n<meta name=\"twitter:label1\" content=\"\u00c9crit par\" \/>\n\t<meta name=\"twitter:data1\" content=\"cfeditorfr\" \/>\n\t<meta name=\"twitter:label2\" content=\"Dur\u00e9e de lecture estim\u00e9e\" \/>\n\t<meta name=\"twitter:data2\" content=\"2 minutes\" \/>\n<script type=\"application\/ld+json\" class=\"yoast-schema-graph\">{\"@context\":\"https:\/\/schema.org\",\"@graph\":[{\"@type\":\"Article\",\"@id\":\"https:\/\/www.africa-press.net\/cotedivoire\/politique\/succession-douattara-bictogo-pret-a-relever-le-defi#article\",\"isPartOf\":{\"@id\":\"https:\/\/www.africa-press.net\/cotedivoire\/politique\/succession-douattara-bictogo-pret-a-relever-le-defi\"},\"author\":{\"name\":\"cfeditorfr\",\"@id\":\"https:\/\/www.africa-press.net\/cotedivoire\/#\/schema\/person\/2b1cf3cd81a31e3cd26889ca66d677f1\"},\"headline\":\"Succession d&rsquo;Ouattara Bictogo pr\u00eat \u00e0 relever le d\u00e9fi\",\"datePublished\":\"2025-07-11T17:51:12+00:00\",\"dateModified\":\"2025-07-11T19:07:02+00:00\",\"mainEntityOfPage\":{\"@id\":\"https:\/\/www.africa-press.net\/cotedivoire\/politique\/succession-douattara-bictogo-pret-a-relever-le-defi\"},\"wordCount\":397,\"commentCount\":0,\"image\":{\"@id\":\"https:\/\/www.africa-press.net\/cotedivoire\/politique\/succession-douattara-bictogo-pret-a-relever-le-defi#primaryimage\"},\"thumbnailUrl\":\"https:\/\/static.africa-press.net\/cote\/sites\/43\/2025\/07\/sm_1752248091.360235.jpg\",\"keywords\":[\"Bictogo\",\"C\u00d4TE D'IVOIRE\",\"mandat\",\"Ouattara\",\"RHDP\"],\"articleSection\":[\"Politique\",\"Top Nouvelles\",\"Toutes les actualit\u00e9s\"],\"inLanguage\":\"fr-FR\",\"potentialAction\":[{\"@type\":\"CommentAction\",\"name\":\"Comment\",\"target\":[\"https:\/\/www.africa-press.net\/cotedivoire\/politique\/succession-douattara-bictogo-pret-a-relever-le-defi#respond\"]}]},{\"@type\":\"WebPage\",\"@id\":\"https:\/\/www.africa-press.net\/cotedivoire\/politique\/succession-douattara-bictogo-pret-a-relever-le-defi\",\"url\":\"https:\/\/www.africa-press.net\/cotedivoire\/politique\/succession-douattara-bictogo-pret-a-relever-le-defi\",\"name\":\"Succession d'Ouattara Bictogo pr\u00eat \u00e0 relever le d\u00e9fi - C\u00f4te d&#039;Ivoire\",\"isPartOf\":{\"@id\":\"https:\/\/www.africa-press.net\/cotedivoire\/#website\"},\"primaryImageOfPage\":{\"@id\":\"https:\/\/www.africa-press.net\/cotedivoire\/politique\/succession-douattara-bictogo-pret-a-relever-le-defi#primaryimage\"},\"image\":{\"@id\":\"https:\/\/www.africa-press.net\/cotedivoire\/politique\/succession-douattara-bictogo-pret-a-relever-le-defi#primaryimage\"},\"thumbnailUrl\":\"https:\/\/static.africa-press.net\/cote\/sites\/43\/2025\/07\/sm_1752248091.360235.jpg\",\"datePublished\":\"2025-07-11T17:51:12+00:00\",\"dateModified\":\"2025-07-11T19:07:02+00:00\",\"author\":{\"@id\":\"https:\/\/www.africa-press.net\/cotedivoire\/#\/schema\/person\/2b1cf3cd81a31e3cd26889ca66d677f1\"},\"description\":\"Sur le plateau de France 24, Adama Bictogo, pre\u0301sident de l\u2019Assemble\u0301e nationale de Co\u0302te d\u2019Ivoire, a laisse\u0301 entrevoir ...\",\"breadcrumb\":{\"@id\":\"https:\/\/www.africa-press.net\/cotedivoire\/politique\/succession-douattara-bictogo-pret-a-relever-le-defi#breadcrumb\"},\"inLanguage\":\"fr-FR\",\"potentialAction\":[{\"@type\":\"ReadAction\",\"target\":[\"https:\/\/www.africa-press.net\/cotedivoire\/politique\/succession-douattara-bictogo-pret-a-relever-le-defi\"]}]},{\"@type\":\"ImageObject\",\"inLanguage\":\"fr-FR\",\"@id\":\"https:\/\/www.africa-press.net\/cotedivoire\/politique\/succession-douattara-bictogo-pret-a-relever-le-defi#primaryimage\",\"url\":\"https:\/\/static.africa-press.net\/cote\/sites\/43\/2025\/07\/sm_1752248091.360235.jpg\",\"contentUrl\":\"https:\/\/static.africa-press.net\/cote\/sites\/43\/2025\/07\/sm_1752248091.360235.jpg\",\"width\":1000,\"height\":644,\"caption\":\"Succession d'Ouattara Bictogo pr\u00eat \u00e0 relever le d\u00e9fi\"},{\"@type\":\"BreadcrumbList\",\"@id\":\"https:\/\/www.africa-press.net\/cotedivoire\/politique\/succession-douattara-bictogo-pret-a-relever-le-defi#breadcrumb\",\"itemListElement\":[{\"@type\":\"ListItem\",\"position\":1,\"name\":\"Accueil\",\"item\":\"https:\/\/www.africa-press.net\/cotedivoire\/\"},{\"@type\":\"ListItem\",\"position\":2,\"name\":\"Succession d&#8217;Ouattara Bictogo pr\u00eat \u00e0 relever le d\u00e9fi\"}]},{\"@type\":\"WebSite\",\"@id\":\"https:\/\/www.africa-press.net\/cotedivoire\/#website\",\"url\":\"https:\/\/www.africa-press.net\/cotedivoire\/\",\"name\":\"C\u00f4te d&#039;Ivoire\",\"description\":\"Just another Africa News Agency Sites site\",\"potentialAction\":[{\"@type\":\"SearchAction\",\"target\":{\"@type\":\"EntryPoint\",\"urlTemplate\":\"https:\/\/www.africa-press.net\/cotedivoire\/?s={search_term_string}\"},\"query-input\":{\"@type\":\"PropertyValueSpecification\",\"valueRequired\":true,\"valueName\":\"search_term_string\"}}],\"inLanguage\":\"fr-FR\"},{\"@type\":\"Person\",\"@id\":\"https:\/\/www.africa-press.net\/cotedivoire\/#\/schema\/person\/2b1cf3cd81a31e3cd26889ca66d677f1\",\"name\":\"cfeditorfr\"}]}<\/script>\n<!-- \/ Yoast SEO Premium plugin. -->","yoast_head_json":{"title":"Succession d'Ouattara Bictogo pr\u00eat \u00e0 relever le d\u00e9fi - C\u00f4te d&#039;Ivoire","description":"Sur le plateau de France 24, Adama Bictogo, pre\u0301sident de l\u2019Assemble\u0301e nationale de Co\u0302te d\u2019Ivoire, a laisse\u0301 entrevoir ...","robots":{"index":"index","follow":"follow","max-snippet":"max-snippet:-1","max-image-preview":"max-image-preview:large","max-video-preview":"max-video-preview:-1"},"canonical":"https:\/\/www.africa-press.net\/cotedivoire\/politique\/succession-douattara-bictogo-pret-a-relever-le-defi","og_locale":"fr_FR","og_type":"article","og_title":"Succession d'Ouattara Bictogo pr\u00eat \u00e0 relever le d\u00e9fi","og_description":"Sur le plateau de France 24, Adama Bictogo, pre\u0301sident de l\u2019Assemble\u0301e nationale de Co\u0302te d\u2019Ivoire, a laisse\u0301 entrevoir ...","og_url":"https:\/\/www.africa-press.net\/cotedivoire\/politique\/succession-douattara-bictogo-pret-a-relever-le-defi","og_site_name":"C\u00f4te d&#039;Ivoire","article_published_time":"2025-07-11T17:51:12+00:00","article_modified_time":"2025-07-11T19:07:02+00:00","og_image":[{"width":1000,"height":644,"url":"https:\/\/static.africa-press.net\/cote\/sites\/43\/2025\/07\/sm_1752248091.360235.jpg","type":"image\/jpeg"}],"author":"cfeditorfr","twitter_card":"summary_large_image","twitter_misc":{"\u00c9crit par":"cfeditorfr","Dur\u00e9e de lecture estim\u00e9e":"2 minutes"},"schema":{"@context":"https:\/\/schema.org","@graph":[{"@type":"Article","@id":"https:\/\/www.africa-press.net\/cotedivoire\/politique\/succession-douattara-bictogo-pret-a-relever-le-defi#article","isPartOf":{"@id":"https:\/\/www.africa-press.net\/cotedivoire\/politique\/succession-douattara-bictogo-pret-a-relever-le-defi"},"author":{"name":"cfeditorfr","@id":"https:\/\/www.africa-press.net\/cotedivoire\/#\/schema\/person\/2b1cf3cd81a31e3cd26889ca66d677f1"},"headline":"Succession d&rsquo;Ouattara Bictogo pr\u00eat \u00e0 relever le d\u00e9fi","datePublished":"2025-07-11T17:51:12+00:00","dateModified":"2025-07-11T19:07:02+00:00","mainEntityOfPage":{"@id":"https:\/\/www.africa-press.net\/cotedivoire\/politique\/succession-douattara-bictogo-pret-a-relever-le-defi"},"wordCount":397,"commentCount":0,"image":{"@id":"https:\/\/www.africa-press.net\/cotedivoire\/politique\/succession-douattara-bictogo-pret-a-relever-le-defi#primaryimage"},"thumbnailUrl":"https:\/\/static.africa-press.net\/cote\/sites\/43\/2025\/07\/sm_1752248091.360235.jpg","keywords":["Bictogo","C\u00d4TE D'IVOIRE","mandat","Ouattara","RHDP"],"articleSection":["Politique","Top Nouvelles","Toutes les actualit\u00e9s"],"inLanguage":"fr-FR","potentialAction":[{"@type":"CommentAction","name":"Comment","target":["https:\/\/www.africa-press.net\/cotedivoire\/politique\/succession-douattara-bictogo-pret-a-relever-le-defi#respond"]}]},{"@type":"WebPage","@id":"https:\/\/www.africa-press.net\/cotedivoire\/politique\/succession-douattara-bictogo-pret-a-relever-le-defi","url":"https:\/\/www.africa-press.net\/cotedivoire\/politique\/succession-douattara-bictogo-pret-a-relever-le-defi","name":"Succession d'Ouattara Bictogo pr\u00eat \u00e0 relever le d\u00e9fi - C\u00f4te d&#039;Ivoire","isPartOf":{"@id":"https:\/\/www.africa-press.net\/cotedivoire\/#website"},"primaryImageOfPage":{"@id":"https:\/\/www.africa-press.net\/cotedivoire\/politique\/succession-douattara-bictogo-pret-a-relever-le-defi#primaryimage"},"image":{"@id":"https:\/\/www.africa-press.net\/cotedivoire\/politique\/succession-douattara-bictogo-pret-a-relever-le-defi#primaryimage"},"thumbnailUrl":"https:\/\/static.africa-press.net\/cote\/sites\/43\/2025\/07\/sm_1752248091.360235.jpg","datePublished":"2025-07-11T17:51:12+00:00","dateModified":"2025-07-11T19:07:02+00:00","author":{"@id":"https:\/\/www.africa-press.net\/cotedivoire\/#\/schema\/person\/2b1cf3cd81a31e3cd26889ca66d677f1"},"description":"Sur le plateau de France 24, Adama Bictogo, pre\u0301sident de l\u2019Assemble\u0301e nationale de Co\u0302te d\u2019Ivoire, a laisse\u0301 entrevoir ...","breadcrumb":{"@id":"https:\/\/www.africa-press.net\/cotedivoire\/politique\/succession-douattara-bictogo-pret-a-relever-le-defi#breadcrumb"},"inLanguage":"fr-FR","potentialAction":[{"@type":"ReadAction","target":["https:\/\/www.africa-press.net\/cotedivoire\/politique\/succession-douattara-bictogo-pret-a-relever-le-defi"]}]},{"@type":"ImageObject","inLanguage":"fr-FR","@id":"https:\/\/www.africa-press.net\/cotedivoire\/politique\/succession-douattara-bictogo-pret-a-relever-le-defi#primaryimage","url":"https:\/\/static.africa-press.net\/cote\/sites\/43\/2025\/07\/sm_1752248091.360235.jpg","contentUrl":"https:\/\/static.africa-press.net\/cote\/sites\/43\/2025\/07\/sm_1752248091.360235.jpg","width":1000,"height":644,"caption":"Succession d'Ouattara Bictogo pr\u00eat \u00e0 relever le d\u00e9fi"},{"@type":"BreadcrumbList","@id":"https:\/\/www.africa-press.net\/cotedivoire\/politique\/succession-douattara-bictogo-pret-a-relever-le-defi#breadcrumb","itemListElement":[{"@type":"ListItem","position":1,"name":"Accueil","item":"https:\/\/www.africa-press.net\/cotedivoire\/"},{"@type":"ListItem","position":2,"name":"Succession d&#8217;Ouattara Bictogo pr\u00eat \u00e0 relever le d\u00e9fi"}]},{"@type":"WebSite","@id":"https:\/\/www.africa-press.net\/cotedivoire\/#website","url":"https:\/\/www.africa-press.net\/cotedivoire\/","name":"C\u00f4te d&#039;Ivoire","description":"Just another Africa News Agency Sites site","potentialAction":[{"@type":"SearchAction","target":{"@type":"EntryPoint","urlTemplate":"https:\/\/www.africa-press.net\/cotedivoire\/?s={search_term_string}"},"query-input":{"@type":"PropertyValueSpecification","valueRequired":true,"valueName":"search_term_string"}}],"inLanguage":"fr-FR"},{"@type":"Person","@id":"https:\/\/www.africa-press.net\/cotedivoire\/#\/schema\/person\/2b1cf3cd81a31e3cd26889ca66d677f1","name":"cfeditorfr"}]}},"_links":{"self":[{"href":"https:\/\/www.africa-press.net\/cotedivoire\/wp-json\/wp\/v2\/posts\/102114","targetHints":{"allow":["GET"]}}],"collection":[{"href":"https:\/\/www.africa-press.net\/cotedivoire\/wp-json\/wp\/v2\/posts"}],"about":[{"href":"https:\/\/www.africa-press.net\/cotedivoire\/wp-json\/wp\/v2\/types\/post"}],"author":[{"embeddable":true,"href":"https:\/\/www.africa-press.net\/cotedivoire\/wp-json\/wp\/v2\/users\/82"}],"replies":[{"embeddable":true,"href":"https:\/\/www.africa-press.net\/cotedivoire\/wp-json\/wp\/v2\/comments?post=102114"}],"version-history":[{"count":0,"href":"https:\/\/www.africa-press.net\/cotedivoire\/wp-json\/wp\/v2\/posts\/102114\/revisions"}],"wp:featuredmedia":[{"embeddable":true,"href":"https:\/\/www.africa-press.net\/cotedivoire\/wp-json\/wp\/v2\/media\/102113"}],"wp:attachment":[{"href":"https:\/\/www.africa-press.net\/cotedivoire\/wp-json\/wp\/v2\/media?parent=102114"}],"wp:term":[{"taxonomy":"category","embeddable":true,"href":"https:\/\/www.africa-press.net\/cotedivoire\/wp-json\/wp\/v2\/categories?post=102114"},{"taxonomy":"post_tag","embeddable":true,"href":"https:\/\/www.africa-press.net\/cotedivoire\/wp-json\/wp\/v2\/tags?post=102114"}],"curies":[{"name":"wp","href":"https:\/\/api.w.org\/{rel}","templated":true}]}}