{"id":102119,"date":"2025-07-11T17:53:35","date_gmt":"2025-07-11T17:53:35","guid":{"rendered":"https:\/\/www.africa-press.net\/cotedivoire\/politique\/elephants-sortent-du-top-5-africain-au-classement-fifa"},"modified":"2025-07-11T19:07:54","modified_gmt":"2025-07-11T19:07:54","slug":"elephants-sortent-du-top-5-africain-au-classement-fifa","status":"publish","type":"post","link":"https:\/\/www.africa-press.net\/cotedivoire\/sports\/elephants-sortent-du-top-5-africain-au-classement-fifa","title":{"rendered":"\u00c9l\u00e9phants Sortent du Top 5 Africain au Classement FIFA"},"content":{"rendered":"<p><span style=\"color: #ff6600\"><strong>Africa-Press &#8211; C\u00f4te d&rsquo;Ivoire. <\/strong><\/span>La FIFA a publie\u0301 son traditionnel classement des se\u0301lections nationales au mois de juillet 2025. Sur le plan africain, le Maroc me\u0300ne le bal en occupant la premie\u0300re place et est classe\u0301 12e\u0300 au plan mondial sur 210 e\u0301quipes.<\/p>\n<p>Quant a\u0300 la Co\u0302te d\u2019Ivoire sa dernie\u0300re sortie lors du tournoi au Canada et sa de\u0301faite contre le Nouvelle Ze\u0301lande lui a fait perdre des points.<\/p>\n<p>Les hommes du se\u0301lectionneur Emerse Fae\u0301 sortent du top 5 africain. Ils sont classe\u0301s 6e\u0300 sur le continent apre\u0300s le Maroc, le Se\u0301ne\u0301gal, l\u2019Egypte, l\u2019Alge\u0301rie et le Nigeria.<\/p>\n<p>Ci-dessous le TOP 10 africain du classement FIFA au 10 juillet 2025&#8230;<\/p>\n<p>1er Maroc (12)<\/p>\n<p>2e\u0300 Se\u0301ne\u0301gal (18e\u0300)<\/p>\n<p>3e\u0300 Egypte (34e\u0300)<\/p>\n<p>4e\u0300 Alge\u0301rie (36e\u0300)<\/p>\n<p>5e\u0300 Nigeria (44e\u0300)<\/p>\n<p>6e\u0300 Co\u0302te d\u2019Ivoire (45e\u0300)<\/p>\n<p>7e\u0300 Tunisie (49e\u0300)<\/p>\n<p>8e\u0300 Cameroun (51e\u0300)<\/p>\n<p>9e\u0300 Mali (54e\u0300)<\/p>\n<p>10e\u0300 Afrique du Sud (56e\u0300)<\/p>\n<p><strong>Pour plus d&rsquo;informations et d&rsquo;analyses sur la <span style=\"color: #ff6600\">C\u00f4te d&rsquo;Ivoire<\/span>, suivez <span style=\"color: #ff6600\">Africa-Press<\/span><\/strong><\/p>\n","protected":false},"excerpt":{"rendered":"<p>Africa-Press &#8211; C\u00f4te d&rsquo;Ivoire. La FIFA a publie\u0301 son traditionnel classement des se\u0301lections nationales au mois de juillet 2025. Sur le plan africain, le Maroc me\u0300ne le bal en occupant la premie\u0300re place et est classe\u0301 12e\u0300 au plan mondial sur 210 e\u0301quipes. Quant a\u0300 la Co\u0302te d\u2019Ivoire sa dernie\u0300re sortie lors du tournoi au [&hellip;]<\/p>\n","protected":false},"author":82,"featured_media":102118,"comment_status":"open","ping_status":"closed","sticky":false,"template":"","format":"standard","meta":{"footnotes":""},"categories":[6,70,10],"tags":[2916,10546,29,526,12422,569,17623,9586],"class_list":["post-102119","post","type-post","status-publish","format-standard","has-post-thumbnail","hentry","category-sports","category-to-homepage","category-toutes-les-actualites","tag-africain","tag-classement","tag-cote-divoire","tag-elephants","tag-emerse-fae","tag-fifa","tag-juillet","tag-selections"],"yoast_head":"<!-- This site is optimized with the Yoast SEO Premium plugin v26.1 (Yoast SEO v27.0) - https:\/\/yoast.com\/product\/yoast-seo-premium-wordpress\/ -->\n<title>\u00c9l\u00e9phants Sortent du Top 5 Africain au Classement FIFA - C\u00f4te d&#039;Ivoire<\/title>\n<meta name=\"description\" content=\"La FIFA a publie\u0301 son traditionnel classement des se\u0301lections nationales au mois de juillet 2025. Sur le plan africain, ...\" \/>\n<meta name=\"robots\" content=\"index, follow, max-snippet:-1, max-image-preview:large, max-video-preview:-1\" \/>\n<link rel=\"canonical\" href=\"https:\/\/www.africa-press.net\/cotedivoire\/sports\/elephants-sortent-du-top-5-africain-au-classement-fifa\" \/>\n<meta property=\"og:locale\" content=\"fr_FR\" \/>\n<meta property=\"og:type\" content=\"article\" \/>\n<meta property=\"og:title\" content=\"\u00c9l\u00e9phants Sortent du Top 5 Africain au Classement FIFA\" \/>\n<meta property=\"og:description\" content=\"La FIFA a publie\u0301 son traditionnel classement des se\u0301lections nationales au mois de juillet 2025. Sur le plan africain, ...\" \/>\n<meta property=\"og:url\" content=\"https:\/\/www.africa-press.net\/cotedivoire\/sports\/elephants-sortent-du-top-5-africain-au-classement-fifa\" \/>\n<meta property=\"og:site_name\" content=\"C\u00f4te d&#039;Ivoire\" \/>\n<meta property=\"article:published_time\" content=\"2025-07-11T17:53:35+00:00\" \/>\n<meta property=\"article:modified_time\" content=\"2025-07-11T19:07:54+00:00\" \/>\n<meta property=\"og:image\" content=\"https:\/\/static.africa-press.net\/cote\/sites\/43\/2025\/07\/sm_1752248163.283624.jpg\" \/>\n\t<meta property=\"og:image:width\" content=\"720\" \/>\n\t<meta property=\"og:image:height\" content=\"380\" \/>\n\t<meta property=\"og:image:type\" content=\"image\/jpeg\" \/>\n<meta name=\"author\" content=\"cfeditorfr\" \/>\n<meta name=\"twitter:card\" content=\"summary_large_image\" \/>\n<meta name=\"twitter:label1\" content=\"\u00c9crit par\" \/>\n\t<meta name=\"twitter:data1\" content=\"cfeditorfr\" \/>\n\t<meta name=\"twitter:label2\" content=\"Dur\u00e9e de lecture estim\u00e9e\" \/>\n\t<meta name=\"twitter:data2\" content=\"1 minute\" \/>\n<script type=\"application\/ld+json\" class=\"yoast-schema-graph\">{\"@context\":\"https:\/\/schema.org\",\"@graph\":[{\"@type\":\"Article\",\"@id\":\"https:\/\/www.africa-press.net\/cotedivoire\/sports\/elephants-sortent-du-top-5-africain-au-classement-fifa#article\",\"isPartOf\":{\"@id\":\"https:\/\/www.africa-press.net\/cotedivoire\/sports\/elephants-sortent-du-top-5-africain-au-classement-fifa\"},\"author\":{\"name\":\"cfeditorfr\",\"@id\":\"https:\/\/www.africa-press.net\/cotedivoire\/#\/schema\/person\/2b1cf3cd81a31e3cd26889ca66d677f1\"},\"headline\":\"\u00c9l\u00e9phants Sortent du Top 5 Africain au Classement FIFA\",\"datePublished\":\"2025-07-11T17:53:35+00:00\",\"dateModified\":\"2025-07-11T19:07:54+00:00\",\"mainEntityOfPage\":{\"@id\":\"https:\/\/www.africa-press.net\/cotedivoire\/sports\/elephants-sortent-du-top-5-africain-au-classement-fifa\"},\"wordCount\":183,\"commentCount\":0,\"image\":{\"@id\":\"https:\/\/www.africa-press.net\/cotedivoire\/sports\/elephants-sortent-du-top-5-africain-au-classement-fifa#primaryimage\"},\"thumbnailUrl\":\"https:\/\/static.africa-press.net\/cote\/sites\/43\/2025\/07\/sm_1752248163.283624.jpg\",\"keywords\":[\"africain\",\"classement\",\"C\u00d4TE D'IVOIRE\",\"\u00e9l\u00e9phants\",\"Emerse Fae\",\"FIFA\",\"juillet\",\"s\u00e9lections\"],\"articleSection\":[\"Sports\",\"to-homepage\",\"Toutes les actualit\u00e9s\"],\"inLanguage\":\"fr-FR\",\"potentialAction\":[{\"@type\":\"CommentAction\",\"name\":\"Comment\",\"target\":[\"https:\/\/www.africa-press.net\/cotedivoire\/sports\/elephants-sortent-du-top-5-africain-au-classement-fifa#respond\"]}]},{\"@type\":\"WebPage\",\"@id\":\"https:\/\/www.africa-press.net\/cotedivoire\/sports\/elephants-sortent-du-top-5-africain-au-classement-fifa\",\"url\":\"https:\/\/www.africa-press.net\/cotedivoire\/sports\/elephants-sortent-du-top-5-africain-au-classement-fifa\",\"name\":\"\u00c9l\u00e9phants Sortent du Top 5 Africain au Classement FIFA - C\u00f4te d&#039;Ivoire\",\"isPartOf\":{\"@id\":\"https:\/\/www.africa-press.net\/cotedivoire\/#website\"},\"primaryImageOfPage\":{\"@id\":\"https:\/\/www.africa-press.net\/cotedivoire\/sports\/elephants-sortent-du-top-5-africain-au-classement-fifa#primaryimage\"},\"image\":{\"@id\":\"https:\/\/www.africa-press.net\/cotedivoire\/sports\/elephants-sortent-du-top-5-africain-au-classement-fifa#primaryimage\"},\"thumbnailUrl\":\"https:\/\/static.africa-press.net\/cote\/sites\/43\/2025\/07\/sm_1752248163.283624.jpg\",\"datePublished\":\"2025-07-11T17:53:35+00:00\",\"dateModified\":\"2025-07-11T19:07:54+00:00\",\"author\":{\"@id\":\"https:\/\/www.africa-press.net\/cotedivoire\/#\/schema\/person\/2b1cf3cd81a31e3cd26889ca66d677f1\"},\"description\":\"La FIFA a publie\u0301 son traditionnel classement des se\u0301lections nationales au mois de juillet 2025. Sur le plan africain, ...\",\"breadcrumb\":{\"@id\":\"https:\/\/www.africa-press.net\/cotedivoire\/sports\/elephants-sortent-du-top-5-africain-au-classement-fifa#breadcrumb\"},\"inLanguage\":\"fr-FR\",\"potentialAction\":[{\"@type\":\"ReadAction\",\"target\":[\"https:\/\/www.africa-press.net\/cotedivoire\/sports\/elephants-sortent-du-top-5-africain-au-classement-fifa\"]}]},{\"@type\":\"ImageObject\",\"inLanguage\":\"fr-FR\",\"@id\":\"https:\/\/www.africa-press.net\/cotedivoire\/sports\/elephants-sortent-du-top-5-africain-au-classement-fifa#primaryimage\",\"url\":\"https:\/\/static.africa-press.net\/cote\/sites\/43\/2025\/07\/sm_1752248163.283624.jpg\",\"contentUrl\":\"https:\/\/static.africa-press.net\/cote\/sites\/43\/2025\/07\/sm_1752248163.283624.jpg\",\"width\":720,\"height\":380,\"caption\":\"\u00c9l\u00e9phants Sortent du Top 5 Africain au Classement FIFA\"},{\"@type\":\"BreadcrumbList\",\"@id\":\"https:\/\/www.africa-press.net\/cotedivoire\/sports\/elephants-sortent-du-top-5-africain-au-classement-fifa#breadcrumb\",\"itemListElement\":[{\"@type\":\"ListItem\",\"position\":1,\"name\":\"Accueil\",\"item\":\"https:\/\/www.africa-press.net\/cotedivoire\/\"},{\"@type\":\"ListItem\",\"position\":2,\"name\":\"\u00c9l\u00e9phants Sortent du Top 5 Africain au Classement FIFA\"}]},{\"@type\":\"WebSite\",\"@id\":\"https:\/\/www.africa-press.net\/cotedivoire\/#website\",\"url\":\"https:\/\/www.africa-press.net\/cotedivoire\/\",\"name\":\"C\u00f4te d&#039;Ivoire\",\"description\":\"Just another Africa News Agency Sites site\",\"potentialAction\":[{\"@type\":\"SearchAction\",\"target\":{\"@type\":\"EntryPoint\",\"urlTemplate\":\"https:\/\/www.africa-press.net\/cotedivoire\/?s={search_term_string}\"},\"query-input\":{\"@type\":\"PropertyValueSpecification\",\"valueRequired\":true,\"valueName\":\"search_term_string\"}}],\"inLanguage\":\"fr-FR\"},{\"@type\":\"Person\",\"@id\":\"https:\/\/www.africa-press.net\/cotedivoire\/#\/schema\/person\/2b1cf3cd81a31e3cd26889ca66d677f1\",\"name\":\"cfeditorfr\"}]}<\/script>\n<!-- \/ Yoast SEO Premium plugin. -->","yoast_head_json":{"title":"\u00c9l\u00e9phants Sortent du Top 5 Africain au Classement FIFA - C\u00f4te d&#039;Ivoire","description":"La FIFA a publie\u0301 son traditionnel classement des se\u0301lections nationales au mois de juillet 2025. Sur le plan africain, ...","robots":{"index":"index","follow":"follow","max-snippet":"max-snippet:-1","max-image-preview":"max-image-preview:large","max-video-preview":"max-video-preview:-1"},"canonical":"https:\/\/www.africa-press.net\/cotedivoire\/sports\/elephants-sortent-du-top-5-africain-au-classement-fifa","og_locale":"fr_FR","og_type":"article","og_title":"\u00c9l\u00e9phants Sortent du Top 5 Africain au Classement FIFA","og_description":"La FIFA a publie\u0301 son traditionnel classement des se\u0301lections nationales au mois de juillet 2025. Sur le plan africain, ...","og_url":"https:\/\/www.africa-press.net\/cotedivoire\/sports\/elephants-sortent-du-top-5-africain-au-classement-fifa","og_site_name":"C\u00f4te d&#039;Ivoire","article_published_time":"2025-07-11T17:53:35+00:00","article_modified_time":"2025-07-11T19:07:54+00:00","og_image":[{"width":720,"height":380,"url":"https:\/\/static.africa-press.net\/cote\/sites\/43\/2025\/07\/sm_1752248163.283624.jpg","type":"image\/jpeg"}],"author":"cfeditorfr","twitter_card":"summary_large_image","twitter_misc":{"\u00c9crit par":"cfeditorfr","Dur\u00e9e de lecture estim\u00e9e":"1 minute"},"schema":{"@context":"https:\/\/schema.org","@graph":[{"@type":"Article","@id":"https:\/\/www.africa-press.net\/cotedivoire\/sports\/elephants-sortent-du-top-5-africain-au-classement-fifa#article","isPartOf":{"@id":"https:\/\/www.africa-press.net\/cotedivoire\/sports\/elephants-sortent-du-top-5-africain-au-classement-fifa"},"author":{"name":"cfeditorfr","@id":"https:\/\/www.africa-press.net\/cotedivoire\/#\/schema\/person\/2b1cf3cd81a31e3cd26889ca66d677f1"},"headline":"\u00c9l\u00e9phants Sortent du Top 5 Africain au Classement FIFA","datePublished":"2025-07-11T17:53:35+00:00","dateModified":"2025-07-11T19:07:54+00:00","mainEntityOfPage":{"@id":"https:\/\/www.africa-press.net\/cotedivoire\/sports\/elephants-sortent-du-top-5-africain-au-classement-fifa"},"wordCount":183,"commentCount":0,"image":{"@id":"https:\/\/www.africa-press.net\/cotedivoire\/sports\/elephants-sortent-du-top-5-africain-au-classement-fifa#primaryimage"},"thumbnailUrl":"https:\/\/static.africa-press.net\/cote\/sites\/43\/2025\/07\/sm_1752248163.283624.jpg","keywords":["africain","classement","C\u00d4TE D'IVOIRE","\u00e9l\u00e9phants","Emerse Fae","FIFA","juillet","s\u00e9lections"],"articleSection":["Sports","to-homepage","Toutes les actualit\u00e9s"],"inLanguage":"fr-FR","potentialAction":[{"@type":"CommentAction","name":"Comment","target":["https:\/\/www.africa-press.net\/cotedivoire\/sports\/elephants-sortent-du-top-5-africain-au-classement-fifa#respond"]}]},{"@type":"WebPage","@id":"https:\/\/www.africa-press.net\/cotedivoire\/sports\/elephants-sortent-du-top-5-africain-au-classement-fifa","url":"https:\/\/www.africa-press.net\/cotedivoire\/sports\/elephants-sortent-du-top-5-africain-au-classement-fifa","name":"\u00c9l\u00e9phants Sortent du Top 5 Africain au Classement FIFA - C\u00f4te d&#039;Ivoire","isPartOf":{"@id":"https:\/\/www.africa-press.net\/cotedivoire\/#website"},"primaryImageOfPage":{"@id":"https:\/\/www.africa-press.net\/cotedivoire\/sports\/elephants-sortent-du-top-5-africain-au-classement-fifa#primaryimage"},"image":{"@id":"https:\/\/www.africa-press.net\/cotedivoire\/sports\/elephants-sortent-du-top-5-africain-au-classement-fifa#primaryimage"},"thumbnailUrl":"https:\/\/static.africa-press.net\/cote\/sites\/43\/2025\/07\/sm_1752248163.283624.jpg","datePublished":"2025-07-11T17:53:35+00:00","dateModified":"2025-07-11T19:07:54+00:00","author":{"@id":"https:\/\/www.africa-press.net\/cotedivoire\/#\/schema\/person\/2b1cf3cd81a31e3cd26889ca66d677f1"},"description":"La FIFA a publie\u0301 son traditionnel classement des se\u0301lections nationales au mois de juillet 2025. Sur le plan africain, ...","breadcrumb":{"@id":"https:\/\/www.africa-press.net\/cotedivoire\/sports\/elephants-sortent-du-top-5-africain-au-classement-fifa#breadcrumb"},"inLanguage":"fr-FR","potentialAction":[{"@type":"ReadAction","target":["https:\/\/www.africa-press.net\/cotedivoire\/sports\/elephants-sortent-du-top-5-africain-au-classement-fifa"]}]},{"@type":"ImageObject","inLanguage":"fr-FR","@id":"https:\/\/www.africa-press.net\/cotedivoire\/sports\/elephants-sortent-du-top-5-africain-au-classement-fifa#primaryimage","url":"https:\/\/static.africa-press.net\/cote\/sites\/43\/2025\/07\/sm_1752248163.283624.jpg","contentUrl":"https:\/\/static.africa-press.net\/cote\/sites\/43\/2025\/07\/sm_1752248163.283624.jpg","width":720,"height":380,"caption":"\u00c9l\u00e9phants Sortent du Top 5 Africain au Classement FIFA"},{"@type":"BreadcrumbList","@id":"https:\/\/www.africa-press.net\/cotedivoire\/sports\/elephants-sortent-du-top-5-africain-au-classement-fifa#breadcrumb","itemListElement":[{"@type":"ListItem","position":1,"name":"Accueil","item":"https:\/\/www.africa-press.net\/cotedivoire\/"},{"@type":"ListItem","position":2,"name":"\u00c9l\u00e9phants Sortent du Top 5 Africain au Classement FIFA"}]},{"@type":"WebSite","@id":"https:\/\/www.africa-press.net\/cotedivoire\/#website","url":"https:\/\/www.africa-press.net\/cotedivoire\/","name":"C\u00f4te d&#039;Ivoire","description":"Just another Africa News Agency Sites site","potentialAction":[{"@type":"SearchAction","target":{"@type":"EntryPoint","urlTemplate":"https:\/\/www.africa-press.net\/cotedivoire\/?s={search_term_string}"},"query-input":{"@type":"PropertyValueSpecification","valueRequired":true,"valueName":"search_term_string"}}],"inLanguage":"fr-FR"},{"@type":"Person","@id":"https:\/\/www.africa-press.net\/cotedivoire\/#\/schema\/person\/2b1cf3cd81a31e3cd26889ca66d677f1","name":"cfeditorfr"}]}},"_links":{"self":[{"href":"https:\/\/www.africa-press.net\/cotedivoire\/wp-json\/wp\/v2\/posts\/102119","targetHints":{"allow":["GET"]}}],"collection":[{"href":"https:\/\/www.africa-press.net\/cotedivoire\/wp-json\/wp\/v2\/posts"}],"about":[{"href":"https:\/\/www.africa-press.net\/cotedivoire\/wp-json\/wp\/v2\/types\/post"}],"author":[{"embeddable":true,"href":"https:\/\/www.africa-press.net\/cotedivoire\/wp-json\/wp\/v2\/users\/82"}],"replies":[{"embeddable":true,"href":"https:\/\/www.africa-press.net\/cotedivoire\/wp-json\/wp\/v2\/comments?post=102119"}],"version-history":[{"count":0,"href":"https:\/\/www.africa-press.net\/cotedivoire\/wp-json\/wp\/v2\/posts\/102119\/revisions"}],"wp:featuredmedia":[{"embeddable":true,"href":"https:\/\/www.africa-press.net\/cotedivoire\/wp-json\/wp\/v2\/media\/102118"}],"wp:attachment":[{"href":"https:\/\/www.africa-press.net\/cotedivoire\/wp-json\/wp\/v2\/media?parent=102119"}],"wp:term":[{"taxonomy":"category","embeddable":true,"href":"https:\/\/www.africa-press.net\/cotedivoire\/wp-json\/wp\/v2\/categories?post=102119"},{"taxonomy":"post_tag","embeddable":true,"href":"https:\/\/www.africa-press.net\/cotedivoire\/wp-json\/wp\/v2\/tags?post=102119"}],"curies":[{"name":"wp","href":"https:\/\/api.w.org\/{rel}","templated":true}]}}