{"id":10212,"date":"2021-07-21T10:45:47","date_gmt":"2021-07-21T10:45:47","guid":{"rendered":"https:\/\/www.africa-press.net\/cotedivoire\/?p=10212"},"modified":"2021-07-21T12:13:09","modified_gmt":"2021-07-21T12:13:09","slug":"le-proces-de-de-jacob-zuma-reporte-au-10-aout","status":"publish","type":"post","link":"https:\/\/www.africa-press.net\/cotedivoire\/politique\/le-proces-de-de-jacob-zuma-reporte-au-10-aout","title":{"rendered":"Le proc\u00e8s de de Jacob Zuma report\u00e9 au 10 ao\u00fbt"},"content":{"rendered":"<p><span style=\"color: #ff6600\"><strong><a href=\"https:\/\/www.africa-press.net\/\">Africa-Press<\/a> &#8211; <a href=\"https:\/\/www.africa-press.net\/cotedivoire\">C\u00f4te d&rsquo;Ivoire<\/a>. <\/strong><\/span>Le proc\u00e8s de l\u2019ancien pr\u00e9sident sud-africain Jacob Zuma, dans une affaire de pots-de-vins vieille de plus de 20 ans, reprendra le 10 ao\u00fbt, a annonc\u00e9 le tribunal de Pietermaritzburg (Est) mardi lors d\u2019une courte audience en ligne.<\/p>\n<p>\u00ab Le proc\u00e8s est report\u00e9 au 10 jusqu\u2019au 13 ao\u00fbt \u00bb, a d\u00e9clar\u00e9 le juge Piet Koen.<\/p>\n<p>Le proc\u00e8s avait repris lundi mais les avocats de M. Zuma avaient plaid\u00e9 que la virtualit\u00e9 des audiences privait leur client de ses droits constitutionnels, notamment celui de pouvoir consulter son \u00e9quipe de d\u00e9fense, et demand\u00e9 un report pour que l\u2019audience puisse se d\u00e9rouler en \u00ab pr\u00e9sentiel \u00bb.<\/p>\n<p>\u00ab Toutes les parties sont invit\u00e9es \u00e0 d\u00e9poser une liste d\u2019arguments \u00bb sur cette question d\u2019ici la reprise, a ajout\u00e9 le juge.<\/p>\n<p>La fondation Zuma a salu\u00e9 ce report, affirmant que \u00ab la Consitution a gagn\u00e9 enfin! \u00bb. \u00ab Il ne peut y avoir AUCUNE audience p\u00e9nale virtuelle en l\u2019absence de l\u2019accus\u00e9 qui de ce fait ne peut consulter ses avocats \u00bb, ajoute ce tweet.<\/p>\n<p>De nombreux proc\u00e8s en Afrique du Sud sont men\u00e9s de fa\u00e7on virtuelle ces derni\u00e8res semaines en raison des restrictions impos\u00e9es par une troisi\u00e8me vague meurtri\u00e8re de coronavirus.<\/p>\n<p>Mais l\u2019accusation avait clairement indiqu\u00e9 que s\u2019agissant du proc\u00e8s Zuma, c\u2019\u00e9tait surtout pour \u00e9viter davantage de \u00ab perturbations \u00bb apr\u00e8s une semaine d\u2019\u00e9meutes d\u00e9clench\u00e9es dans le pays par une autre affaire judiciaire concernant l\u2019ancien pr\u00e9sident et qui ont fait 215 morts.<\/p>\n<p>Les partisans de M. Zuma sont accus\u00e9s d\u2019avoir foment\u00e9 le chaos de ces derniers jours, que le pr\u00e9sident Cyril Ramaphosa a qualifi\u00e9 de tentative \u00ab planifi\u00e9e \u00bb de d\u00e9stabiliser le pays.<\/p>\n<p>Apr\u00e8s de multiples reports et rebondissements, s\u2019\u00e9talant d\u00e9sormais sur des d\u00e9cennies, M. Zuma, surnomm\u00e9 le \u00ab pr\u00e9sident Teflon \u00bb pour son habilet\u00e9 \u00e0 \u00e9chapper \u00e0 la justice, doit r\u00e9pondre de seize chefs d\u2019accusation de fraude, corruption et racket li\u00e9s \u00e0 l\u2019achat, en 1999, de mat\u00e9riel militaire aupr\u00e8s de cinq soci\u00e9t\u00e9s d\u2019armement europ\u00e9ennes, alors qu\u2019il \u00e9tait vice-pr\u00e9sident.<\/p>\n<p>Il est accus\u00e9 d\u2019avoir empoch\u00e9 plus de quatre millions de rands (soit 235.000 euros au taux actuel), notamment du groupe fran\u00e7ais Thales qui \u00e9tait une des entreprises attributaires du juteux contrat d\u2019une valeur globale d\u2019environ 2,8 milliards d\u2019euros.<\/p>\n<p>Le g\u00e9ant fran\u00e7ais de la d\u00e9fense est \u00e9galement poursuivi pour corruption et blanchiment. M. Zuma, comme Thales, ont toujours ni\u00e9 ces accusations.<\/p>\n<p>&nbsp;<\/p>\n","protected":false},"excerpt":{"rendered":"<p>Africa-Press &#8211; C\u00f4te d&rsquo;Ivoire. Le proc\u00e8s de l\u2019ancien pr\u00e9sident sud-africain Jacob Zuma, dans une affaire de pots-de-vins vieille de plus de 20 ans, reprendra le 10 ao\u00fbt, a annonc\u00e9 le tribunal de Pietermaritzburg (Est) mardi lors d\u2019une courte audience en ligne. \u00ab Le proc\u00e8s est report\u00e9 au 10 jusqu\u2019au 13 ao\u00fbt \u00bb, a d\u00e9clar\u00e9 le [&hellip;]<\/p>\n","protected":false},"author":82,"featured_media":10211,"comment_status":"open","ping_status":"closed","sticky":false,"template":"","format":"standard","meta":{"footnotes":""},"categories":[11,2,10],"tags":[56,63,29],"class_list":["post-10212","post","type-post","status-publish","format-standard","has-post-thumbnail","hentry","category-homepage-french","category-politique","category-toutes-les-actualites","tag-africa-press","tag-africa-press-cote-divoire","tag-cote-divoire"],"yoast_head":"<!-- This site is optimized with the Yoast SEO Premium plugin v26.1 (Yoast SEO v27.0) - https:\/\/yoast.com\/product\/yoast-seo-premium-wordpress\/ -->\n<title>Le proc\u00e8s de de Jacob Zuma report\u00e9 au 10 ao\u00fbt - C\u00f4te d&#039;Ivoire<\/title>\n<meta name=\"description\" content=\"Le proc\u00e8s de l\u2019ancien pr\u00e9sident sud-africain Jacob Zuma, dans une affaire de pots-de-vins vieille de plus de 20 ans, rep ...\" \/>\n<meta name=\"robots\" content=\"index, follow, max-snippet:-1, max-image-preview:large, max-video-preview:-1\" \/>\n<link rel=\"canonical\" href=\"https:\/\/www.africa-press.net\/cotedivoire\/politique\/le-proces-de-de-jacob-zuma-reporte-au-10-aout\" \/>\n<meta property=\"og:locale\" content=\"fr_FR\" \/>\n<meta property=\"og:type\" content=\"article\" \/>\n<meta property=\"og:title\" content=\"Le proc\u00e8s de de Jacob Zuma report\u00e9 au 10 ao\u00fbt\" \/>\n<meta property=\"og:description\" content=\"Le proc\u00e8s de l\u2019ancien pr\u00e9sident sud-africain Jacob Zuma, dans une affaire de pots-de-vins vieille de plus de 20 ans, rep ...\" \/>\n<meta property=\"og:url\" content=\"https:\/\/www.africa-press.net\/cotedivoire\/politique\/le-proces-de-de-jacob-zuma-reporte-au-10-aout\" \/>\n<meta property=\"og:site_name\" content=\"C\u00f4te d&#039;Ivoire\" \/>\n<meta property=\"article:published_time\" content=\"2021-07-21T10:45:47+00:00\" \/>\n<meta property=\"article:modified_time\" content=\"2021-07-21T12:13:09+00:00\" \/>\n<meta property=\"og:image\" content=\"https:\/\/static.africa-press.net\/cote\/sites\/43\/2021\/07\/img-60f7f3c318e0c.jpg\" \/>\n\t<meta property=\"og:image:width\" content=\"750\" \/>\n\t<meta property=\"og:image:height\" content=\"500\" \/>\n\t<meta property=\"og:image:type\" content=\"image\/jpeg\" \/>\n<meta name=\"author\" content=\"cfeditorfr\" \/>\n<meta name=\"twitter:card\" content=\"summary_large_image\" \/>\n<meta name=\"twitter:label1\" content=\"\u00c9crit par\" \/>\n\t<meta name=\"twitter:data1\" content=\"cfeditorfr\" \/>\n\t<meta name=\"twitter:label2\" content=\"Dur\u00e9e de lecture estim\u00e9e\" \/>\n\t<meta name=\"twitter:data2\" content=\"2 minutes\" \/>\n<script type=\"application\/ld+json\" class=\"yoast-schema-graph\">{\"@context\":\"https:\/\/schema.org\",\"@graph\":[{\"@type\":\"Article\",\"@id\":\"https:\/\/www.africa-press.net\/cotedivoire\/politique\/le-proces-de-de-jacob-zuma-reporte-au-10-aout#article\",\"isPartOf\":{\"@id\":\"https:\/\/www.africa-press.net\/cotedivoire\/politique\/le-proces-de-de-jacob-zuma-reporte-au-10-aout\"},\"author\":{\"name\":\"cfeditorfr\",\"@id\":\"https:\/\/www.africa-press.net\/cotedivoire\/#\/schema\/person\/2b1cf3cd81a31e3cd26889ca66d677f1\"},\"headline\":\"Le proc\u00e8s de de Jacob Zuma report\u00e9 au 10 ao\u00fbt\",\"datePublished\":\"2021-07-21T10:45:47+00:00\",\"dateModified\":\"2021-07-21T12:13:09+00:00\",\"mainEntityOfPage\":{\"@id\":\"https:\/\/www.africa-press.net\/cotedivoire\/politique\/le-proces-de-de-jacob-zuma-reporte-au-10-aout\"},\"wordCount\":440,\"commentCount\":0,\"image\":{\"@id\":\"https:\/\/www.africa-press.net\/cotedivoire\/politique\/le-proces-de-de-jacob-zuma-reporte-au-10-aout#primaryimage\"},\"thumbnailUrl\":\"https:\/\/static.africa-press.net\/cote\/sites\/43\/2021\/07\/img-60f7f3c318e0c.jpg\",\"keywords\":[\"Africa Press\",\"Africa Press-C\u00f4te d'Ivoire\",\"C\u00d4TE D'IVOIRE\"],\"articleSection\":[\"homepage-french\",\"Politique\",\"Toutes les actualit\u00e9s\"],\"inLanguage\":\"fr-FR\",\"potentialAction\":[{\"@type\":\"CommentAction\",\"name\":\"Comment\",\"target\":[\"https:\/\/www.africa-press.net\/cotedivoire\/politique\/le-proces-de-de-jacob-zuma-reporte-au-10-aout#respond\"]}]},{\"@type\":\"WebPage\",\"@id\":\"https:\/\/www.africa-press.net\/cotedivoire\/politique\/le-proces-de-de-jacob-zuma-reporte-au-10-aout\",\"url\":\"https:\/\/www.africa-press.net\/cotedivoire\/politique\/le-proces-de-de-jacob-zuma-reporte-au-10-aout\",\"name\":\"Le proc\u00e8s de de Jacob Zuma report\u00e9 au 10 ao\u00fbt - C\u00f4te d&#039;Ivoire\",\"isPartOf\":{\"@id\":\"https:\/\/www.africa-press.net\/cotedivoire\/#website\"},\"primaryImageOfPage\":{\"@id\":\"https:\/\/www.africa-press.net\/cotedivoire\/politique\/le-proces-de-de-jacob-zuma-reporte-au-10-aout#primaryimage\"},\"image\":{\"@id\":\"https:\/\/www.africa-press.net\/cotedivoire\/politique\/le-proces-de-de-jacob-zuma-reporte-au-10-aout#primaryimage\"},\"thumbnailUrl\":\"https:\/\/static.africa-press.net\/cote\/sites\/43\/2021\/07\/img-60f7f3c318e0c.jpg\",\"datePublished\":\"2021-07-21T10:45:47+00:00\",\"dateModified\":\"2021-07-21T12:13:09+00:00\",\"author\":{\"@id\":\"https:\/\/www.africa-press.net\/cotedivoire\/#\/schema\/person\/2b1cf3cd81a31e3cd26889ca66d677f1\"},\"description\":\"Le proc\u00e8s de l\u2019ancien pr\u00e9sident sud-africain Jacob Zuma, dans une affaire de pots-de-vins vieille de plus de 20 ans, rep ...\",\"breadcrumb\":{\"@id\":\"https:\/\/www.africa-press.net\/cotedivoire\/politique\/le-proces-de-de-jacob-zuma-reporte-au-10-aout#breadcrumb\"},\"inLanguage\":\"fr-FR\",\"potentialAction\":[{\"@type\":\"ReadAction\",\"target\":[\"https:\/\/www.africa-press.net\/cotedivoire\/politique\/le-proces-de-de-jacob-zuma-reporte-au-10-aout\"]}]},{\"@type\":\"ImageObject\",\"inLanguage\":\"fr-FR\",\"@id\":\"https:\/\/www.africa-press.net\/cotedivoire\/politique\/le-proces-de-de-jacob-zuma-reporte-au-10-aout#primaryimage\",\"url\":\"https:\/\/static.africa-press.net\/cote\/sites\/43\/2021\/07\/img-60f7f3c318e0c.jpg\",\"contentUrl\":\"https:\/\/static.africa-press.net\/cote\/sites\/43\/2021\/07\/img-60f7f3c318e0c.jpg\",\"width\":750,\"height\":500,\"caption\":\"Le proc\u00e8s de de Jacob Zuma report\u00e9 au 10 ao\u00fbt\"},{\"@type\":\"BreadcrumbList\",\"@id\":\"https:\/\/www.africa-press.net\/cotedivoire\/politique\/le-proces-de-de-jacob-zuma-reporte-au-10-aout#breadcrumb\",\"itemListElement\":[{\"@type\":\"ListItem\",\"position\":1,\"name\":\"Accueil\",\"item\":\"https:\/\/www.africa-press.net\/cotedivoire\/\"},{\"@type\":\"ListItem\",\"position\":2,\"name\":\"Le proc\u00e8s de de Jacob Zuma report\u00e9 au 10 ao\u00fbt\"}]},{\"@type\":\"WebSite\",\"@id\":\"https:\/\/www.africa-press.net\/cotedivoire\/#website\",\"url\":\"https:\/\/www.africa-press.net\/cotedivoire\/\",\"name\":\"C\u00f4te d&#039;Ivoire\",\"description\":\"Just another Africa News Agency Sites site\",\"potentialAction\":[{\"@type\":\"SearchAction\",\"target\":{\"@type\":\"EntryPoint\",\"urlTemplate\":\"https:\/\/www.africa-press.net\/cotedivoire\/?s={search_term_string}\"},\"query-input\":{\"@type\":\"PropertyValueSpecification\",\"valueRequired\":true,\"valueName\":\"search_term_string\"}}],\"inLanguage\":\"fr-FR\"},{\"@type\":\"Person\",\"@id\":\"https:\/\/www.africa-press.net\/cotedivoire\/#\/schema\/person\/2b1cf3cd81a31e3cd26889ca66d677f1\",\"name\":\"cfeditorfr\"}]}<\/script>\n<!-- \/ Yoast SEO Premium plugin. -->","yoast_head_json":{"title":"Le proc\u00e8s de de Jacob Zuma report\u00e9 au 10 ao\u00fbt - C\u00f4te d&#039;Ivoire","description":"Le proc\u00e8s de l\u2019ancien pr\u00e9sident sud-africain Jacob Zuma, dans une affaire de pots-de-vins vieille de plus de 20 ans, rep ...","robots":{"index":"index","follow":"follow","max-snippet":"max-snippet:-1","max-image-preview":"max-image-preview:large","max-video-preview":"max-video-preview:-1"},"canonical":"https:\/\/www.africa-press.net\/cotedivoire\/politique\/le-proces-de-de-jacob-zuma-reporte-au-10-aout","og_locale":"fr_FR","og_type":"article","og_title":"Le proc\u00e8s de de Jacob Zuma report\u00e9 au 10 ao\u00fbt","og_description":"Le proc\u00e8s de l\u2019ancien pr\u00e9sident sud-africain Jacob Zuma, dans une affaire de pots-de-vins vieille de plus de 20 ans, rep ...","og_url":"https:\/\/www.africa-press.net\/cotedivoire\/politique\/le-proces-de-de-jacob-zuma-reporte-au-10-aout","og_site_name":"C\u00f4te d&#039;Ivoire","article_published_time":"2021-07-21T10:45:47+00:00","article_modified_time":"2021-07-21T12:13:09+00:00","og_image":[{"width":750,"height":500,"url":"https:\/\/static.africa-press.net\/cote\/sites\/43\/2021\/07\/img-60f7f3c318e0c.jpg","type":"image\/jpeg"}],"author":"cfeditorfr","twitter_card":"summary_large_image","twitter_misc":{"\u00c9crit par":"cfeditorfr","Dur\u00e9e de lecture estim\u00e9e":"2 minutes"},"schema":{"@context":"https:\/\/schema.org","@graph":[{"@type":"Article","@id":"https:\/\/www.africa-press.net\/cotedivoire\/politique\/le-proces-de-de-jacob-zuma-reporte-au-10-aout#article","isPartOf":{"@id":"https:\/\/www.africa-press.net\/cotedivoire\/politique\/le-proces-de-de-jacob-zuma-reporte-au-10-aout"},"author":{"name":"cfeditorfr","@id":"https:\/\/www.africa-press.net\/cotedivoire\/#\/schema\/person\/2b1cf3cd81a31e3cd26889ca66d677f1"},"headline":"Le proc\u00e8s de de Jacob Zuma report\u00e9 au 10 ao\u00fbt","datePublished":"2021-07-21T10:45:47+00:00","dateModified":"2021-07-21T12:13:09+00:00","mainEntityOfPage":{"@id":"https:\/\/www.africa-press.net\/cotedivoire\/politique\/le-proces-de-de-jacob-zuma-reporte-au-10-aout"},"wordCount":440,"commentCount":0,"image":{"@id":"https:\/\/www.africa-press.net\/cotedivoire\/politique\/le-proces-de-de-jacob-zuma-reporte-au-10-aout#primaryimage"},"thumbnailUrl":"https:\/\/static.africa-press.net\/cote\/sites\/43\/2021\/07\/img-60f7f3c318e0c.jpg","keywords":["Africa Press","Africa Press-C\u00f4te d'Ivoire","C\u00d4TE D'IVOIRE"],"articleSection":["homepage-french","Politique","Toutes les actualit\u00e9s"],"inLanguage":"fr-FR","potentialAction":[{"@type":"CommentAction","name":"Comment","target":["https:\/\/www.africa-press.net\/cotedivoire\/politique\/le-proces-de-de-jacob-zuma-reporte-au-10-aout#respond"]}]},{"@type":"WebPage","@id":"https:\/\/www.africa-press.net\/cotedivoire\/politique\/le-proces-de-de-jacob-zuma-reporte-au-10-aout","url":"https:\/\/www.africa-press.net\/cotedivoire\/politique\/le-proces-de-de-jacob-zuma-reporte-au-10-aout","name":"Le proc\u00e8s de de Jacob Zuma report\u00e9 au 10 ao\u00fbt - C\u00f4te d&#039;Ivoire","isPartOf":{"@id":"https:\/\/www.africa-press.net\/cotedivoire\/#website"},"primaryImageOfPage":{"@id":"https:\/\/www.africa-press.net\/cotedivoire\/politique\/le-proces-de-de-jacob-zuma-reporte-au-10-aout#primaryimage"},"image":{"@id":"https:\/\/www.africa-press.net\/cotedivoire\/politique\/le-proces-de-de-jacob-zuma-reporte-au-10-aout#primaryimage"},"thumbnailUrl":"https:\/\/static.africa-press.net\/cote\/sites\/43\/2021\/07\/img-60f7f3c318e0c.jpg","datePublished":"2021-07-21T10:45:47+00:00","dateModified":"2021-07-21T12:13:09+00:00","author":{"@id":"https:\/\/www.africa-press.net\/cotedivoire\/#\/schema\/person\/2b1cf3cd81a31e3cd26889ca66d677f1"},"description":"Le proc\u00e8s de l\u2019ancien pr\u00e9sident sud-africain Jacob Zuma, dans une affaire de pots-de-vins vieille de plus de 20 ans, rep ...","breadcrumb":{"@id":"https:\/\/www.africa-press.net\/cotedivoire\/politique\/le-proces-de-de-jacob-zuma-reporte-au-10-aout#breadcrumb"},"inLanguage":"fr-FR","potentialAction":[{"@type":"ReadAction","target":["https:\/\/www.africa-press.net\/cotedivoire\/politique\/le-proces-de-de-jacob-zuma-reporte-au-10-aout"]}]},{"@type":"ImageObject","inLanguage":"fr-FR","@id":"https:\/\/www.africa-press.net\/cotedivoire\/politique\/le-proces-de-de-jacob-zuma-reporte-au-10-aout#primaryimage","url":"https:\/\/static.africa-press.net\/cote\/sites\/43\/2021\/07\/img-60f7f3c318e0c.jpg","contentUrl":"https:\/\/static.africa-press.net\/cote\/sites\/43\/2021\/07\/img-60f7f3c318e0c.jpg","width":750,"height":500,"caption":"Le proc\u00e8s de de Jacob Zuma report\u00e9 au 10 ao\u00fbt"},{"@type":"BreadcrumbList","@id":"https:\/\/www.africa-press.net\/cotedivoire\/politique\/le-proces-de-de-jacob-zuma-reporte-au-10-aout#breadcrumb","itemListElement":[{"@type":"ListItem","position":1,"name":"Accueil","item":"https:\/\/www.africa-press.net\/cotedivoire\/"},{"@type":"ListItem","position":2,"name":"Le proc\u00e8s de de Jacob Zuma report\u00e9 au 10 ao\u00fbt"}]},{"@type":"WebSite","@id":"https:\/\/www.africa-press.net\/cotedivoire\/#website","url":"https:\/\/www.africa-press.net\/cotedivoire\/","name":"C\u00f4te d&#039;Ivoire","description":"Just another Africa News Agency Sites site","potentialAction":[{"@type":"SearchAction","target":{"@type":"EntryPoint","urlTemplate":"https:\/\/www.africa-press.net\/cotedivoire\/?s={search_term_string}"},"query-input":{"@type":"PropertyValueSpecification","valueRequired":true,"valueName":"search_term_string"}}],"inLanguage":"fr-FR"},{"@type":"Person","@id":"https:\/\/www.africa-press.net\/cotedivoire\/#\/schema\/person\/2b1cf3cd81a31e3cd26889ca66d677f1","name":"cfeditorfr"}]}},"_links":{"self":[{"href":"https:\/\/www.africa-press.net\/cotedivoire\/wp-json\/wp\/v2\/posts\/10212","targetHints":{"allow":["GET"]}}],"collection":[{"href":"https:\/\/www.africa-press.net\/cotedivoire\/wp-json\/wp\/v2\/posts"}],"about":[{"href":"https:\/\/www.africa-press.net\/cotedivoire\/wp-json\/wp\/v2\/types\/post"}],"author":[{"embeddable":true,"href":"https:\/\/www.africa-press.net\/cotedivoire\/wp-json\/wp\/v2\/users\/82"}],"replies":[{"embeddable":true,"href":"https:\/\/www.africa-press.net\/cotedivoire\/wp-json\/wp\/v2\/comments?post=10212"}],"version-history":[{"count":0,"href":"https:\/\/www.africa-press.net\/cotedivoire\/wp-json\/wp\/v2\/posts\/10212\/revisions"}],"wp:featuredmedia":[{"embeddable":true,"href":"https:\/\/www.africa-press.net\/cotedivoire\/wp-json\/wp\/v2\/media\/10211"}],"wp:attachment":[{"href":"https:\/\/www.africa-press.net\/cotedivoire\/wp-json\/wp\/v2\/media?parent=10212"}],"wp:term":[{"taxonomy":"category","embeddable":true,"href":"https:\/\/www.africa-press.net\/cotedivoire\/wp-json\/wp\/v2\/categories?post=10212"},{"taxonomy":"post_tag","embeddable":true,"href":"https:\/\/www.africa-press.net\/cotedivoire\/wp-json\/wp\/v2\/tags?post=10212"}],"curies":[{"name":"wp","href":"https:\/\/api.w.org\/{rel}","templated":true}]}}