{"id":102132,"date":"2025-07-11T18:01:11","date_gmt":"2025-07-11T18:01:11","guid":{"rendered":"https:\/\/www.africa-press.net\/cotedivoire\/politique\/adama-bictogo-confirme-candidature-ouattara-2025"},"modified":"2025-07-11T19:12:47","modified_gmt":"2025-07-11T19:12:47","slug":"adama-bictogo-confirme-candidature-ouattara-2025","status":"publish","type":"post","link":"https:\/\/www.africa-press.net\/cotedivoire\/politique\/adama-bictogo-confirme-candidature-ouattara-2025","title":{"rendered":"Adama Bictogo Confirme Candidature Ouattara 2025"},"content":{"rendered":"<p><span style=\"color: #ff6600\"><strong>Africa-Press &#8211; C\u00f4te d&rsquo;Ivoire. <\/strong><\/span>Dans une interview accorde\u0301e au confre\u0300res de France 24, Adama Bictogo, pre\u0301sident de l\u2019Assemble\u0301e nationale de Co\u0302te d\u2019Ivoire, s\u2019est voulu rassurant quant a\u0300 la participation du chef de l\u2019E\u0301tat sortant, Alassane Ouattara, a\u0300 la pre\u0301sidentielle d\u2019octobre 2025. Malgre\u0301 l\u2019absence de confirmation formelle, il affirme sans de\u0301tour: \u00ab Alassane Ouattara sera bel et bien candidat. \u00bb<\/p>\n<p>A\u0300 un peu plus de deux mois du scrutin, et alors que le pre\u0301sident Ouattara avait demande\u0301 \u00ab quelques jours \u00bb pour re\u0301fle\u0301chir a\u0300 la demande du Rassemblement des Houphoue\u0308tistes pour la de\u0301mocratie et la paix (RHDP) \u2014 qui l\u2019a officiellement de\u0301signe\u0301 comme son candidat lors du congre\u0300s du 21 juin \u2014 l\u2019attente commence a\u0300 susciter des interrogations.<\/p>\n<p>Mais pour Adama Bictogo, il n\u2019y a ni flou ni inquie\u0301tude: le de\u0301lai est encore raisonnable. \u00ab La date limite de de\u0301po\u0302t des candidatures est fixe\u0301e au 26 aou\u0302t. Le pre\u0301sident peut s\u2019exprimer jusqu\u2019au 20 aou\u0302t sans que cela ne pose de proble\u0300me \u00bb, a-t-il pre\u0301cise\u0301.<\/p>\n<p>Selon lui, la dynamique engage\u0301e au sein du RHDP ne laisse place a\u0300 aucun doute. La mobilisation massive des militants lors des pre\u0301-congre\u0300s et du congre\u0300s national de\u0301montre, dit-il, l\u2019adhe\u0301sion totale du parti a\u0300 la continuite\u0301 du leadership d\u2019Alassane Ouattara. \u00ab Il a transforme\u0301 la Co\u0302te d\u2019Ivoire sur le plan structurel et e\u0301conomique entre 2010 et 2025 \u00bb, marte\u0300le Bictogo, soulignant l\u2019importance de maintenir le cap pour garantir la stabilite\u0301 et le de\u0301veloppement du pays.<\/p>\n<p>A\u0300 ceux qui e\u0301voquent l\u2019hypothe\u0300se d\u2019un retrait de Ouattara ou l\u2019absence d\u2019un plan B, Bictogo re\u0301pond avec fermete\u0301. Il exclut toute he\u0301sitation ou vide strate\u0301gique: \u00ab En ce qui me concerne, il va y aller. \u00bb Il se dit me\u0302me pre\u0302t a\u0300 se tenir disponible si le pre\u0301sident en venait a\u0300 lui confier une mission, en tant qu\u2019\u00ab homme de mission \u00bb.<\/p>\n<p>Enfin, abordant la question de l\u2019e\u0301ligibilite\u0301 de certains candidats potentiels, notamment celle de Tidjane Thiam, Adama Bictogo rappelle que l\u2019ine\u0301ligibilite\u0301 de certains profils de\u0301coule de la loi ivoirienne, et non d\u2019un calcul politique: \u00ab Le pouvoir en place n\u2019est pas a\u0300 la base de cette impossibilite\u0301. \u00bb<\/p>\n<p>En attendant l\u2019annonce officielle d\u2019Alassane Ouattara, le RHDP reste donc en ordre de bataille, convaincu que son leader historique sera bien sur la ligne de de\u0301part pour l\u2019e\u0301lection pre\u0301sidentielle d\u2019octobre prochain.<\/p>\n<p><strong>Pour plus d&rsquo;informations et d&rsquo;analyses sur la <span style=\"color: #ff6600\">C\u00f4te d&rsquo;Ivoire<\/span>, suivez <span style=\"color: #ff6600\">Africa-Press<\/span><\/strong><\/p>\n","protected":false},"excerpt":{"rendered":"<p>Africa-Press &#8211; C\u00f4te d&rsquo;Ivoire. Dans une interview accorde\u0301e au confre\u0300res de France 24, Adama Bictogo, pre\u0301sident de l\u2019Assemble\u0301e nationale de Co\u0302te d\u2019Ivoire, s\u2019est voulu rassurant quant a\u0300 la participation du chef de l\u2019E\u0301tat sortant, Alassane Ouattara, a\u0300 la pre\u0301sidentielle d\u2019octobre 2025. Malgre\u0301 l\u2019absence de confirmation formelle, il affirme sans de\u0301tour: \u00ab Alassane Ouattara sera bel [&hellip;]<\/p>\n","protected":false},"author":82,"featured_media":102131,"comment_status":"open","ping_status":"closed","sticky":false,"template":"","format":"standard","meta":{"footnotes":""},"categories":[2,20,10],"tags":[661,1930,29,727,371,1547],"class_list":["post-102132","post","type-post","status-publish","format-standard","has-post-thumbnail","hentry","category-politique","category-top-nouvelles","category-toutes-les-actualites","tag-alassane","tag-bictogo","tag-cote-divoire","tag-ouattara","tag-rhdp","tag-thiam"],"yoast_head":"<!-- This site is optimized with the Yoast SEO Premium plugin v26.1 (Yoast SEO v27.0) - https:\/\/yoast.com\/product\/yoast-seo-premium-wordpress\/ -->\n<title>Adama Bictogo Confirme Candidature Ouattara 2025 - C\u00f4te d&#039;Ivoire<\/title>\n<meta name=\"description\" content=\"Dans une interview accorde\u0301e au confre\u0300res de France 24, Adama Bictogo, pre\u0301sident de l\u2019Assemble\u0301e nationale de Co\u0302te d\u2019 ...\" \/>\n<meta name=\"robots\" content=\"index, follow, max-snippet:-1, max-image-preview:large, max-video-preview:-1\" \/>\n<link rel=\"canonical\" href=\"https:\/\/www.africa-press.net\/cotedivoire\/politique\/adama-bictogo-confirme-candidature-ouattara-2025\" \/>\n<meta property=\"og:locale\" content=\"fr_FR\" \/>\n<meta property=\"og:type\" content=\"article\" \/>\n<meta property=\"og:title\" content=\"Adama Bictogo Confirme Candidature Ouattara 2025\" \/>\n<meta property=\"og:description\" content=\"Dans une interview accorde\u0301e au confre\u0300res de France 24, Adama Bictogo, pre\u0301sident de l\u2019Assemble\u0301e nationale de Co\u0302te d\u2019 ...\" \/>\n<meta property=\"og:url\" content=\"https:\/\/www.africa-press.net\/cotedivoire\/politique\/adama-bictogo-confirme-candidature-ouattara-2025\" \/>\n<meta property=\"og:site_name\" content=\"C\u00f4te d&#039;Ivoire\" \/>\n<meta property=\"article:published_time\" content=\"2025-07-11T18:01:11+00:00\" \/>\n<meta property=\"article:modified_time\" content=\"2025-07-11T19:12:47+00:00\" \/>\n<meta property=\"og:image\" content=\"https:\/\/static.africa-press.net\/cote\/sites\/43\/2025\/07\/sm_1752248300.379672.jpg\" \/>\n\t<meta property=\"og:image:width\" content=\"712\" \/>\n\t<meta property=\"og:image:height\" content=\"307\" \/>\n\t<meta property=\"og:image:type\" content=\"image\/jpeg\" \/>\n<meta name=\"author\" content=\"cfeditorfr\" \/>\n<meta name=\"twitter:card\" content=\"summary_large_image\" \/>\n<meta name=\"twitter:label1\" content=\"\u00c9crit par\" \/>\n\t<meta name=\"twitter:data1\" content=\"cfeditorfr\" \/>\n\t<meta name=\"twitter:label2\" content=\"Dur\u00e9e de lecture estim\u00e9e\" \/>\n\t<meta name=\"twitter:data2\" content=\"3 minutes\" \/>\n<script type=\"application\/ld+json\" class=\"yoast-schema-graph\">{\"@context\":\"https:\/\/schema.org\",\"@graph\":[{\"@type\":\"Article\",\"@id\":\"https:\/\/www.africa-press.net\/cotedivoire\/politique\/adama-bictogo-confirme-candidature-ouattara-2025#article\",\"isPartOf\":{\"@id\":\"https:\/\/www.africa-press.net\/cotedivoire\/politique\/adama-bictogo-confirme-candidature-ouattara-2025\"},\"author\":{\"name\":\"cfeditorfr\",\"@id\":\"https:\/\/www.africa-press.net\/cotedivoire\/#\/schema\/person\/2b1cf3cd81a31e3cd26889ca66d677f1\"},\"headline\":\"Adama Bictogo Confirme Candidature Ouattara 2025\",\"datePublished\":\"2025-07-11T18:01:11+00:00\",\"dateModified\":\"2025-07-11T19:12:47+00:00\",\"mainEntityOfPage\":{\"@id\":\"https:\/\/www.africa-press.net\/cotedivoire\/politique\/adama-bictogo-confirme-candidature-ouattara-2025\"},\"wordCount\":454,\"commentCount\":0,\"image\":{\"@id\":\"https:\/\/www.africa-press.net\/cotedivoire\/politique\/adama-bictogo-confirme-candidature-ouattara-2025#primaryimage\"},\"thumbnailUrl\":\"https:\/\/static.africa-press.net\/cote\/sites\/43\/2025\/07\/sm_1752248300.379672.jpg\",\"keywords\":[\"Alassane\",\"Bictogo\",\"C\u00d4TE D'IVOIRE\",\"Ouattara\",\"RHDP\",\"Thiam\"],\"articleSection\":[\"Politique\",\"Top Nouvelles\",\"Toutes les actualit\u00e9s\"],\"inLanguage\":\"fr-FR\",\"potentialAction\":[{\"@type\":\"CommentAction\",\"name\":\"Comment\",\"target\":[\"https:\/\/www.africa-press.net\/cotedivoire\/politique\/adama-bictogo-confirme-candidature-ouattara-2025#respond\"]}]},{\"@type\":\"WebPage\",\"@id\":\"https:\/\/www.africa-press.net\/cotedivoire\/politique\/adama-bictogo-confirme-candidature-ouattara-2025\",\"url\":\"https:\/\/www.africa-press.net\/cotedivoire\/politique\/adama-bictogo-confirme-candidature-ouattara-2025\",\"name\":\"Adama Bictogo Confirme Candidature Ouattara 2025 - C\u00f4te d&#039;Ivoire\",\"isPartOf\":{\"@id\":\"https:\/\/www.africa-press.net\/cotedivoire\/#website\"},\"primaryImageOfPage\":{\"@id\":\"https:\/\/www.africa-press.net\/cotedivoire\/politique\/adama-bictogo-confirme-candidature-ouattara-2025#primaryimage\"},\"image\":{\"@id\":\"https:\/\/www.africa-press.net\/cotedivoire\/politique\/adama-bictogo-confirme-candidature-ouattara-2025#primaryimage\"},\"thumbnailUrl\":\"https:\/\/static.africa-press.net\/cote\/sites\/43\/2025\/07\/sm_1752248300.379672.jpg\",\"datePublished\":\"2025-07-11T18:01:11+00:00\",\"dateModified\":\"2025-07-11T19:12:47+00:00\",\"author\":{\"@id\":\"https:\/\/www.africa-press.net\/cotedivoire\/#\/schema\/person\/2b1cf3cd81a31e3cd26889ca66d677f1\"},\"description\":\"Dans une interview accorde\u0301e au confre\u0300res de France 24, Adama Bictogo, pre\u0301sident de l\u2019Assemble\u0301e nationale de Co\u0302te d\u2019 ...\",\"breadcrumb\":{\"@id\":\"https:\/\/www.africa-press.net\/cotedivoire\/politique\/adama-bictogo-confirme-candidature-ouattara-2025#breadcrumb\"},\"inLanguage\":\"fr-FR\",\"potentialAction\":[{\"@type\":\"ReadAction\",\"target\":[\"https:\/\/www.africa-press.net\/cotedivoire\/politique\/adama-bictogo-confirme-candidature-ouattara-2025\"]}]},{\"@type\":\"ImageObject\",\"inLanguage\":\"fr-FR\",\"@id\":\"https:\/\/www.africa-press.net\/cotedivoire\/politique\/adama-bictogo-confirme-candidature-ouattara-2025#primaryimage\",\"url\":\"https:\/\/static.africa-press.net\/cote\/sites\/43\/2025\/07\/sm_1752248300.379672.jpg\",\"contentUrl\":\"https:\/\/static.africa-press.net\/cote\/sites\/43\/2025\/07\/sm_1752248300.379672.jpg\",\"width\":712,\"height\":307,\"caption\":\"Adama Bictogo Confirme Candidature Ouattara 2025\"},{\"@type\":\"BreadcrumbList\",\"@id\":\"https:\/\/www.africa-press.net\/cotedivoire\/politique\/adama-bictogo-confirme-candidature-ouattara-2025#breadcrumb\",\"itemListElement\":[{\"@type\":\"ListItem\",\"position\":1,\"name\":\"Accueil\",\"item\":\"https:\/\/www.africa-press.net\/cotedivoire\/\"},{\"@type\":\"ListItem\",\"position\":2,\"name\":\"Adama Bictogo Confirme Candidature Ouattara 2025\"}]},{\"@type\":\"WebSite\",\"@id\":\"https:\/\/www.africa-press.net\/cotedivoire\/#website\",\"url\":\"https:\/\/www.africa-press.net\/cotedivoire\/\",\"name\":\"C\u00f4te d&#039;Ivoire\",\"description\":\"Just another Africa News Agency Sites site\",\"potentialAction\":[{\"@type\":\"SearchAction\",\"target\":{\"@type\":\"EntryPoint\",\"urlTemplate\":\"https:\/\/www.africa-press.net\/cotedivoire\/?s={search_term_string}\"},\"query-input\":{\"@type\":\"PropertyValueSpecification\",\"valueRequired\":true,\"valueName\":\"search_term_string\"}}],\"inLanguage\":\"fr-FR\"},{\"@type\":\"Person\",\"@id\":\"https:\/\/www.africa-press.net\/cotedivoire\/#\/schema\/person\/2b1cf3cd81a31e3cd26889ca66d677f1\",\"name\":\"cfeditorfr\"}]}<\/script>\n<!-- \/ Yoast SEO Premium plugin. -->","yoast_head_json":{"title":"Adama Bictogo Confirme Candidature Ouattara 2025 - C\u00f4te d&#039;Ivoire","description":"Dans une interview accorde\u0301e au confre\u0300res de France 24, Adama Bictogo, pre\u0301sident de l\u2019Assemble\u0301e nationale de Co\u0302te d\u2019 ...","robots":{"index":"index","follow":"follow","max-snippet":"max-snippet:-1","max-image-preview":"max-image-preview:large","max-video-preview":"max-video-preview:-1"},"canonical":"https:\/\/www.africa-press.net\/cotedivoire\/politique\/adama-bictogo-confirme-candidature-ouattara-2025","og_locale":"fr_FR","og_type":"article","og_title":"Adama Bictogo Confirme Candidature Ouattara 2025","og_description":"Dans une interview accorde\u0301e au confre\u0300res de France 24, Adama Bictogo, pre\u0301sident de l\u2019Assemble\u0301e nationale de Co\u0302te d\u2019 ...","og_url":"https:\/\/www.africa-press.net\/cotedivoire\/politique\/adama-bictogo-confirme-candidature-ouattara-2025","og_site_name":"C\u00f4te d&#039;Ivoire","article_published_time":"2025-07-11T18:01:11+00:00","article_modified_time":"2025-07-11T19:12:47+00:00","og_image":[{"width":712,"height":307,"url":"https:\/\/static.africa-press.net\/cote\/sites\/43\/2025\/07\/sm_1752248300.379672.jpg","type":"image\/jpeg"}],"author":"cfeditorfr","twitter_card":"summary_large_image","twitter_misc":{"\u00c9crit par":"cfeditorfr","Dur\u00e9e de lecture estim\u00e9e":"3 minutes"},"schema":{"@context":"https:\/\/schema.org","@graph":[{"@type":"Article","@id":"https:\/\/www.africa-press.net\/cotedivoire\/politique\/adama-bictogo-confirme-candidature-ouattara-2025#article","isPartOf":{"@id":"https:\/\/www.africa-press.net\/cotedivoire\/politique\/adama-bictogo-confirme-candidature-ouattara-2025"},"author":{"name":"cfeditorfr","@id":"https:\/\/www.africa-press.net\/cotedivoire\/#\/schema\/person\/2b1cf3cd81a31e3cd26889ca66d677f1"},"headline":"Adama Bictogo Confirme Candidature Ouattara 2025","datePublished":"2025-07-11T18:01:11+00:00","dateModified":"2025-07-11T19:12:47+00:00","mainEntityOfPage":{"@id":"https:\/\/www.africa-press.net\/cotedivoire\/politique\/adama-bictogo-confirme-candidature-ouattara-2025"},"wordCount":454,"commentCount":0,"image":{"@id":"https:\/\/www.africa-press.net\/cotedivoire\/politique\/adama-bictogo-confirme-candidature-ouattara-2025#primaryimage"},"thumbnailUrl":"https:\/\/static.africa-press.net\/cote\/sites\/43\/2025\/07\/sm_1752248300.379672.jpg","keywords":["Alassane","Bictogo","C\u00d4TE D'IVOIRE","Ouattara","RHDP","Thiam"],"articleSection":["Politique","Top Nouvelles","Toutes les actualit\u00e9s"],"inLanguage":"fr-FR","potentialAction":[{"@type":"CommentAction","name":"Comment","target":["https:\/\/www.africa-press.net\/cotedivoire\/politique\/adama-bictogo-confirme-candidature-ouattara-2025#respond"]}]},{"@type":"WebPage","@id":"https:\/\/www.africa-press.net\/cotedivoire\/politique\/adama-bictogo-confirme-candidature-ouattara-2025","url":"https:\/\/www.africa-press.net\/cotedivoire\/politique\/adama-bictogo-confirme-candidature-ouattara-2025","name":"Adama Bictogo Confirme Candidature Ouattara 2025 - C\u00f4te d&#039;Ivoire","isPartOf":{"@id":"https:\/\/www.africa-press.net\/cotedivoire\/#website"},"primaryImageOfPage":{"@id":"https:\/\/www.africa-press.net\/cotedivoire\/politique\/adama-bictogo-confirme-candidature-ouattara-2025#primaryimage"},"image":{"@id":"https:\/\/www.africa-press.net\/cotedivoire\/politique\/adama-bictogo-confirme-candidature-ouattara-2025#primaryimage"},"thumbnailUrl":"https:\/\/static.africa-press.net\/cote\/sites\/43\/2025\/07\/sm_1752248300.379672.jpg","datePublished":"2025-07-11T18:01:11+00:00","dateModified":"2025-07-11T19:12:47+00:00","author":{"@id":"https:\/\/www.africa-press.net\/cotedivoire\/#\/schema\/person\/2b1cf3cd81a31e3cd26889ca66d677f1"},"description":"Dans une interview accorde\u0301e au confre\u0300res de France 24, Adama Bictogo, pre\u0301sident de l\u2019Assemble\u0301e nationale de Co\u0302te d\u2019 ...","breadcrumb":{"@id":"https:\/\/www.africa-press.net\/cotedivoire\/politique\/adama-bictogo-confirme-candidature-ouattara-2025#breadcrumb"},"inLanguage":"fr-FR","potentialAction":[{"@type":"ReadAction","target":["https:\/\/www.africa-press.net\/cotedivoire\/politique\/adama-bictogo-confirme-candidature-ouattara-2025"]}]},{"@type":"ImageObject","inLanguage":"fr-FR","@id":"https:\/\/www.africa-press.net\/cotedivoire\/politique\/adama-bictogo-confirme-candidature-ouattara-2025#primaryimage","url":"https:\/\/static.africa-press.net\/cote\/sites\/43\/2025\/07\/sm_1752248300.379672.jpg","contentUrl":"https:\/\/static.africa-press.net\/cote\/sites\/43\/2025\/07\/sm_1752248300.379672.jpg","width":712,"height":307,"caption":"Adama Bictogo Confirme Candidature Ouattara 2025"},{"@type":"BreadcrumbList","@id":"https:\/\/www.africa-press.net\/cotedivoire\/politique\/adama-bictogo-confirme-candidature-ouattara-2025#breadcrumb","itemListElement":[{"@type":"ListItem","position":1,"name":"Accueil","item":"https:\/\/www.africa-press.net\/cotedivoire\/"},{"@type":"ListItem","position":2,"name":"Adama Bictogo Confirme Candidature Ouattara 2025"}]},{"@type":"WebSite","@id":"https:\/\/www.africa-press.net\/cotedivoire\/#website","url":"https:\/\/www.africa-press.net\/cotedivoire\/","name":"C\u00f4te d&#039;Ivoire","description":"Just another Africa News Agency Sites site","potentialAction":[{"@type":"SearchAction","target":{"@type":"EntryPoint","urlTemplate":"https:\/\/www.africa-press.net\/cotedivoire\/?s={search_term_string}"},"query-input":{"@type":"PropertyValueSpecification","valueRequired":true,"valueName":"search_term_string"}}],"inLanguage":"fr-FR"},{"@type":"Person","@id":"https:\/\/www.africa-press.net\/cotedivoire\/#\/schema\/person\/2b1cf3cd81a31e3cd26889ca66d677f1","name":"cfeditorfr"}]}},"_links":{"self":[{"href":"https:\/\/www.africa-press.net\/cotedivoire\/wp-json\/wp\/v2\/posts\/102132","targetHints":{"allow":["GET"]}}],"collection":[{"href":"https:\/\/www.africa-press.net\/cotedivoire\/wp-json\/wp\/v2\/posts"}],"about":[{"href":"https:\/\/www.africa-press.net\/cotedivoire\/wp-json\/wp\/v2\/types\/post"}],"author":[{"embeddable":true,"href":"https:\/\/www.africa-press.net\/cotedivoire\/wp-json\/wp\/v2\/users\/82"}],"replies":[{"embeddable":true,"href":"https:\/\/www.africa-press.net\/cotedivoire\/wp-json\/wp\/v2\/comments?post=102132"}],"version-history":[{"count":0,"href":"https:\/\/www.africa-press.net\/cotedivoire\/wp-json\/wp\/v2\/posts\/102132\/revisions"}],"wp:featuredmedia":[{"embeddable":true,"href":"https:\/\/www.africa-press.net\/cotedivoire\/wp-json\/wp\/v2\/media\/102131"}],"wp:attachment":[{"href":"https:\/\/www.africa-press.net\/cotedivoire\/wp-json\/wp\/v2\/media?parent=102132"}],"wp:term":[{"taxonomy":"category","embeddable":true,"href":"https:\/\/www.africa-press.net\/cotedivoire\/wp-json\/wp\/v2\/categories?post=102132"},{"taxonomy":"post_tag","embeddable":true,"href":"https:\/\/www.africa-press.net\/cotedivoire\/wp-json\/wp\/v2\/tags?post=102132"}],"curies":[{"name":"wp","href":"https:\/\/api.w.org\/{rel}","templated":true}]}}