{"id":10215,"date":"2021-07-21T10:56:24","date_gmt":"2021-07-21T10:56:24","guid":{"rendered":"https:\/\/www.africa-press.net\/cotedivoire\/?p=10215"},"modified":"2021-07-21T12:13:19","modified_gmt":"2021-07-21T12:13:19","slug":"ado-bedie-gbagbo-mes-propositions-a-vous","status":"publish","type":"post","link":"https:\/\/www.africa-press.net\/cotedivoire\/politique\/ado-bedie-gbagbo-mes-propositions-a-vous","title":{"rendered":"ADO-B\u00e9di\u00e9-Gbagbo: Mes propositions \u00e0 vous"},"content":{"rendered":"<p><span style=\"color: #ff6600\"><strong><a href=\"https:\/\/www.africa-press.net\/\">Africa-Press<\/a> &#8211; <a href=\"https:\/\/www.africa-press.net\/cotedivoire\">C\u00f4te d&rsquo;Ivoire<\/a>. <\/strong><\/span>Je voudrais encore me r\u00e9p\u00e9ter que nous, soci\u00e9t\u00e9 civile, simples citoyens de C\u00f4te d\u2019ivoire, demandons \u00e0 ADO, B\u00e9di\u00e9 et \u00e0 Gbagbo que ce n\u2019est pas tant qui doit \u00eatre candidat ou pas qui est notre probl\u00e8me. Notre probl\u00e8me c\u2019est votre guerre de leadership aux cons\u00e9quences d\u00e9sastreuses. Dites \u00e0 vos partisans respectifs de nous \u00e9pargner des discours guerriers. 2025 est bien loin mais ils ont d\u00e9j\u00e0 annonc\u00e9 les couleurs. Le pays est tr\u00e8s en retard \u00e0 cause de vos palabres politiques. Je vous en prie, asseyez vous et mettez vous d\u2019accord sur les r\u00e8gles du jeu democratique d\u2019abord. Vous trois vous serez candidats, nous on a pas de probl\u00e8me avec \u00e7a. Mais de gr\u00e2ce d\u00e9finissez les r\u00e8gles du jeu democratique approuv\u00e9es de tous avant d\u2019aller aux \u00e9lections cette fois ci.<\/p>\n<p>Si tant bien que vous aimez le pays plus que les autres citoyens, alors pourquoi vous n\u2019acceptez pas ce que nous, soci\u00e9t\u00e9 civile et les populations estiment ce qui est bien pour le pays? Les palabres politiques nous en avons assez. Nous avons perdu tant de vies humaines et mat\u00e9rielles. Vous \u00eates \u00e0 pr\u00e9sent les seuls doyens majeurs qui nous restent. Alors, laissez vos alters de c\u00f4t\u00e9. Voyez l\u2019int\u00e9r\u00eat sup\u00e9rieur du pays. Le pays a des probl\u00e8mes \u00e0 chaque \u00e9lection \u00e0 cause de votre \u00e9go\u00efsme, de votre esprit de tricherie pour gagner co\u00fbte que co\u00fbte qui vous anime.<\/p>\n<p>Soyez plus sages que \u00e7a. Choisissez des proches collaborateurs capables de vous parler avec politesse certes mais avec courage, objectivit\u00e9 et honn\u00eatet\u00e9. Nous ne voulons plus de vos constitutions \u00e9crites \u00e0 la l\u00e9g\u00e8re et de fa\u00e7on fantaisiste taill\u00e9es sur mesure pour recaler un tel ou un tel. Vous trois vous avez fait l\u2019occident. Vous savez bien qu\u2019une constitution doit \u00eatre impersonnelle c\u2019est-\u00e0- dire qu\u2019elle ne doit viser personne mais \u00e9crite dans l\u2019int\u00e9r\u00eat sup\u00e9rieur du pays. Alors laisser comme h\u00e9ritage une v\u00e9ritable constitution accept\u00e9e par au moins 95% de la population.<\/p>\n<p>Pour ma part, en tant que leader de la soci\u00e9t\u00e9 civile d\u00e9nomm\u00e9e Conscience Nationale pour le D\u00e9veloppement (CND), je persiste et je dis que cette constitution doit comprendre des articles tr\u00e8s clairs sur ce qui divisent tant les politiciens dans nos pays en Afrique. Par exemple: Soustraire la commission \u00e9lectorale de la manipulation de l\u2019ex\u00e9cutif, \u00e9quilibrer les pouvoirs de l\u2019ex\u00e9cutif avec les autres institutions de l\u2019Etat, d\u00e9finir le salaire du chef de l\u2019ex\u00e9cutif, les ministres, les pr\u00e9sidents des institutions. Limiter clairement le nombre de mandats auxquels le pr\u00e9sident a droit. Supprimer carr\u00e9ment le budget de souverainet\u00e9. Lib\u00e9raliser la RTI, Frat Mat et la Radio, structures d\u2019Etat vivant du contribuable ivoirien de la manipulation des partis au pouvoir. Que chacun de vos partis politiques ait sa propre cha\u00eene de t\u00e9l\u00e9vision pour y faire sa propre propagande politique.<\/p>\n<p>Toutes les nominations aux hautes fonctions de l\u2019Etat doivent passer devant le S\u00e9nat pour interrogation sur les qualifications, les comp\u00e9tences, les casiers judiciaires, le pass\u00e9, la moralit\u00e9 avant que ses nominations ne soient d\u00e9finitives au niveau de l\u2019ex\u00e9cutif. Le pr\u00e9sident de la R\u00e9publique peut \u00eatre d\u00e9mis de ses fonctions \u00e0 tout moment sans attendre la fin de son mandat pour manquement grave. Exemples: violation de la constitution, favoriser une ethnie au d\u00e9triment d\u2019autres, la corruption, l\u2019abus de pouvoir, l\u2019usage abusif des forces de l\u2019ordre, les d\u00e9tournements des deniers publics, etc.<\/p>\n<p>La proc\u00e9dure pour d\u00e9mettre le chef de l\u2019\u00c9tat doit \u00eatre pr\u00e9cise et approuv\u00e9e de tous. Le Chef de l\u2019Etat n\u2019a pas acc\u00e8s et n\u2019a pas la possibilit\u00e9 de manipuler la constitution. Il y a une proc\u00e9dure approuv\u00e9e par tous pour proposer un ou des changements dans la constitution. Chaque institution du pays travaille chacune selon ses pr\u00e9rogatives mentionn\u00e9es dans la constitution. Ces institutions travaillent \u00e9galement en \u00e9troite collaboration les unes avec les autres dans le respect de la constitution et les limites impos\u00e9es \u00e0 chacune de ces institutions. Celles-ci doivent \u00eatre ind\u00e9pendantes les unes des autres, plus de primaut\u00e9 de l\u2019ex\u00e9cutif.<\/p>\n<p>Tranquillement, on ira aux \u00e9lections d\u2018Octobre 2025. Celui que les \u00e9lecteurs pensent qu\u2019il a le meilleur profil, le meilleur programme pour d\u00e9velopper le pays gagnera, qu\u2019il s\u2019appelle ADO, B\u00e9di\u00e9 ou Gbagbo. Ceux qui ont perdu l\u2019\u00e9lection resteront opposants jusqu\u2019aux prochaines \u00e9lections ainsi de suite. Alors l\u2019histoire retiendra qu\u2019apr\u00e8s Houphouet la C\u00f4te d\u2019Ivoire a eu trois grands leaders politiques qui ont fait de l\u2019Etat d\u2019Eburnie un pays o\u00f9 il fait bon de vivre, un pays d\u00e9pourvu de corruption, un pays r\u00e9solument tourn\u00e9 vers les programmes de d\u00e9veloppement (routes modernes, gares routi\u00e8res ultra modernes, agriculture m\u00e9canis\u00e9e, \u00e9ducation actualis\u00e9e, technologie de pointe, sant\u00e9 pour tous, h\u00f4pitaux ultra-modernes et \u00e9quip\u00e9s, habitation propre et accessible, s\u00e9curit\u00e9 pour tous, justice et \u00e9galit\u00e9 pour tous, des emplois, etc) au profit de tous. Le sous d\u00e9veloppement n\u2019est pas une fatalit\u00e9 mais une mentalit\u00e9 avant tout.<\/p>\n<p>&nbsp;<\/p>\n<p>&nbsp;<\/p>\n","protected":false},"excerpt":{"rendered":"<p>Africa-Press &#8211; C\u00f4te d&rsquo;Ivoire. Je voudrais encore me r\u00e9p\u00e9ter que nous, soci\u00e9t\u00e9 civile, simples citoyens de C\u00f4te d\u2019ivoire, demandons \u00e0 ADO, B\u00e9di\u00e9 et \u00e0 Gbagbo que ce n\u2019est pas tant qui doit \u00eatre candidat ou pas qui est notre probl\u00e8me. Notre probl\u00e8me c\u2019est votre guerre de leadership aux cons\u00e9quences d\u00e9sastreuses. Dites \u00e0 vos partisans respectifs [&hellip;]<\/p>\n","protected":false},"author":82,"featured_media":10214,"comment_status":"open","ping_status":"closed","sticky":false,"template":"","format":"standard","meta":{"footnotes":""},"categories":[11,2,20,10],"tags":[56,63,29],"class_list":["post-10215","post","type-post","status-publish","format-standard","has-post-thumbnail","hentry","category-homepage-french","category-politique","category-top-nouvelles","category-toutes-les-actualites","tag-africa-press","tag-africa-press-cote-divoire","tag-cote-divoire"],"yoast_head":"<!-- This site is optimized with the Yoast SEO Premium plugin v26.1 (Yoast SEO v27.0) - https:\/\/yoast.com\/product\/yoast-seo-premium-wordpress\/ -->\n<title>ADO-B\u00e9di\u00e9-Gbagbo: Mes propositions \u00e0 vous - C\u00f4te d&#039;Ivoire<\/title>\n<meta name=\"description\" content=\"Je voudrais encore me r\u00e9p\u00e9ter que nous, soci\u00e9t\u00e9 civile, simples citoyens de C\u00f4te d\u2019ivoire, demandons \u00e0 ADO, B\u00e9di\u00e9 et \u00e0 G ...\" \/>\n<meta name=\"robots\" content=\"index, follow, max-snippet:-1, max-image-preview:large, max-video-preview:-1\" \/>\n<link rel=\"canonical\" href=\"https:\/\/www.africa-press.net\/cotedivoire\/politique\/ado-bedie-gbagbo-mes-propositions-a-vous\" \/>\n<meta property=\"og:locale\" content=\"fr_FR\" \/>\n<meta property=\"og:type\" content=\"article\" \/>\n<meta property=\"og:title\" content=\"ADO-B\u00e9di\u00e9-Gbagbo: Mes propositions \u00e0 vous\" \/>\n<meta property=\"og:description\" content=\"Je voudrais encore me r\u00e9p\u00e9ter que nous, soci\u00e9t\u00e9 civile, simples citoyens de C\u00f4te d\u2019ivoire, demandons \u00e0 ADO, B\u00e9di\u00e9 et \u00e0 G ...\" \/>\n<meta property=\"og:url\" content=\"https:\/\/www.africa-press.net\/cotedivoire\/politique\/ado-bedie-gbagbo-mes-propositions-a-vous\" \/>\n<meta property=\"og:site_name\" content=\"C\u00f4te d&#039;Ivoire\" \/>\n<meta property=\"article:published_time\" content=\"2021-07-21T10:56:24+00:00\" \/>\n<meta property=\"article:modified_time\" content=\"2021-07-21T12:13:19+00:00\" \/>\n<meta property=\"og:image\" content=\"https:\/\/static.africa-press.net\/cote\/sites\/43\/2021\/07\/img-60f7f3e8cc46e.jpg\" \/>\n\t<meta property=\"og:image:width\" content=\"800\" \/>\n\t<meta property=\"og:image:height\" content=\"447\" \/>\n\t<meta property=\"og:image:type\" content=\"image\/jpeg\" \/>\n<meta name=\"author\" content=\"cfeditorfr\" \/>\n<meta name=\"twitter:card\" content=\"summary_large_image\" \/>\n<meta name=\"twitter:label1\" content=\"\u00c9crit par\" \/>\n\t<meta name=\"twitter:data1\" content=\"cfeditorfr\" \/>\n\t<meta name=\"twitter:label2\" content=\"Dur\u00e9e de lecture estim\u00e9e\" \/>\n\t<meta name=\"twitter:data2\" content=\"5 minutes\" \/>\n<script type=\"application\/ld+json\" class=\"yoast-schema-graph\">{\"@context\":\"https:\/\/schema.org\",\"@graph\":[{\"@type\":\"Article\",\"@id\":\"https:\/\/www.africa-press.net\/cotedivoire\/politique\/ado-bedie-gbagbo-mes-propositions-a-vous#article\",\"isPartOf\":{\"@id\":\"https:\/\/www.africa-press.net\/cotedivoire\/politique\/ado-bedie-gbagbo-mes-propositions-a-vous\"},\"author\":{\"name\":\"cfeditorfr\",\"@id\":\"https:\/\/www.africa-press.net\/cotedivoire\/#\/schema\/person\/2b1cf3cd81a31e3cd26889ca66d677f1\"},\"headline\":\"ADO-B\u00e9di\u00e9-Gbagbo: Mes propositions \u00e0 vous\",\"datePublished\":\"2021-07-21T10:56:24+00:00\",\"dateModified\":\"2021-07-21T12:13:19+00:00\",\"mainEntityOfPage\":{\"@id\":\"https:\/\/www.africa-press.net\/cotedivoire\/politique\/ado-bedie-gbagbo-mes-propositions-a-vous\"},\"wordCount\":915,\"commentCount\":0,\"image\":{\"@id\":\"https:\/\/www.africa-press.net\/cotedivoire\/politique\/ado-bedie-gbagbo-mes-propositions-a-vous#primaryimage\"},\"thumbnailUrl\":\"https:\/\/static.africa-press.net\/cote\/sites\/43\/2021\/07\/img-60f7f3e8cc46e.jpg\",\"keywords\":[\"Africa Press\",\"Africa Press-C\u00f4te d'Ivoire\",\"C\u00d4TE D'IVOIRE\"],\"articleSection\":[\"homepage-french\",\"Politique\",\"Top Nouvelles\",\"Toutes les actualit\u00e9s\"],\"inLanguage\":\"fr-FR\",\"potentialAction\":[{\"@type\":\"CommentAction\",\"name\":\"Comment\",\"target\":[\"https:\/\/www.africa-press.net\/cotedivoire\/politique\/ado-bedie-gbagbo-mes-propositions-a-vous#respond\"]}]},{\"@type\":\"WebPage\",\"@id\":\"https:\/\/www.africa-press.net\/cotedivoire\/politique\/ado-bedie-gbagbo-mes-propositions-a-vous\",\"url\":\"https:\/\/www.africa-press.net\/cotedivoire\/politique\/ado-bedie-gbagbo-mes-propositions-a-vous\",\"name\":\"ADO-B\u00e9di\u00e9-Gbagbo: Mes propositions \u00e0 vous - C\u00f4te d&#039;Ivoire\",\"isPartOf\":{\"@id\":\"https:\/\/www.africa-press.net\/cotedivoire\/#website\"},\"primaryImageOfPage\":{\"@id\":\"https:\/\/www.africa-press.net\/cotedivoire\/politique\/ado-bedie-gbagbo-mes-propositions-a-vous#primaryimage\"},\"image\":{\"@id\":\"https:\/\/www.africa-press.net\/cotedivoire\/politique\/ado-bedie-gbagbo-mes-propositions-a-vous#primaryimage\"},\"thumbnailUrl\":\"https:\/\/static.africa-press.net\/cote\/sites\/43\/2021\/07\/img-60f7f3e8cc46e.jpg\",\"datePublished\":\"2021-07-21T10:56:24+00:00\",\"dateModified\":\"2021-07-21T12:13:19+00:00\",\"author\":{\"@id\":\"https:\/\/www.africa-press.net\/cotedivoire\/#\/schema\/person\/2b1cf3cd81a31e3cd26889ca66d677f1\"},\"description\":\"Je voudrais encore me r\u00e9p\u00e9ter que nous, soci\u00e9t\u00e9 civile, simples citoyens de C\u00f4te d\u2019ivoire, demandons \u00e0 ADO, B\u00e9di\u00e9 et \u00e0 G ...\",\"breadcrumb\":{\"@id\":\"https:\/\/www.africa-press.net\/cotedivoire\/politique\/ado-bedie-gbagbo-mes-propositions-a-vous#breadcrumb\"},\"inLanguage\":\"fr-FR\",\"potentialAction\":[{\"@type\":\"ReadAction\",\"target\":[\"https:\/\/www.africa-press.net\/cotedivoire\/politique\/ado-bedie-gbagbo-mes-propositions-a-vous\"]}]},{\"@type\":\"ImageObject\",\"inLanguage\":\"fr-FR\",\"@id\":\"https:\/\/www.africa-press.net\/cotedivoire\/politique\/ado-bedie-gbagbo-mes-propositions-a-vous#primaryimage\",\"url\":\"https:\/\/static.africa-press.net\/cote\/sites\/43\/2021\/07\/img-60f7f3e8cc46e.jpg\",\"contentUrl\":\"https:\/\/static.africa-press.net\/cote\/sites\/43\/2021\/07\/img-60f7f3e8cc46e.jpg\",\"width\":800,\"height\":447,\"caption\":\"ADO-B\u00e9di\u00e9-Gbagbo: Mes propositions \u00e0 vous\"},{\"@type\":\"BreadcrumbList\",\"@id\":\"https:\/\/www.africa-press.net\/cotedivoire\/politique\/ado-bedie-gbagbo-mes-propositions-a-vous#breadcrumb\",\"itemListElement\":[{\"@type\":\"ListItem\",\"position\":1,\"name\":\"Accueil\",\"item\":\"https:\/\/www.africa-press.net\/cotedivoire\/\"},{\"@type\":\"ListItem\",\"position\":2,\"name\":\"ADO-B\u00e9di\u00e9-Gbagbo: Mes propositions \u00e0 vous\"}]},{\"@type\":\"WebSite\",\"@id\":\"https:\/\/www.africa-press.net\/cotedivoire\/#website\",\"url\":\"https:\/\/www.africa-press.net\/cotedivoire\/\",\"name\":\"C\u00f4te d&#039;Ivoire\",\"description\":\"Just another Africa News Agency Sites site\",\"potentialAction\":[{\"@type\":\"SearchAction\",\"target\":{\"@type\":\"EntryPoint\",\"urlTemplate\":\"https:\/\/www.africa-press.net\/cotedivoire\/?s={search_term_string}\"},\"query-input\":{\"@type\":\"PropertyValueSpecification\",\"valueRequired\":true,\"valueName\":\"search_term_string\"}}],\"inLanguage\":\"fr-FR\"},{\"@type\":\"Person\",\"@id\":\"https:\/\/www.africa-press.net\/cotedivoire\/#\/schema\/person\/2b1cf3cd81a31e3cd26889ca66d677f1\",\"name\":\"cfeditorfr\"}]}<\/script>\n<!-- \/ Yoast SEO Premium plugin. -->","yoast_head_json":{"title":"ADO-B\u00e9di\u00e9-Gbagbo: Mes propositions \u00e0 vous - C\u00f4te d&#039;Ivoire","description":"Je voudrais encore me r\u00e9p\u00e9ter que nous, soci\u00e9t\u00e9 civile, simples citoyens de C\u00f4te d\u2019ivoire, demandons \u00e0 ADO, B\u00e9di\u00e9 et \u00e0 G ...","robots":{"index":"index","follow":"follow","max-snippet":"max-snippet:-1","max-image-preview":"max-image-preview:large","max-video-preview":"max-video-preview:-1"},"canonical":"https:\/\/www.africa-press.net\/cotedivoire\/politique\/ado-bedie-gbagbo-mes-propositions-a-vous","og_locale":"fr_FR","og_type":"article","og_title":"ADO-B\u00e9di\u00e9-Gbagbo: Mes propositions \u00e0 vous","og_description":"Je voudrais encore me r\u00e9p\u00e9ter que nous, soci\u00e9t\u00e9 civile, simples citoyens de C\u00f4te d\u2019ivoire, demandons \u00e0 ADO, B\u00e9di\u00e9 et \u00e0 G ...","og_url":"https:\/\/www.africa-press.net\/cotedivoire\/politique\/ado-bedie-gbagbo-mes-propositions-a-vous","og_site_name":"C\u00f4te d&#039;Ivoire","article_published_time":"2021-07-21T10:56:24+00:00","article_modified_time":"2021-07-21T12:13:19+00:00","og_image":[{"width":800,"height":447,"url":"https:\/\/static.africa-press.net\/cote\/sites\/43\/2021\/07\/img-60f7f3e8cc46e.jpg","type":"image\/jpeg"}],"author":"cfeditorfr","twitter_card":"summary_large_image","twitter_misc":{"\u00c9crit par":"cfeditorfr","Dur\u00e9e de lecture estim\u00e9e":"5 minutes"},"schema":{"@context":"https:\/\/schema.org","@graph":[{"@type":"Article","@id":"https:\/\/www.africa-press.net\/cotedivoire\/politique\/ado-bedie-gbagbo-mes-propositions-a-vous#article","isPartOf":{"@id":"https:\/\/www.africa-press.net\/cotedivoire\/politique\/ado-bedie-gbagbo-mes-propositions-a-vous"},"author":{"name":"cfeditorfr","@id":"https:\/\/www.africa-press.net\/cotedivoire\/#\/schema\/person\/2b1cf3cd81a31e3cd26889ca66d677f1"},"headline":"ADO-B\u00e9di\u00e9-Gbagbo: Mes propositions \u00e0 vous","datePublished":"2021-07-21T10:56:24+00:00","dateModified":"2021-07-21T12:13:19+00:00","mainEntityOfPage":{"@id":"https:\/\/www.africa-press.net\/cotedivoire\/politique\/ado-bedie-gbagbo-mes-propositions-a-vous"},"wordCount":915,"commentCount":0,"image":{"@id":"https:\/\/www.africa-press.net\/cotedivoire\/politique\/ado-bedie-gbagbo-mes-propositions-a-vous#primaryimage"},"thumbnailUrl":"https:\/\/static.africa-press.net\/cote\/sites\/43\/2021\/07\/img-60f7f3e8cc46e.jpg","keywords":["Africa Press","Africa Press-C\u00f4te d'Ivoire","C\u00d4TE D'IVOIRE"],"articleSection":["homepage-french","Politique","Top Nouvelles","Toutes les actualit\u00e9s"],"inLanguage":"fr-FR","potentialAction":[{"@type":"CommentAction","name":"Comment","target":["https:\/\/www.africa-press.net\/cotedivoire\/politique\/ado-bedie-gbagbo-mes-propositions-a-vous#respond"]}]},{"@type":"WebPage","@id":"https:\/\/www.africa-press.net\/cotedivoire\/politique\/ado-bedie-gbagbo-mes-propositions-a-vous","url":"https:\/\/www.africa-press.net\/cotedivoire\/politique\/ado-bedie-gbagbo-mes-propositions-a-vous","name":"ADO-B\u00e9di\u00e9-Gbagbo: Mes propositions \u00e0 vous - C\u00f4te d&#039;Ivoire","isPartOf":{"@id":"https:\/\/www.africa-press.net\/cotedivoire\/#website"},"primaryImageOfPage":{"@id":"https:\/\/www.africa-press.net\/cotedivoire\/politique\/ado-bedie-gbagbo-mes-propositions-a-vous#primaryimage"},"image":{"@id":"https:\/\/www.africa-press.net\/cotedivoire\/politique\/ado-bedie-gbagbo-mes-propositions-a-vous#primaryimage"},"thumbnailUrl":"https:\/\/static.africa-press.net\/cote\/sites\/43\/2021\/07\/img-60f7f3e8cc46e.jpg","datePublished":"2021-07-21T10:56:24+00:00","dateModified":"2021-07-21T12:13:19+00:00","author":{"@id":"https:\/\/www.africa-press.net\/cotedivoire\/#\/schema\/person\/2b1cf3cd81a31e3cd26889ca66d677f1"},"description":"Je voudrais encore me r\u00e9p\u00e9ter que nous, soci\u00e9t\u00e9 civile, simples citoyens de C\u00f4te d\u2019ivoire, demandons \u00e0 ADO, B\u00e9di\u00e9 et \u00e0 G ...","breadcrumb":{"@id":"https:\/\/www.africa-press.net\/cotedivoire\/politique\/ado-bedie-gbagbo-mes-propositions-a-vous#breadcrumb"},"inLanguage":"fr-FR","potentialAction":[{"@type":"ReadAction","target":["https:\/\/www.africa-press.net\/cotedivoire\/politique\/ado-bedie-gbagbo-mes-propositions-a-vous"]}]},{"@type":"ImageObject","inLanguage":"fr-FR","@id":"https:\/\/www.africa-press.net\/cotedivoire\/politique\/ado-bedie-gbagbo-mes-propositions-a-vous#primaryimage","url":"https:\/\/static.africa-press.net\/cote\/sites\/43\/2021\/07\/img-60f7f3e8cc46e.jpg","contentUrl":"https:\/\/static.africa-press.net\/cote\/sites\/43\/2021\/07\/img-60f7f3e8cc46e.jpg","width":800,"height":447,"caption":"ADO-B\u00e9di\u00e9-Gbagbo: Mes propositions \u00e0 vous"},{"@type":"BreadcrumbList","@id":"https:\/\/www.africa-press.net\/cotedivoire\/politique\/ado-bedie-gbagbo-mes-propositions-a-vous#breadcrumb","itemListElement":[{"@type":"ListItem","position":1,"name":"Accueil","item":"https:\/\/www.africa-press.net\/cotedivoire\/"},{"@type":"ListItem","position":2,"name":"ADO-B\u00e9di\u00e9-Gbagbo: Mes propositions \u00e0 vous"}]},{"@type":"WebSite","@id":"https:\/\/www.africa-press.net\/cotedivoire\/#website","url":"https:\/\/www.africa-press.net\/cotedivoire\/","name":"C\u00f4te d&#039;Ivoire","description":"Just another Africa News Agency Sites site","potentialAction":[{"@type":"SearchAction","target":{"@type":"EntryPoint","urlTemplate":"https:\/\/www.africa-press.net\/cotedivoire\/?s={search_term_string}"},"query-input":{"@type":"PropertyValueSpecification","valueRequired":true,"valueName":"search_term_string"}}],"inLanguage":"fr-FR"},{"@type":"Person","@id":"https:\/\/www.africa-press.net\/cotedivoire\/#\/schema\/person\/2b1cf3cd81a31e3cd26889ca66d677f1","name":"cfeditorfr"}]}},"_links":{"self":[{"href":"https:\/\/www.africa-press.net\/cotedivoire\/wp-json\/wp\/v2\/posts\/10215","targetHints":{"allow":["GET"]}}],"collection":[{"href":"https:\/\/www.africa-press.net\/cotedivoire\/wp-json\/wp\/v2\/posts"}],"about":[{"href":"https:\/\/www.africa-press.net\/cotedivoire\/wp-json\/wp\/v2\/types\/post"}],"author":[{"embeddable":true,"href":"https:\/\/www.africa-press.net\/cotedivoire\/wp-json\/wp\/v2\/users\/82"}],"replies":[{"embeddable":true,"href":"https:\/\/www.africa-press.net\/cotedivoire\/wp-json\/wp\/v2\/comments?post=10215"}],"version-history":[{"count":0,"href":"https:\/\/www.africa-press.net\/cotedivoire\/wp-json\/wp\/v2\/posts\/10215\/revisions"}],"wp:featuredmedia":[{"embeddable":true,"href":"https:\/\/www.africa-press.net\/cotedivoire\/wp-json\/wp\/v2\/media\/10214"}],"wp:attachment":[{"href":"https:\/\/www.africa-press.net\/cotedivoire\/wp-json\/wp\/v2\/media?parent=10215"}],"wp:term":[{"taxonomy":"category","embeddable":true,"href":"https:\/\/www.africa-press.net\/cotedivoire\/wp-json\/wp\/v2\/categories?post=10215"},{"taxonomy":"post_tag","embeddable":true,"href":"https:\/\/www.africa-press.net\/cotedivoire\/wp-json\/wp\/v2\/tags?post=10215"}],"curies":[{"name":"wp","href":"https:\/\/api.w.org\/{rel}","templated":true}]}}