{"id":102167,"date":"2025-07-12T18:42:36","date_gmt":"2025-07-12T18:42:36","guid":{"rendered":"https:\/\/www.africa-press.net\/cotedivoire\/politique\/bilan-des-activites-educatives-2023-2024-en-cote-divoire"},"modified":"2025-07-12T19:16:42","modified_gmt":"2025-07-12T19:16:42","slug":"bilan-des-activites-educatives-2023-2024-en-cote-divoire","status":"publish","type":"post","link":"https:\/\/www.africa-press.net\/cotedivoire\/culture-et-art\/bilan-des-activites-educatives-2023-2024-en-cote-divoire","title":{"rendered":"Bilan des Activit\u00e9s \u00c9ducatives 2023-2024 en C\u00f4te d&rsquo;Ivoire"},"content":{"rendered":"<p><span style=\"color: #ff6600\"><strong>Africa-Press &#8211; C\u00f4te d&rsquo;Ivoire. <\/strong><\/span>Le secteur E\u0301ducation-Formation de Co\u0302te d\u2019Ivoire se pre\u0301pare a\u0300 tenir sa Revue Sectorielle Conjointe annuelle, un rendez-vous majeur pre\u0301vu les 14 et 15 juillet 2025 a\u0300 la salle des fe\u0302tes du Sofitel Abidjan Ho\u0302tel Ivoire. Cet e\u0301ve\u0301nement strate\u0301gique vise a\u0300 e\u0301valuer les progre\u0300s re\u0301alise\u0301s dans la mise en \u0153uvre du Plan Sectoriel E\u0301ducation-Formation (PSE) 2016-2025, et a\u0300 renforcer la coordination entre les ministe\u0300res concerne\u0301s et les partenaires du secteur.<\/p>\n<p>Place\u0301e sous le signe de la responsabilite\u0301 mutuelle, la Revue sectorielle conjointe est un espace de dialogue, d\u2019analyse et de prise de de\u0301cision collective. Elle permet de dresser le bilan des performances du syste\u0300me e\u0301ducatif, d\u2019analyser les contraintes rencontre\u0301es, et de proposer des mesures correctives concre\u0300tes.<\/p>\n<p>L\u2019objectif principal de cette e\u0301dition 2025 est de faire le point sur la mise en \u0153uvre des activite\u0301s pre\u0301vues pour l\u2019anne\u0301e acade\u0301mique 2023-2024, tant sur les plans physiques que financiers, et d\u2019adapter les pre\u0301visions en fonction des re\u0301alite\u0301s du terrain.<\/p>\n<p>M. Binate\u0301 Mamadou, Inspecteur ge\u0301ne\u0301ral de l\u2019E\u0301ducation nationale et Coordonnateur de la Task Force E\u0301ducation-Formation, souligne que cette Revue illustre la volonte\u0301 des trois ministe\u0300res sectoriels \u2014 E\u0301ducation nationale et Alphabe\u0301tisation, Enseignement supe\u0301rieur et Recherche scientifique, Enseignement technique, Formation professionnelle et Apprentissage \u2014 de planifier et d\u2019agir ensemble dans un cadre commun.<\/p>\n<p>\u00ab Compte tenu des interde\u0301pendances entre nos ministe\u0300res, il est essentiel de coordonner nos efforts pour renforcer l\u2019efficacite\u0301 du syste\u0300me e\u0301ducatif ivoirien. Le Plan Sectoriel 2016-2025, valide\u0301 par le gouvernement et soutenu par les partenaires, est notre boussole commune \u00bb, a de\u0301clare\u0301 M. Binate\u0301.<\/p>\n<p>Deux jours de travaux structure\u0301s marqueront cette Revue. Le premier jour sera marque\u0301 par la ce\u0301re\u0301monie d\u2019ouverture officielle qui sera suivi par la pre\u0301sentation du Rapport de performance 2024 par sous-secteur, de l&rsquo;analyse des constats de la pre\u0301-revue de la socie\u0301te\u0301 civile, de panel de haut niveau avec les trois ministres du secteur pour exposer les re\u0301formes en cours et d&rsquo;une table ronde sur le financement des e\u0301tablissements scolaires et de formation, un enjeu central pour la qualite\u0301 de l\u2019e\u0301ducation.<\/p>\n<p>Le deuxie\u0300me jour sera consacre\u0301 aux travaux en groupes sur l\u2019actualisation du cadre de re\u0301sultats du PSE, aux discussions autour des recommandations pour ame\u0301liorer la performance du syste\u0300me et a\u0300 la ple\u0301nie\u0300re de clo\u0302ture pour validation des conclusions et du nouveau cadre de re\u0301sultats.<\/p>\n<p>Au c\u0153ur des e\u0301changes: le financement des e\u0301tablissements scolaires. M. Binate\u0301 a insiste\u0301 sur l\u2019importance de renforcer les moyens alloue\u0301s aux e\u0301tablissements, conside\u0301re\u0301s comme les unite\u0301s de production du syste\u0300me e\u0301ducatif.<\/p>\n<p>\u00ab Si la qualite\u0301 des diplo\u0302me\u0301s pose question, c\u2019est au niveau des e\u0301tablissements que les leviers de transformation doivent e\u0302tre active\u0301s. Il faut s\u2019interroger: nos e\u0301tablissements disposent-ils des ressources ne\u0301cessaires pour fonctionner efficacement? \u00bb<\/p>\n<p>La table ronde abordera notamment la mobilisation de ressources additionnelles, avec pour ambition de garantir, a\u0300 moyen et long terme, une e\u0301ducation de qualite\u0301 pour tous les jeunes Ivoiriens.<\/p>\n<p>Pre\u0300s de 200 participants sont attendus: repre\u0301sentants des institutions de la Re\u0301publique, cadres des ministe\u0300res sectoriels, partenaires techniques et financiers, acteurs de la socie\u0301te\u0301 civile, collectivite\u0301s territoriales, secteur prive\u0301, etc.<\/p>\n<p>Chaque participant recevra un kit documentaire complet, incluant notamment les rapports de performance des deux dernie\u0300res anne\u0301es, les termes de re\u0301fe\u0301rence des travaux et l\u2019agenda de la Revue.<\/p>\n<p>Cette Revue 2025 s\u2019annonce comme une e\u0301tape de\u0301terminante dans la mise en \u0153uvre du PSE, a\u0300 quelques mois de la fin de sa pe\u0301riode d\u2019exe\u0301cution. Elle constitue une opportunite\u0301 de capitaliser les acquis, de corriger les insuffisances et d\u2019aligner les efforts de tous les acteurs vers un syste\u0300me e\u0301ducatif performant, e\u0301quitable et durable.<\/p>\n<p><strong>Pour plus d&rsquo;informations et d&rsquo;analyses sur la <span style=\"color: #ff6600\">C\u00f4te d&rsquo;Ivoire<\/span>, suivez <span style=\"color: #ff6600\">Africa-Press<\/span><\/strong><\/p>\n","protected":false},"excerpt":{"rendered":"<p>Africa-Press &#8211; C\u00f4te d&rsquo;Ivoire. Le secteur E\u0301ducation-Formation de Co\u0302te d\u2019Ivoire se pre\u0301pare a\u0300 tenir sa Revue Sectorielle Conjointe annuelle, un rendez-vous majeur pre\u0301vu les 14 et 15 juillet 2025 a\u0300 la salle des fe\u0302tes du Sofitel Abidjan Ho\u0302tel Ivoire. Cet e\u0301ve\u0301nement strate\u0301gique vise a\u0300 e\u0301valuer les progre\u0300s re\u0301alise\u0301s dans la mise en \u0153uvre du Plan [&hellip;]<\/p>\n","protected":false},"author":82,"featured_media":102166,"comment_status":"open","ping_status":"closed","sticky":false,"template":"","format":"standard","meta":{"footnotes":""},"categories":[5,10],"tags":[30,8334,29,86,865,17623,14040,15377],"class_list":["post-102167","post","type-post","status-publish","format-standard","has-post-thumbnail","hentry","category-culture-et-art","category-toutes-les-actualites","tag-abidjan","tag-conjointe","tag-cote-divoire","tag-education","tag-formation","tag-juillet","tag-revue","tag-sectorielle"],"yoast_head":"<!-- This site is optimized with the Yoast SEO Premium plugin v26.1 (Yoast SEO v27.0) - https:\/\/yoast.com\/product\/yoast-seo-premium-wordpress\/ -->\n<title>Bilan des Activit\u00e9s \u00c9ducatives 2023-2024 en C\u00f4te d&#039;Ivoire - C\u00f4te d&#039;Ivoire<\/title>\n<meta name=\"description\" content=\"Le secteur E\u0301ducation-Formation de Co\u0302te d\u2019Ivoire se pre\u0301pare a\u0300 tenir sa Revue Sectorielle Conjointe annuelle, un rende ...\" \/>\n<meta name=\"robots\" content=\"index, follow, max-snippet:-1, max-image-preview:large, max-video-preview:-1\" \/>\n<link rel=\"canonical\" href=\"https:\/\/www.africa-press.net\/cotedivoire\/culture-et-art\/bilan-des-activites-educatives-2023-2024-en-cote-divoire\" \/>\n<meta property=\"og:locale\" content=\"fr_FR\" \/>\n<meta property=\"og:type\" content=\"article\" \/>\n<meta property=\"og:title\" content=\"Bilan des Activit\u00e9s \u00c9ducatives 2023-2024 en C\u00f4te d&#039;Ivoire\" \/>\n<meta property=\"og:description\" content=\"Le secteur E\u0301ducation-Formation de Co\u0302te d\u2019Ivoire se pre\u0301pare a\u0300 tenir sa Revue Sectorielle Conjointe annuelle, un rende ...\" \/>\n<meta property=\"og:url\" content=\"https:\/\/www.africa-press.net\/cotedivoire\/culture-et-art\/bilan-des-activites-educatives-2023-2024-en-cote-divoire\" \/>\n<meta property=\"og:site_name\" content=\"C\u00f4te d&#039;Ivoire\" \/>\n<meta property=\"article:published_time\" content=\"2025-07-12T18:42:36+00:00\" \/>\n<meta property=\"article:modified_time\" content=\"2025-07-12T19:16:42+00:00\" \/>\n<meta property=\"og:image\" content=\"https:\/\/static.africa-press.net\/cote\/sites\/43\/2025\/07\/sm_1752335166.225497.jpg\" \/>\n\t<meta property=\"og:image:width\" content=\"720\" \/>\n\t<meta property=\"og:image:height\" content=\"398\" \/>\n\t<meta property=\"og:image:type\" content=\"image\/jpeg\" \/>\n<meta name=\"author\" content=\"cfeditorfr\" \/>\n<meta name=\"twitter:card\" content=\"summary_large_image\" \/>\n<meta name=\"twitter:label1\" content=\"\u00c9crit par\" \/>\n\t<meta name=\"twitter:data1\" content=\"cfeditorfr\" \/>\n\t<meta name=\"twitter:label2\" content=\"Dur\u00e9e de lecture estim\u00e9e\" \/>\n\t<meta name=\"twitter:data2\" content=\"4 minutes\" \/>\n<script type=\"application\/ld+json\" class=\"yoast-schema-graph\">{\"@context\":\"https:\/\/schema.org\",\"@graph\":[{\"@type\":\"Article\",\"@id\":\"https:\/\/www.africa-press.net\/cotedivoire\/culture-et-art\/bilan-des-activites-educatives-2023-2024-en-cote-divoire#article\",\"isPartOf\":{\"@id\":\"https:\/\/www.africa-press.net\/cotedivoire\/culture-et-art\/bilan-des-activites-educatives-2023-2024-en-cote-divoire\"},\"author\":{\"name\":\"cfeditorfr\",\"@id\":\"https:\/\/www.africa-press.net\/cotedivoire\/#\/schema\/person\/2b1cf3cd81a31e3cd26889ca66d677f1\"},\"headline\":\"Bilan des Activit\u00e9s \u00c9ducatives 2023-2024 en C\u00f4te d&rsquo;Ivoire\",\"datePublished\":\"2025-07-12T18:42:36+00:00\",\"dateModified\":\"2025-07-12T19:16:42+00:00\",\"mainEntityOfPage\":{\"@id\":\"https:\/\/www.africa-press.net\/cotedivoire\/culture-et-art\/bilan-des-activites-educatives-2023-2024-en-cote-divoire\"},\"wordCount\":715,\"commentCount\":0,\"image\":{\"@id\":\"https:\/\/www.africa-press.net\/cotedivoire\/culture-et-art\/bilan-des-activites-educatives-2023-2024-en-cote-divoire#primaryimage\"},\"thumbnailUrl\":\"https:\/\/static.africa-press.net\/cote\/sites\/43\/2025\/07\/sm_1752335166.225497.jpg\",\"keywords\":[\"Abidjan\",\"conjointe\",\"C\u00d4TE D'IVOIRE\",\"\u00c9ducation\",\"Formation\",\"juillet\",\"Revue\",\"sectorielle\"],\"articleSection\":[\"Culture et Art\",\"Toutes les actualit\u00e9s\"],\"inLanguage\":\"fr-FR\",\"potentialAction\":[{\"@type\":\"CommentAction\",\"name\":\"Comment\",\"target\":[\"https:\/\/www.africa-press.net\/cotedivoire\/culture-et-art\/bilan-des-activites-educatives-2023-2024-en-cote-divoire#respond\"]}]},{\"@type\":\"WebPage\",\"@id\":\"https:\/\/www.africa-press.net\/cotedivoire\/culture-et-art\/bilan-des-activites-educatives-2023-2024-en-cote-divoire\",\"url\":\"https:\/\/www.africa-press.net\/cotedivoire\/culture-et-art\/bilan-des-activites-educatives-2023-2024-en-cote-divoire\",\"name\":\"Bilan des Activit\u00e9s \u00c9ducatives 2023-2024 en C\u00f4te d'Ivoire - C\u00f4te d&#039;Ivoire\",\"isPartOf\":{\"@id\":\"https:\/\/www.africa-press.net\/cotedivoire\/#website\"},\"primaryImageOfPage\":{\"@id\":\"https:\/\/www.africa-press.net\/cotedivoire\/culture-et-art\/bilan-des-activites-educatives-2023-2024-en-cote-divoire#primaryimage\"},\"image\":{\"@id\":\"https:\/\/www.africa-press.net\/cotedivoire\/culture-et-art\/bilan-des-activites-educatives-2023-2024-en-cote-divoire#primaryimage\"},\"thumbnailUrl\":\"https:\/\/static.africa-press.net\/cote\/sites\/43\/2025\/07\/sm_1752335166.225497.jpg\",\"datePublished\":\"2025-07-12T18:42:36+00:00\",\"dateModified\":\"2025-07-12T19:16:42+00:00\",\"author\":{\"@id\":\"https:\/\/www.africa-press.net\/cotedivoire\/#\/schema\/person\/2b1cf3cd81a31e3cd26889ca66d677f1\"},\"description\":\"Le secteur E\u0301ducation-Formation de Co\u0302te d\u2019Ivoire se pre\u0301pare a\u0300 tenir sa Revue Sectorielle Conjointe annuelle, un rende ...\",\"breadcrumb\":{\"@id\":\"https:\/\/www.africa-press.net\/cotedivoire\/culture-et-art\/bilan-des-activites-educatives-2023-2024-en-cote-divoire#breadcrumb\"},\"inLanguage\":\"fr-FR\",\"potentialAction\":[{\"@type\":\"ReadAction\",\"target\":[\"https:\/\/www.africa-press.net\/cotedivoire\/culture-et-art\/bilan-des-activites-educatives-2023-2024-en-cote-divoire\"]}]},{\"@type\":\"ImageObject\",\"inLanguage\":\"fr-FR\",\"@id\":\"https:\/\/www.africa-press.net\/cotedivoire\/culture-et-art\/bilan-des-activites-educatives-2023-2024-en-cote-divoire#primaryimage\",\"url\":\"https:\/\/static.africa-press.net\/cote\/sites\/43\/2025\/07\/sm_1752335166.225497.jpg\",\"contentUrl\":\"https:\/\/static.africa-press.net\/cote\/sites\/43\/2025\/07\/sm_1752335166.225497.jpg\",\"width\":720,\"height\":398,\"caption\":\"Bilan des Activit\u00e9s \u00c9ducatives 2023-2024 en C\u00f4te d'Ivoire\"},{\"@type\":\"BreadcrumbList\",\"@id\":\"https:\/\/www.africa-press.net\/cotedivoire\/culture-et-art\/bilan-des-activites-educatives-2023-2024-en-cote-divoire#breadcrumb\",\"itemListElement\":[{\"@type\":\"ListItem\",\"position\":1,\"name\":\"Accueil\",\"item\":\"https:\/\/www.africa-press.net\/cotedivoire\/\"},{\"@type\":\"ListItem\",\"position\":2,\"name\":\"Bilan des Activit\u00e9s \u00c9ducatives 2023-2024 en C\u00f4te d&#8217;Ivoire\"}]},{\"@type\":\"WebSite\",\"@id\":\"https:\/\/www.africa-press.net\/cotedivoire\/#website\",\"url\":\"https:\/\/www.africa-press.net\/cotedivoire\/\",\"name\":\"C\u00f4te d&#039;Ivoire\",\"description\":\"Just another Africa News Agency Sites site\",\"potentialAction\":[{\"@type\":\"SearchAction\",\"target\":{\"@type\":\"EntryPoint\",\"urlTemplate\":\"https:\/\/www.africa-press.net\/cotedivoire\/?s={search_term_string}\"},\"query-input\":{\"@type\":\"PropertyValueSpecification\",\"valueRequired\":true,\"valueName\":\"search_term_string\"}}],\"inLanguage\":\"fr-FR\"},{\"@type\":\"Person\",\"@id\":\"https:\/\/www.africa-press.net\/cotedivoire\/#\/schema\/person\/2b1cf3cd81a31e3cd26889ca66d677f1\",\"name\":\"cfeditorfr\"}]}<\/script>\n<!-- \/ Yoast SEO Premium plugin. -->","yoast_head_json":{"title":"Bilan des Activit\u00e9s \u00c9ducatives 2023-2024 en C\u00f4te d'Ivoire - C\u00f4te d&#039;Ivoire","description":"Le secteur E\u0301ducation-Formation de Co\u0302te d\u2019Ivoire se pre\u0301pare a\u0300 tenir sa Revue Sectorielle Conjointe annuelle, un rende ...","robots":{"index":"index","follow":"follow","max-snippet":"max-snippet:-1","max-image-preview":"max-image-preview:large","max-video-preview":"max-video-preview:-1"},"canonical":"https:\/\/www.africa-press.net\/cotedivoire\/culture-et-art\/bilan-des-activites-educatives-2023-2024-en-cote-divoire","og_locale":"fr_FR","og_type":"article","og_title":"Bilan des Activit\u00e9s \u00c9ducatives 2023-2024 en C\u00f4te d'Ivoire","og_description":"Le secteur E\u0301ducation-Formation de Co\u0302te d\u2019Ivoire se pre\u0301pare a\u0300 tenir sa Revue Sectorielle Conjointe annuelle, un rende ...","og_url":"https:\/\/www.africa-press.net\/cotedivoire\/culture-et-art\/bilan-des-activites-educatives-2023-2024-en-cote-divoire","og_site_name":"C\u00f4te d&#039;Ivoire","article_published_time":"2025-07-12T18:42:36+00:00","article_modified_time":"2025-07-12T19:16:42+00:00","og_image":[{"width":720,"height":398,"url":"https:\/\/static.africa-press.net\/cote\/sites\/43\/2025\/07\/sm_1752335166.225497.jpg","type":"image\/jpeg"}],"author":"cfeditorfr","twitter_card":"summary_large_image","twitter_misc":{"\u00c9crit par":"cfeditorfr","Dur\u00e9e de lecture estim\u00e9e":"4 minutes"},"schema":{"@context":"https:\/\/schema.org","@graph":[{"@type":"Article","@id":"https:\/\/www.africa-press.net\/cotedivoire\/culture-et-art\/bilan-des-activites-educatives-2023-2024-en-cote-divoire#article","isPartOf":{"@id":"https:\/\/www.africa-press.net\/cotedivoire\/culture-et-art\/bilan-des-activites-educatives-2023-2024-en-cote-divoire"},"author":{"name":"cfeditorfr","@id":"https:\/\/www.africa-press.net\/cotedivoire\/#\/schema\/person\/2b1cf3cd81a31e3cd26889ca66d677f1"},"headline":"Bilan des Activit\u00e9s \u00c9ducatives 2023-2024 en C\u00f4te d&rsquo;Ivoire","datePublished":"2025-07-12T18:42:36+00:00","dateModified":"2025-07-12T19:16:42+00:00","mainEntityOfPage":{"@id":"https:\/\/www.africa-press.net\/cotedivoire\/culture-et-art\/bilan-des-activites-educatives-2023-2024-en-cote-divoire"},"wordCount":715,"commentCount":0,"image":{"@id":"https:\/\/www.africa-press.net\/cotedivoire\/culture-et-art\/bilan-des-activites-educatives-2023-2024-en-cote-divoire#primaryimage"},"thumbnailUrl":"https:\/\/static.africa-press.net\/cote\/sites\/43\/2025\/07\/sm_1752335166.225497.jpg","keywords":["Abidjan","conjointe","C\u00d4TE D'IVOIRE","\u00c9ducation","Formation","juillet","Revue","sectorielle"],"articleSection":["Culture et Art","Toutes les actualit\u00e9s"],"inLanguage":"fr-FR","potentialAction":[{"@type":"CommentAction","name":"Comment","target":["https:\/\/www.africa-press.net\/cotedivoire\/culture-et-art\/bilan-des-activites-educatives-2023-2024-en-cote-divoire#respond"]}]},{"@type":"WebPage","@id":"https:\/\/www.africa-press.net\/cotedivoire\/culture-et-art\/bilan-des-activites-educatives-2023-2024-en-cote-divoire","url":"https:\/\/www.africa-press.net\/cotedivoire\/culture-et-art\/bilan-des-activites-educatives-2023-2024-en-cote-divoire","name":"Bilan des Activit\u00e9s \u00c9ducatives 2023-2024 en C\u00f4te d'Ivoire - C\u00f4te d&#039;Ivoire","isPartOf":{"@id":"https:\/\/www.africa-press.net\/cotedivoire\/#website"},"primaryImageOfPage":{"@id":"https:\/\/www.africa-press.net\/cotedivoire\/culture-et-art\/bilan-des-activites-educatives-2023-2024-en-cote-divoire#primaryimage"},"image":{"@id":"https:\/\/www.africa-press.net\/cotedivoire\/culture-et-art\/bilan-des-activites-educatives-2023-2024-en-cote-divoire#primaryimage"},"thumbnailUrl":"https:\/\/static.africa-press.net\/cote\/sites\/43\/2025\/07\/sm_1752335166.225497.jpg","datePublished":"2025-07-12T18:42:36+00:00","dateModified":"2025-07-12T19:16:42+00:00","author":{"@id":"https:\/\/www.africa-press.net\/cotedivoire\/#\/schema\/person\/2b1cf3cd81a31e3cd26889ca66d677f1"},"description":"Le secteur E\u0301ducation-Formation de Co\u0302te d\u2019Ivoire se pre\u0301pare a\u0300 tenir sa Revue Sectorielle Conjointe annuelle, un rende ...","breadcrumb":{"@id":"https:\/\/www.africa-press.net\/cotedivoire\/culture-et-art\/bilan-des-activites-educatives-2023-2024-en-cote-divoire#breadcrumb"},"inLanguage":"fr-FR","potentialAction":[{"@type":"ReadAction","target":["https:\/\/www.africa-press.net\/cotedivoire\/culture-et-art\/bilan-des-activites-educatives-2023-2024-en-cote-divoire"]}]},{"@type":"ImageObject","inLanguage":"fr-FR","@id":"https:\/\/www.africa-press.net\/cotedivoire\/culture-et-art\/bilan-des-activites-educatives-2023-2024-en-cote-divoire#primaryimage","url":"https:\/\/static.africa-press.net\/cote\/sites\/43\/2025\/07\/sm_1752335166.225497.jpg","contentUrl":"https:\/\/static.africa-press.net\/cote\/sites\/43\/2025\/07\/sm_1752335166.225497.jpg","width":720,"height":398,"caption":"Bilan des Activit\u00e9s \u00c9ducatives 2023-2024 en C\u00f4te d'Ivoire"},{"@type":"BreadcrumbList","@id":"https:\/\/www.africa-press.net\/cotedivoire\/culture-et-art\/bilan-des-activites-educatives-2023-2024-en-cote-divoire#breadcrumb","itemListElement":[{"@type":"ListItem","position":1,"name":"Accueil","item":"https:\/\/www.africa-press.net\/cotedivoire\/"},{"@type":"ListItem","position":2,"name":"Bilan des Activit\u00e9s \u00c9ducatives 2023-2024 en C\u00f4te d&#8217;Ivoire"}]},{"@type":"WebSite","@id":"https:\/\/www.africa-press.net\/cotedivoire\/#website","url":"https:\/\/www.africa-press.net\/cotedivoire\/","name":"C\u00f4te d&#039;Ivoire","description":"Just another Africa News Agency Sites site","potentialAction":[{"@type":"SearchAction","target":{"@type":"EntryPoint","urlTemplate":"https:\/\/www.africa-press.net\/cotedivoire\/?s={search_term_string}"},"query-input":{"@type":"PropertyValueSpecification","valueRequired":true,"valueName":"search_term_string"}}],"inLanguage":"fr-FR"},{"@type":"Person","@id":"https:\/\/www.africa-press.net\/cotedivoire\/#\/schema\/person\/2b1cf3cd81a31e3cd26889ca66d677f1","name":"cfeditorfr"}]}},"_links":{"self":[{"href":"https:\/\/www.africa-press.net\/cotedivoire\/wp-json\/wp\/v2\/posts\/102167","targetHints":{"allow":["GET"]}}],"collection":[{"href":"https:\/\/www.africa-press.net\/cotedivoire\/wp-json\/wp\/v2\/posts"}],"about":[{"href":"https:\/\/www.africa-press.net\/cotedivoire\/wp-json\/wp\/v2\/types\/post"}],"author":[{"embeddable":true,"href":"https:\/\/www.africa-press.net\/cotedivoire\/wp-json\/wp\/v2\/users\/82"}],"replies":[{"embeddable":true,"href":"https:\/\/www.africa-press.net\/cotedivoire\/wp-json\/wp\/v2\/comments?post=102167"}],"version-history":[{"count":0,"href":"https:\/\/www.africa-press.net\/cotedivoire\/wp-json\/wp\/v2\/posts\/102167\/revisions"}],"wp:featuredmedia":[{"embeddable":true,"href":"https:\/\/www.africa-press.net\/cotedivoire\/wp-json\/wp\/v2\/media\/102166"}],"wp:attachment":[{"href":"https:\/\/www.africa-press.net\/cotedivoire\/wp-json\/wp\/v2\/media?parent=102167"}],"wp:term":[{"taxonomy":"category","embeddable":true,"href":"https:\/\/www.africa-press.net\/cotedivoire\/wp-json\/wp\/v2\/categories?post=102167"},{"taxonomy":"post_tag","embeddable":true,"href":"https:\/\/www.africa-press.net\/cotedivoire\/wp-json\/wp\/v2\/tags?post=102167"}],"curies":[{"name":"wp","href":"https:\/\/api.w.org\/{rel}","templated":true}]}}