{"id":102173,"date":"2025-07-12T18:43:32","date_gmt":"2025-07-12T18:43:32","guid":{"rendered":"https:\/\/www.africa-press.net\/cotedivoire\/politique\/ex-opposant-demande-pardon-a-ouattara-pour-2025"},"modified":"2025-07-12T19:17:13","modified_gmt":"2025-07-12T19:17:13","slug":"ex-opposant-demande-pardon-a-ouattara-pour-2025","status":"publish","type":"post","link":"https:\/\/www.africa-press.net\/cotedivoire\/politique\/ex-opposant-demande-pardon-a-ouattara-pour-2025","title":{"rendered":"Ex-opposant Demande Pardon \u00e0 Ouattara pour 2025"},"content":{"rendered":"<p><span style=\"color: #ff6600\"><strong>Africa-Press &#8211; C\u00f4te d&rsquo;Ivoire. <\/strong><\/span>Dans une salle surchauffe\u0301e par l\u2019enthousiasme de partisans et de jeunes curieux, Luc Armand Bonnahin, jeune leader de 36 ans originaire de Due\u0301koue\u0301, a officiellement lance\u0301 le Mouvement En Marche Co\u0302te d\u2019Ivoire (EMCI).<\/p>\n<p>Un mouvement politique de plus, qui, selon ses mots, pro\u0302ne \u00ab la paix, l\u2019unite\u0301, la re\u0301conciliation, mais surtout l\u2019action \u00bb.<\/p>\n<p>Dans la foule\u0301e, il a annonce\u0301 sa candidature a\u0300 la candidature pour l\u2019e\u0301lection pre\u0301sidentielle d\u2019octobre 2025 me\u0302me si tout indique qu&rsquo;inconnu qu&rsquo;il est sur la sce\u0300ne politique, qu&rsquo;il ne pourra passer l&rsquo;e\u0301tape des parrainages et du Conseil constitutionnel. Il n&rsquo;est ne\u0301anmoins pas le seul a\u0300 profiter de la pre\u0301sidentielle a\u0300 venir pour faire parler de lui.<\/p>\n<p>Mais avant de de\u0301rouler sa vision, d&rsquo;entre\u0301e de jeu, Luc Armand Bonnahin a surpris en pre\u0301sentant publiquement ses excuses au pre\u0301sident Alassane Ouattara. Une repentance sans de\u0301tours.<\/p>\n<p>\u00ab Je vous demande pardon, Monsieur le Pre\u0301sident, pour vous avoir combattu, pour vous avoir sous-estime\u0301, pour avoir relaye\u0301 des propos injurieux contre vous, notamment a\u0300 Guiglo en 2010. Je le regrette profonde\u0301ment. \u00bb<\/p>\n<p>Ce virage a\u0300 180 degre\u0301s, il l\u2019explique par une prise de conscience tardive, mais since\u0300re.<\/p>\n<p>\u00ab Avec le recul, je me rends compte que vous e\u0302tes entre\u0301 dans l\u2019histoire de la Co\u0302te d\u2019Ivoire comme l\u2019un de ses plus grands ba\u0302tisseurs, aux co\u0302te\u0301s du pre\u0301sident Houphoue\u0308t-Boigny. \u00bb<\/p>\n<p>Bonnahin de\u0301roule alors un chapelet de re\u0301alisations du re\u0301gime Ouattara qu\u2019il dit de\u0301sormais vouloir prolonger et amplifier: infrastructures routie\u0300res, acce\u0300s a\u0300 l\u2019eau potable, e\u0301lectrification rurale, re\u0301habilitation des ho\u0302pitaux et des universite\u0301s, se\u0301curite\u0301 nationale, stabilite\u0301 e\u0301conomique&#8230;<\/p>\n<p>\u00ab Nous sommes la rele\u0300ve qu\u2019il a forme\u0301e. \u00bb<\/p>\n<p>C\u2019est fort de cette nouvelle posture que le jeune informaticien de formation assume son ambition: \u00ab Nous sommes les graines qu\u2019il a seme\u0301es. Nous sommes la jeunesse forme\u0301e a\u0300 l\u2019e\u0301cole de son expe\u0301rience. \u00bb<\/p>\n<p>Et d\u2019ajouter, avec un aplomb qui a surpris me\u0302me les plus sceptiques: \u00ab Je suis candidat a\u0300 la pre\u0301sidentielle de 2025. Pas contre le pre\u0301sident Ouattara, mais avec lui. S\u2019il de\u0301cide de se pre\u0301senter, nous le soutiendrons. Mais s\u2019il choisit de se retirer, nous serons pre\u0302ts. \u00bb<\/p>\n<p>Provocation ou audace? A\u0300 cette question, pose\u0301e par un journaliste lors des e\u0301changes avec la presse, Bonnahin re\u0301pond sans de\u0301tour: \u00ab Ce n\u2019est pas une provocation. Il nous a dit qu\u2019il avait forme\u0301 une demi-douzaine de jeunes pour diriger la Co\u0302te d\u2019Ivoire demain. Eh bien, je suis l\u2019un d\u2019eux. Et nous devons prouver que nous avons retenu la lec\u0327on\u00a0\u00bb.<\/p>\n<p>Son programme de socie\u0301te\u0301, esquisse\u0301 a\u0300 grands traits, repose sur deux axes majeurs, le transfert effectif de la capitale a\u0300 Yamoussoukro, la construction d\u2019un TGV reliant Abidjan a\u0300 Yamoussoukro, pour de\u0301sengorger la capitale e\u0301conomique et impulser le de\u0301veloppement de l\u2019inte\u0301rieur du pays.<\/p>\n<p>A\u0300 ceux qui doutent de sa capacite\u0301 a\u0300 surmonter les contraintes logistiques et financie\u0300res (notamment le parrainage citoyen et la caution e\u0301lectorale), il re\u0301pond dans un style image\u0301.<\/p>\n<p>\u00ab Quand le margouillat de\u0301cide de se coudre un pantalon, c\u2019est qu\u2019il sait ou\u0300 mettre sa queue. Nous savons ce que nous faisons. \u00bb<\/p>\n<p>Il affirme me\u0302me avoir de\u0301ja\u0300 amorce\u0301 le travail de terrain pour re\u0301unir les parrainages requis: \u00ab Dans le Cavally, c\u2019est de\u0301ja\u0300 boucle\u0301. Nous avanc\u0327ons me\u0301thodiquement dans le Sud et les autres re\u0301gions. \u00bb<\/p>\n<p>Luc Armand Bonnahin promet une politique apaise\u0301e, de\u0301barrasse\u0301e des clivages et de la violence verbale:<\/p>\n<p>\u00ab Nous ne voulons plus d\u2019une politique d\u2019animosite\u0301. Ce que nous proposons, c\u2019est une alternative jeune, dynamique, rassembleuse. \u00bb<\/p>\n<p>Il revendique un engagement re\u0301solument progressiste, inclusif et ouvert a\u0300 toutes les couches sociales et communaute\u0301s, y compris les e\u0301trangers: \u00ab Nous croyons a\u0300 la richesse qu\u2019ils apportent a\u0300 la nation. La Co\u0302te d\u2019Ivoire de demain ne se construira pas dans l\u2019exclusion. \u00bb<\/p>\n<p>Dans une ambiance galvanisante, le pre\u0301sident de l\u2019EMCI a quitte\u0301 la salle sous une salve d\u2019applaudissements et des slogans de soutien: \u00ab Bonnahin Pre\u0301sident ! EMCI pour la paix ! \u00bb Une jeunesse conquise voyait de\u0301ja\u0300 en lui le visage du changement, sans reniement mais avec courage.<\/p>\n<p>La course a\u0300 2025 s\u2019annonce de\u0301cide\u0301ment pleine de surprises. Et Luc Armand Bonnahin entend bien y jouer sa partition.<\/p>\n<p><strong>Pour plus d&rsquo;informations et d&rsquo;analyses sur la <span style=\"color: #ff6600\">C\u00f4te d&rsquo;Ivoire<\/span>, suivez <span style=\"color: #ff6600\">Africa-Press<\/span><\/strong><\/p>\n","protected":false},"excerpt":{"rendered":"<p>Africa-Press &#8211; C\u00f4te d&rsquo;Ivoire. Dans une salle surchauffe\u0301e par l\u2019enthousiasme de partisans et de jeunes curieux, Luc Armand Bonnahin, jeune leader de 36 ans originaire de Due\u0301koue\u0301, a officiellement lance\u0301 le Mouvement En Marche Co\u0302te d\u2019Ivoire (EMCI). Un mouvement politique de plus, qui, selon ses mots, pro\u0302ne \u00ab la paix, l\u2019unite\u0301, la re\u0301conciliation, mais surtout [&hellip;]<\/p>\n","protected":false},"author":82,"featured_media":102171,"comment_status":"open","ping_status":"closed","sticky":false,"template":"","format":"standard","meta":{"footnotes":""},"categories":[2,20,10],"tags":[29,7257,3092,18262,18263,312,18261],"class_list":["post-102173","post","type-post","status-publish","format-standard","has-post-thumbnail","hentry","category-politique","category-top-nouvelles","category-toutes-les-actualites","tag-cote-divoire","tag-ivoirienne","tag-jeune","tag-luc-bonnahin","tag-mea-culpa","tag-presidentielle","tag-surprise"],"yoast_head":"<!-- This site is optimized with the Yoast SEO Premium plugin v26.1 (Yoast SEO v27.0) - https:\/\/yoast.com\/product\/yoast-seo-premium-wordpress\/ -->\n<title>Ex-opposant Demande Pardon \u00e0 Ouattara pour 2025 - C\u00f4te d&#039;Ivoire<\/title>\n<meta name=\"description\" content=\"Dans une salle surchauffe\u0301e par l\u2019enthousiasme de partisans et de jeunes curieux, Luc Armand Bonnahin, jeune leader de 3 ...\" \/>\n<meta name=\"robots\" content=\"index, follow, max-snippet:-1, max-image-preview:large, max-video-preview:-1\" \/>\n<link rel=\"canonical\" href=\"https:\/\/www.africa-press.net\/cotedivoire\/politique\/ex-opposant-demande-pardon-a-ouattara-pour-2025\" \/>\n<meta property=\"og:locale\" content=\"fr_FR\" \/>\n<meta property=\"og:type\" content=\"article\" \/>\n<meta property=\"og:title\" content=\"Ex-opposant Demande Pardon \u00e0 Ouattara pour 2025\" \/>\n<meta property=\"og:description\" content=\"Dans une salle surchauffe\u0301e par l\u2019enthousiasme de partisans et de jeunes curieux, Luc Armand Bonnahin, jeune leader de 3 ...\" \/>\n<meta property=\"og:url\" content=\"https:\/\/www.africa-press.net\/cotedivoire\/politique\/ex-opposant-demande-pardon-a-ouattara-pour-2025\" \/>\n<meta property=\"og:site_name\" content=\"C\u00f4te d&#039;Ivoire\" \/>\n<meta property=\"article:published_time\" content=\"2025-07-12T18:43:32+00:00\" \/>\n<meta property=\"article:modified_time\" content=\"2025-07-12T19:17:13+00:00\" \/>\n<meta property=\"og:image\" content=\"https:\/\/static.africa-press.net\/cote\/sites\/43\/2025\/07\/sm_1752335204.622407.jpg\" \/>\n\t<meta property=\"og:image:width\" content=\"720\" \/>\n\t<meta property=\"og:image:height\" content=\"372\" \/>\n\t<meta property=\"og:image:type\" content=\"image\/jpeg\" \/>\n<meta name=\"author\" content=\"cfeditorfr\" \/>\n<meta name=\"twitter:card\" content=\"summary_large_image\" \/>\n<meta name=\"twitter:label1\" content=\"\u00c9crit par\" \/>\n\t<meta name=\"twitter:data1\" content=\"cfeditorfr\" \/>\n\t<meta name=\"twitter:label2\" content=\"Dur\u00e9e de lecture estim\u00e9e\" \/>\n\t<meta name=\"twitter:data2\" content=\"4 minutes\" \/>\n<script type=\"application\/ld+json\" class=\"yoast-schema-graph\">{\"@context\":\"https:\/\/schema.org\",\"@graph\":[{\"@type\":\"Article\",\"@id\":\"https:\/\/www.africa-press.net\/cotedivoire\/politique\/ex-opposant-demande-pardon-a-ouattara-pour-2025#article\",\"isPartOf\":{\"@id\":\"https:\/\/www.africa-press.net\/cotedivoire\/politique\/ex-opposant-demande-pardon-a-ouattara-pour-2025\"},\"author\":{\"name\":\"cfeditorfr\",\"@id\":\"https:\/\/www.africa-press.net\/cotedivoire\/#\/schema\/person\/2b1cf3cd81a31e3cd26889ca66d677f1\"},\"headline\":\"Ex-opposant Demande Pardon \u00e0 Ouattara pour 2025\",\"datePublished\":\"2025-07-12T18:43:32+00:00\",\"dateModified\":\"2025-07-12T19:17:13+00:00\",\"mainEntityOfPage\":{\"@id\":\"https:\/\/www.africa-press.net\/cotedivoire\/politique\/ex-opposant-demande-pardon-a-ouattara-pour-2025\"},\"wordCount\":796,\"commentCount\":0,\"image\":{\"@id\":\"https:\/\/www.africa-press.net\/cotedivoire\/politique\/ex-opposant-demande-pardon-a-ouattara-pour-2025#primaryimage\"},\"thumbnailUrl\":\"https:\/\/static.africa-press.net\/cote\/sites\/43\/2025\/07\/sm_1752335204.622407.jpg\",\"keywords\":[\"C\u00d4TE D'IVOIRE\",\"ivoirienne\",\"jeune\",\"Luc Bonnahin\",\"mea culpa\",\"pr\u00e9sidentielle\",\"surprise\"],\"articleSection\":[\"Politique\",\"Top Nouvelles\",\"Toutes les actualit\u00e9s\"],\"inLanguage\":\"fr-FR\",\"potentialAction\":[{\"@type\":\"CommentAction\",\"name\":\"Comment\",\"target\":[\"https:\/\/www.africa-press.net\/cotedivoire\/politique\/ex-opposant-demande-pardon-a-ouattara-pour-2025#respond\"]}]},{\"@type\":\"WebPage\",\"@id\":\"https:\/\/www.africa-press.net\/cotedivoire\/politique\/ex-opposant-demande-pardon-a-ouattara-pour-2025\",\"url\":\"https:\/\/www.africa-press.net\/cotedivoire\/politique\/ex-opposant-demande-pardon-a-ouattara-pour-2025\",\"name\":\"Ex-opposant Demande Pardon \u00e0 Ouattara pour 2025 - C\u00f4te d&#039;Ivoire\",\"isPartOf\":{\"@id\":\"https:\/\/www.africa-press.net\/cotedivoire\/#website\"},\"primaryImageOfPage\":{\"@id\":\"https:\/\/www.africa-press.net\/cotedivoire\/politique\/ex-opposant-demande-pardon-a-ouattara-pour-2025#primaryimage\"},\"image\":{\"@id\":\"https:\/\/www.africa-press.net\/cotedivoire\/politique\/ex-opposant-demande-pardon-a-ouattara-pour-2025#primaryimage\"},\"thumbnailUrl\":\"https:\/\/static.africa-press.net\/cote\/sites\/43\/2025\/07\/sm_1752335204.622407.jpg\",\"datePublished\":\"2025-07-12T18:43:32+00:00\",\"dateModified\":\"2025-07-12T19:17:13+00:00\",\"author\":{\"@id\":\"https:\/\/www.africa-press.net\/cotedivoire\/#\/schema\/person\/2b1cf3cd81a31e3cd26889ca66d677f1\"},\"description\":\"Dans une salle surchauffe\u0301e par l\u2019enthousiasme de partisans et de jeunes curieux, Luc Armand Bonnahin, jeune leader de 3 ...\",\"breadcrumb\":{\"@id\":\"https:\/\/www.africa-press.net\/cotedivoire\/politique\/ex-opposant-demande-pardon-a-ouattara-pour-2025#breadcrumb\"},\"inLanguage\":\"fr-FR\",\"potentialAction\":[{\"@type\":\"ReadAction\",\"target\":[\"https:\/\/www.africa-press.net\/cotedivoire\/politique\/ex-opposant-demande-pardon-a-ouattara-pour-2025\"]}]},{\"@type\":\"ImageObject\",\"inLanguage\":\"fr-FR\",\"@id\":\"https:\/\/www.africa-press.net\/cotedivoire\/politique\/ex-opposant-demande-pardon-a-ouattara-pour-2025#primaryimage\",\"url\":\"https:\/\/static.africa-press.net\/cote\/sites\/43\/2025\/07\/sm_1752335204.622407.jpg\",\"contentUrl\":\"https:\/\/static.africa-press.net\/cote\/sites\/43\/2025\/07\/sm_1752335204.622407.jpg\",\"width\":720,\"height\":372,\"caption\":\"Ex-opposant Demande Pardon \u00e0 Ouattara pour 2025\"},{\"@type\":\"BreadcrumbList\",\"@id\":\"https:\/\/www.africa-press.net\/cotedivoire\/politique\/ex-opposant-demande-pardon-a-ouattara-pour-2025#breadcrumb\",\"itemListElement\":[{\"@type\":\"ListItem\",\"position\":1,\"name\":\"Accueil\",\"item\":\"https:\/\/www.africa-press.net\/cotedivoire\/\"},{\"@type\":\"ListItem\",\"position\":2,\"name\":\"Ex-opposant Demande Pardon \u00e0 Ouattara pour 2025\"}]},{\"@type\":\"WebSite\",\"@id\":\"https:\/\/www.africa-press.net\/cotedivoire\/#website\",\"url\":\"https:\/\/www.africa-press.net\/cotedivoire\/\",\"name\":\"C\u00f4te d&#039;Ivoire\",\"description\":\"Just another Africa News Agency Sites site\",\"potentialAction\":[{\"@type\":\"SearchAction\",\"target\":{\"@type\":\"EntryPoint\",\"urlTemplate\":\"https:\/\/www.africa-press.net\/cotedivoire\/?s={search_term_string}\"},\"query-input\":{\"@type\":\"PropertyValueSpecification\",\"valueRequired\":true,\"valueName\":\"search_term_string\"}}],\"inLanguage\":\"fr-FR\"},{\"@type\":\"Person\",\"@id\":\"https:\/\/www.africa-press.net\/cotedivoire\/#\/schema\/person\/2b1cf3cd81a31e3cd26889ca66d677f1\",\"name\":\"cfeditorfr\"}]}<\/script>\n<!-- \/ Yoast SEO Premium plugin. -->","yoast_head_json":{"title":"Ex-opposant Demande Pardon \u00e0 Ouattara pour 2025 - C\u00f4te d&#039;Ivoire","description":"Dans une salle surchauffe\u0301e par l\u2019enthousiasme de partisans et de jeunes curieux, Luc Armand Bonnahin, jeune leader de 3 ...","robots":{"index":"index","follow":"follow","max-snippet":"max-snippet:-1","max-image-preview":"max-image-preview:large","max-video-preview":"max-video-preview:-1"},"canonical":"https:\/\/www.africa-press.net\/cotedivoire\/politique\/ex-opposant-demande-pardon-a-ouattara-pour-2025","og_locale":"fr_FR","og_type":"article","og_title":"Ex-opposant Demande Pardon \u00e0 Ouattara pour 2025","og_description":"Dans une salle surchauffe\u0301e par l\u2019enthousiasme de partisans et de jeunes curieux, Luc Armand Bonnahin, jeune leader de 3 ...","og_url":"https:\/\/www.africa-press.net\/cotedivoire\/politique\/ex-opposant-demande-pardon-a-ouattara-pour-2025","og_site_name":"C\u00f4te d&#039;Ivoire","article_published_time":"2025-07-12T18:43:32+00:00","article_modified_time":"2025-07-12T19:17:13+00:00","og_image":[{"width":720,"height":372,"url":"https:\/\/static.africa-press.net\/cote\/sites\/43\/2025\/07\/sm_1752335204.622407.jpg","type":"image\/jpeg"}],"author":"cfeditorfr","twitter_card":"summary_large_image","twitter_misc":{"\u00c9crit par":"cfeditorfr","Dur\u00e9e de lecture estim\u00e9e":"4 minutes"},"schema":{"@context":"https:\/\/schema.org","@graph":[{"@type":"Article","@id":"https:\/\/www.africa-press.net\/cotedivoire\/politique\/ex-opposant-demande-pardon-a-ouattara-pour-2025#article","isPartOf":{"@id":"https:\/\/www.africa-press.net\/cotedivoire\/politique\/ex-opposant-demande-pardon-a-ouattara-pour-2025"},"author":{"name":"cfeditorfr","@id":"https:\/\/www.africa-press.net\/cotedivoire\/#\/schema\/person\/2b1cf3cd81a31e3cd26889ca66d677f1"},"headline":"Ex-opposant Demande Pardon \u00e0 Ouattara pour 2025","datePublished":"2025-07-12T18:43:32+00:00","dateModified":"2025-07-12T19:17:13+00:00","mainEntityOfPage":{"@id":"https:\/\/www.africa-press.net\/cotedivoire\/politique\/ex-opposant-demande-pardon-a-ouattara-pour-2025"},"wordCount":796,"commentCount":0,"image":{"@id":"https:\/\/www.africa-press.net\/cotedivoire\/politique\/ex-opposant-demande-pardon-a-ouattara-pour-2025#primaryimage"},"thumbnailUrl":"https:\/\/static.africa-press.net\/cote\/sites\/43\/2025\/07\/sm_1752335204.622407.jpg","keywords":["C\u00d4TE D'IVOIRE","ivoirienne","jeune","Luc Bonnahin","mea culpa","pr\u00e9sidentielle","surprise"],"articleSection":["Politique","Top Nouvelles","Toutes les actualit\u00e9s"],"inLanguage":"fr-FR","potentialAction":[{"@type":"CommentAction","name":"Comment","target":["https:\/\/www.africa-press.net\/cotedivoire\/politique\/ex-opposant-demande-pardon-a-ouattara-pour-2025#respond"]}]},{"@type":"WebPage","@id":"https:\/\/www.africa-press.net\/cotedivoire\/politique\/ex-opposant-demande-pardon-a-ouattara-pour-2025","url":"https:\/\/www.africa-press.net\/cotedivoire\/politique\/ex-opposant-demande-pardon-a-ouattara-pour-2025","name":"Ex-opposant Demande Pardon \u00e0 Ouattara pour 2025 - C\u00f4te d&#039;Ivoire","isPartOf":{"@id":"https:\/\/www.africa-press.net\/cotedivoire\/#website"},"primaryImageOfPage":{"@id":"https:\/\/www.africa-press.net\/cotedivoire\/politique\/ex-opposant-demande-pardon-a-ouattara-pour-2025#primaryimage"},"image":{"@id":"https:\/\/www.africa-press.net\/cotedivoire\/politique\/ex-opposant-demande-pardon-a-ouattara-pour-2025#primaryimage"},"thumbnailUrl":"https:\/\/static.africa-press.net\/cote\/sites\/43\/2025\/07\/sm_1752335204.622407.jpg","datePublished":"2025-07-12T18:43:32+00:00","dateModified":"2025-07-12T19:17:13+00:00","author":{"@id":"https:\/\/www.africa-press.net\/cotedivoire\/#\/schema\/person\/2b1cf3cd81a31e3cd26889ca66d677f1"},"description":"Dans une salle surchauffe\u0301e par l\u2019enthousiasme de partisans et de jeunes curieux, Luc Armand Bonnahin, jeune leader de 3 ...","breadcrumb":{"@id":"https:\/\/www.africa-press.net\/cotedivoire\/politique\/ex-opposant-demande-pardon-a-ouattara-pour-2025#breadcrumb"},"inLanguage":"fr-FR","potentialAction":[{"@type":"ReadAction","target":["https:\/\/www.africa-press.net\/cotedivoire\/politique\/ex-opposant-demande-pardon-a-ouattara-pour-2025"]}]},{"@type":"ImageObject","inLanguage":"fr-FR","@id":"https:\/\/www.africa-press.net\/cotedivoire\/politique\/ex-opposant-demande-pardon-a-ouattara-pour-2025#primaryimage","url":"https:\/\/static.africa-press.net\/cote\/sites\/43\/2025\/07\/sm_1752335204.622407.jpg","contentUrl":"https:\/\/static.africa-press.net\/cote\/sites\/43\/2025\/07\/sm_1752335204.622407.jpg","width":720,"height":372,"caption":"Ex-opposant Demande Pardon \u00e0 Ouattara pour 2025"},{"@type":"BreadcrumbList","@id":"https:\/\/www.africa-press.net\/cotedivoire\/politique\/ex-opposant-demande-pardon-a-ouattara-pour-2025#breadcrumb","itemListElement":[{"@type":"ListItem","position":1,"name":"Accueil","item":"https:\/\/www.africa-press.net\/cotedivoire\/"},{"@type":"ListItem","position":2,"name":"Ex-opposant Demande Pardon \u00e0 Ouattara pour 2025"}]},{"@type":"WebSite","@id":"https:\/\/www.africa-press.net\/cotedivoire\/#website","url":"https:\/\/www.africa-press.net\/cotedivoire\/","name":"C\u00f4te d&#039;Ivoire","description":"Just another Africa News Agency Sites site","potentialAction":[{"@type":"SearchAction","target":{"@type":"EntryPoint","urlTemplate":"https:\/\/www.africa-press.net\/cotedivoire\/?s={search_term_string}"},"query-input":{"@type":"PropertyValueSpecification","valueRequired":true,"valueName":"search_term_string"}}],"inLanguage":"fr-FR"},{"@type":"Person","@id":"https:\/\/www.africa-press.net\/cotedivoire\/#\/schema\/person\/2b1cf3cd81a31e3cd26889ca66d677f1","name":"cfeditorfr"}]}},"_links":{"self":[{"href":"https:\/\/www.africa-press.net\/cotedivoire\/wp-json\/wp\/v2\/posts\/102173","targetHints":{"allow":["GET"]}}],"collection":[{"href":"https:\/\/www.africa-press.net\/cotedivoire\/wp-json\/wp\/v2\/posts"}],"about":[{"href":"https:\/\/www.africa-press.net\/cotedivoire\/wp-json\/wp\/v2\/types\/post"}],"author":[{"embeddable":true,"href":"https:\/\/www.africa-press.net\/cotedivoire\/wp-json\/wp\/v2\/users\/82"}],"replies":[{"embeddable":true,"href":"https:\/\/www.africa-press.net\/cotedivoire\/wp-json\/wp\/v2\/comments?post=102173"}],"version-history":[{"count":0,"href":"https:\/\/www.africa-press.net\/cotedivoire\/wp-json\/wp\/v2\/posts\/102173\/revisions"}],"wp:featuredmedia":[{"embeddable":true,"href":"https:\/\/www.africa-press.net\/cotedivoire\/wp-json\/wp\/v2\/media\/102171"}],"wp:attachment":[{"href":"https:\/\/www.africa-press.net\/cotedivoire\/wp-json\/wp\/v2\/media?parent=102173"}],"wp:term":[{"taxonomy":"category","embeddable":true,"href":"https:\/\/www.africa-press.net\/cotedivoire\/wp-json\/wp\/v2\/categories?post=102173"},{"taxonomy":"post_tag","embeddable":true,"href":"https:\/\/www.africa-press.net\/cotedivoire\/wp-json\/wp\/v2\/tags?post=102173"}],"curies":[{"name":"wp","href":"https:\/\/api.w.org\/{rel}","templated":true}]}}