{"id":102178,"date":"2025-07-12T18:44:10","date_gmt":"2025-07-12T18:44:10","guid":{"rendered":"https:\/\/www.africa-press.net\/cotedivoire\/politique\/cote-divoire-france-bictogo-rencontre-macron-paris"},"modified":"2025-07-12T19:17:41","modified_gmt":"2025-07-12T19:17:41","slug":"cote-divoire-france-bictogo-rencontre-macron-paris","status":"publish","type":"post","link":"https:\/\/www.africa-press.net\/cotedivoire\/politique\/cote-divoire-france-bictogo-rencontre-macron-paris","title":{"rendered":"C\u00f4te D&rsquo;Ivoire France Bictogo Rencontre Macron Paris"},"content":{"rendered":"<p><span style=\"color: #ff6600\"><strong>Africa-Press &#8211; C\u00f4te d&rsquo;Ivoire. <\/strong><\/span>A\u0300 l\u2019occasion de la 50e session de l\u2019Assemble\u0301e parlementaire de la Francophonie (APF), le Pre\u0301sident de l\u2019Assemble\u0301e nationale de Co\u0302te d\u2019Ivoire, Adama Bictogo, prend part a\u0300 des e\u0301changes de haut niveau a\u0300 Paris, illustrant la vitalite\u0301 de la diplomatie parlementaire ivoirienne.<\/p>\n<p>En marge de la 50e session de l\u2019Assemble\u0301e parlementaire de la Francophonie, le Pre\u0301sident de l\u2019Assemble\u0301e nationale ivoirienne, Adama Bictogo, a participe\u0301 a\u0300 une rencontre de haut niveau avec le Pre\u0301sident de la Re\u0301publique franc\u0327aise, Emmanuel Macron. Ce moment d\u2019e\u0301change a re\u0301uni les Pre\u0301sidents de Parlement membres du Bureau de l\u2019APF autour des grands enjeux qui traversent l\u2019espace francophone.<\/p>\n<p>Dans une atmosphe\u0300re empreinte de franchise, de respect mutuel et de responsabilite\u0301, les discussions ont porte\u0301 sur les de\u0301fis communs, les attentes des peuples francophones en matie\u0300re de de\u0301mocratie, de de\u0301veloppement et de coope\u0301ration, ainsi que sur les perspectives de consolidation de l\u2019espace francophone comme cadre de dialogue politique et de solidarite\u0301 culturelle.<\/p>\n<p>De\u0301bute\u0301e le 9 juillet, cette 50e session est marque\u0301e par une se\u0301rie d\u2019activite\u0301s diplomatiques et institutionnelles majeures. Le Pre\u0301sident Bictogo a notamment participe\u0301 a\u0300 la re\u0301union du Bureau de l\u2019APF, a\u0300 une rencontre bilate\u0301rale avec la Pre\u0301sidente de l\u2019Assemble\u0301e nationale franc\u0327aise, ainsi qu\u2019a\u0300 plusieurs entretiens me\u0301diatiques.<\/p>\n<p>Un moment particulie\u0300rement symbolique a e\u0301te\u0301 la remise officielle du cadre le\u0301gislatif de restitution du tambour parleur Djidji Ayo\u0302kwe\u0301, un objet culturel d\u2019une importance historique pour la Co\u0302te d\u2019Ivoire. Cette ce\u0301re\u0301monie te\u0301moigne de la monte\u0301e en puissance des coope\u0301rations patrimoniales entre E\u0301tats francophones.<\/p>\n<p>Le programme de cette session comprend e\u0301galement une visite solennelle a\u0300 l\u2019Institut de France, ainsi que des e\u0301changes approfondis entre les de\u0301le\u0301gations parlementaires francophones, renforc\u0327ant le dialogue interparlementaire sur des questions cle\u0301s comme la jeunesse, l\u2019environnement, la paix ou encore la gouvernance.<\/p>\n<p>La ce\u0301re\u0301monie d\u2019ouverture solennelle des travaux en ple\u0301nie\u0300re de la 50e session de l\u2019APF s\u2019est tenue ce samedi 12 juillet a\u0300 l\u2019Assemble\u0301e nationale franc\u0327aise. Ce moment marque officiellement le lancement des re\u0301flexions et de\u0301bats parlementaires dans le cadre de cette session anniversaire.<\/p>\n<p>En outre, Bictogo a e\u0301te\u0301 invite\u0301 a\u0300 participer au traditionnel de\u0301file\u0301 militaire du 14 juillet sur les Champs-E\u0301lyse\u0301es, a\u0300 l\u2019occasion de la fe\u0302te nationale franc\u0327aise. Une invitation qui illustre non seulement la qualite\u0301 des relations entre la Co\u0302te d\u2019Ivoire et la Re\u0301publique franc\u0327aise, mais aussi la place croissante du Parlement ivoirien sur la sce\u0300ne francophone et internationale.<\/p>\n<p>Entre rencontres diplomatiques, e\u0301changes parlementaires et symboles de coope\u0301ration culturelle, la pre\u0301sence d\u2019Adama Bictogo a\u0300 Paris s\u2019inscrit dans une dynamique active de rayonnement de la Co\u0302te d\u2019Ivoire au sein de la Francophonie.<\/p>\n<p><strong>Pour plus d&rsquo;informations et d&rsquo;analyses sur la <span style=\"color: #ff6600\">C\u00f4te d&rsquo;Ivoire<\/span>, suivez <span style=\"color: #ff6600\">Africa-Press<\/span><\/strong><\/p>\n","protected":false},"excerpt":{"rendered":"<p>Africa-Press &#8211; C\u00f4te d&rsquo;Ivoire. A\u0300 l\u2019occasion de la 50e session de l\u2019Assemble\u0301e parlementaire de la Francophonie (APF), le Pre\u0301sident de l\u2019Assemble\u0301e nationale de Co\u0302te d\u2019Ivoire, Adama Bictogo, prend part a\u0300 des e\u0301changes de haut niveau a\u0300 Paris, illustrant la vitalite\u0301 de la diplomatie parlementaire ivoirienne. En marge de la 50e session de l\u2019Assemble\u0301e parlementaire de [&hellip;]<\/p>\n","protected":false},"author":82,"featured_media":102177,"comment_status":"open","ping_status":"closed","sticky":false,"template":"","format":"standard","meta":{"footnotes":""},"categories":[2,20,10],"tags":[1265,29,1979,8167,1448],"class_list":["post-102178","post","type-post","status-publish","format-standard","has-post-thumbnail","hentry","category-politique","category-top-nouvelles","category-toutes-les-actualites","tag-adama-bictogo","tag-cote-divoire","tag-emmanuel-macron","tag-francophonie","tag-paris"],"yoast_head":"<!-- This site is optimized with the Yoast SEO Premium plugin v26.1 (Yoast SEO v27.0) - https:\/\/yoast.com\/product\/yoast-seo-premium-wordpress\/ -->\n<title>C\u00f4te D&#039;Ivoire France Bictogo Rencontre Macron Paris - C\u00f4te d&#039;Ivoire<\/title>\n<meta name=\"description\" content=\"A\u0300 l\u2019occasion de la 50e session de l\u2019Assemble\u0301e parlementaire de la Francophonie (APF), le Pre\u0301sident de l\u2019Assemble\u0301e na ...\" \/>\n<meta name=\"robots\" content=\"index, follow, max-snippet:-1, max-image-preview:large, max-video-preview:-1\" \/>\n<link rel=\"canonical\" href=\"https:\/\/www.africa-press.net\/cotedivoire\/politique\/cote-divoire-france-bictogo-rencontre-macron-paris\" \/>\n<meta property=\"og:locale\" content=\"fr_FR\" \/>\n<meta property=\"og:type\" content=\"article\" \/>\n<meta property=\"og:title\" content=\"C\u00f4te D&#039;Ivoire France Bictogo Rencontre Macron Paris\" \/>\n<meta property=\"og:description\" content=\"A\u0300 l\u2019occasion de la 50e session de l\u2019Assemble\u0301e parlementaire de la Francophonie (APF), le Pre\u0301sident de l\u2019Assemble\u0301e na ...\" \/>\n<meta property=\"og:url\" content=\"https:\/\/www.africa-press.net\/cotedivoire\/politique\/cote-divoire-france-bictogo-rencontre-macron-paris\" \/>\n<meta property=\"og:site_name\" content=\"C\u00f4te d&#039;Ivoire\" \/>\n<meta property=\"article:published_time\" content=\"2025-07-12T18:44:10+00:00\" \/>\n<meta property=\"article:modified_time\" content=\"2025-07-12T19:17:41+00:00\" \/>\n<meta property=\"og:image\" content=\"https:\/\/static.africa-press.net\/cote\/sites\/43\/2025\/07\/sm_1752335228.794786.jpg\" \/>\n\t<meta property=\"og:image:width\" content=\"720\" \/>\n\t<meta property=\"og:image:height\" content=\"356\" \/>\n\t<meta property=\"og:image:type\" content=\"image\/jpeg\" \/>\n<meta name=\"author\" content=\"cfeditorfr\" \/>\n<meta name=\"twitter:card\" content=\"summary_large_image\" \/>\n<meta name=\"twitter:label1\" content=\"\u00c9crit par\" \/>\n\t<meta name=\"twitter:data1\" content=\"cfeditorfr\" \/>\n\t<meta name=\"twitter:label2\" content=\"Dur\u00e9e de lecture estim\u00e9e\" \/>\n\t<meta name=\"twitter:data2\" content=\"3 minutes\" \/>\n<script type=\"application\/ld+json\" class=\"yoast-schema-graph\">{\"@context\":\"https:\/\/schema.org\",\"@graph\":[{\"@type\":\"Article\",\"@id\":\"https:\/\/www.africa-press.net\/cotedivoire\/politique\/cote-divoire-france-bictogo-rencontre-macron-paris#article\",\"isPartOf\":{\"@id\":\"https:\/\/www.africa-press.net\/cotedivoire\/politique\/cote-divoire-france-bictogo-rencontre-macron-paris\"},\"author\":{\"name\":\"cfeditorfr\",\"@id\":\"https:\/\/www.africa-press.net\/cotedivoire\/#\/schema\/person\/2b1cf3cd81a31e3cd26889ca66d677f1\"},\"headline\":\"C\u00f4te D&rsquo;Ivoire France Bictogo Rencontre Macron Paris\",\"datePublished\":\"2025-07-12T18:44:10+00:00\",\"dateModified\":\"2025-07-12T19:17:41+00:00\",\"mainEntityOfPage\":{\"@id\":\"https:\/\/www.africa-press.net\/cotedivoire\/politique\/cote-divoire-france-bictogo-rencontre-macron-paris\"},\"wordCount\":540,\"commentCount\":0,\"image\":{\"@id\":\"https:\/\/www.africa-press.net\/cotedivoire\/politique\/cote-divoire-france-bictogo-rencontre-macron-paris#primaryimage\"},\"thumbnailUrl\":\"https:\/\/static.africa-press.net\/cote\/sites\/43\/2025\/07\/sm_1752335228.794786.jpg\",\"keywords\":[\"Adama Bictogo\",\"C\u00d4TE D'IVOIRE\",\"Emmanuel Macron\",\"Francophonie\",\"Paris\"],\"articleSection\":[\"Politique\",\"Top Nouvelles\",\"Toutes les actualit\u00e9s\"],\"inLanguage\":\"fr-FR\",\"potentialAction\":[{\"@type\":\"CommentAction\",\"name\":\"Comment\",\"target\":[\"https:\/\/www.africa-press.net\/cotedivoire\/politique\/cote-divoire-france-bictogo-rencontre-macron-paris#respond\"]}]},{\"@type\":\"WebPage\",\"@id\":\"https:\/\/www.africa-press.net\/cotedivoire\/politique\/cote-divoire-france-bictogo-rencontre-macron-paris\",\"url\":\"https:\/\/www.africa-press.net\/cotedivoire\/politique\/cote-divoire-france-bictogo-rencontre-macron-paris\",\"name\":\"C\u00f4te D'Ivoire France Bictogo Rencontre Macron Paris - C\u00f4te d&#039;Ivoire\",\"isPartOf\":{\"@id\":\"https:\/\/www.africa-press.net\/cotedivoire\/#website\"},\"primaryImageOfPage\":{\"@id\":\"https:\/\/www.africa-press.net\/cotedivoire\/politique\/cote-divoire-france-bictogo-rencontre-macron-paris#primaryimage\"},\"image\":{\"@id\":\"https:\/\/www.africa-press.net\/cotedivoire\/politique\/cote-divoire-france-bictogo-rencontre-macron-paris#primaryimage\"},\"thumbnailUrl\":\"https:\/\/static.africa-press.net\/cote\/sites\/43\/2025\/07\/sm_1752335228.794786.jpg\",\"datePublished\":\"2025-07-12T18:44:10+00:00\",\"dateModified\":\"2025-07-12T19:17:41+00:00\",\"author\":{\"@id\":\"https:\/\/www.africa-press.net\/cotedivoire\/#\/schema\/person\/2b1cf3cd81a31e3cd26889ca66d677f1\"},\"description\":\"A\u0300 l\u2019occasion de la 50e session de l\u2019Assemble\u0301e parlementaire de la Francophonie (APF), le Pre\u0301sident de l\u2019Assemble\u0301e na ...\",\"breadcrumb\":{\"@id\":\"https:\/\/www.africa-press.net\/cotedivoire\/politique\/cote-divoire-france-bictogo-rencontre-macron-paris#breadcrumb\"},\"inLanguage\":\"fr-FR\",\"potentialAction\":[{\"@type\":\"ReadAction\",\"target\":[\"https:\/\/www.africa-press.net\/cotedivoire\/politique\/cote-divoire-france-bictogo-rencontre-macron-paris\"]}]},{\"@type\":\"ImageObject\",\"inLanguage\":\"fr-FR\",\"@id\":\"https:\/\/www.africa-press.net\/cotedivoire\/politique\/cote-divoire-france-bictogo-rencontre-macron-paris#primaryimage\",\"url\":\"https:\/\/static.africa-press.net\/cote\/sites\/43\/2025\/07\/sm_1752335228.794786.jpg\",\"contentUrl\":\"https:\/\/static.africa-press.net\/cote\/sites\/43\/2025\/07\/sm_1752335228.794786.jpg\",\"width\":720,\"height\":356,\"caption\":\"C\u00f4te D'Ivoire France Bictogo Rencontre Macron Paris\"},{\"@type\":\"BreadcrumbList\",\"@id\":\"https:\/\/www.africa-press.net\/cotedivoire\/politique\/cote-divoire-france-bictogo-rencontre-macron-paris#breadcrumb\",\"itemListElement\":[{\"@type\":\"ListItem\",\"position\":1,\"name\":\"Accueil\",\"item\":\"https:\/\/www.africa-press.net\/cotedivoire\/\"},{\"@type\":\"ListItem\",\"position\":2,\"name\":\"C\u00f4te D&#8217;Ivoire France Bictogo Rencontre Macron Paris\"}]},{\"@type\":\"WebSite\",\"@id\":\"https:\/\/www.africa-press.net\/cotedivoire\/#website\",\"url\":\"https:\/\/www.africa-press.net\/cotedivoire\/\",\"name\":\"C\u00f4te d&#039;Ivoire\",\"description\":\"Just another Africa News Agency Sites site\",\"potentialAction\":[{\"@type\":\"SearchAction\",\"target\":{\"@type\":\"EntryPoint\",\"urlTemplate\":\"https:\/\/www.africa-press.net\/cotedivoire\/?s={search_term_string}\"},\"query-input\":{\"@type\":\"PropertyValueSpecification\",\"valueRequired\":true,\"valueName\":\"search_term_string\"}}],\"inLanguage\":\"fr-FR\"},{\"@type\":\"Person\",\"@id\":\"https:\/\/www.africa-press.net\/cotedivoire\/#\/schema\/person\/2b1cf3cd81a31e3cd26889ca66d677f1\",\"name\":\"cfeditorfr\"}]}<\/script>\n<!-- \/ Yoast SEO Premium plugin. -->","yoast_head_json":{"title":"C\u00f4te D'Ivoire France Bictogo Rencontre Macron Paris - C\u00f4te d&#039;Ivoire","description":"A\u0300 l\u2019occasion de la 50e session de l\u2019Assemble\u0301e parlementaire de la Francophonie (APF), le Pre\u0301sident de l\u2019Assemble\u0301e na ...","robots":{"index":"index","follow":"follow","max-snippet":"max-snippet:-1","max-image-preview":"max-image-preview:large","max-video-preview":"max-video-preview:-1"},"canonical":"https:\/\/www.africa-press.net\/cotedivoire\/politique\/cote-divoire-france-bictogo-rencontre-macron-paris","og_locale":"fr_FR","og_type":"article","og_title":"C\u00f4te D'Ivoire France Bictogo Rencontre Macron Paris","og_description":"A\u0300 l\u2019occasion de la 50e session de l\u2019Assemble\u0301e parlementaire de la Francophonie (APF), le Pre\u0301sident de l\u2019Assemble\u0301e na ...","og_url":"https:\/\/www.africa-press.net\/cotedivoire\/politique\/cote-divoire-france-bictogo-rencontre-macron-paris","og_site_name":"C\u00f4te d&#039;Ivoire","article_published_time":"2025-07-12T18:44:10+00:00","article_modified_time":"2025-07-12T19:17:41+00:00","og_image":[{"width":720,"height":356,"url":"https:\/\/static.africa-press.net\/cote\/sites\/43\/2025\/07\/sm_1752335228.794786.jpg","type":"image\/jpeg"}],"author":"cfeditorfr","twitter_card":"summary_large_image","twitter_misc":{"\u00c9crit par":"cfeditorfr","Dur\u00e9e de lecture estim\u00e9e":"3 minutes"},"schema":{"@context":"https:\/\/schema.org","@graph":[{"@type":"Article","@id":"https:\/\/www.africa-press.net\/cotedivoire\/politique\/cote-divoire-france-bictogo-rencontre-macron-paris#article","isPartOf":{"@id":"https:\/\/www.africa-press.net\/cotedivoire\/politique\/cote-divoire-france-bictogo-rencontre-macron-paris"},"author":{"name":"cfeditorfr","@id":"https:\/\/www.africa-press.net\/cotedivoire\/#\/schema\/person\/2b1cf3cd81a31e3cd26889ca66d677f1"},"headline":"C\u00f4te D&rsquo;Ivoire France Bictogo Rencontre Macron Paris","datePublished":"2025-07-12T18:44:10+00:00","dateModified":"2025-07-12T19:17:41+00:00","mainEntityOfPage":{"@id":"https:\/\/www.africa-press.net\/cotedivoire\/politique\/cote-divoire-france-bictogo-rencontre-macron-paris"},"wordCount":540,"commentCount":0,"image":{"@id":"https:\/\/www.africa-press.net\/cotedivoire\/politique\/cote-divoire-france-bictogo-rencontre-macron-paris#primaryimage"},"thumbnailUrl":"https:\/\/static.africa-press.net\/cote\/sites\/43\/2025\/07\/sm_1752335228.794786.jpg","keywords":["Adama Bictogo","C\u00d4TE D'IVOIRE","Emmanuel Macron","Francophonie","Paris"],"articleSection":["Politique","Top Nouvelles","Toutes les actualit\u00e9s"],"inLanguage":"fr-FR","potentialAction":[{"@type":"CommentAction","name":"Comment","target":["https:\/\/www.africa-press.net\/cotedivoire\/politique\/cote-divoire-france-bictogo-rencontre-macron-paris#respond"]}]},{"@type":"WebPage","@id":"https:\/\/www.africa-press.net\/cotedivoire\/politique\/cote-divoire-france-bictogo-rencontre-macron-paris","url":"https:\/\/www.africa-press.net\/cotedivoire\/politique\/cote-divoire-france-bictogo-rencontre-macron-paris","name":"C\u00f4te D'Ivoire France Bictogo Rencontre Macron Paris - C\u00f4te d&#039;Ivoire","isPartOf":{"@id":"https:\/\/www.africa-press.net\/cotedivoire\/#website"},"primaryImageOfPage":{"@id":"https:\/\/www.africa-press.net\/cotedivoire\/politique\/cote-divoire-france-bictogo-rencontre-macron-paris#primaryimage"},"image":{"@id":"https:\/\/www.africa-press.net\/cotedivoire\/politique\/cote-divoire-france-bictogo-rencontre-macron-paris#primaryimage"},"thumbnailUrl":"https:\/\/static.africa-press.net\/cote\/sites\/43\/2025\/07\/sm_1752335228.794786.jpg","datePublished":"2025-07-12T18:44:10+00:00","dateModified":"2025-07-12T19:17:41+00:00","author":{"@id":"https:\/\/www.africa-press.net\/cotedivoire\/#\/schema\/person\/2b1cf3cd81a31e3cd26889ca66d677f1"},"description":"A\u0300 l\u2019occasion de la 50e session de l\u2019Assemble\u0301e parlementaire de la Francophonie (APF), le Pre\u0301sident de l\u2019Assemble\u0301e na ...","breadcrumb":{"@id":"https:\/\/www.africa-press.net\/cotedivoire\/politique\/cote-divoire-france-bictogo-rencontre-macron-paris#breadcrumb"},"inLanguage":"fr-FR","potentialAction":[{"@type":"ReadAction","target":["https:\/\/www.africa-press.net\/cotedivoire\/politique\/cote-divoire-france-bictogo-rencontre-macron-paris"]}]},{"@type":"ImageObject","inLanguage":"fr-FR","@id":"https:\/\/www.africa-press.net\/cotedivoire\/politique\/cote-divoire-france-bictogo-rencontre-macron-paris#primaryimage","url":"https:\/\/static.africa-press.net\/cote\/sites\/43\/2025\/07\/sm_1752335228.794786.jpg","contentUrl":"https:\/\/static.africa-press.net\/cote\/sites\/43\/2025\/07\/sm_1752335228.794786.jpg","width":720,"height":356,"caption":"C\u00f4te D'Ivoire France Bictogo Rencontre Macron Paris"},{"@type":"BreadcrumbList","@id":"https:\/\/www.africa-press.net\/cotedivoire\/politique\/cote-divoire-france-bictogo-rencontre-macron-paris#breadcrumb","itemListElement":[{"@type":"ListItem","position":1,"name":"Accueil","item":"https:\/\/www.africa-press.net\/cotedivoire\/"},{"@type":"ListItem","position":2,"name":"C\u00f4te D&#8217;Ivoire France Bictogo Rencontre Macron Paris"}]},{"@type":"WebSite","@id":"https:\/\/www.africa-press.net\/cotedivoire\/#website","url":"https:\/\/www.africa-press.net\/cotedivoire\/","name":"C\u00f4te d&#039;Ivoire","description":"Just another Africa News Agency Sites site","potentialAction":[{"@type":"SearchAction","target":{"@type":"EntryPoint","urlTemplate":"https:\/\/www.africa-press.net\/cotedivoire\/?s={search_term_string}"},"query-input":{"@type":"PropertyValueSpecification","valueRequired":true,"valueName":"search_term_string"}}],"inLanguage":"fr-FR"},{"@type":"Person","@id":"https:\/\/www.africa-press.net\/cotedivoire\/#\/schema\/person\/2b1cf3cd81a31e3cd26889ca66d677f1","name":"cfeditorfr"}]}},"_links":{"self":[{"href":"https:\/\/www.africa-press.net\/cotedivoire\/wp-json\/wp\/v2\/posts\/102178","targetHints":{"allow":["GET"]}}],"collection":[{"href":"https:\/\/www.africa-press.net\/cotedivoire\/wp-json\/wp\/v2\/posts"}],"about":[{"href":"https:\/\/www.africa-press.net\/cotedivoire\/wp-json\/wp\/v2\/types\/post"}],"author":[{"embeddable":true,"href":"https:\/\/www.africa-press.net\/cotedivoire\/wp-json\/wp\/v2\/users\/82"}],"replies":[{"embeddable":true,"href":"https:\/\/www.africa-press.net\/cotedivoire\/wp-json\/wp\/v2\/comments?post=102178"}],"version-history":[{"count":0,"href":"https:\/\/www.africa-press.net\/cotedivoire\/wp-json\/wp\/v2\/posts\/102178\/revisions"}],"wp:featuredmedia":[{"embeddable":true,"href":"https:\/\/www.africa-press.net\/cotedivoire\/wp-json\/wp\/v2\/media\/102177"}],"wp:attachment":[{"href":"https:\/\/www.africa-press.net\/cotedivoire\/wp-json\/wp\/v2\/media?parent=102178"}],"wp:term":[{"taxonomy":"category","embeddable":true,"href":"https:\/\/www.africa-press.net\/cotedivoire\/wp-json\/wp\/v2\/categories?post=102178"},{"taxonomy":"post_tag","embeddable":true,"href":"https:\/\/www.africa-press.net\/cotedivoire\/wp-json\/wp\/v2\/tags?post=102178"}],"curies":[{"name":"wp","href":"https:\/\/api.w.org\/{rel}","templated":true}]}}