{"id":10218,"date":"2021-07-21T11:02:01","date_gmt":"2021-07-21T11:02:01","guid":{"rendered":"https:\/\/www.africa-press.net\/cotedivoire\/?p=10218"},"modified":"2021-07-21T12:13:38","modified_gmt":"2021-07-21T12:13:38","slug":"cote-divoire-etats-generaux-de-leducation-pour-un-meilleur-positionnement-du-systeme-educatif-ivoirien","status":"publish","type":"post","link":"https:\/\/www.africa-press.net\/cotedivoire\/culture-et-art\/cote-divoire-etats-generaux-de-leducation-pour-un-meilleur-positionnement-du-systeme-educatif-ivoirien","title":{"rendered":"\u00e9tats g\u00e9n\u00e9raux de l\u2019\u00e9ducation, pour un meilleur positionnement du syst\u00e8me \u00e9ducatif ivoirien"},"content":{"rendered":"<p><span style=\"color: #ff6600\"><strong><a href=\"https:\/\/www.africa-press.net\/\">Africa-Press<\/a> &#8211; <a href=\"https:\/\/www.africa-press.net\/cotedivoire\">C\u00f4te d&rsquo;Ivoire<\/a>. <\/strong><\/span>Le Premier ministre ivoirien, chef du gouvernement, Patrick Achi souhaite que les \u00e9tats g\u00e9n\u00e9raux de l\u2019\u00e9ducation, lanc\u00e9s ce lundi 19 juillet \u00e0 Abidjan, permettent un meilleur positionnement du syst\u00e8me \u00e9ducatif ivoirien qui commerce \u00e0 \u00abperdre ses lettres de noblesse\u00bb acquises durant les trois premi\u00e8res d\u00e9cennies de l\u2019ind\u00e9pendance de la C\u00f4te d\u2019Ivoire.<\/p>\n<p>Selon M. Achi, les diff\u00e9rentes crises \u2013socio\u00e9conomiques, politiques ou militaires\u2013 qu\u2019a connues la C\u00f4te d\u2019Ivoire depuis le d\u00e9but des ann\u00e9es 1990 ont affect\u00e9 la qualit\u00e9 de l\u2019\u00e9ducation. Ainsi, malgr\u00e9 les nombreuses initiatives en faveur de l\u2019\u00e9ducation prises par le gouvernement depuis 2011 \u2013notamment une part de 5% du PIB, 18% du budget de l\u2019\u00c9tat et 44% du budget de fonctionnement au titre de l\u2019ann\u00e9e 2019\u2013, l\u2019\u00e9cole ivoirienne reste toujours en difficult\u00e9.<\/p>\n<p>Les \u00e9tats g\u00e9n\u00e9raux de l\u2019\u00e9ducation et de l\u2019alphab\u00e9tisation (EGEA) constituent un moment important pour revenir sur le d\u00e9tail des actions et les r\u00e9sultats de cette derni\u00e8re d\u00e9cennie.<\/p>\n<p>En outre, face au changement perp\u00e9tuel de la soci\u00e9t\u00e9, il devient imp\u00e9rieux que, de temps en temps, l\u2019on fasse le point pour mesurer le chemin parcouru et, au besoin, apporter les ajustements n\u00e9cessaires afin de poursuivre plus sereinement la digne marche vers le d\u00e9veloppement.<\/p>\n<p><b>\u00abIl nous faut courageusement, avec honn\u00eatet\u00e9 et franchise, questionner le syst\u00e8me, \u00e9valuer les r\u00f4les de toutes les parties prenantes, notamment de l\u2019\u00c9tat qui offre la connaissance et \u00e9galement les parents qui sont au c\u0153ur de l\u2019\u00e9ducation, chacun devant faire le point\u00bb, a-t-il souhait\u00e9.<\/b><\/p>\n<p>Il s\u2019agit, a-t-il ajout\u00e9, plus globalement de formuler des recommandations en vue d\u2019un meilleur positionnement du syst\u00e8me \u00e9ducatif. Ces \u00e9tats g\u00e9n\u00e9raux constituent la quatri\u00e8me concertation nationale autour de l\u2019\u00e9ducation apr\u00e8s celles de 1977, 1985 et 1994, a rappel\u00e9 le chef du gouvernement.<\/p>\n","protected":false},"excerpt":{"rendered":"<p>Africa-Press &#8211; C\u00f4te d&rsquo;Ivoire. Le Premier ministre ivoirien, chef du gouvernement, Patrick Achi souhaite que les \u00e9tats g\u00e9n\u00e9raux de l\u2019\u00e9ducation, lanc\u00e9s ce lundi 19 juillet \u00e0 Abidjan, permettent un meilleur positionnement du syst\u00e8me \u00e9ducatif ivoirien qui commerce \u00e0 \u00abperdre ses lettres de noblesse\u00bb acquises durant les trois premi\u00e8res d\u00e9cennies de l\u2019ind\u00e9pendance de la C\u00f4te d\u2019Ivoire. [&hellip;]<\/p>\n","protected":false},"author":82,"featured_media":10217,"comment_status":"open","ping_status":"closed","sticky":false,"template":"","format":"standard","meta":{"footnotes":""},"categories":[5,11,20,10],"tags":[56,63,29],"class_list":["post-10218","post","type-post","status-publish","format-standard","has-post-thumbnail","hentry","category-culture-et-art","category-homepage-french","category-top-nouvelles","category-toutes-les-actualites","tag-africa-press","tag-africa-press-cote-divoire","tag-cote-divoire"],"yoast_head":"<!-- This site is optimized with the Yoast SEO Premium plugin v26.1 (Yoast SEO v27.0) - https:\/\/yoast.com\/product\/yoast-seo-premium-wordpress\/ -->\n<title>\u00e9tats g\u00e9n\u00e9raux de l\u2019\u00e9ducation, pour un meilleur positionnement du syst\u00e8me \u00e9ducatif ivoirien - C\u00f4te d&#039;Ivoire<\/title>\n<meta name=\"description\" content=\"Le Premier ministre ivoirien, chef du gouvernement, Patrick Achi souhaite que les \u00e9tats g\u00e9n\u00e9raux de l\u2019\u00e9ducation, lanc\u00e9s ...\" \/>\n<meta name=\"robots\" content=\"index, follow, max-snippet:-1, max-image-preview:large, max-video-preview:-1\" \/>\n<link rel=\"canonical\" href=\"https:\/\/www.africa-press.net\/cotedivoire\/culture-et-art\/cote-divoire-etats-generaux-de-leducation-pour-un-meilleur-positionnement-du-systeme-educatif-ivoirien\" \/>\n<meta property=\"og:locale\" content=\"fr_FR\" \/>\n<meta property=\"og:type\" content=\"article\" \/>\n<meta property=\"og:title\" content=\"\u00e9tats g\u00e9n\u00e9raux de l\u2019\u00e9ducation, pour un meilleur positionnement du syst\u00e8me \u00e9ducatif ivoirien\" \/>\n<meta property=\"og:description\" content=\"Le Premier ministre ivoirien, chef du gouvernement, Patrick Achi souhaite que les \u00e9tats g\u00e9n\u00e9raux de l\u2019\u00e9ducation, lanc\u00e9s ...\" \/>\n<meta property=\"og:url\" content=\"https:\/\/www.africa-press.net\/cotedivoire\/culture-et-art\/cote-divoire-etats-generaux-de-leducation-pour-un-meilleur-positionnement-du-systeme-educatif-ivoirien\" \/>\n<meta property=\"og:site_name\" content=\"C\u00f4te d&#039;Ivoire\" \/>\n<meta property=\"article:published_time\" content=\"2021-07-21T11:02:01+00:00\" \/>\n<meta property=\"article:modified_time\" content=\"2021-07-21T12:13:38+00:00\" \/>\n<meta property=\"og:image\" content=\"https:\/\/static.africa-press.net\/cote\/sites\/43\/2021\/07\/img-60f7f40d6c1fe.jpg\" \/>\n\t<meta property=\"og:image:width\" content=\"720\" \/>\n\t<meta property=\"og:image:height\" content=\"382\" \/>\n\t<meta property=\"og:image:type\" content=\"image\/jpeg\" \/>\n<meta name=\"author\" content=\"cfeditorfr\" \/>\n<meta name=\"twitter:card\" content=\"summary_large_image\" \/>\n<meta name=\"twitter:label1\" content=\"\u00c9crit par\" \/>\n\t<meta name=\"twitter:data1\" content=\"cfeditorfr\" \/>\n\t<meta name=\"twitter:label2\" content=\"Dur\u00e9e de lecture estim\u00e9e\" \/>\n\t<meta name=\"twitter:data2\" content=\"2 minutes\" \/>\n<script type=\"application\/ld+json\" class=\"yoast-schema-graph\">{\"@context\":\"https:\/\/schema.org\",\"@graph\":[{\"@type\":\"Article\",\"@id\":\"https:\/\/www.africa-press.net\/cotedivoire\/culture-et-art\/cote-divoire-etats-generaux-de-leducation-pour-un-meilleur-positionnement-du-systeme-educatif-ivoirien#article\",\"isPartOf\":{\"@id\":\"https:\/\/www.africa-press.net\/cotedivoire\/culture-et-art\/cote-divoire-etats-generaux-de-leducation-pour-un-meilleur-positionnement-du-systeme-educatif-ivoirien\"},\"author\":{\"name\":\"cfeditorfr\",\"@id\":\"https:\/\/www.africa-press.net\/cotedivoire\/#\/schema\/person\/2b1cf3cd81a31e3cd26889ca66d677f1\"},\"headline\":\"\u00e9tats g\u00e9n\u00e9raux de l\u2019\u00e9ducation, pour un meilleur positionnement du syst\u00e8me \u00e9ducatif ivoirien\",\"datePublished\":\"2021-07-21T11:02:01+00:00\",\"dateModified\":\"2021-07-21T12:13:38+00:00\",\"mainEntityOfPage\":{\"@id\":\"https:\/\/www.africa-press.net\/cotedivoire\/culture-et-art\/cote-divoire-etats-generaux-de-leducation-pour-un-meilleur-positionnement-du-systeme-educatif-ivoirien\"},\"wordCount\":341,\"commentCount\":0,\"image\":{\"@id\":\"https:\/\/www.africa-press.net\/cotedivoire\/culture-et-art\/cote-divoire-etats-generaux-de-leducation-pour-un-meilleur-positionnement-du-systeme-educatif-ivoirien#primaryimage\"},\"thumbnailUrl\":\"https:\/\/static.africa-press.net\/cote\/sites\/43\/2021\/07\/img-60f7f40d6c1fe.jpg\",\"keywords\":[\"Africa Press\",\"Africa Press-C\u00f4te d'Ivoire\",\"C\u00d4TE D'IVOIRE\"],\"articleSection\":[\"Culture et Art\",\"homepage-french\",\"Top Nouvelles\",\"Toutes les actualit\u00e9s\"],\"inLanguage\":\"fr-FR\",\"potentialAction\":[{\"@type\":\"CommentAction\",\"name\":\"Comment\",\"target\":[\"https:\/\/www.africa-press.net\/cotedivoire\/culture-et-art\/cote-divoire-etats-generaux-de-leducation-pour-un-meilleur-positionnement-du-systeme-educatif-ivoirien#respond\"]}]},{\"@type\":\"WebPage\",\"@id\":\"https:\/\/www.africa-press.net\/cotedivoire\/culture-et-art\/cote-divoire-etats-generaux-de-leducation-pour-un-meilleur-positionnement-du-systeme-educatif-ivoirien\",\"url\":\"https:\/\/www.africa-press.net\/cotedivoire\/culture-et-art\/cote-divoire-etats-generaux-de-leducation-pour-un-meilleur-positionnement-du-systeme-educatif-ivoirien\",\"name\":\"\u00e9tats g\u00e9n\u00e9raux de l\u2019\u00e9ducation, pour un meilleur positionnement du syst\u00e8me \u00e9ducatif ivoirien - C\u00f4te d&#039;Ivoire\",\"isPartOf\":{\"@id\":\"https:\/\/www.africa-press.net\/cotedivoire\/#website\"},\"primaryImageOfPage\":{\"@id\":\"https:\/\/www.africa-press.net\/cotedivoire\/culture-et-art\/cote-divoire-etats-generaux-de-leducation-pour-un-meilleur-positionnement-du-systeme-educatif-ivoirien#primaryimage\"},\"image\":{\"@id\":\"https:\/\/www.africa-press.net\/cotedivoire\/culture-et-art\/cote-divoire-etats-generaux-de-leducation-pour-un-meilleur-positionnement-du-systeme-educatif-ivoirien#primaryimage\"},\"thumbnailUrl\":\"https:\/\/static.africa-press.net\/cote\/sites\/43\/2021\/07\/img-60f7f40d6c1fe.jpg\",\"datePublished\":\"2021-07-21T11:02:01+00:00\",\"dateModified\":\"2021-07-21T12:13:38+00:00\",\"author\":{\"@id\":\"https:\/\/www.africa-press.net\/cotedivoire\/#\/schema\/person\/2b1cf3cd81a31e3cd26889ca66d677f1\"},\"description\":\"Le Premier ministre ivoirien, chef du gouvernement, Patrick Achi souhaite que les \u00e9tats g\u00e9n\u00e9raux de l\u2019\u00e9ducation, lanc\u00e9s ...\",\"breadcrumb\":{\"@id\":\"https:\/\/www.africa-press.net\/cotedivoire\/culture-et-art\/cote-divoire-etats-generaux-de-leducation-pour-un-meilleur-positionnement-du-systeme-educatif-ivoirien#breadcrumb\"},\"inLanguage\":\"fr-FR\",\"potentialAction\":[{\"@type\":\"ReadAction\",\"target\":[\"https:\/\/www.africa-press.net\/cotedivoire\/culture-et-art\/cote-divoire-etats-generaux-de-leducation-pour-un-meilleur-positionnement-du-systeme-educatif-ivoirien\"]}]},{\"@type\":\"ImageObject\",\"inLanguage\":\"fr-FR\",\"@id\":\"https:\/\/www.africa-press.net\/cotedivoire\/culture-et-art\/cote-divoire-etats-generaux-de-leducation-pour-un-meilleur-positionnement-du-systeme-educatif-ivoirien#primaryimage\",\"url\":\"https:\/\/static.africa-press.net\/cote\/sites\/43\/2021\/07\/img-60f7f40d6c1fe.jpg\",\"contentUrl\":\"https:\/\/static.africa-press.net\/cote\/sites\/43\/2021\/07\/img-60f7f40d6c1fe.jpg\",\"width\":720,\"height\":382,\"caption\":\"C\u00f4te d\u2019Ivoire : \u00e9tats g\u00e9n\u00e9raux de l\u2019\u00e9ducation, pour un meilleur positionnement du syst\u00e8me \u00e9ducatif ivoirien\"},{\"@type\":\"BreadcrumbList\",\"@id\":\"https:\/\/www.africa-press.net\/cotedivoire\/culture-et-art\/cote-divoire-etats-generaux-de-leducation-pour-un-meilleur-positionnement-du-systeme-educatif-ivoirien#breadcrumb\",\"itemListElement\":[{\"@type\":\"ListItem\",\"position\":1,\"name\":\"Accueil\",\"item\":\"https:\/\/www.africa-press.net\/cotedivoire\/\"},{\"@type\":\"ListItem\",\"position\":2,\"name\":\"\u00e9tats g\u00e9n\u00e9raux de l\u2019\u00e9ducation, pour un meilleur positionnement du syst\u00e8me \u00e9ducatif ivoirien\"}]},{\"@type\":\"WebSite\",\"@id\":\"https:\/\/www.africa-press.net\/cotedivoire\/#website\",\"url\":\"https:\/\/www.africa-press.net\/cotedivoire\/\",\"name\":\"C\u00f4te d&#039;Ivoire\",\"description\":\"Just another Africa News Agency Sites site\",\"potentialAction\":[{\"@type\":\"SearchAction\",\"target\":{\"@type\":\"EntryPoint\",\"urlTemplate\":\"https:\/\/www.africa-press.net\/cotedivoire\/?s={search_term_string}\"},\"query-input\":{\"@type\":\"PropertyValueSpecification\",\"valueRequired\":true,\"valueName\":\"search_term_string\"}}],\"inLanguage\":\"fr-FR\"},{\"@type\":\"Person\",\"@id\":\"https:\/\/www.africa-press.net\/cotedivoire\/#\/schema\/person\/2b1cf3cd81a31e3cd26889ca66d677f1\",\"name\":\"cfeditorfr\"}]}<\/script>\n<!-- \/ Yoast SEO Premium plugin. -->","yoast_head_json":{"title":"\u00e9tats g\u00e9n\u00e9raux de l\u2019\u00e9ducation, pour un meilleur positionnement du syst\u00e8me \u00e9ducatif ivoirien - C\u00f4te d&#039;Ivoire","description":"Le Premier ministre ivoirien, chef du gouvernement, Patrick Achi souhaite que les \u00e9tats g\u00e9n\u00e9raux de l\u2019\u00e9ducation, lanc\u00e9s ...","robots":{"index":"index","follow":"follow","max-snippet":"max-snippet:-1","max-image-preview":"max-image-preview:large","max-video-preview":"max-video-preview:-1"},"canonical":"https:\/\/www.africa-press.net\/cotedivoire\/culture-et-art\/cote-divoire-etats-generaux-de-leducation-pour-un-meilleur-positionnement-du-systeme-educatif-ivoirien","og_locale":"fr_FR","og_type":"article","og_title":"\u00e9tats g\u00e9n\u00e9raux de l\u2019\u00e9ducation, pour un meilleur positionnement du syst\u00e8me \u00e9ducatif ivoirien","og_description":"Le Premier ministre ivoirien, chef du gouvernement, Patrick Achi souhaite que les \u00e9tats g\u00e9n\u00e9raux de l\u2019\u00e9ducation, lanc\u00e9s ...","og_url":"https:\/\/www.africa-press.net\/cotedivoire\/culture-et-art\/cote-divoire-etats-generaux-de-leducation-pour-un-meilleur-positionnement-du-systeme-educatif-ivoirien","og_site_name":"C\u00f4te d&#039;Ivoire","article_published_time":"2021-07-21T11:02:01+00:00","article_modified_time":"2021-07-21T12:13:38+00:00","og_image":[{"width":720,"height":382,"url":"https:\/\/static.africa-press.net\/cote\/sites\/43\/2021\/07\/img-60f7f40d6c1fe.jpg","type":"image\/jpeg"}],"author":"cfeditorfr","twitter_card":"summary_large_image","twitter_misc":{"\u00c9crit par":"cfeditorfr","Dur\u00e9e de lecture estim\u00e9e":"2 minutes"},"schema":{"@context":"https:\/\/schema.org","@graph":[{"@type":"Article","@id":"https:\/\/www.africa-press.net\/cotedivoire\/culture-et-art\/cote-divoire-etats-generaux-de-leducation-pour-un-meilleur-positionnement-du-systeme-educatif-ivoirien#article","isPartOf":{"@id":"https:\/\/www.africa-press.net\/cotedivoire\/culture-et-art\/cote-divoire-etats-generaux-de-leducation-pour-un-meilleur-positionnement-du-systeme-educatif-ivoirien"},"author":{"name":"cfeditorfr","@id":"https:\/\/www.africa-press.net\/cotedivoire\/#\/schema\/person\/2b1cf3cd81a31e3cd26889ca66d677f1"},"headline":"\u00e9tats g\u00e9n\u00e9raux de l\u2019\u00e9ducation, pour un meilleur positionnement du syst\u00e8me \u00e9ducatif ivoirien","datePublished":"2021-07-21T11:02:01+00:00","dateModified":"2021-07-21T12:13:38+00:00","mainEntityOfPage":{"@id":"https:\/\/www.africa-press.net\/cotedivoire\/culture-et-art\/cote-divoire-etats-generaux-de-leducation-pour-un-meilleur-positionnement-du-systeme-educatif-ivoirien"},"wordCount":341,"commentCount":0,"image":{"@id":"https:\/\/www.africa-press.net\/cotedivoire\/culture-et-art\/cote-divoire-etats-generaux-de-leducation-pour-un-meilleur-positionnement-du-systeme-educatif-ivoirien#primaryimage"},"thumbnailUrl":"https:\/\/static.africa-press.net\/cote\/sites\/43\/2021\/07\/img-60f7f40d6c1fe.jpg","keywords":["Africa Press","Africa Press-C\u00f4te d'Ivoire","C\u00d4TE D'IVOIRE"],"articleSection":["Culture et Art","homepage-french","Top Nouvelles","Toutes les actualit\u00e9s"],"inLanguage":"fr-FR","potentialAction":[{"@type":"CommentAction","name":"Comment","target":["https:\/\/www.africa-press.net\/cotedivoire\/culture-et-art\/cote-divoire-etats-generaux-de-leducation-pour-un-meilleur-positionnement-du-systeme-educatif-ivoirien#respond"]}]},{"@type":"WebPage","@id":"https:\/\/www.africa-press.net\/cotedivoire\/culture-et-art\/cote-divoire-etats-generaux-de-leducation-pour-un-meilleur-positionnement-du-systeme-educatif-ivoirien","url":"https:\/\/www.africa-press.net\/cotedivoire\/culture-et-art\/cote-divoire-etats-generaux-de-leducation-pour-un-meilleur-positionnement-du-systeme-educatif-ivoirien","name":"\u00e9tats g\u00e9n\u00e9raux de l\u2019\u00e9ducation, pour un meilleur positionnement du syst\u00e8me \u00e9ducatif ivoirien - C\u00f4te d&#039;Ivoire","isPartOf":{"@id":"https:\/\/www.africa-press.net\/cotedivoire\/#website"},"primaryImageOfPage":{"@id":"https:\/\/www.africa-press.net\/cotedivoire\/culture-et-art\/cote-divoire-etats-generaux-de-leducation-pour-un-meilleur-positionnement-du-systeme-educatif-ivoirien#primaryimage"},"image":{"@id":"https:\/\/www.africa-press.net\/cotedivoire\/culture-et-art\/cote-divoire-etats-generaux-de-leducation-pour-un-meilleur-positionnement-du-systeme-educatif-ivoirien#primaryimage"},"thumbnailUrl":"https:\/\/static.africa-press.net\/cote\/sites\/43\/2021\/07\/img-60f7f40d6c1fe.jpg","datePublished":"2021-07-21T11:02:01+00:00","dateModified":"2021-07-21T12:13:38+00:00","author":{"@id":"https:\/\/www.africa-press.net\/cotedivoire\/#\/schema\/person\/2b1cf3cd81a31e3cd26889ca66d677f1"},"description":"Le Premier ministre ivoirien, chef du gouvernement, Patrick Achi souhaite que les \u00e9tats g\u00e9n\u00e9raux de l\u2019\u00e9ducation, lanc\u00e9s ...","breadcrumb":{"@id":"https:\/\/www.africa-press.net\/cotedivoire\/culture-et-art\/cote-divoire-etats-generaux-de-leducation-pour-un-meilleur-positionnement-du-systeme-educatif-ivoirien#breadcrumb"},"inLanguage":"fr-FR","potentialAction":[{"@type":"ReadAction","target":["https:\/\/www.africa-press.net\/cotedivoire\/culture-et-art\/cote-divoire-etats-generaux-de-leducation-pour-un-meilleur-positionnement-du-systeme-educatif-ivoirien"]}]},{"@type":"ImageObject","inLanguage":"fr-FR","@id":"https:\/\/www.africa-press.net\/cotedivoire\/culture-et-art\/cote-divoire-etats-generaux-de-leducation-pour-un-meilleur-positionnement-du-systeme-educatif-ivoirien#primaryimage","url":"https:\/\/static.africa-press.net\/cote\/sites\/43\/2021\/07\/img-60f7f40d6c1fe.jpg","contentUrl":"https:\/\/static.africa-press.net\/cote\/sites\/43\/2021\/07\/img-60f7f40d6c1fe.jpg","width":720,"height":382,"caption":"C\u00f4te d\u2019Ivoire : \u00e9tats g\u00e9n\u00e9raux de l\u2019\u00e9ducation, pour un meilleur positionnement du syst\u00e8me \u00e9ducatif ivoirien"},{"@type":"BreadcrumbList","@id":"https:\/\/www.africa-press.net\/cotedivoire\/culture-et-art\/cote-divoire-etats-generaux-de-leducation-pour-un-meilleur-positionnement-du-systeme-educatif-ivoirien#breadcrumb","itemListElement":[{"@type":"ListItem","position":1,"name":"Accueil","item":"https:\/\/www.africa-press.net\/cotedivoire\/"},{"@type":"ListItem","position":2,"name":"\u00e9tats g\u00e9n\u00e9raux de l\u2019\u00e9ducation, pour un meilleur positionnement du syst\u00e8me \u00e9ducatif ivoirien"}]},{"@type":"WebSite","@id":"https:\/\/www.africa-press.net\/cotedivoire\/#website","url":"https:\/\/www.africa-press.net\/cotedivoire\/","name":"C\u00f4te d&#039;Ivoire","description":"Just another Africa News Agency Sites site","potentialAction":[{"@type":"SearchAction","target":{"@type":"EntryPoint","urlTemplate":"https:\/\/www.africa-press.net\/cotedivoire\/?s={search_term_string}"},"query-input":{"@type":"PropertyValueSpecification","valueRequired":true,"valueName":"search_term_string"}}],"inLanguage":"fr-FR"},{"@type":"Person","@id":"https:\/\/www.africa-press.net\/cotedivoire\/#\/schema\/person\/2b1cf3cd81a31e3cd26889ca66d677f1","name":"cfeditorfr"}]}},"_links":{"self":[{"href":"https:\/\/www.africa-press.net\/cotedivoire\/wp-json\/wp\/v2\/posts\/10218","targetHints":{"allow":["GET"]}}],"collection":[{"href":"https:\/\/www.africa-press.net\/cotedivoire\/wp-json\/wp\/v2\/posts"}],"about":[{"href":"https:\/\/www.africa-press.net\/cotedivoire\/wp-json\/wp\/v2\/types\/post"}],"author":[{"embeddable":true,"href":"https:\/\/www.africa-press.net\/cotedivoire\/wp-json\/wp\/v2\/users\/82"}],"replies":[{"embeddable":true,"href":"https:\/\/www.africa-press.net\/cotedivoire\/wp-json\/wp\/v2\/comments?post=10218"}],"version-history":[{"count":0,"href":"https:\/\/www.africa-press.net\/cotedivoire\/wp-json\/wp\/v2\/posts\/10218\/revisions"}],"wp:featuredmedia":[{"embeddable":true,"href":"https:\/\/www.africa-press.net\/cotedivoire\/wp-json\/wp\/v2\/media\/10217"}],"wp:attachment":[{"href":"https:\/\/www.africa-press.net\/cotedivoire\/wp-json\/wp\/v2\/media?parent=10218"}],"wp:term":[{"taxonomy":"category","embeddable":true,"href":"https:\/\/www.africa-press.net\/cotedivoire\/wp-json\/wp\/v2\/categories?post=10218"},{"taxonomy":"post_tag","embeddable":true,"href":"https:\/\/www.africa-press.net\/cotedivoire\/wp-json\/wp\/v2\/tags?post=10218"}],"curies":[{"name":"wp","href":"https:\/\/api.w.org\/{rel}","templated":true}]}}