{"id":102246,"date":"2025-07-14T18:50:34","date_gmt":"2025-07-14T18:50:34","guid":{"rendered":"https:\/\/www.africa-press.net\/cotedivoire\/politique\/bictogo-plaide-pour-une-francophonie-active-et-soudee"},"modified":"2025-07-14T19:59:06","modified_gmt":"2025-07-14T19:59:06","slug":"bictogo-plaide-pour-une-francophonie-active-et-soudee","status":"publish","type":"post","link":"https:\/\/www.africa-press.net\/cotedivoire\/politique\/bictogo-plaide-pour-une-francophonie-active-et-soudee","title":{"rendered":"Bictogo Plaide pour une Francophonie Active et Soud\u00e9e"},"content":{"rendered":"<p><span style=\"color: #ff6600\"><strong>Africa-Press &#8211; C\u00f4te d&rsquo;Ivoire. <\/strong><\/span>A\u0300 l\u2019occasion de l\u2019ouverture officielle de la 50e session de l\u2019Assemble\u0301e parlementaire de la Francophonie (APF), le pre\u0301sident de l\u2019Assemble\u0301e nationale de Co\u0302te d\u2019Ivoire, SEM Adama Bictogo, a prononce\u0301 une allocution remarque\u0301e au sein de l\u2019Assemble\u0301e nationale franc\u0327aise. Devant de nombreux pre\u0301sidents de parlements et de\u0301le\u0301gations venus de tout l\u2019espace francophone, il a plaide\u0301 pour une Francophonie plus soude\u0301e, plus active, et re\u0301solument tourne\u0301e vers l\u2019action.<\/p>\n<p>Dans son discours, SEM Bictogo a tenu a\u0300 saluer l\u2019hospitalite\u0301 des autorite\u0301s franc\u0327aises et a\u0300 rappeler la porte\u0301e symbolique de cette 50e session, qualifie\u0301e de \u00ab bien plus qu\u2019une ce\u0301le\u0301bration \u00bb.<\/p>\n<p>Selon lui, ce jubile\u0301 repre\u0301sente une opportunite\u0301 pour les membres de l\u2019APF de re\u0301fle\u0301chir ensemble sur leur passe\u0301 commun, leurs valeurs fondamentales, mais surtout sur leur ro\u0302le face aux bouleversements actuels du monde.<\/p>\n<p>S\u2019appuyant sur le the\u0300me de la session \u2013 \u00ab La Francophonie politique, une ancre dans un monde en crise \u00bb \u2013 Adama Bictogo a structure\u0301 son message autour de trois missions-cle\u0301s que doit poursuivre la Francophonie: stabiliser les zones de tension, rassembler les peuples et engager les institutions dans des actions concre\u0300tes.<\/p>\n<p>A\u0300 ce titre, il a salue\u0301 l\u2019intervention re\u0301cente du Groupe de haut niveau de l\u2019APF en Re\u0301publique de\u0301mocratique du Congo et au Rwanda. Une mission qu\u2019il qualifie de \u00ab preuve tangible de l\u2019efficacite\u0301 de la diplomatie parlementaire au service de la paix \u00bb.<\/p>\n<p>Le pre\u0301sident du Parlement ivoirien a e\u0301galement mis en avant l\u2019importance d\u2019une Francophonie de solidarite\u0301, notamment a\u0300 travers des initiatives comme le programme \u00ab Parlementaire en re\u0301seau pour la jeunesse \u00bb, qu\u2019il conside\u0300re comme un levier de transformation pour les nouvelles ge\u0301ne\u0301rations.<\/p>\n<p>Dans cette optique, il a de\u0301fendu une vision inclusive et e\u0301quitable de la Francophonie, conc\u0327ue comme un espace de diversite\u0301 culturelle mais aussi de justice et d\u2019e\u0301quite\u0301 entre ses E\u0301tats membres.<\/p>\n<p>Malgre\u0301 les avance\u0301es notables, SEM Bictogo n\u2019a pas e\u0301lude\u0301 les obstacles qui freinent le plein potentiel de l\u2019espace francophone. Il a pointe\u0301 du doigt plusieurs de\u0301fis persistants la difficulte\u0301 de circulation des personnes et des ide\u0301es, la multiplicite\u0301 des droits de douane, le de\u0301ficit de coope\u0301ration universitaire, la faible interconnexion nume\u0301rique, et les ine\u0301galite\u0301s e\u0301conomiques entre E\u0301tats membres.<\/p>\n<p>Face a\u0300 ces constats, il a exhorte\u0301 l\u2019ensemble des parlements francophones a\u0300 s\u2019engager pour une Francophonie \u00ab des solutions concre\u0300tes \u00bb, capable de produire des re\u0301sultats visibles pour les citoyens.<\/p>\n<p>Au nom du Parlement ivoirien, le pre\u0301sident Bictogo a re\u0301affirme\u0301 son engagement en faveur d\u2019une Francophonie tourne\u0301e vers l\u2019avenir, ba\u0302tie sur la solidarite\u0301, l\u2019inclusion et la coope\u0301ration renforce\u0301e.<\/p>\n<p>En marge de cette session ple\u0301nie\u0300re, il participera a\u0300 la ce\u0301re\u0301monie de clo\u0302ture des travaux ce samedi, avant d\u2019assister, le lundi 14 juillet, au traditionnel de\u0301file\u0301 militaire organise\u0301 a\u0300 l\u2019occasion de la Fe\u0302te nationale franc\u0327aise. Cette invitation marque la reconnaissance de son implication dans les instances parlementaires internationales et vient couronner un se\u0301jour institutionnel intense et fructueux a\u0300 Paris.<\/p>\n<p><strong>Pour plus d&rsquo;informations et d&rsquo;analyses sur la <span style=\"color: #ff6600\">C\u00f4te d&rsquo;Ivoire<\/span>, suivez <span style=\"color: #ff6600\">Africa-Press<\/span><\/strong><\/p>\n","protected":false},"excerpt":{"rendered":"<p>Africa-Press &#8211; C\u00f4te d&rsquo;Ivoire. A\u0300 l\u2019occasion de l\u2019ouverture officielle de la 50e session de l\u2019Assemble\u0301e parlementaire de la Francophonie (APF), le pre\u0301sident de l\u2019Assemble\u0301e nationale de Co\u0302te d\u2019Ivoire, SEM Adama Bictogo, a prononce\u0301 une allocution remarque\u0301e au sein de l\u2019Assemble\u0301e nationale franc\u0327aise. Devant de nombreux pre\u0301sidents de parlements et de\u0301le\u0301gations venus de tout l\u2019espace francophone, [&hellip;]<\/p>\n","protected":false},"author":82,"featured_media":102245,"comment_status":"open","ping_status":"closed","sticky":false,"template":"","format":"standard","meta":{"footnotes":""},"categories":[2,20,10],"tags":[1932,6683,1930,29,8167,16297,9252],"class_list":["post-102246","post","type-post","status-publish","format-standard","has-post-thumbnail","hentry","category-politique","category-top-nouvelles","category-toutes-les-actualites","tag-adama","tag-apf","tag-bictogo","tag-cote-divoire","tag-francophonie","tag-solidaire","tag-tribune"],"yoast_head":"<!-- This site is optimized with the Yoast SEO Premium plugin v26.1 (Yoast SEO v27.0) - https:\/\/yoast.com\/product\/yoast-seo-premium-wordpress\/ -->\n<title>Bictogo Plaide pour une Francophonie Active et Soud\u00e9e - C\u00f4te d&#039;Ivoire<\/title>\n<meta name=\"description\" content=\"A\u0300 l\u2019occasion de l\u2019ouverture officielle de la 50e session de l\u2019Assemble\u0301e parlementaire de la Francophonie (APF), le pre ...\" \/>\n<meta name=\"robots\" content=\"index, follow, max-snippet:-1, max-image-preview:large, max-video-preview:-1\" \/>\n<link rel=\"canonical\" href=\"https:\/\/www.africa-press.net\/cotedivoire\/politique\/bictogo-plaide-pour-une-francophonie-active-et-soudee\" \/>\n<meta property=\"og:locale\" content=\"fr_FR\" \/>\n<meta property=\"og:type\" content=\"article\" \/>\n<meta property=\"og:title\" content=\"Bictogo Plaide pour une Francophonie Active et Soud\u00e9e\" \/>\n<meta property=\"og:description\" content=\"A\u0300 l\u2019occasion de l\u2019ouverture officielle de la 50e session de l\u2019Assemble\u0301e parlementaire de la Francophonie (APF), le pre ...\" \/>\n<meta property=\"og:url\" content=\"https:\/\/www.africa-press.net\/cotedivoire\/politique\/bictogo-plaide-pour-une-francophonie-active-et-soudee\" \/>\n<meta property=\"og:site_name\" content=\"C\u00f4te d&#039;Ivoire\" \/>\n<meta property=\"article:published_time\" content=\"2025-07-14T18:50:34+00:00\" \/>\n<meta property=\"article:modified_time\" content=\"2025-07-14T19:59:06+00:00\" \/>\n<meta property=\"og:image\" content=\"https:\/\/static.africa-press.net\/cote\/sites\/43\/2025\/07\/sm_1752510483.285794.jpg\" \/>\n\t<meta property=\"og:image:width\" content=\"720\" \/>\n\t<meta property=\"og:image:height\" content=\"480\" \/>\n\t<meta property=\"og:image:type\" content=\"image\/jpeg\" \/>\n<meta name=\"author\" content=\"cfeditorfr\" \/>\n<meta name=\"twitter:card\" content=\"summary_large_image\" \/>\n<meta name=\"twitter:label1\" content=\"\u00c9crit par\" \/>\n\t<meta name=\"twitter:data1\" content=\"cfeditorfr\" \/>\n\t<meta name=\"twitter:label2\" content=\"Dur\u00e9e de lecture estim\u00e9e\" \/>\n\t<meta name=\"twitter:data2\" content=\"3 minutes\" \/>\n<script type=\"application\/ld+json\" class=\"yoast-schema-graph\">{\"@context\":\"https:\/\/schema.org\",\"@graph\":[{\"@type\":\"Article\",\"@id\":\"https:\/\/www.africa-press.net\/cotedivoire\/politique\/bictogo-plaide-pour-une-francophonie-active-et-soudee#article\",\"isPartOf\":{\"@id\":\"https:\/\/www.africa-press.net\/cotedivoire\/politique\/bictogo-plaide-pour-une-francophonie-active-et-soudee\"},\"author\":{\"name\":\"cfeditorfr\",\"@id\":\"https:\/\/www.africa-press.net\/cotedivoire\/#\/schema\/person\/2b1cf3cd81a31e3cd26889ca66d677f1\"},\"headline\":\"Bictogo Plaide pour une Francophonie Active et Soud\u00e9e\",\"datePublished\":\"2025-07-14T18:50:34+00:00\",\"dateModified\":\"2025-07-14T19:59:06+00:00\",\"mainEntityOfPage\":{\"@id\":\"https:\/\/www.africa-press.net\/cotedivoire\/politique\/bictogo-plaide-pour-une-francophonie-active-et-soudee\"},\"wordCount\":587,\"commentCount\":0,\"image\":{\"@id\":\"https:\/\/www.africa-press.net\/cotedivoire\/politique\/bictogo-plaide-pour-une-francophonie-active-et-soudee#primaryimage\"},\"thumbnailUrl\":\"https:\/\/static.africa-press.net\/cote\/sites\/43\/2025\/07\/sm_1752510483.285794.jpg\",\"keywords\":[\"Adama\",\"APF\",\"Bictogo\",\"C\u00d4TE D'IVOIRE\",\"Francophonie\",\"solidaire\",\"Tribune\"],\"articleSection\":[\"Politique\",\"Top Nouvelles\",\"Toutes les actualit\u00e9s\"],\"inLanguage\":\"fr-FR\",\"potentialAction\":[{\"@type\":\"CommentAction\",\"name\":\"Comment\",\"target\":[\"https:\/\/www.africa-press.net\/cotedivoire\/politique\/bictogo-plaide-pour-une-francophonie-active-et-soudee#respond\"]}]},{\"@type\":\"WebPage\",\"@id\":\"https:\/\/www.africa-press.net\/cotedivoire\/politique\/bictogo-plaide-pour-une-francophonie-active-et-soudee\",\"url\":\"https:\/\/www.africa-press.net\/cotedivoire\/politique\/bictogo-plaide-pour-une-francophonie-active-et-soudee\",\"name\":\"Bictogo Plaide pour une Francophonie Active et Soud\u00e9e - C\u00f4te d&#039;Ivoire\",\"isPartOf\":{\"@id\":\"https:\/\/www.africa-press.net\/cotedivoire\/#website\"},\"primaryImageOfPage\":{\"@id\":\"https:\/\/www.africa-press.net\/cotedivoire\/politique\/bictogo-plaide-pour-une-francophonie-active-et-soudee#primaryimage\"},\"image\":{\"@id\":\"https:\/\/www.africa-press.net\/cotedivoire\/politique\/bictogo-plaide-pour-une-francophonie-active-et-soudee#primaryimage\"},\"thumbnailUrl\":\"https:\/\/static.africa-press.net\/cote\/sites\/43\/2025\/07\/sm_1752510483.285794.jpg\",\"datePublished\":\"2025-07-14T18:50:34+00:00\",\"dateModified\":\"2025-07-14T19:59:06+00:00\",\"author\":{\"@id\":\"https:\/\/www.africa-press.net\/cotedivoire\/#\/schema\/person\/2b1cf3cd81a31e3cd26889ca66d677f1\"},\"description\":\"A\u0300 l\u2019occasion de l\u2019ouverture officielle de la 50e session de l\u2019Assemble\u0301e parlementaire de la Francophonie (APF), le pre ...\",\"breadcrumb\":{\"@id\":\"https:\/\/www.africa-press.net\/cotedivoire\/politique\/bictogo-plaide-pour-une-francophonie-active-et-soudee#breadcrumb\"},\"inLanguage\":\"fr-FR\",\"potentialAction\":[{\"@type\":\"ReadAction\",\"target\":[\"https:\/\/www.africa-press.net\/cotedivoire\/politique\/bictogo-plaide-pour-une-francophonie-active-et-soudee\"]}]},{\"@type\":\"ImageObject\",\"inLanguage\":\"fr-FR\",\"@id\":\"https:\/\/www.africa-press.net\/cotedivoire\/politique\/bictogo-plaide-pour-une-francophonie-active-et-soudee#primaryimage\",\"url\":\"https:\/\/static.africa-press.net\/cote\/sites\/43\/2025\/07\/sm_1752510483.285794.jpg\",\"contentUrl\":\"https:\/\/static.africa-press.net\/cote\/sites\/43\/2025\/07\/sm_1752510483.285794.jpg\",\"width\":720,\"height\":480,\"caption\":\"Bictogo Plaide pour une Francophonie Active et Soud\u00e9e\"},{\"@type\":\"BreadcrumbList\",\"@id\":\"https:\/\/www.africa-press.net\/cotedivoire\/politique\/bictogo-plaide-pour-une-francophonie-active-et-soudee#breadcrumb\",\"itemListElement\":[{\"@type\":\"ListItem\",\"position\":1,\"name\":\"Accueil\",\"item\":\"https:\/\/www.africa-press.net\/cotedivoire\/\"},{\"@type\":\"ListItem\",\"position\":2,\"name\":\"Bictogo Plaide pour une Francophonie Active et Soud\u00e9e\"}]},{\"@type\":\"WebSite\",\"@id\":\"https:\/\/www.africa-press.net\/cotedivoire\/#website\",\"url\":\"https:\/\/www.africa-press.net\/cotedivoire\/\",\"name\":\"C\u00f4te d&#039;Ivoire\",\"description\":\"Just another Africa News Agency Sites site\",\"potentialAction\":[{\"@type\":\"SearchAction\",\"target\":{\"@type\":\"EntryPoint\",\"urlTemplate\":\"https:\/\/www.africa-press.net\/cotedivoire\/?s={search_term_string}\"},\"query-input\":{\"@type\":\"PropertyValueSpecification\",\"valueRequired\":true,\"valueName\":\"search_term_string\"}}],\"inLanguage\":\"fr-FR\"},{\"@type\":\"Person\",\"@id\":\"https:\/\/www.africa-press.net\/cotedivoire\/#\/schema\/person\/2b1cf3cd81a31e3cd26889ca66d677f1\",\"name\":\"cfeditorfr\"}]}<\/script>\n<!-- \/ Yoast SEO Premium plugin. -->","yoast_head_json":{"title":"Bictogo Plaide pour une Francophonie Active et Soud\u00e9e - C\u00f4te d&#039;Ivoire","description":"A\u0300 l\u2019occasion de l\u2019ouverture officielle de la 50e session de l\u2019Assemble\u0301e parlementaire de la Francophonie (APF), le pre ...","robots":{"index":"index","follow":"follow","max-snippet":"max-snippet:-1","max-image-preview":"max-image-preview:large","max-video-preview":"max-video-preview:-1"},"canonical":"https:\/\/www.africa-press.net\/cotedivoire\/politique\/bictogo-plaide-pour-une-francophonie-active-et-soudee","og_locale":"fr_FR","og_type":"article","og_title":"Bictogo Plaide pour une Francophonie Active et Soud\u00e9e","og_description":"A\u0300 l\u2019occasion de l\u2019ouverture officielle de la 50e session de l\u2019Assemble\u0301e parlementaire de la Francophonie (APF), le pre ...","og_url":"https:\/\/www.africa-press.net\/cotedivoire\/politique\/bictogo-plaide-pour-une-francophonie-active-et-soudee","og_site_name":"C\u00f4te d&#039;Ivoire","article_published_time":"2025-07-14T18:50:34+00:00","article_modified_time":"2025-07-14T19:59:06+00:00","og_image":[{"width":720,"height":480,"url":"https:\/\/static.africa-press.net\/cote\/sites\/43\/2025\/07\/sm_1752510483.285794.jpg","type":"image\/jpeg"}],"author":"cfeditorfr","twitter_card":"summary_large_image","twitter_misc":{"\u00c9crit par":"cfeditorfr","Dur\u00e9e de lecture estim\u00e9e":"3 minutes"},"schema":{"@context":"https:\/\/schema.org","@graph":[{"@type":"Article","@id":"https:\/\/www.africa-press.net\/cotedivoire\/politique\/bictogo-plaide-pour-une-francophonie-active-et-soudee#article","isPartOf":{"@id":"https:\/\/www.africa-press.net\/cotedivoire\/politique\/bictogo-plaide-pour-une-francophonie-active-et-soudee"},"author":{"name":"cfeditorfr","@id":"https:\/\/www.africa-press.net\/cotedivoire\/#\/schema\/person\/2b1cf3cd81a31e3cd26889ca66d677f1"},"headline":"Bictogo Plaide pour une Francophonie Active et Soud\u00e9e","datePublished":"2025-07-14T18:50:34+00:00","dateModified":"2025-07-14T19:59:06+00:00","mainEntityOfPage":{"@id":"https:\/\/www.africa-press.net\/cotedivoire\/politique\/bictogo-plaide-pour-une-francophonie-active-et-soudee"},"wordCount":587,"commentCount":0,"image":{"@id":"https:\/\/www.africa-press.net\/cotedivoire\/politique\/bictogo-plaide-pour-une-francophonie-active-et-soudee#primaryimage"},"thumbnailUrl":"https:\/\/static.africa-press.net\/cote\/sites\/43\/2025\/07\/sm_1752510483.285794.jpg","keywords":["Adama","APF","Bictogo","C\u00d4TE D'IVOIRE","Francophonie","solidaire","Tribune"],"articleSection":["Politique","Top Nouvelles","Toutes les actualit\u00e9s"],"inLanguage":"fr-FR","potentialAction":[{"@type":"CommentAction","name":"Comment","target":["https:\/\/www.africa-press.net\/cotedivoire\/politique\/bictogo-plaide-pour-une-francophonie-active-et-soudee#respond"]}]},{"@type":"WebPage","@id":"https:\/\/www.africa-press.net\/cotedivoire\/politique\/bictogo-plaide-pour-une-francophonie-active-et-soudee","url":"https:\/\/www.africa-press.net\/cotedivoire\/politique\/bictogo-plaide-pour-une-francophonie-active-et-soudee","name":"Bictogo Plaide pour une Francophonie Active et Soud\u00e9e - C\u00f4te d&#039;Ivoire","isPartOf":{"@id":"https:\/\/www.africa-press.net\/cotedivoire\/#website"},"primaryImageOfPage":{"@id":"https:\/\/www.africa-press.net\/cotedivoire\/politique\/bictogo-plaide-pour-une-francophonie-active-et-soudee#primaryimage"},"image":{"@id":"https:\/\/www.africa-press.net\/cotedivoire\/politique\/bictogo-plaide-pour-une-francophonie-active-et-soudee#primaryimage"},"thumbnailUrl":"https:\/\/static.africa-press.net\/cote\/sites\/43\/2025\/07\/sm_1752510483.285794.jpg","datePublished":"2025-07-14T18:50:34+00:00","dateModified":"2025-07-14T19:59:06+00:00","author":{"@id":"https:\/\/www.africa-press.net\/cotedivoire\/#\/schema\/person\/2b1cf3cd81a31e3cd26889ca66d677f1"},"description":"A\u0300 l\u2019occasion de l\u2019ouverture officielle de la 50e session de l\u2019Assemble\u0301e parlementaire de la Francophonie (APF), le pre ...","breadcrumb":{"@id":"https:\/\/www.africa-press.net\/cotedivoire\/politique\/bictogo-plaide-pour-une-francophonie-active-et-soudee#breadcrumb"},"inLanguage":"fr-FR","potentialAction":[{"@type":"ReadAction","target":["https:\/\/www.africa-press.net\/cotedivoire\/politique\/bictogo-plaide-pour-une-francophonie-active-et-soudee"]}]},{"@type":"ImageObject","inLanguage":"fr-FR","@id":"https:\/\/www.africa-press.net\/cotedivoire\/politique\/bictogo-plaide-pour-une-francophonie-active-et-soudee#primaryimage","url":"https:\/\/static.africa-press.net\/cote\/sites\/43\/2025\/07\/sm_1752510483.285794.jpg","contentUrl":"https:\/\/static.africa-press.net\/cote\/sites\/43\/2025\/07\/sm_1752510483.285794.jpg","width":720,"height":480,"caption":"Bictogo Plaide pour une Francophonie Active et Soud\u00e9e"},{"@type":"BreadcrumbList","@id":"https:\/\/www.africa-press.net\/cotedivoire\/politique\/bictogo-plaide-pour-une-francophonie-active-et-soudee#breadcrumb","itemListElement":[{"@type":"ListItem","position":1,"name":"Accueil","item":"https:\/\/www.africa-press.net\/cotedivoire\/"},{"@type":"ListItem","position":2,"name":"Bictogo Plaide pour une Francophonie Active et Soud\u00e9e"}]},{"@type":"WebSite","@id":"https:\/\/www.africa-press.net\/cotedivoire\/#website","url":"https:\/\/www.africa-press.net\/cotedivoire\/","name":"C\u00f4te d&#039;Ivoire","description":"Just another Africa News Agency Sites site","potentialAction":[{"@type":"SearchAction","target":{"@type":"EntryPoint","urlTemplate":"https:\/\/www.africa-press.net\/cotedivoire\/?s={search_term_string}"},"query-input":{"@type":"PropertyValueSpecification","valueRequired":true,"valueName":"search_term_string"}}],"inLanguage":"fr-FR"},{"@type":"Person","@id":"https:\/\/www.africa-press.net\/cotedivoire\/#\/schema\/person\/2b1cf3cd81a31e3cd26889ca66d677f1","name":"cfeditorfr"}]}},"_links":{"self":[{"href":"https:\/\/www.africa-press.net\/cotedivoire\/wp-json\/wp\/v2\/posts\/102246","targetHints":{"allow":["GET"]}}],"collection":[{"href":"https:\/\/www.africa-press.net\/cotedivoire\/wp-json\/wp\/v2\/posts"}],"about":[{"href":"https:\/\/www.africa-press.net\/cotedivoire\/wp-json\/wp\/v2\/types\/post"}],"author":[{"embeddable":true,"href":"https:\/\/www.africa-press.net\/cotedivoire\/wp-json\/wp\/v2\/users\/82"}],"replies":[{"embeddable":true,"href":"https:\/\/www.africa-press.net\/cotedivoire\/wp-json\/wp\/v2\/comments?post=102246"}],"version-history":[{"count":0,"href":"https:\/\/www.africa-press.net\/cotedivoire\/wp-json\/wp\/v2\/posts\/102246\/revisions"}],"wp:featuredmedia":[{"embeddable":true,"href":"https:\/\/www.africa-press.net\/cotedivoire\/wp-json\/wp\/v2\/media\/102245"}],"wp:attachment":[{"href":"https:\/\/www.africa-press.net\/cotedivoire\/wp-json\/wp\/v2\/media?parent=102246"}],"wp:term":[{"taxonomy":"category","embeddable":true,"href":"https:\/\/www.africa-press.net\/cotedivoire\/wp-json\/wp\/v2\/categories?post=102246"},{"taxonomy":"post_tag","embeddable":true,"href":"https:\/\/www.africa-press.net\/cotedivoire\/wp-json\/wp\/v2\/tags?post=102246"}],"curies":[{"name":"wp","href":"https:\/\/api.w.org\/{rel}","templated":true}]}}