{"id":10246,"date":"2021-07-22T16:51:51","date_gmt":"2021-07-22T16:51:51","guid":{"rendered":"https:\/\/www.africa-press.net\/cotedivoire\/?p=10246"},"modified":"2021-07-22T19:04:33","modified_gmt":"2021-07-22T19:04:33","slug":"cote-divoire-alassane-ouattara-rencontrera-laurent-gbagbo-le-27-juillet","status":"publish","type":"post","link":"https:\/\/www.africa-press.net\/cotedivoire\/politique\/cote-divoire-alassane-ouattara-rencontrera-laurent-gbagbo-le-27-juillet","title":{"rendered":"Alassane Ouattara rencontrera Laurent Gbagbo le 27\u00a0juillet"},"content":{"rendered":"<p><span style=\"color: #ff6600\"><strong><a href=\"https:\/\/www.africa-press.net\/\">Africa-Press<\/a> &#8211; <a href=\"https:\/\/www.africa-press.net\/cotedivoire\">C\u00f4te d&rsquo;Ivoire<\/a>. <\/strong><\/span>Le chef de l\u2019Etat ivoirien Alassane Ouattara va rencontrer son pr\u00e9d\u00e9cesseur et ancien rival Laurent Gbagbo le 27 juillet, une premi\u00e8re depuis leur face-\u00e0-face de la pr\u00e9sidentielle de 2010, qui avait d\u00e9bouch\u00e9 sur une grave crise post-\u00e9lectorale.<\/p>\n<p><b>\u00ab Le pr\u00e9sident Alassane Ouattara recevra Laurent Gbagbo le 27 juillet, au palais de la pr\u00e9sidence \u00bb<\/b><\/p>\n<p>, a d\u00e9clar\u00e9 le porte-parole du gouvernement ivoirien Amadou Coulibaly, lors d\u2019une conf\u00e9rence de presse.<\/p>\n<p>Les deux hommes, \u00e2g\u00e9s respectivement de 79 ans et de 76 ans, ont eu \u00ab un contact \u00bb t\u00e9l\u00e9phonique d\u00e9but juillet, a-t-il ajout\u00e9, confirmant une information d\u2019Africa Intelligence. Il s\u2019agira de leur premi\u00e8re rencontre depuis l\u2019\u00e9lection pr\u00e9sidentielle de 2010 o\u00f9 ils \u00e9taient adversaires au second tour.<\/p>\n<p>A l\u2019\u00e9poque, la C\u00f4te d\u2019Ivoire avait connu une grave crise post-\u00e9lectorale (2010-2011) n\u00e9e du refus de M. Gbagbo, au pouvoir depuis 2000, de reconna\u00eetre sa d\u00e9faite \u00e0 la pr\u00e9sidentielle face \u00e0 Alassane Ouattara.<\/p>\n<p><b>De nouveau dans le champ politique<\/b><\/p>\n<p>Plus de 3 000 personnes ont \u00e9t\u00e9 tu\u00e9es pendant cette p\u00e9riode et Laurent Gbagbo avait \u00e9t\u00e9 arr\u00eat\u00e9 en avril 2011, avant d\u2019\u00eatre poursuivi par la Cour p\u00e9nale internationale (CPI) de La Haye pour crimes contre l\u2019humanit\u00e9 lors de cette p\u00e9riode.<\/p>\n<p>Mais Laurent Gbagbo est rentr\u00e9 le 17 juin en C\u00f4te d\u2019Ivoire apr\u00e8s avoir \u00e9t\u00e9 d\u00e9finitivement acquitt\u00e9 par la CPI. \u00ab Dix ans [d\u2019absence] c\u2019est beaucoup \u00bb, avait-il notamment lanc\u00e9 lors de son retour dans son village natal de Mama (ouest), fin juin.<\/p>\n<p>Tr\u00e8s vite, il a de nouveau occup\u00e9 le champ politique, en allant notamment rencontrer le 10 juillet un autre ancien pr\u00e9sident et ex-rival, Henri Konan B\u00e9di\u00e9. Les deux hommes ont affich\u00e9 une certaine unit\u00e9, le temps d\u2019un week-end, se posant en opposants naturels au chef de l\u2019Etat.<\/p>\n<p>A cette occasion, Laurent Gbagbo avait d\u2019ailleurs appel\u00e9 Alassane Ouattara \u00e0 \u00ab respecter les textes \u00bb, en r\u00e9f\u00e9rence \u00e0 sa r\u00e9\u00e9lection en 2020 pour un troisi\u00e8me mandat controvers\u00e9, au cours d\u2019une pr\u00e9sidentielle boycott\u00e9e par l\u2019opposition qui jugeait ce nouveau mandat inconstitutionnel.<\/p>\n<p><b>\u00ab Un projet de r\u00e9conciliation \u00bb<\/b><\/p>\n<p>Un message politique qui avait irrit\u00e9 le parti pr\u00e9sidentiel du Rassemblement des houphou\u00ebtistes pour la d\u00e9mocratie et la paix (RHDP), son num\u00e9ro deux Adama Bictogo estimant que M. Gbagbo n\u2019avait \u00ab pas de le\u00e7ons de d\u00e9mocratie \u00bb \u00e0 donner. Mais la perspective d\u2019une rencontre mardi prochain plaide en faveur de l\u2019apaisement entre les deux camps.<\/p>\n<p>Laurent Gbagbo qui a affirm\u00e9 avec M. B\u00e9di\u00e9 sa volont\u00e9 de lancer \u00ab un projet de r\u00e9conciliation \u00bb avait ainsi soulign\u00e9 \u00ab l\u2019urgente n\u00e9cessit\u00e9 d\u2019\u0153uvrer pour le retour d\u2019une paix d\u00e9finitive et durable en C\u00f4te d\u2019Ivoire \u00bb.<\/p>\n<p>Un message que semble partager l\u2019actuel chef de l\u2019Etat : mardi, \u00e0 l\u2019occasion de la f\u00eate musulmane de l\u2019A\u00efd el-Adha, connue sous le nom de Tabaski en Afrique de l\u2019Ouest, Alassane Ouattara a jou\u00e9 l\u2019apaisement en appelant lui aussi \u00e0 poursuivre la r\u00e9conciliation nationale.<\/p>\n<p><b>\u00ab Que les \u00e9tapes qui ont \u00e9t\u00e9 entreprises pour la coh\u00e9sion sociale, pour la r\u00e9conciliation puissent continuer de se renforcer. Que la C\u00f4te d\u2019Ivoire continue de vivre en paix ! \u00bb<\/b><\/p>\n<p>, a-t-il d\u00e9clar\u00e9. Il avait donn\u00e9 son feu vert au retour de Laurent Gbagbo quelques jours apr\u00e8s son acquittement par la CPI.<\/p>\n<p>Laurent Gbagbo reste sous le coup d\u2019une condamnation en C\u00f4te d\u2019Ivoire \u00e0 vingt ans de prison pour le \u00ab braquage \u00bb de la Banque centrale des Etats d\u2019Afrique de l\u2019Ouest (BCEAO) pendant la crise de 2010-2011, mais le gouvernement a laiss\u00e9 entendre qu\u2019elle serait abandonn\u00e9e.<\/p>\n","protected":false},"excerpt":{"rendered":"<p>Africa-Press &#8211; C\u00f4te d&rsquo;Ivoire. Le chef de l\u2019Etat ivoirien Alassane Ouattara va rencontrer son pr\u00e9d\u00e9cesseur et ancien rival Laurent Gbagbo le 27 juillet, une premi\u00e8re depuis leur face-\u00e0-face de la pr\u00e9sidentielle de 2010, qui avait d\u00e9bouch\u00e9 sur une grave crise post-\u00e9lectorale. \u00ab Le pr\u00e9sident Alassane Ouattara recevra Laurent Gbagbo le 27 juillet, au palais de [&hellip;]<\/p>\n","protected":false},"author":82,"featured_media":10245,"comment_status":"open","ping_status":"closed","sticky":false,"template":"","format":"standard","meta":{"footnotes":""},"categories":[11,2,20,10],"tags":[56,63,29],"class_list":["post-10246","post","type-post","status-publish","format-standard","has-post-thumbnail","hentry","category-homepage-french","category-politique","category-top-nouvelles","category-toutes-les-actualites","tag-africa-press","tag-africa-press-cote-divoire","tag-cote-divoire"],"yoast_head":"<!-- This site is optimized with the Yoast SEO Premium plugin v26.1 (Yoast SEO v27.0) - https:\/\/yoast.com\/product\/yoast-seo-premium-wordpress\/ -->\n<title>Alassane Ouattara rencontrera Laurent Gbagbo le 27\u00a0juillet - C\u00f4te d&#039;Ivoire<\/title>\n<meta name=\"description\" content=\"Le chef de l\u2019Etat ivoirien Alassane Ouattara va rencontrer son pr\u00e9d\u00e9cesseur et ancien rival Laurent Gbagbo le 27 juillet ...\" \/>\n<meta name=\"robots\" content=\"index, follow, max-snippet:-1, max-image-preview:large, max-video-preview:-1\" \/>\n<link rel=\"canonical\" href=\"https:\/\/www.africa-press.net\/cotedivoire\/politique\/cote-divoire-alassane-ouattara-rencontrera-laurent-gbagbo-le-27-juillet\" \/>\n<meta property=\"og:locale\" content=\"fr_FR\" \/>\n<meta property=\"og:type\" content=\"article\" \/>\n<meta property=\"og:title\" content=\"Alassane Ouattara rencontrera Laurent Gbagbo le 27\u00a0juillet\" \/>\n<meta property=\"og:description\" content=\"Le chef de l\u2019Etat ivoirien Alassane Ouattara va rencontrer son pr\u00e9d\u00e9cesseur et ancien rival Laurent Gbagbo le 27 juillet ...\" \/>\n<meta property=\"og:url\" content=\"https:\/\/www.africa-press.net\/cotedivoire\/politique\/cote-divoire-alassane-ouattara-rencontrera-laurent-gbagbo-le-27-juillet\" \/>\n<meta property=\"og:site_name\" content=\"C\u00f4te d&#039;Ivoire\" \/>\n<meta property=\"article:published_time\" content=\"2021-07-22T16:51:51+00:00\" \/>\n<meta property=\"article:modified_time\" content=\"2021-07-22T19:04:33+00:00\" \/>\n<meta property=\"og:image\" content=\"https:\/\/static.africa-press.net\/cote\/sites\/43\/2021\/07\/img-60f9a0ec2195c.jpg\" \/>\n\t<meta property=\"og:image:width\" content=\"1440\" \/>\n\t<meta property=\"og:image:height\" content=\"720\" \/>\n\t<meta property=\"og:image:type\" content=\"image\/jpeg\" \/>\n<meta name=\"author\" content=\"cfeditorfr\" \/>\n<meta name=\"twitter:card\" content=\"summary_large_image\" \/>\n<meta name=\"twitter:label1\" content=\"\u00c9crit par\" \/>\n\t<meta name=\"twitter:data1\" content=\"cfeditorfr\" \/>\n\t<meta name=\"twitter:label2\" content=\"Dur\u00e9e de lecture estim\u00e9e\" \/>\n\t<meta name=\"twitter:data2\" content=\"3 minutes\" \/>\n<script type=\"application\/ld+json\" class=\"yoast-schema-graph\">{\"@context\":\"https:\/\/schema.org\",\"@graph\":[{\"@type\":\"Article\",\"@id\":\"https:\/\/www.africa-press.net\/cotedivoire\/politique\/cote-divoire-alassane-ouattara-rencontrera-laurent-gbagbo-le-27-juillet#article\",\"isPartOf\":{\"@id\":\"https:\/\/www.africa-press.net\/cotedivoire\/politique\/cote-divoire-alassane-ouattara-rencontrera-laurent-gbagbo-le-27-juillet\"},\"author\":{\"name\":\"cfeditorfr\",\"@id\":\"https:\/\/www.africa-press.net\/cotedivoire\/#\/schema\/person\/2b1cf3cd81a31e3cd26889ca66d677f1\"},\"headline\":\"Alassane Ouattara rencontrera Laurent Gbagbo le 27\u00a0juillet\",\"datePublished\":\"2021-07-22T16:51:51+00:00\",\"dateModified\":\"2021-07-22T19:04:33+00:00\",\"mainEntityOfPage\":{\"@id\":\"https:\/\/www.africa-press.net\/cotedivoire\/politique\/cote-divoire-alassane-ouattara-rencontrera-laurent-gbagbo-le-27-juillet\"},\"wordCount\":630,\"commentCount\":0,\"image\":{\"@id\":\"https:\/\/www.africa-press.net\/cotedivoire\/politique\/cote-divoire-alassane-ouattara-rencontrera-laurent-gbagbo-le-27-juillet#primaryimage\"},\"thumbnailUrl\":\"https:\/\/static.africa-press.net\/cote\/sites\/43\/2021\/07\/img-60f9a0ec2195c.jpg\",\"keywords\":[\"Africa Press\",\"Africa Press-C\u00f4te d'Ivoire\",\"C\u00d4TE D'IVOIRE\"],\"articleSection\":[\"homepage-french\",\"Politique\",\"Top Nouvelles\",\"Toutes les actualit\u00e9s\"],\"inLanguage\":\"fr-FR\",\"potentialAction\":[{\"@type\":\"CommentAction\",\"name\":\"Comment\",\"target\":[\"https:\/\/www.africa-press.net\/cotedivoire\/politique\/cote-divoire-alassane-ouattara-rencontrera-laurent-gbagbo-le-27-juillet#respond\"]}]},{\"@type\":\"WebPage\",\"@id\":\"https:\/\/www.africa-press.net\/cotedivoire\/politique\/cote-divoire-alassane-ouattara-rencontrera-laurent-gbagbo-le-27-juillet\",\"url\":\"https:\/\/www.africa-press.net\/cotedivoire\/politique\/cote-divoire-alassane-ouattara-rencontrera-laurent-gbagbo-le-27-juillet\",\"name\":\"Alassane Ouattara rencontrera Laurent Gbagbo le 27\u00a0juillet - C\u00f4te d&#039;Ivoire\",\"isPartOf\":{\"@id\":\"https:\/\/www.africa-press.net\/cotedivoire\/#website\"},\"primaryImageOfPage\":{\"@id\":\"https:\/\/www.africa-press.net\/cotedivoire\/politique\/cote-divoire-alassane-ouattara-rencontrera-laurent-gbagbo-le-27-juillet#primaryimage\"},\"image\":{\"@id\":\"https:\/\/www.africa-press.net\/cotedivoire\/politique\/cote-divoire-alassane-ouattara-rencontrera-laurent-gbagbo-le-27-juillet#primaryimage\"},\"thumbnailUrl\":\"https:\/\/static.africa-press.net\/cote\/sites\/43\/2021\/07\/img-60f9a0ec2195c.jpg\",\"datePublished\":\"2021-07-22T16:51:51+00:00\",\"dateModified\":\"2021-07-22T19:04:33+00:00\",\"author\":{\"@id\":\"https:\/\/www.africa-press.net\/cotedivoire\/#\/schema\/person\/2b1cf3cd81a31e3cd26889ca66d677f1\"},\"description\":\"Le chef de l\u2019Etat ivoirien Alassane Ouattara va rencontrer son pr\u00e9d\u00e9cesseur et ancien rival Laurent Gbagbo le 27 juillet ...\",\"breadcrumb\":{\"@id\":\"https:\/\/www.africa-press.net\/cotedivoire\/politique\/cote-divoire-alassane-ouattara-rencontrera-laurent-gbagbo-le-27-juillet#breadcrumb\"},\"inLanguage\":\"fr-FR\",\"potentialAction\":[{\"@type\":\"ReadAction\",\"target\":[\"https:\/\/www.africa-press.net\/cotedivoire\/politique\/cote-divoire-alassane-ouattara-rencontrera-laurent-gbagbo-le-27-juillet\"]}]},{\"@type\":\"ImageObject\",\"inLanguage\":\"fr-FR\",\"@id\":\"https:\/\/www.africa-press.net\/cotedivoire\/politique\/cote-divoire-alassane-ouattara-rencontrera-laurent-gbagbo-le-27-juillet#primaryimage\",\"url\":\"https:\/\/static.africa-press.net\/cote\/sites\/43\/2021\/07\/img-60f9a0ec2195c.jpg\",\"contentUrl\":\"https:\/\/static.africa-press.net\/cote\/sites\/43\/2021\/07\/img-60f9a0ec2195c.jpg\",\"width\":1440,\"height\":720,\"caption\":\"C\u00f4te d\u2019Ivoire\u00a0: Alassane Ouattara rencontrera Laurent Gbagbo le 27\u00a0juillet\"},{\"@type\":\"BreadcrumbList\",\"@id\":\"https:\/\/www.africa-press.net\/cotedivoire\/politique\/cote-divoire-alassane-ouattara-rencontrera-laurent-gbagbo-le-27-juillet#breadcrumb\",\"itemListElement\":[{\"@type\":\"ListItem\",\"position\":1,\"name\":\"Accueil\",\"item\":\"https:\/\/www.africa-press.net\/cotedivoire\/\"},{\"@type\":\"ListItem\",\"position\":2,\"name\":\"Alassane Ouattara rencontrera Laurent Gbagbo le 27\u00a0juillet\"}]},{\"@type\":\"WebSite\",\"@id\":\"https:\/\/www.africa-press.net\/cotedivoire\/#website\",\"url\":\"https:\/\/www.africa-press.net\/cotedivoire\/\",\"name\":\"C\u00f4te d&#039;Ivoire\",\"description\":\"Just another Africa News Agency Sites site\",\"potentialAction\":[{\"@type\":\"SearchAction\",\"target\":{\"@type\":\"EntryPoint\",\"urlTemplate\":\"https:\/\/www.africa-press.net\/cotedivoire\/?s={search_term_string}\"},\"query-input\":{\"@type\":\"PropertyValueSpecification\",\"valueRequired\":true,\"valueName\":\"search_term_string\"}}],\"inLanguage\":\"fr-FR\"},{\"@type\":\"Person\",\"@id\":\"https:\/\/www.africa-press.net\/cotedivoire\/#\/schema\/person\/2b1cf3cd81a31e3cd26889ca66d677f1\",\"name\":\"cfeditorfr\"}]}<\/script>\n<!-- \/ Yoast SEO Premium plugin. -->","yoast_head_json":{"title":"Alassane Ouattara rencontrera Laurent Gbagbo le 27\u00a0juillet - C\u00f4te d&#039;Ivoire","description":"Le chef de l\u2019Etat ivoirien Alassane Ouattara va rencontrer son pr\u00e9d\u00e9cesseur et ancien rival Laurent Gbagbo le 27 juillet ...","robots":{"index":"index","follow":"follow","max-snippet":"max-snippet:-1","max-image-preview":"max-image-preview:large","max-video-preview":"max-video-preview:-1"},"canonical":"https:\/\/www.africa-press.net\/cotedivoire\/politique\/cote-divoire-alassane-ouattara-rencontrera-laurent-gbagbo-le-27-juillet","og_locale":"fr_FR","og_type":"article","og_title":"Alassane Ouattara rencontrera Laurent Gbagbo le 27\u00a0juillet","og_description":"Le chef de l\u2019Etat ivoirien Alassane Ouattara va rencontrer son pr\u00e9d\u00e9cesseur et ancien rival Laurent Gbagbo le 27 juillet ...","og_url":"https:\/\/www.africa-press.net\/cotedivoire\/politique\/cote-divoire-alassane-ouattara-rencontrera-laurent-gbagbo-le-27-juillet","og_site_name":"C\u00f4te d&#039;Ivoire","article_published_time":"2021-07-22T16:51:51+00:00","article_modified_time":"2021-07-22T19:04:33+00:00","og_image":[{"width":1440,"height":720,"url":"https:\/\/static.africa-press.net\/cote\/sites\/43\/2021\/07\/img-60f9a0ec2195c.jpg","type":"image\/jpeg"}],"author":"cfeditorfr","twitter_card":"summary_large_image","twitter_misc":{"\u00c9crit par":"cfeditorfr","Dur\u00e9e de lecture estim\u00e9e":"3 minutes"},"schema":{"@context":"https:\/\/schema.org","@graph":[{"@type":"Article","@id":"https:\/\/www.africa-press.net\/cotedivoire\/politique\/cote-divoire-alassane-ouattara-rencontrera-laurent-gbagbo-le-27-juillet#article","isPartOf":{"@id":"https:\/\/www.africa-press.net\/cotedivoire\/politique\/cote-divoire-alassane-ouattara-rencontrera-laurent-gbagbo-le-27-juillet"},"author":{"name":"cfeditorfr","@id":"https:\/\/www.africa-press.net\/cotedivoire\/#\/schema\/person\/2b1cf3cd81a31e3cd26889ca66d677f1"},"headline":"Alassane Ouattara rencontrera Laurent Gbagbo le 27\u00a0juillet","datePublished":"2021-07-22T16:51:51+00:00","dateModified":"2021-07-22T19:04:33+00:00","mainEntityOfPage":{"@id":"https:\/\/www.africa-press.net\/cotedivoire\/politique\/cote-divoire-alassane-ouattara-rencontrera-laurent-gbagbo-le-27-juillet"},"wordCount":630,"commentCount":0,"image":{"@id":"https:\/\/www.africa-press.net\/cotedivoire\/politique\/cote-divoire-alassane-ouattara-rencontrera-laurent-gbagbo-le-27-juillet#primaryimage"},"thumbnailUrl":"https:\/\/static.africa-press.net\/cote\/sites\/43\/2021\/07\/img-60f9a0ec2195c.jpg","keywords":["Africa Press","Africa Press-C\u00f4te d'Ivoire","C\u00d4TE D'IVOIRE"],"articleSection":["homepage-french","Politique","Top Nouvelles","Toutes les actualit\u00e9s"],"inLanguage":"fr-FR","potentialAction":[{"@type":"CommentAction","name":"Comment","target":["https:\/\/www.africa-press.net\/cotedivoire\/politique\/cote-divoire-alassane-ouattara-rencontrera-laurent-gbagbo-le-27-juillet#respond"]}]},{"@type":"WebPage","@id":"https:\/\/www.africa-press.net\/cotedivoire\/politique\/cote-divoire-alassane-ouattara-rencontrera-laurent-gbagbo-le-27-juillet","url":"https:\/\/www.africa-press.net\/cotedivoire\/politique\/cote-divoire-alassane-ouattara-rencontrera-laurent-gbagbo-le-27-juillet","name":"Alassane Ouattara rencontrera Laurent Gbagbo le 27\u00a0juillet - C\u00f4te d&#039;Ivoire","isPartOf":{"@id":"https:\/\/www.africa-press.net\/cotedivoire\/#website"},"primaryImageOfPage":{"@id":"https:\/\/www.africa-press.net\/cotedivoire\/politique\/cote-divoire-alassane-ouattara-rencontrera-laurent-gbagbo-le-27-juillet#primaryimage"},"image":{"@id":"https:\/\/www.africa-press.net\/cotedivoire\/politique\/cote-divoire-alassane-ouattara-rencontrera-laurent-gbagbo-le-27-juillet#primaryimage"},"thumbnailUrl":"https:\/\/static.africa-press.net\/cote\/sites\/43\/2021\/07\/img-60f9a0ec2195c.jpg","datePublished":"2021-07-22T16:51:51+00:00","dateModified":"2021-07-22T19:04:33+00:00","author":{"@id":"https:\/\/www.africa-press.net\/cotedivoire\/#\/schema\/person\/2b1cf3cd81a31e3cd26889ca66d677f1"},"description":"Le chef de l\u2019Etat ivoirien Alassane Ouattara va rencontrer son pr\u00e9d\u00e9cesseur et ancien rival Laurent Gbagbo le 27 juillet ...","breadcrumb":{"@id":"https:\/\/www.africa-press.net\/cotedivoire\/politique\/cote-divoire-alassane-ouattara-rencontrera-laurent-gbagbo-le-27-juillet#breadcrumb"},"inLanguage":"fr-FR","potentialAction":[{"@type":"ReadAction","target":["https:\/\/www.africa-press.net\/cotedivoire\/politique\/cote-divoire-alassane-ouattara-rencontrera-laurent-gbagbo-le-27-juillet"]}]},{"@type":"ImageObject","inLanguage":"fr-FR","@id":"https:\/\/www.africa-press.net\/cotedivoire\/politique\/cote-divoire-alassane-ouattara-rencontrera-laurent-gbagbo-le-27-juillet#primaryimage","url":"https:\/\/static.africa-press.net\/cote\/sites\/43\/2021\/07\/img-60f9a0ec2195c.jpg","contentUrl":"https:\/\/static.africa-press.net\/cote\/sites\/43\/2021\/07\/img-60f9a0ec2195c.jpg","width":1440,"height":720,"caption":"C\u00f4te d\u2019Ivoire\u00a0: Alassane Ouattara rencontrera Laurent Gbagbo le 27\u00a0juillet"},{"@type":"BreadcrumbList","@id":"https:\/\/www.africa-press.net\/cotedivoire\/politique\/cote-divoire-alassane-ouattara-rencontrera-laurent-gbagbo-le-27-juillet#breadcrumb","itemListElement":[{"@type":"ListItem","position":1,"name":"Accueil","item":"https:\/\/www.africa-press.net\/cotedivoire\/"},{"@type":"ListItem","position":2,"name":"Alassane Ouattara rencontrera Laurent Gbagbo le 27\u00a0juillet"}]},{"@type":"WebSite","@id":"https:\/\/www.africa-press.net\/cotedivoire\/#website","url":"https:\/\/www.africa-press.net\/cotedivoire\/","name":"C\u00f4te d&#039;Ivoire","description":"Just another Africa News Agency Sites site","potentialAction":[{"@type":"SearchAction","target":{"@type":"EntryPoint","urlTemplate":"https:\/\/www.africa-press.net\/cotedivoire\/?s={search_term_string}"},"query-input":{"@type":"PropertyValueSpecification","valueRequired":true,"valueName":"search_term_string"}}],"inLanguage":"fr-FR"},{"@type":"Person","@id":"https:\/\/www.africa-press.net\/cotedivoire\/#\/schema\/person\/2b1cf3cd81a31e3cd26889ca66d677f1","name":"cfeditorfr"}]}},"_links":{"self":[{"href":"https:\/\/www.africa-press.net\/cotedivoire\/wp-json\/wp\/v2\/posts\/10246","targetHints":{"allow":["GET"]}}],"collection":[{"href":"https:\/\/www.africa-press.net\/cotedivoire\/wp-json\/wp\/v2\/posts"}],"about":[{"href":"https:\/\/www.africa-press.net\/cotedivoire\/wp-json\/wp\/v2\/types\/post"}],"author":[{"embeddable":true,"href":"https:\/\/www.africa-press.net\/cotedivoire\/wp-json\/wp\/v2\/users\/82"}],"replies":[{"embeddable":true,"href":"https:\/\/www.africa-press.net\/cotedivoire\/wp-json\/wp\/v2\/comments?post=10246"}],"version-history":[{"count":0,"href":"https:\/\/www.africa-press.net\/cotedivoire\/wp-json\/wp\/v2\/posts\/10246\/revisions"}],"wp:featuredmedia":[{"embeddable":true,"href":"https:\/\/www.africa-press.net\/cotedivoire\/wp-json\/wp\/v2\/media\/10245"}],"wp:attachment":[{"href":"https:\/\/www.africa-press.net\/cotedivoire\/wp-json\/wp\/v2\/media?parent=10246"}],"wp:term":[{"taxonomy":"category","embeddable":true,"href":"https:\/\/www.africa-press.net\/cotedivoire\/wp-json\/wp\/v2\/categories?post=10246"},{"taxonomy":"post_tag","embeddable":true,"href":"https:\/\/www.africa-press.net\/cotedivoire\/wp-json\/wp\/v2\/tags?post=10246"}],"curies":[{"name":"wp","href":"https:\/\/api.w.org\/{rel}","templated":true}]}}